{"id":379237,"date":"2026-01-23T00:15:55","date_gmt":"2026-01-23T03:15:55","guid":{"rendered":"https:\/\/www.notibras.com\/site\/?p=379237"},"modified":"2026-01-16T02:12:35","modified_gmt":"2026-01-16T05:12:35","slug":"amigos-na-juventude-se-reencontram-ja-aposentados","status":"publish","type":"post","link":"https:\/\/www.notibras.com\/site\/amigos-na-juventude-se-reencontram-ja-aposentados\/","title":{"rendered":"Amigos na juventude se reencontram j\u00e1 aposentados"},"content":{"rendered":"<p>Luiz, jornalista, e Jonas, economista, eram da mesma cidade, Niter\u00f3i, amigos na juventude. Ambos vieram para S\u00e3o Paulo em anos diferentes. Quatro d\u00e9cadas depois, j\u00e1 aposentados, reencontraram-se via Facebook e decidiram colocar o papo em dia.<\/p>\n<p>&#8211; Pego voc\u00ea em casa, Luiz. Me passa o seu endere\u00e7o.<\/p>\n<p>Luiz, que n\u00e3o dirigia mais, nem tinha carro, obedeceu.<\/p>\n<p>Na hora marcada, ele estava na entrada de seu edif\u00edcio quando viu um Mercedes reluzente parar. A porta abriu-se e viu o velho amigo correr em sua dire\u00e7\u00e3o e abra\u00e7\u00e1-lo, exclamando, \u201cPorra, meu, h\u00e1 quanto tempo!\u201d Entraram no carro e foram para o apartamento de Jonas.<\/p>\n<p>N\u00e3o era muito grande, dois quartos, por\u00e9m mais que suficiente para algu\u00e9m que morava sozinho. Decorado com uma s\u00f3bria eleg\u00e2ncia masculina, oferecia um ambiente acolhedor. Jonas mostrou o apartamento, com destaque para sua biblioteca, e foi para a cozinha. Voltou uns 10 minutos depois, com uma t\u00e1bua de queijos, um Bordeaux e duas ta\u00e7as. Sentou-se e os dois come\u00e7aram a beber e a conversar.<\/p>\n<p>Havia muito ch\u00e3o a cobrir. Na \u00faltima vez em que se viram, Luiz e Joana, sua esposa, estavam num barzinho com Jonas quando uma amiga de Joana se aproximou. Seu nome era Estela, ex-colega na Filosofia da USP, ambas professoras em faculdades diferentes. Os quatro come\u00e7aram a conversar \u2013 e ficou evidente a atra\u00e7\u00e3o entre a amiga e o amigo.<\/p>\n<p>&#8211; Ficamos juntos desde aquele dia \u2013 disse Jonas. \u2013 Gra\u00e7as a voc\u00eas, ou por culpa de voc\u00eas, como queira \u2013 continuou, com um sorriso. Logo depois, por\u00e9m, seu rosto assumiu uma express\u00e3o triste. \u2013 H\u00e1 uns 10 anos, Estela teve um c\u00e2ncer fulminante e faleceu.<\/p>\n<p>Luiz disse as frases de condol\u00eancias de praxe e conduziu a conversa para a juventude dos dois.<\/p>\n<p>Falaram de tudo, do in\u00edcio de sua amizade, dos colegas de faculdade \u2013 Luiz havia cursado dois anos de Economia, antes de enveredar pelo jornalismo \u2013 e, em especial, de antigos amores. Recordaram mulheres que haviam pontilhado o caminho dos dois \u2013 por sorte, nenhuma em comum, isso criaria um clima esquisito, meio coiso, como se dizia em Niter\u00f3i. E por a\u00ed foram, esvaziando o Bordeaux lastreado pelos queijos.<\/p>\n<p>&#8211; Agora vamos jantar \u2013 ordenou Jonas. E foi \u00e0 cozinha buscar um magn\u00edfico prato de camar\u00e3o \u00e0 baiana, que repousava num r\u00e9chaud. Estava delicioso, e foi acompanhado por um excelente vinho branco. Luiz, que havia parado de beber h\u00e1 mais de 20 anos, ficou meio b\u00eabado. Mas uma bebedeira dionis\u00edaca, em que a perda da racionalidade foi amplamente compensada por uma sensa\u00e7\u00e3o de bem-estar e quase onipot\u00eancia.<\/p>\n<p>No final, deixando os pratos na mesa, sentaram-se em duas poltronas pr\u00f3ximas. Jonas serviu um conhaque franc\u00eas e acendeu dois charutos.<\/p>\n<p>&#8211; S\u00e3o cubanos. Nunca fumei, mas abro uma exce\u00e7\u00e3o para um bom charuto cubano \u2013 comentou Jonas.<\/p>\n<p>Luiz, que fumava como uma chamin\u00e9, concordou em sil\u00eancio, saboreando o conhaque e o aroma do charuto.<\/p>\n<p>Depois continuaram a conversa, mais tranquilos, falando do atual momento dos dois, sem a preocupa\u00e7\u00e3o de atualizar o amigo sobre 40 anos de suas vidas. Finalmente, Luiz declarou.<\/p>\n<p>&#8211; Olha, cara, adorei o Bordeaux, os queijinhos, o jantar, o vinho branco, o conhaque e o charuto. E, sobretudo, gostei muito de conversar com voc\u00ea, precisamos repetir um dia desses. Mas j\u00e1 \u00e9 tarde, preciso ir pra casa. Vou chamar um Uber.<\/p>\n<p>&#8211; Levo voc\u00ea, amigo.<\/p>\n<p>Luiz recusou, falou que n\u00e3o precisava, mas Jonas insistiu. Pegaram o carro e cruzaram S\u00e3o Paulo. Tr\u00e2nsito tranquilo, \u00e0 meia-noite.<\/p>\n<p>Durante o trajeto, Luiz ficou em sil\u00eancio, enquanto pensava, \u201cPorra, meu, fui tratado como um rei. Tenho de retribuir, noblesse oblige, mas como? De repente teve uma ideia. N\u00e3o era a sua praia, mas fazer o qu\u00ea? Noblesse oblige.<\/p>\n<p>Quando o Mercedes parou diante do pr\u00e9dio, Luiz aproximou-se do motorista, murmurou \u201cObrigado por uma noite inesquec\u00edvel\u201d, bateu as pestanas sedutoramente e deu-lhe um beijo na boca.<\/p>\n","protected":false},"excerpt":{"rendered":"<p>Luiz, jornalista, e Jonas, economista, eram da mesma cidade, Niter\u00f3i, amigos na juventude. Ambos vieram para S\u00e3o Paulo em anos diferentes. Quatro d\u00e9cadas depois, j\u00e1 aposentados, reencontraram-se via Facebook e decidiram colocar o papo em dia. &#8211; Pego voc\u00ea em casa, Luiz. Me passa o seu endere\u00e7o. Luiz, que n\u00e3o dirigia mais, nem tinha carro, [&hellip;]<\/p>\n","protected":false},"author":21,"featured_media":379238,"comment_status":"closed","ping_status":"closed","sticky":false,"template":"","format":"standard","meta":{"_acf_changed":false,"footnotes":""},"categories":[234],"tags":[],"class_list":["post-379237","post","type-post","status-publish","format-standard","has-post-thumbnail","hentry","category-cafe-literario"],"acf":[],"yoast_head":"<!-- This site is optimized with the Yoast SEO plugin v27.2 - https:\/\/yoast.com\/product\/yoast-seo-wordpress\/ -->\n<title>Amigos na juventude se reencontram j\u00e1 aposentados - Notibras<\/title>\n<meta name=\"robots\" content=\"index, follow, max-snippet:-1, max-image-preview:large, max-video-preview:-1\" \/>\n<link rel=\"canonical\" href=\"https:\/\/www.notibras.com\/site\/amigos-na-juventude-se-reencontram-ja-aposentados\/\" \/>\n<meta property=\"og:locale\" content=\"pt_BR\" \/>\n<meta property=\"og:type\" content=\"article\" \/>\n<meta property=\"og:title\" content=\"Amigos na juventude se reencontram j\u00e1 aposentados - Notibras\" \/>\n<meta property=\"og:description\" content=\"Luiz, jornalista, e Jonas, economista, eram da mesma cidade, Niter\u00f3i, amigos na juventude. Ambos vieram para S\u00e3o Paulo em anos diferentes. Quatro d\u00e9cadas depois, j\u00e1 aposentados, reencontraram-se via Facebook e decidiram colocar o papo em dia. &#8211; Pego voc\u00ea em casa, Luiz. Me passa o seu endere\u00e7o. Luiz, que n\u00e3o dirigia mais, nem tinha carro, [&hellip;]\" \/>\n<meta property=\"og:url\" content=\"https:\/\/www.notibras.com\/site\/amigos-na-juventude-se-reencontram-ja-aposentados\/\" \/>\n<meta property=\"og:site_name\" content=\"Notibras\" \/>\n<meta property=\"article:publisher\" content=\"https:\/\/www.facebook.com\/notibras\/\" \/>\n<meta property=\"article:published_time\" content=\"2026-01-23T03:15:55+00:00\" \/>\n<meta property=\"og:image\" content=\"https:\/\/www.notibras.com\/site\/wp-content\/uploads\/2026\/01\/e73a24b0-17fc-4020-9fe6-4ba4030ba0e5.jpg\" \/>\n\t<meta property=\"og:image:width\" content=\"809\" \/>\n\t<meta property=\"og:image:height\" content=\"1056\" \/>\n\t<meta property=\"og:image:type\" content=\"image\/jpeg\" \/>\n<meta name=\"author\" content=\"Eduardo Mart\u00ednez\" \/>\n<meta name=\"twitter:card\" content=\"summary_large_image\" \/>\n<meta name=\"twitter:creator\" content=\"@Notibras\" \/>\n<meta name=\"twitter:site\" content=\"@Notibras\" \/>\n<meta name=\"twitter:label1\" content=\"Escrito por\" \/>\n\t<meta name=\"twitter:data1\" content=\"Eduardo Mart\u00ednez\" \/>\n\t<meta name=\"twitter:label2\" content=\"Est. tempo de leitura\" \/>\n\t<meta name=\"twitter:data2\" content=\"4 minutos\" \/>\n<script type=\"application\/ld+json\" class=\"yoast-schema-graph\">{\"@context\":\"https:\/\/schema.org\",\"@graph\":[{\"@type\":\"Article\",\"@id\":\"https:\/\/www.notibras.com\/site\/amigos-na-juventude-se-reencontram-ja-aposentados\/#article\",\"isPartOf\":{\"@id\":\"https:\/\/www.notibras.com\/site\/amigos-na-juventude-se-reencontram-ja-aposentados\/\"},\"author\":{\"name\":\"Eduardo Mart\u00ednez\",\"@id\":\"https:\/\/www.notibras.com\/site\/#\/schema\/person\/5b7fabf2aedc3ada2105f03b22b4d3dd\"},\"headline\":\"Amigos na juventude se reencontram j\u00e1 aposentados\",\"datePublished\":\"2026-01-23T03:15:55+00:00\",\"mainEntityOfPage\":{\"@id\":\"https:\/\/www.notibras.com\/site\/amigos-na-juventude-se-reencontram-ja-aposentados\/\"},\"wordCount\":679,\"publisher\":{\"@id\":\"https:\/\/www.notibras.com\/site\/#organization\"},\"image\":{\"@id\":\"https:\/\/www.notibras.com\/site\/amigos-na-juventude-se-reencontram-ja-aposentados\/#primaryimage\"},\"thumbnailUrl\":\"https:\/\/www.notibras.com\/site\/wp-content\/uploads\/2026\/01\/e73a24b0-17fc-4020-9fe6-4ba4030ba0e5.jpg\",\"articleSection\":[\"Caf\u00e9 Liter\u00e1rio\"],\"inLanguage\":\"pt-BR\"},{\"@type\":\"WebPage\",\"@id\":\"https:\/\/www.notibras.com\/site\/amigos-na-juventude-se-reencontram-ja-aposentados\/\",\"url\":\"https:\/\/www.notibras.com\/site\/amigos-na-juventude-se-reencontram-ja-aposentados\/\",\"name\":\"Amigos na juventude se reencontram j\u00e1 aposentados - Notibras\",\"isPartOf\":{\"@id\":\"https:\/\/www.notibras.com\/site\/#website\"},\"primaryImageOfPage\":{\"@id\":\"https:\/\/www.notibras.com\/site\/amigos-na-juventude-se-reencontram-ja-aposentados\/#primaryimage\"},\"image\":{\"@id\":\"https:\/\/www.notibras.com\/site\/amigos-na-juventude-se-reencontram-ja-aposentados\/#primaryimage\"},\"thumbnailUrl\":\"https:\/\/www.notibras.com\/site\/wp-content\/uploads\/2026\/01\/e73a24b0-17fc-4020-9fe6-4ba4030ba0e5.jpg\",\"datePublished\":\"2026-01-23T03:15:55+00:00\",\"breadcrumb\":{\"@id\":\"https:\/\/www.notibras.com\/site\/amigos-na-juventude-se-reencontram-ja-aposentados\/#breadcrumb\"},\"inLanguage\":\"pt-BR\",\"potentialAction\":[{\"@type\":\"ReadAction\",\"target\":[\"https:\/\/www.notibras.com\/site\/amigos-na-juventude-se-reencontram-ja-aposentados\/\"]}]},{\"@type\":\"ImageObject\",\"inLanguage\":\"pt-BR\",\"@id\":\"https:\/\/www.notibras.com\/site\/amigos-na-juventude-se-reencontram-ja-aposentados\/#primaryimage\",\"url\":\"https:\/\/www.notibras.com\/site\/wp-content\/uploads\/2026\/01\/e73a24b0-17fc-4020-9fe6-4ba4030ba0e5.jpg\",\"contentUrl\":\"https:\/\/www.notibras.com\/site\/wp-content\/uploads\/2026\/01\/e73a24b0-17fc-4020-9fe6-4ba4030ba0e5.jpg\",\"width\":809,\"height\":1056},{\"@type\":\"BreadcrumbList\",\"@id\":\"https:\/\/www.notibras.com\/site\/amigos-na-juventude-se-reencontram-ja-aposentados\/#breadcrumb\",\"itemListElement\":[{\"@type\":\"ListItem\",\"position\":1,\"name\":\"In\u00edcio\",\"item\":\"https:\/\/www.notibras.com\/site\/\"},{\"@type\":\"ListItem\",\"position\":2,\"name\":\"Amigos na juventude se reencontram j\u00e1 aposentados\"}]},{\"@type\":\"WebSite\",\"@id\":\"https:\/\/www.notibras.com\/site\/#website\",\"url\":\"https:\/\/www.notibras.com\/site\/\",\"name\":\"Notibras\",\"description\":\"Not\u00edcias de Bras\u00edlia, do Brasil e do Mundo\",\"publisher\":{\"@id\":\"https:\/\/www.notibras.com\/site\/#organization\"},\"potentialAction\":[{\"@type\":\"SearchAction\",\"target\":{\"@type\":\"EntryPoint\",\"urlTemplate\":\"https:\/\/www.notibras.com\/site\/?s={search_term_string}\"},\"query-input\":{\"@type\":\"PropertyValueSpecification\",\"valueRequired\":true,\"valueName\":\"search_term_string\"}}],\"inLanguage\":\"pt-BR\"},{\"@type\":\"Organization\",\"@id\":\"https:\/\/www.notibras.com\/site\/#organization\",\"name\":\"Grupo Notibras de Comunica\u00e7\u00e3o\",\"url\":\"https:\/\/www.notibras.com\/site\/\",\"logo\":{\"@type\":\"ImageObject\",\"inLanguage\":\"pt-BR\",\"@id\":\"https:\/\/www.notibras.com\/site\/#\/schema\/logo\/image\/\",\"url\":\"https:\/\/www.notibras.com\/site\/wp-content\/uploads\/2023\/01\/notibras23.png\",\"contentUrl\":\"https:\/\/www.notibras.com\/site\/wp-content\/uploads\/2023\/01\/notibras23.png\",\"width\":350,\"height\":87,\"caption\":\"Grupo Notibras de Comunica\u00e7\u00e3o\"},\"image\":{\"@id\":\"https:\/\/www.notibras.com\/site\/#\/schema\/logo\/image\/\"},\"sameAs\":[\"https:\/\/www.facebook.com\/notibras\/\",\"https:\/\/x.com\/Notibras\",\"https:\/\/www.instagram.com\/notibras\/\"]},{\"@type\":\"Person\",\"@id\":\"https:\/\/www.notibras.com\/site\/#\/schema\/person\/5b7fabf2aedc3ada2105f03b22b4d3dd\",\"name\":\"Eduardo Mart\u00ednez\",\"image\":{\"@type\":\"ImageObject\",\"inLanguage\":\"pt-BR\",\"@id\":\"https:\/\/secure.gravatar.com\/avatar\/7902f906289926289cbcda644b5197c796b893c6ffd7b9a536a42d290f7704a0?s=96&d=mm&r=g\",\"url\":\"https:\/\/secure.gravatar.com\/avatar\/7902f906289926289cbcda644b5197c796b893c6ffd7b9a536a42d290f7704a0?s=96&d=mm&r=g\",\"contentUrl\":\"https:\/\/secure.gravatar.com\/avatar\/7902f906289926289cbcda644b5197c796b893c6ffd7b9a536a42d290f7704a0?s=96&d=mm&r=g\",\"caption\":\"Eduardo Mart\u00ednez\"}}]}<\/script>\n<!-- \/ Yoast SEO plugin. -->","yoast_head_json":{"title":"Amigos na juventude se reencontram j\u00e1 aposentados - Notibras","robots":{"index":"index","follow":"follow","max-snippet":"max-snippet:-1","max-image-preview":"max-image-preview:large","max-video-preview":"max-video-preview:-1"},"canonical":"https:\/\/www.notibras.com\/site\/amigos-na-juventude-se-reencontram-ja-aposentados\/","og_locale":"pt_BR","og_type":"article","og_title":"Amigos na juventude se reencontram j\u00e1 aposentados - Notibras","og_description":"Luiz, jornalista, e Jonas, economista, eram da mesma cidade, Niter\u00f3i, amigos na juventude. Ambos vieram para S\u00e3o Paulo em anos diferentes. Quatro d\u00e9cadas depois, j\u00e1 aposentados, reencontraram-se via Facebook e decidiram colocar o papo em dia. &#8211; Pego voc\u00ea em casa, Luiz. Me passa o seu endere\u00e7o. Luiz, que n\u00e3o dirigia mais, nem tinha carro, [&hellip;]","og_url":"https:\/\/www.notibras.com\/site\/amigos-na-juventude-se-reencontram-ja-aposentados\/","og_site_name":"Notibras","article_publisher":"https:\/\/www.facebook.com\/notibras\/","article_published_time":"2026-01-23T03:15:55+00:00","og_image":[{"width":809,"height":1056,"url":"https:\/\/www.notibras.com\/site\/wp-content\/uploads\/2026\/01\/e73a24b0-17fc-4020-9fe6-4ba4030ba0e5.jpg","type":"image\/jpeg"}],"author":"Eduardo Mart\u00ednez","twitter_card":"summary_large_image","twitter_creator":"@Notibras","twitter_site":"@Notibras","twitter_misc":{"Escrito por":"Eduardo Mart\u00ednez","Est. tempo de leitura":"4 minutos"},"schema":{"@context":"https:\/\/schema.org","@graph":[{"@type":"Article","@id":"https:\/\/www.notibras.com\/site\/amigos-na-juventude-se-reencontram-ja-aposentados\/#article","isPartOf":{"@id":"https:\/\/www.notibras.com\/site\/amigos-na-juventude-se-reencontram-ja-aposentados\/"},"author":{"name":"Eduardo Mart\u00ednez","@id":"https:\/\/www.notibras.com\/site\/#\/schema\/person\/5b7fabf2aedc3ada2105f03b22b4d3dd"},"headline":"Amigos na juventude se reencontram j\u00e1 aposentados","datePublished":"2026-01-23T03:15:55+00:00","mainEntityOfPage":{"@id":"https:\/\/www.notibras.com\/site\/amigos-na-juventude-se-reencontram-ja-aposentados\/"},"wordCount":679,"publisher":{"@id":"https:\/\/www.notibras.com\/site\/#organization"},"image":{"@id":"https:\/\/www.notibras.com\/site\/amigos-na-juventude-se-reencontram-ja-aposentados\/#primaryimage"},"thumbnailUrl":"https:\/\/www.notibras.com\/site\/wp-content\/uploads\/2026\/01\/e73a24b0-17fc-4020-9fe6-4ba4030ba0e5.jpg","articleSection":["Caf\u00e9 Liter\u00e1rio"],"inLanguage":"pt-BR"},{"@type":"WebPage","@id":"https:\/\/www.notibras.com\/site\/amigos-na-juventude-se-reencontram-ja-aposentados\/","url":"https:\/\/www.notibras.com\/site\/amigos-na-juventude-se-reencontram-ja-aposentados\/","name":"Amigos na juventude se reencontram j\u00e1 aposentados - Notibras","isPartOf":{"@id":"https:\/\/www.notibras.com\/site\/#website"},"primaryImageOfPage":{"@id":"https:\/\/www.notibras.com\/site\/amigos-na-juventude-se-reencontram-ja-aposentados\/#primaryimage"},"image":{"@id":"https:\/\/www.notibras.com\/site\/amigos-na-juventude-se-reencontram-ja-aposentados\/#primaryimage"},"thumbnailUrl":"https:\/\/www.notibras.com\/site\/wp-content\/uploads\/2026\/01\/e73a24b0-17fc-4020-9fe6-4ba4030ba0e5.jpg","datePublished":"2026-01-23T03:15:55+00:00","breadcrumb":{"@id":"https:\/\/www.notibras.com\/site\/amigos-na-juventude-se-reencontram-ja-aposentados\/#breadcrumb"},"inLanguage":"pt-BR","potentialAction":[{"@type":"ReadAction","target":["https:\/\/www.notibras.com\/site\/amigos-na-juventude-se-reencontram-ja-aposentados\/"]}]},{"@type":"ImageObject","inLanguage":"pt-BR","@id":"https:\/\/www.notibras.com\/site\/amigos-na-juventude-se-reencontram-ja-aposentados\/#primaryimage","url":"https:\/\/www.notibras.com\/site\/wp-content\/uploads\/2026\/01\/e73a24b0-17fc-4020-9fe6-4ba4030ba0e5.jpg","contentUrl":"https:\/\/www.notibras.com\/site\/wp-content\/uploads\/2026\/01\/e73a24b0-17fc-4020-9fe6-4ba4030ba0e5.jpg","width":809,"height":1056},{"@type":"BreadcrumbList","@id":"https:\/\/www.notibras.com\/site\/amigos-na-juventude-se-reencontram-ja-aposentados\/#breadcrumb","itemListElement":[{"@type":"ListItem","position":1,"name":"In\u00edcio","item":"https:\/\/www.notibras.com\/site\/"},{"@type":"ListItem","position":2,"name":"Amigos na juventude se reencontram j\u00e1 aposentados"}]},{"@type":"WebSite","@id":"https:\/\/www.notibras.com\/site\/#website","url":"https:\/\/www.notibras.com\/site\/","name":"Notibras","description":"Not\u00edcias de Bras\u00edlia, do Brasil e do Mundo","publisher":{"@id":"https:\/\/www.notibras.com\/site\/#organization"},"potentialAction":[{"@type":"SearchAction","target":{"@type":"EntryPoint","urlTemplate":"https:\/\/www.notibras.com\/site\/?s={search_term_string}"},"query-input":{"@type":"PropertyValueSpecification","valueRequired":true,"valueName":"search_term_string"}}],"inLanguage":"pt-BR"},{"@type":"Organization","@id":"https:\/\/www.notibras.com\/site\/#organization","name":"Grupo Notibras de Comunica\u00e7\u00e3o","url":"https:\/\/www.notibras.com\/site\/","logo":{"@type":"ImageObject","inLanguage":"pt-BR","@id":"https:\/\/www.notibras.com\/site\/#\/schema\/logo\/image\/","url":"https:\/\/www.notibras.com\/site\/wp-content\/uploads\/2023\/01\/notibras23.png","contentUrl":"https:\/\/www.notibras.com\/site\/wp-content\/uploads\/2023\/01\/notibras23.png","width":350,"height":87,"caption":"Grupo Notibras de Comunica\u00e7\u00e3o"},"image":{"@id":"https:\/\/www.notibras.com\/site\/#\/schema\/logo\/image\/"},"sameAs":["https:\/\/www.facebook.com\/notibras\/","https:\/\/x.com\/Notibras","https:\/\/www.instagram.com\/notibras\/"]},{"@type":"Person","@id":"https:\/\/www.notibras.com\/site\/#\/schema\/person\/5b7fabf2aedc3ada2105f03b22b4d3dd","name":"Eduardo Mart\u00ednez","image":{"@type":"ImageObject","inLanguage":"pt-BR","@id":"https:\/\/secure.gravatar.com\/avatar\/7902f906289926289cbcda644b5197c796b893c6ffd7b9a536a42d290f7704a0?s=96&d=mm&r=g","url":"https:\/\/secure.gravatar.com\/avatar\/7902f906289926289cbcda644b5197c796b893c6ffd7b9a536a42d290f7704a0?s=96&d=mm&r=g","contentUrl":"https:\/\/secure.gravatar.com\/avatar\/7902f906289926289cbcda644b5197c796b893c6ffd7b9a536a42d290f7704a0?s=96&d=mm&r=g","caption":"Eduardo Mart\u00ednez"}}]}},"amp_enabled":true,"_links":{"self":[{"href":"https:\/\/www.notibras.com\/site\/wp-json\/wp\/v2\/posts\/379237","targetHints":{"allow":["GET"]}}],"collection":[{"href":"https:\/\/www.notibras.com\/site\/wp-json\/wp\/v2\/posts"}],"about":[{"href":"https:\/\/www.notibras.com\/site\/wp-json\/wp\/v2\/types\/post"}],"author":[{"embeddable":true,"href":"https:\/\/www.notibras.com\/site\/wp-json\/wp\/v2\/users\/21"}],"replies":[{"embeddable":true,"href":"https:\/\/www.notibras.com\/site\/wp-json\/wp\/v2\/comments?post=379237"}],"version-history":[{"count":2,"href":"https:\/\/www.notibras.com\/site\/wp-json\/wp\/v2\/posts\/379237\/revisions"}],"predecessor-version":[{"id":379240,"href":"https:\/\/www.notibras.com\/site\/wp-json\/wp\/v2\/posts\/379237\/revisions\/379240"}],"wp:featuredmedia":[{"embeddable":true,"href":"https:\/\/www.notibras.com\/site\/wp-json\/wp\/v2\/media\/379238"}],"wp:attachment":[{"href":"https:\/\/www.notibras.com\/site\/wp-json\/wp\/v2\/media?parent=379237"}],"wp:term":[{"taxonomy":"category","embeddable":true,"href":"https:\/\/www.notibras.com\/site\/wp-json\/wp\/v2\/categories?post=379237"},{"taxonomy":"post_tag","embeddable":true,"href":"https:\/\/www.notibras.com\/site\/wp-json\/wp\/v2\/tags?post=379237"}],"curies":[{"name":"wp","href":"https:\/\/api.w.org\/{rel}","templated":true}]}}