{"id":379242,"date":"2026-01-18T00:15:54","date_gmt":"2026-01-18T03:15:54","guid":{"rendered":"https:\/\/www.notibras.com\/site\/?p=379242"},"modified":"2026-01-16T02:40:36","modified_gmt":"2026-01-16T05:40:36","slug":"o-cheiro-de-rabanada-na-rua-velha","status":"publish","type":"post","link":"https:\/\/www.notibras.com\/site\/o-cheiro-de-rabanada-na-rua-velha\/","title":{"rendered":"O Cheiro de Rabanada na Rua Velha"},"content":{"rendered":"<p>Era uma vez, em uma cidadezinha do interior brasileiro, uma rua chamada Rua Velha. N\u00e3o era velha por ser antiga, embora fosse, mas porque todo mundo que morava ali parecia carregar um pouco do tempo nas costas. Casas baixas, pintadas de cores desbotadas pelo sol, varandas com cadeiras de palha onde os velhos jogavam conversa fora, e um cheiro constante de caf\u00e9 coado misturado com o perfume das dama-da-noite.<\/p>\n<p>Chegava dezembro, e a Rua Velha se transformava. N\u00e3o com luzes piscantes importadas ou \u00e1rvores de Natal de shopping, aquilo era coisa de cidade grande.<\/p>\n<p>Aqui, o Natal chegava devagar, como quem n\u00e3o quer fazer alarde, mas acaba enchendo a casa de gente.<\/p>\n<p>Dona L\u00facia, vi\u00fava h\u00e1 quinze anos, era a primeira a dar o sinal. Todo dia 15 de dezembro, ela acendia o forno a lenha no quintal e come\u00e7ava a fazer rabanadas. O cheiro, ah, aquele cheiro de p\u00e3o embebido em leite, canela e a\u00e7\u00facar subia pela rua inteira como um chamado.<\/p>\n<p>As crian\u00e7as paravam de brincar na cal\u00e7ada, os cachorros levantavam o focinho, e at\u00e9 Seu Z\u00e9, o carteiro que nunca falava com ningu\u00e9m, diminu\u00eda o passo s\u00f3 para sentir mais um pouco.<\/p>\n<p>Naquele ano, por\u00e9m, Dona L\u00facia estava quieta demais. A filha tinha ido passar o Natal com os netos em S\u00e3o Paulo, e a casa grande parecia ainda maior sem barulho. Ela pensou em n\u00e3o fazer as rabanadas. &#8220;Pra qu\u00ea?&#8221;, disse para o espelho. &#8220;Vou comer sozinha mesmo.&#8221;<\/p>\n<p>Mas o cheiro tem mem\u00f3ria pr\u00f3pria. E a Rua Velha n\u00e3o esquece.<\/p>\n<p>Na v\u00e9spera de Natal, quando o sol j\u00e1 se punha avermelhado atr\u00e1s da igreja, bateram na porta de Dona L\u00facia. Era a pequena Ana, de sete anos, com o vestido mais bonito que tinha, aquele de bolinha vermelha que a m\u00e3e costurou no ano passado.<\/p>\n<p>\u2014Tia L\u00facia, a senhora vai fazer rabanada esse ano?<\/p>\n<p>Dona L\u00facia sorriu sem vontade.<\/p>\n<p>\u2014N\u00e3o sei, meu bem. T\u00f4 sozinha esse ano.<\/p>\n<p>Ana olhou para ela com aqueles olhos grandes que s\u00f3 crian\u00e7a tem.<\/p>\n<p>\u2014Mas a gente n\u00e3o t\u00e1 aqui?<\/p>\n<p>E era verdade. Atr\u00e1s de Ana vinham o pai, a m\u00e3e, o irm\u00e3o mais velho que tocava viol\u00e3o mal mas com vontade, a vizinha do lado que trouxe uma garrafa de sidra quente, o Seu Z\u00e9 com um pacotinho embrulhado em papel pardo (era um panetone que ele ganhou no trabalho e nunca ia comer sozinho), e at\u00e9 o cachorro vira-lata que todo mundo alimentava.<\/p>\n<p>Eles entraram sem pedir licen\u00e7a, como quem entra em casa de fam\u00edlia. Algu\u00e9m acendeu o forno. Outro colocou m\u00fasica baixa no r\u00e1dio \u2014 era o Roberto Carlos cantando &#8220;Ent\u00e3o \u00e9 Natal&#8221;. A cozinha se encheu de vozes, risadas, cheiro de canela.<\/p>\n<p>Dona L\u00facia, sem perceber, j\u00e1 estava cortando o p\u00e3o velho, batendo ovos, aquecendo o leite. As m\u00e3os tremiam um pouco, mas era de emo\u00e7\u00e3o.<\/p>\n<p>Quando a primeira fornada ficou pronta, dourada e crocante, ela colocou na mesa grande da sala. Todo mundo se serviu. Ana lambuzou a cara de a\u00e7\u00facar. Seu Z\u00e9 comeu tr\u00eas peda\u00e7os sem falar nada, mas com os olhos brilhando.<\/p>\n<p>Naquela noite, a Rua Velha inteira comeu rabanada na casa de Dona L\u00facia. N\u00e3o porque ela convidou, ela nem teve tempo, mas porque o Natal, \u00e0s vezes, n\u00e3o pede licen\u00e7a. Ele simplesmente chega, trazido pelo cheiro de algo que a gente ama, pela voz de uma crian\u00e7a, pela solid\u00e3o que n\u00e3o quer ficar sozinha.<\/p>\n<p>E no fim das contas, ningu\u00e9m estava sozinho. Nem Dona L\u00facia. Nem ningu\u00e9m.<\/p>\n<p>Porque Natal, na Rua Velha, n\u00e3o \u00e9 dia de presente caro ou ceia farta. \u00c9 dia de lembrar que a gente pertence a algu\u00e9m. E que algu\u00e9m sempre pertence \u00e0 gente.<\/p>\n<p>Feliz Natal. Que o cheiro da sua rabanada encontre quem precisa.<\/p>\n","protected":false},"excerpt":{"rendered":"<p>Era uma vez, em uma cidadezinha do interior brasileiro, uma rua chamada Rua Velha. N\u00e3o era velha por ser antiga, embora fosse, mas porque todo mundo que morava ali parecia carregar um pouco do tempo nas costas. Casas baixas, pintadas de cores desbotadas pelo sol, varandas com cadeiras de palha onde os velhos jogavam conversa [&hellip;]<\/p>\n","protected":false},"author":21,"featured_media":379243,"comment_status":"closed","ping_status":"closed","sticky":false,"template":"","format":"standard","meta":{"_acf_changed":false,"footnotes":""},"categories":[234],"tags":[],"class_list":["post-379242","post","type-post","status-publish","format-standard","has-post-thumbnail","hentry","category-cafe-literario"],"acf":[],"yoast_head":"<!-- This site is optimized with the Yoast SEO plugin v27.2 - https:\/\/yoast.com\/product\/yoast-seo-wordpress\/ -->\n<title>O Cheiro de Rabanada na Rua Velha - Notibras<\/title>\n<meta name=\"robots\" content=\"index, follow, max-snippet:-1, max-image-preview:large, max-video-preview:-1\" \/>\n<link rel=\"canonical\" href=\"https:\/\/www.notibras.com\/site\/o-cheiro-de-rabanada-na-rua-velha\/\" \/>\n<meta property=\"og:locale\" content=\"pt_BR\" \/>\n<meta property=\"og:type\" content=\"article\" \/>\n<meta property=\"og:title\" content=\"O Cheiro de Rabanada na Rua Velha - Notibras\" \/>\n<meta property=\"og:description\" content=\"Era uma vez, em uma cidadezinha do interior brasileiro, uma rua chamada Rua Velha. N\u00e3o era velha por ser antiga, embora fosse, mas porque todo mundo que morava ali parecia carregar um pouco do tempo nas costas. Casas baixas, pintadas de cores desbotadas pelo sol, varandas com cadeiras de palha onde os velhos jogavam conversa [&hellip;]\" \/>\n<meta property=\"og:url\" content=\"https:\/\/www.notibras.com\/site\/o-cheiro-de-rabanada-na-rua-velha\/\" \/>\n<meta property=\"og:site_name\" content=\"Notibras\" \/>\n<meta property=\"article:publisher\" content=\"https:\/\/www.facebook.com\/notibras\/\" \/>\n<meta property=\"article:published_time\" content=\"2026-01-18T03:15:54+00:00\" \/>\n<meta property=\"og:image\" content=\"https:\/\/www.notibras.com\/site\/wp-content\/uploads\/2026\/01\/00e0c6d1-3115-4727-b273-bf6b5665129f.jpg\" \/>\n\t<meta property=\"og:image:width\" content=\"809\" \/>\n\t<meta property=\"og:image:height\" content=\"1120\" \/>\n\t<meta property=\"og:image:type\" content=\"image\/jpeg\" \/>\n<meta name=\"author\" content=\"Eduardo Mart\u00ednez\" \/>\n<meta name=\"twitter:card\" content=\"summary_large_image\" \/>\n<meta name=\"twitter:creator\" content=\"@Notibras\" \/>\n<meta name=\"twitter:site\" content=\"@Notibras\" \/>\n<meta name=\"twitter:label1\" content=\"Escrito por\" \/>\n\t<meta name=\"twitter:data1\" content=\"Eduardo Mart\u00ednez\" \/>\n\t<meta name=\"twitter:label2\" content=\"Est. tempo de leitura\" \/>\n\t<meta name=\"twitter:data2\" content=\"4 minutos\" \/>\n<script type=\"application\/ld+json\" class=\"yoast-schema-graph\">{\"@context\":\"https:\/\/schema.org\",\"@graph\":[{\"@type\":\"Article\",\"@id\":\"https:\/\/www.notibras.com\/site\/o-cheiro-de-rabanada-na-rua-velha\/#article\",\"isPartOf\":{\"@id\":\"https:\/\/www.notibras.com\/site\/o-cheiro-de-rabanada-na-rua-velha\/\"},\"author\":{\"name\":\"Eduardo Mart\u00ednez\",\"@id\":\"https:\/\/www.notibras.com\/site\/#\/schema\/person\/5b7fabf2aedc3ada2105f03b22b4d3dd\"},\"headline\":\"O Cheiro de Rabanada na Rua Velha\",\"datePublished\":\"2026-01-18T03:15:54+00:00\",\"mainEntityOfPage\":{\"@id\":\"https:\/\/www.notibras.com\/site\/o-cheiro-de-rabanada-na-rua-velha\/\"},\"wordCount\":676,\"publisher\":{\"@id\":\"https:\/\/www.notibras.com\/site\/#organization\"},\"image\":{\"@id\":\"https:\/\/www.notibras.com\/site\/o-cheiro-de-rabanada-na-rua-velha\/#primaryimage\"},\"thumbnailUrl\":\"https:\/\/www.notibras.com\/site\/wp-content\/uploads\/2026\/01\/00e0c6d1-3115-4727-b273-bf6b5665129f.jpg\",\"articleSection\":[\"Caf\u00e9 Liter\u00e1rio\"],\"inLanguage\":\"pt-BR\"},{\"@type\":\"WebPage\",\"@id\":\"https:\/\/www.notibras.com\/site\/o-cheiro-de-rabanada-na-rua-velha\/\",\"url\":\"https:\/\/www.notibras.com\/site\/o-cheiro-de-rabanada-na-rua-velha\/\",\"name\":\"O Cheiro de Rabanada na Rua Velha - Notibras\",\"isPartOf\":{\"@id\":\"https:\/\/www.notibras.com\/site\/#website\"},\"primaryImageOfPage\":{\"@id\":\"https:\/\/www.notibras.com\/site\/o-cheiro-de-rabanada-na-rua-velha\/#primaryimage\"},\"image\":{\"@id\":\"https:\/\/www.notibras.com\/site\/o-cheiro-de-rabanada-na-rua-velha\/#primaryimage\"},\"thumbnailUrl\":\"https:\/\/www.notibras.com\/site\/wp-content\/uploads\/2026\/01\/00e0c6d1-3115-4727-b273-bf6b5665129f.jpg\",\"datePublished\":\"2026-01-18T03:15:54+00:00\",\"breadcrumb\":{\"@id\":\"https:\/\/www.notibras.com\/site\/o-cheiro-de-rabanada-na-rua-velha\/#breadcrumb\"},\"inLanguage\":\"pt-BR\",\"potentialAction\":[{\"@type\":\"ReadAction\",\"target\":[\"https:\/\/www.notibras.com\/site\/o-cheiro-de-rabanada-na-rua-velha\/\"]}]},{\"@type\":\"ImageObject\",\"inLanguage\":\"pt-BR\",\"@id\":\"https:\/\/www.notibras.com\/site\/o-cheiro-de-rabanada-na-rua-velha\/#primaryimage\",\"url\":\"https:\/\/www.notibras.com\/site\/wp-content\/uploads\/2026\/01\/00e0c6d1-3115-4727-b273-bf6b5665129f.jpg\",\"contentUrl\":\"https:\/\/www.notibras.com\/site\/wp-content\/uploads\/2026\/01\/00e0c6d1-3115-4727-b273-bf6b5665129f.jpg\",\"width\":809,\"height\":1120},{\"@type\":\"BreadcrumbList\",\"@id\":\"https:\/\/www.notibras.com\/site\/o-cheiro-de-rabanada-na-rua-velha\/#breadcrumb\",\"itemListElement\":[{\"@type\":\"ListItem\",\"position\":1,\"name\":\"In\u00edcio\",\"item\":\"https:\/\/www.notibras.com\/site\/\"},{\"@type\":\"ListItem\",\"position\":2,\"name\":\"O Cheiro de Rabanada na Rua Velha\"}]},{\"@type\":\"WebSite\",\"@id\":\"https:\/\/www.notibras.com\/site\/#website\",\"url\":\"https:\/\/www.notibras.com\/site\/\",\"name\":\"Notibras\",\"description\":\"Not\u00edcias de Bras\u00edlia, do Brasil e do Mundo\",\"publisher\":{\"@id\":\"https:\/\/www.notibras.com\/site\/#organization\"},\"potentialAction\":[{\"@type\":\"SearchAction\",\"target\":{\"@type\":\"EntryPoint\",\"urlTemplate\":\"https:\/\/www.notibras.com\/site\/?s={search_term_string}\"},\"query-input\":{\"@type\":\"PropertyValueSpecification\",\"valueRequired\":true,\"valueName\":\"search_term_string\"}}],\"inLanguage\":\"pt-BR\"},{\"@type\":\"Organization\",\"@id\":\"https:\/\/www.notibras.com\/site\/#organization\",\"name\":\"Grupo Notibras de Comunica\u00e7\u00e3o\",\"url\":\"https:\/\/www.notibras.com\/site\/\",\"logo\":{\"@type\":\"ImageObject\",\"inLanguage\":\"pt-BR\",\"@id\":\"https:\/\/www.notibras.com\/site\/#\/schema\/logo\/image\/\",\"url\":\"https:\/\/www.notibras.com\/site\/wp-content\/uploads\/2023\/01\/notibras23.png\",\"contentUrl\":\"https:\/\/www.notibras.com\/site\/wp-content\/uploads\/2023\/01\/notibras23.png\",\"width\":350,\"height\":87,\"caption\":\"Grupo Notibras de Comunica\u00e7\u00e3o\"},\"image\":{\"@id\":\"https:\/\/www.notibras.com\/site\/#\/schema\/logo\/image\/\"},\"sameAs\":[\"https:\/\/www.facebook.com\/notibras\/\",\"https:\/\/x.com\/Notibras\",\"https:\/\/www.instagram.com\/notibras\/\"]},{\"@type\":\"Person\",\"@id\":\"https:\/\/www.notibras.com\/site\/#\/schema\/person\/5b7fabf2aedc3ada2105f03b22b4d3dd\",\"name\":\"Eduardo Mart\u00ednez\",\"image\":{\"@type\":\"ImageObject\",\"inLanguage\":\"pt-BR\",\"@id\":\"https:\/\/secure.gravatar.com\/avatar\/7902f906289926289cbcda644b5197c796b893c6ffd7b9a536a42d290f7704a0?s=96&d=mm&r=g\",\"url\":\"https:\/\/secure.gravatar.com\/avatar\/7902f906289926289cbcda644b5197c796b893c6ffd7b9a536a42d290f7704a0?s=96&d=mm&r=g\",\"contentUrl\":\"https:\/\/secure.gravatar.com\/avatar\/7902f906289926289cbcda644b5197c796b893c6ffd7b9a536a42d290f7704a0?s=96&d=mm&r=g\",\"caption\":\"Eduardo Mart\u00ednez\"}}]}<\/script>\n<!-- \/ Yoast SEO plugin. -->","yoast_head_json":{"title":"O Cheiro de Rabanada na Rua Velha - Notibras","robots":{"index":"index","follow":"follow","max-snippet":"max-snippet:-1","max-image-preview":"max-image-preview:large","max-video-preview":"max-video-preview:-1"},"canonical":"https:\/\/www.notibras.com\/site\/o-cheiro-de-rabanada-na-rua-velha\/","og_locale":"pt_BR","og_type":"article","og_title":"O Cheiro de Rabanada na Rua Velha - Notibras","og_description":"Era uma vez, em uma cidadezinha do interior brasileiro, uma rua chamada Rua Velha. N\u00e3o era velha por ser antiga, embora fosse, mas porque todo mundo que morava ali parecia carregar um pouco do tempo nas costas. Casas baixas, pintadas de cores desbotadas pelo sol, varandas com cadeiras de palha onde os velhos jogavam conversa [&hellip;]","og_url":"https:\/\/www.notibras.com\/site\/o-cheiro-de-rabanada-na-rua-velha\/","og_site_name":"Notibras","article_publisher":"https:\/\/www.facebook.com\/notibras\/","article_published_time":"2026-01-18T03:15:54+00:00","og_image":[{"width":809,"height":1120,"url":"https:\/\/www.notibras.com\/site\/wp-content\/uploads\/2026\/01\/00e0c6d1-3115-4727-b273-bf6b5665129f.jpg","type":"image\/jpeg"}],"author":"Eduardo Mart\u00ednez","twitter_card":"summary_large_image","twitter_creator":"@Notibras","twitter_site":"@Notibras","twitter_misc":{"Escrito por":"Eduardo Mart\u00ednez","Est. tempo de leitura":"4 minutos"},"schema":{"@context":"https:\/\/schema.org","@graph":[{"@type":"Article","@id":"https:\/\/www.notibras.com\/site\/o-cheiro-de-rabanada-na-rua-velha\/#article","isPartOf":{"@id":"https:\/\/www.notibras.com\/site\/o-cheiro-de-rabanada-na-rua-velha\/"},"author":{"name":"Eduardo Mart\u00ednez","@id":"https:\/\/www.notibras.com\/site\/#\/schema\/person\/5b7fabf2aedc3ada2105f03b22b4d3dd"},"headline":"O Cheiro de Rabanada na Rua Velha","datePublished":"2026-01-18T03:15:54+00:00","mainEntityOfPage":{"@id":"https:\/\/www.notibras.com\/site\/o-cheiro-de-rabanada-na-rua-velha\/"},"wordCount":676,"publisher":{"@id":"https:\/\/www.notibras.com\/site\/#organization"},"image":{"@id":"https:\/\/www.notibras.com\/site\/o-cheiro-de-rabanada-na-rua-velha\/#primaryimage"},"thumbnailUrl":"https:\/\/www.notibras.com\/site\/wp-content\/uploads\/2026\/01\/00e0c6d1-3115-4727-b273-bf6b5665129f.jpg","articleSection":["Caf\u00e9 Liter\u00e1rio"],"inLanguage":"pt-BR"},{"@type":"WebPage","@id":"https:\/\/www.notibras.com\/site\/o-cheiro-de-rabanada-na-rua-velha\/","url":"https:\/\/www.notibras.com\/site\/o-cheiro-de-rabanada-na-rua-velha\/","name":"O Cheiro de Rabanada na Rua Velha - Notibras","isPartOf":{"@id":"https:\/\/www.notibras.com\/site\/#website"},"primaryImageOfPage":{"@id":"https:\/\/www.notibras.com\/site\/o-cheiro-de-rabanada-na-rua-velha\/#primaryimage"},"image":{"@id":"https:\/\/www.notibras.com\/site\/o-cheiro-de-rabanada-na-rua-velha\/#primaryimage"},"thumbnailUrl":"https:\/\/www.notibras.com\/site\/wp-content\/uploads\/2026\/01\/00e0c6d1-3115-4727-b273-bf6b5665129f.jpg","datePublished":"2026-01-18T03:15:54+00:00","breadcrumb":{"@id":"https:\/\/www.notibras.com\/site\/o-cheiro-de-rabanada-na-rua-velha\/#breadcrumb"},"inLanguage":"pt-BR","potentialAction":[{"@type":"ReadAction","target":["https:\/\/www.notibras.com\/site\/o-cheiro-de-rabanada-na-rua-velha\/"]}]},{"@type":"ImageObject","inLanguage":"pt-BR","@id":"https:\/\/www.notibras.com\/site\/o-cheiro-de-rabanada-na-rua-velha\/#primaryimage","url":"https:\/\/www.notibras.com\/site\/wp-content\/uploads\/2026\/01\/00e0c6d1-3115-4727-b273-bf6b5665129f.jpg","contentUrl":"https:\/\/www.notibras.com\/site\/wp-content\/uploads\/2026\/01\/00e0c6d1-3115-4727-b273-bf6b5665129f.jpg","width":809,"height":1120},{"@type":"BreadcrumbList","@id":"https:\/\/www.notibras.com\/site\/o-cheiro-de-rabanada-na-rua-velha\/#breadcrumb","itemListElement":[{"@type":"ListItem","position":1,"name":"In\u00edcio","item":"https:\/\/www.notibras.com\/site\/"},{"@type":"ListItem","position":2,"name":"O Cheiro de Rabanada na Rua Velha"}]},{"@type":"WebSite","@id":"https:\/\/www.notibras.com\/site\/#website","url":"https:\/\/www.notibras.com\/site\/","name":"Notibras","description":"Not\u00edcias de Bras\u00edlia, do Brasil e do Mundo","publisher":{"@id":"https:\/\/www.notibras.com\/site\/#organization"},"potentialAction":[{"@type":"SearchAction","target":{"@type":"EntryPoint","urlTemplate":"https:\/\/www.notibras.com\/site\/?s={search_term_string}"},"query-input":{"@type":"PropertyValueSpecification","valueRequired":true,"valueName":"search_term_string"}}],"inLanguage":"pt-BR"},{"@type":"Organization","@id":"https:\/\/www.notibras.com\/site\/#organization","name":"Grupo Notibras de Comunica\u00e7\u00e3o","url":"https:\/\/www.notibras.com\/site\/","logo":{"@type":"ImageObject","inLanguage":"pt-BR","@id":"https:\/\/www.notibras.com\/site\/#\/schema\/logo\/image\/","url":"https:\/\/www.notibras.com\/site\/wp-content\/uploads\/2023\/01\/notibras23.png","contentUrl":"https:\/\/www.notibras.com\/site\/wp-content\/uploads\/2023\/01\/notibras23.png","width":350,"height":87,"caption":"Grupo Notibras de Comunica\u00e7\u00e3o"},"image":{"@id":"https:\/\/www.notibras.com\/site\/#\/schema\/logo\/image\/"},"sameAs":["https:\/\/www.facebook.com\/notibras\/","https:\/\/x.com\/Notibras","https:\/\/www.instagram.com\/notibras\/"]},{"@type":"Person","@id":"https:\/\/www.notibras.com\/site\/#\/schema\/person\/5b7fabf2aedc3ada2105f03b22b4d3dd","name":"Eduardo Mart\u00ednez","image":{"@type":"ImageObject","inLanguage":"pt-BR","@id":"https:\/\/secure.gravatar.com\/avatar\/7902f906289926289cbcda644b5197c796b893c6ffd7b9a536a42d290f7704a0?s=96&d=mm&r=g","url":"https:\/\/secure.gravatar.com\/avatar\/7902f906289926289cbcda644b5197c796b893c6ffd7b9a536a42d290f7704a0?s=96&d=mm&r=g","contentUrl":"https:\/\/secure.gravatar.com\/avatar\/7902f906289926289cbcda644b5197c796b893c6ffd7b9a536a42d290f7704a0?s=96&d=mm&r=g","caption":"Eduardo Mart\u00ednez"}}]}},"amp_enabled":true,"_links":{"self":[{"href":"https:\/\/www.notibras.com\/site\/wp-json\/wp\/v2\/posts\/379242","targetHints":{"allow":["GET"]}}],"collection":[{"href":"https:\/\/www.notibras.com\/site\/wp-json\/wp\/v2\/posts"}],"about":[{"href":"https:\/\/www.notibras.com\/site\/wp-json\/wp\/v2\/types\/post"}],"author":[{"embeddable":true,"href":"https:\/\/www.notibras.com\/site\/wp-json\/wp\/v2\/users\/21"}],"replies":[{"embeddable":true,"href":"https:\/\/www.notibras.com\/site\/wp-json\/wp\/v2\/comments?post=379242"}],"version-history":[{"count":2,"href":"https:\/\/www.notibras.com\/site\/wp-json\/wp\/v2\/posts\/379242\/revisions"}],"predecessor-version":[{"id":379245,"href":"https:\/\/www.notibras.com\/site\/wp-json\/wp\/v2\/posts\/379242\/revisions\/379245"}],"wp:featuredmedia":[{"embeddable":true,"href":"https:\/\/www.notibras.com\/site\/wp-json\/wp\/v2\/media\/379243"}],"wp:attachment":[{"href":"https:\/\/www.notibras.com\/site\/wp-json\/wp\/v2\/media?parent=379242"}],"wp:term":[{"taxonomy":"category","embeddable":true,"href":"https:\/\/www.notibras.com\/site\/wp-json\/wp\/v2\/categories?post=379242"},{"taxonomy":"post_tag","embeddable":true,"href":"https:\/\/www.notibras.com\/site\/wp-json\/wp\/v2\/tags?post=379242"}],"curies":[{"name":"wp","href":"https:\/\/api.w.org\/{rel}","templated":true}]}}