{"id":379248,"date":"2026-01-18T00:00:41","date_gmt":"2026-01-18T03:00:41","guid":{"rendered":"https:\/\/www.notibras.com\/site\/?p=379248"},"modified":"2026-01-16T02:45:46","modified_gmt":"2026-01-16T05:45:46","slug":"caras-estranhos-iii","status":"publish","type":"post","link":"https:\/\/www.notibras.com\/site\/caras-estranhos-iii\/","title":{"rendered":"Caras Estranhos III"},"content":{"rendered":"<p>No in\u00edcio do ano passado iniciei uma s\u00e9rie de pequenas cr\u00f4nicas aqui no Caf\u00e9 Liter\u00e1rio: CARAS ESTRANHOS.<\/p>\n<p>O ORNITORRINCO: &#8211; foi o primeiro personagem da s\u00e9rie. Contei as diferen\u00e7as e excentricidades desse bichinho bem maluco que mais parece com uma colcha de retalhos de DNA, pois embora sejam mam\u00edferos, esses nativos australianos botam ovos e exibem espinhos venenosos nas patas traseiras; t\u00eam cauda de castor e bico de pato e s\u00e3o ca\u00e7adores noturnos e o detalhe: ca\u00e7am de olhos fechados. Qualquer semelhan\u00e7a com a maioria dos pol\u00edticos do Senado e da C\u00e2mara de Deputados brasileiros N\u00c3O \u00c9 mera coincid\u00eancia. Loko, n\u00e9?!<\/p>\n<p>O CAMELO e o DROMED\u00c1RIO:- basicamente se diferenciam pelo n\u00famero de corcovas (aquele lombo nas costas). O camelo tem um e o dromed\u00e1rios duas. Mas s\u00e3o seres especiais: podem beber tanto \u00e1gua doce quanto \u00e1gua salgada. Os rins filtram e tudo bem. Comem espinhos, cascas e at\u00e9 pedras. O est\u00f4mago do bruto tem um \u00e1cido potente capaz de dissolver qualquer coisa. Ah&#8230;e possuem duas p\u00e1lpebras: uma \u00e9 fina e transparente, a outra \u00e9 grossa e carnuda. Quando come\u00e7a uma tempestade de areia no deserto, feche a p\u00e1lpebra transparente para evitar que a areia entre nos seus olhos. S\u00e3o animais extremamente bem adaptados para sobreviverem no deserto. S\u00e3o considerados &#8220;burr\u00f5es, imbecis&#8221;. Lembram, sem d\u00favida, a Famiglia Bolsonaro em todos os sentidos.<\/p>\n<p>O POLVO: hoje vamos conhecer um pouco das diferen\u00e7as e &#8220;maluquices&#8221; do polvo, aquele ser marinho de tantos bra\u00e7os e cabe\u00e7\u00e3o mole-mole. Os polvos possuem um dos sistemas nervosos mais surpreendentes do reino animal. Diferente da maioria dos animais, cerca de dois ter\u00e7os dos seus neur\u00f4nios n\u00e3o ficam no c\u00e9rebro, mas distribu\u00eddos ao longo dos oito tent\u00e1culos. Isso faz com que cada bra\u00e7o funcione quase como uma unidade independente de controle. Cada tent\u00e1culo tem redes nervosas pr\u00f3prias capazes de processar informa\u00e7\u00f5es sensoriais, tomar decis\u00f5es simples e executar movimentos complexos sem precisar de comandos diretos do c\u00e9rebro central. Por isso, um bra\u00e7o pode explorar fendas, sentir texturas, identificar alimentos ou tentar abrir uma concha, enquanto o polvo usa outros tent\u00e1culos para tarefas completamente diferentes. O c\u00e9rebro do polvo atua mais como um coordenador geral, definindo objetivos. forma de &#8220;pensar distribu\u00eddo&#8221; ajuda a explicar por que polvos s\u00e3o considerados um dos invertebrados mais inteligentes d<br \/>\no planeta. Eles aprendem, resolvem problemas, usam ferramentas e se adaptam com facilidade. Pensam e agem em v\u00e1rias dire\u00e7\u00f5es ao mesmo tempo. Na pol\u00edtica do Brasil, o atual presidente Lula poderia ser confundido com o polvo-chefe. \u00c9 insuper\u00e1vel em adapta\u00e7\u00e3o e capacidade de sobreviv\u00eancia e sucesso.<\/p>\n<p>Espero que os meus leitores e leitoras tenham gostado das informa\u00e7\u00f5es. As rela\u00e7\u00f5es dos nossos animaizinhos com os CARAS ESTRANHOS da pol\u00edtica nacional s\u00e3o de total responsabilidade deste cronista.<\/p>\n<p>At\u00e9 a pr\u00f3xima cr\u00f4nica com um novo e fascinante personagem.<\/p>\n<p><strong>&#8230;&#8230;&#8230;&#8230;&#8230;&#8230;&#8230;&#8230;&#8230;&#8230;&#8230;.<\/strong><\/p>\n<p><strong>Gilberto Motta \u00e9 escritor, jornalista e professor\/pesquisador de mundos, fatos e caras estranhos, sendo ele mesmo, prioritariamente, o mais estranho de todos. Vive na Guarda do Emba\u00fa, pequena vila de pescadores no litoral Sul de SC.<\/strong><\/p>\n","protected":false},"excerpt":{"rendered":"<p>No in\u00edcio do ano passado iniciei uma s\u00e9rie de pequenas cr\u00f4nicas aqui no Caf\u00e9 Liter\u00e1rio: CARAS ESTRANHOS. O ORNITORRINCO: &#8211; foi o primeiro personagem da s\u00e9rie. Contei as diferen\u00e7as e excentricidades desse bichinho bem maluco que mais parece com uma colcha de retalhos de DNA, pois embora sejam mam\u00edferos, esses nativos australianos botam ovos e [&hellip;]<\/p>\n","protected":false},"author":21,"featured_media":379249,"comment_status":"closed","ping_status":"closed","sticky":false,"template":"","format":"standard","meta":{"_acf_changed":false,"footnotes":""},"categories":[234],"tags":[],"class_list":["post-379248","post","type-post","status-publish","format-standard","has-post-thumbnail","hentry","category-cafe-literario"],"acf":[],"yoast_head":"<!-- This site is optimized with the Yoast SEO plugin v27.2 - https:\/\/yoast.com\/product\/yoast-seo-wordpress\/ -->\n<title>Caras Estranhos III - Notibras<\/title>\n<meta name=\"robots\" content=\"index, follow, max-snippet:-1, max-image-preview:large, max-video-preview:-1\" \/>\n<link rel=\"canonical\" href=\"https:\/\/www.notibras.com\/site\/caras-estranhos-iii\/\" \/>\n<meta property=\"og:locale\" content=\"pt_BR\" \/>\n<meta property=\"og:type\" content=\"article\" \/>\n<meta property=\"og:title\" content=\"Caras Estranhos III - Notibras\" \/>\n<meta property=\"og:description\" content=\"No in\u00edcio do ano passado iniciei uma s\u00e9rie de pequenas cr\u00f4nicas aqui no Caf\u00e9 Liter\u00e1rio: CARAS ESTRANHOS. O ORNITORRINCO: &#8211; foi o primeiro personagem da s\u00e9rie. Contei as diferen\u00e7as e excentricidades desse bichinho bem maluco que mais parece com uma colcha de retalhos de DNA, pois embora sejam mam\u00edferos, esses nativos australianos botam ovos e [&hellip;]\" \/>\n<meta property=\"og:url\" content=\"https:\/\/www.notibras.com\/site\/caras-estranhos-iii\/\" \/>\n<meta property=\"og:site_name\" content=\"Notibras\" \/>\n<meta property=\"article:publisher\" content=\"https:\/\/www.facebook.com\/notibras\/\" \/>\n<meta property=\"article:published_time\" content=\"2026-01-18T03:00:41+00:00\" \/>\n<meta property=\"og:image\" content=\"https:\/\/www.notibras.com\/site\/wp-content\/uploads\/2026\/01\/image-17.png\" \/>\n\t<meta property=\"og:image:width\" content=\"1015\" \/>\n\t<meta property=\"og:image:height\" content=\"731\" \/>\n\t<meta property=\"og:image:type\" content=\"image\/png\" \/>\n<meta name=\"author\" content=\"Eduardo Mart\u00ednez\" \/>\n<meta name=\"twitter:card\" content=\"summary_large_image\" \/>\n<meta name=\"twitter:creator\" content=\"@Notibras\" \/>\n<meta name=\"twitter:site\" content=\"@Notibras\" \/>\n<meta name=\"twitter:label1\" content=\"Escrito por\" \/>\n\t<meta name=\"twitter:data1\" content=\"Eduardo Mart\u00ednez\" \/>\n\t<meta name=\"twitter:label2\" content=\"Est. tempo de leitura\" \/>\n\t<meta name=\"twitter:data2\" content=\"3 minutos\" \/>\n<script type=\"application\/ld+json\" class=\"yoast-schema-graph\">{\"@context\":\"https:\/\/schema.org\",\"@graph\":[{\"@type\":\"Article\",\"@id\":\"https:\/\/www.notibras.com\/site\/caras-estranhos-iii\/#article\",\"isPartOf\":{\"@id\":\"https:\/\/www.notibras.com\/site\/caras-estranhos-iii\/\"},\"author\":{\"name\":\"Eduardo Mart\u00ednez\",\"@id\":\"https:\/\/www.notibras.com\/site\/#\/schema\/person\/5b7fabf2aedc3ada2105f03b22b4d3dd\"},\"headline\":\"Caras Estranhos III\",\"datePublished\":\"2026-01-18T03:00:41+00:00\",\"mainEntityOfPage\":{\"@id\":\"https:\/\/www.notibras.com\/site\/caras-estranhos-iii\/\"},\"wordCount\":556,\"publisher\":{\"@id\":\"https:\/\/www.notibras.com\/site\/#organization\"},\"image\":{\"@id\":\"https:\/\/www.notibras.com\/site\/caras-estranhos-iii\/#primaryimage\"},\"thumbnailUrl\":\"https:\/\/www.notibras.com\/site\/wp-content\/uploads\/2026\/01\/image-17.png\",\"articleSection\":[\"Caf\u00e9 Liter\u00e1rio\"],\"inLanguage\":\"pt-BR\"},{\"@type\":\"WebPage\",\"@id\":\"https:\/\/www.notibras.com\/site\/caras-estranhos-iii\/\",\"url\":\"https:\/\/www.notibras.com\/site\/caras-estranhos-iii\/\",\"name\":\"Caras Estranhos III - Notibras\",\"isPartOf\":{\"@id\":\"https:\/\/www.notibras.com\/site\/#website\"},\"primaryImageOfPage\":{\"@id\":\"https:\/\/www.notibras.com\/site\/caras-estranhos-iii\/#primaryimage\"},\"image\":{\"@id\":\"https:\/\/www.notibras.com\/site\/caras-estranhos-iii\/#primaryimage\"},\"thumbnailUrl\":\"https:\/\/www.notibras.com\/site\/wp-content\/uploads\/2026\/01\/image-17.png\",\"datePublished\":\"2026-01-18T03:00:41+00:00\",\"breadcrumb\":{\"@id\":\"https:\/\/www.notibras.com\/site\/caras-estranhos-iii\/#breadcrumb\"},\"inLanguage\":\"pt-BR\",\"potentialAction\":[{\"@type\":\"ReadAction\",\"target\":[\"https:\/\/www.notibras.com\/site\/caras-estranhos-iii\/\"]}]},{\"@type\":\"ImageObject\",\"inLanguage\":\"pt-BR\",\"@id\":\"https:\/\/www.notibras.com\/site\/caras-estranhos-iii\/#primaryimage\",\"url\":\"https:\/\/www.notibras.com\/site\/wp-content\/uploads\/2026\/01\/image-17.png\",\"contentUrl\":\"https:\/\/www.notibras.com\/site\/wp-content\/uploads\/2026\/01\/image-17.png\",\"width\":1015,\"height\":731},{\"@type\":\"BreadcrumbList\",\"@id\":\"https:\/\/www.notibras.com\/site\/caras-estranhos-iii\/#breadcrumb\",\"itemListElement\":[{\"@type\":\"ListItem\",\"position\":1,\"name\":\"In\u00edcio\",\"item\":\"https:\/\/www.notibras.com\/site\/\"},{\"@type\":\"ListItem\",\"position\":2,\"name\":\"Caras Estranhos III\"}]},{\"@type\":\"WebSite\",\"@id\":\"https:\/\/www.notibras.com\/site\/#website\",\"url\":\"https:\/\/www.notibras.com\/site\/\",\"name\":\"Notibras\",\"description\":\"Not\u00edcias de Bras\u00edlia, do Brasil e do Mundo\",\"publisher\":{\"@id\":\"https:\/\/www.notibras.com\/site\/#organization\"},\"potentialAction\":[{\"@type\":\"SearchAction\",\"target\":{\"@type\":\"EntryPoint\",\"urlTemplate\":\"https:\/\/www.notibras.com\/site\/?s={search_term_string}\"},\"query-input\":{\"@type\":\"PropertyValueSpecification\",\"valueRequired\":true,\"valueName\":\"search_term_string\"}}],\"inLanguage\":\"pt-BR\"},{\"@type\":\"Organization\",\"@id\":\"https:\/\/www.notibras.com\/site\/#organization\",\"name\":\"Grupo Notibras de Comunica\u00e7\u00e3o\",\"url\":\"https:\/\/www.notibras.com\/site\/\",\"logo\":{\"@type\":\"ImageObject\",\"inLanguage\":\"pt-BR\",\"@id\":\"https:\/\/www.notibras.com\/site\/#\/schema\/logo\/image\/\",\"url\":\"https:\/\/www.notibras.com\/site\/wp-content\/uploads\/2023\/01\/notibras23.png\",\"contentUrl\":\"https:\/\/www.notibras.com\/site\/wp-content\/uploads\/2023\/01\/notibras23.png\",\"width\":350,\"height\":87,\"caption\":\"Grupo Notibras de Comunica\u00e7\u00e3o\"},\"image\":{\"@id\":\"https:\/\/www.notibras.com\/site\/#\/schema\/logo\/image\/\"},\"sameAs\":[\"https:\/\/www.facebook.com\/notibras\/\",\"https:\/\/x.com\/Notibras\",\"https:\/\/www.instagram.com\/notibras\/\"]},{\"@type\":\"Person\",\"@id\":\"https:\/\/www.notibras.com\/site\/#\/schema\/person\/5b7fabf2aedc3ada2105f03b22b4d3dd\",\"name\":\"Eduardo Mart\u00ednez\",\"image\":{\"@type\":\"ImageObject\",\"inLanguage\":\"pt-BR\",\"@id\":\"https:\/\/secure.gravatar.com\/avatar\/7902f906289926289cbcda644b5197c796b893c6ffd7b9a536a42d290f7704a0?s=96&d=mm&r=g\",\"url\":\"https:\/\/secure.gravatar.com\/avatar\/7902f906289926289cbcda644b5197c796b893c6ffd7b9a536a42d290f7704a0?s=96&d=mm&r=g\",\"contentUrl\":\"https:\/\/secure.gravatar.com\/avatar\/7902f906289926289cbcda644b5197c796b893c6ffd7b9a536a42d290f7704a0?s=96&d=mm&r=g\",\"caption\":\"Eduardo Mart\u00ednez\"}}]}<\/script>\n<!-- \/ Yoast SEO plugin. -->","yoast_head_json":{"title":"Caras Estranhos III - Notibras","robots":{"index":"index","follow":"follow","max-snippet":"max-snippet:-1","max-image-preview":"max-image-preview:large","max-video-preview":"max-video-preview:-1"},"canonical":"https:\/\/www.notibras.com\/site\/caras-estranhos-iii\/","og_locale":"pt_BR","og_type":"article","og_title":"Caras Estranhos III - Notibras","og_description":"No in\u00edcio do ano passado iniciei uma s\u00e9rie de pequenas cr\u00f4nicas aqui no Caf\u00e9 Liter\u00e1rio: CARAS ESTRANHOS. O ORNITORRINCO: &#8211; foi o primeiro personagem da s\u00e9rie. Contei as diferen\u00e7as e excentricidades desse bichinho bem maluco que mais parece com uma colcha de retalhos de DNA, pois embora sejam mam\u00edferos, esses nativos australianos botam ovos e [&hellip;]","og_url":"https:\/\/www.notibras.com\/site\/caras-estranhos-iii\/","og_site_name":"Notibras","article_publisher":"https:\/\/www.facebook.com\/notibras\/","article_published_time":"2026-01-18T03:00:41+00:00","og_image":[{"width":1015,"height":731,"url":"https:\/\/www.notibras.com\/site\/wp-content\/uploads\/2026\/01\/image-17.png","type":"image\/png"}],"author":"Eduardo Mart\u00ednez","twitter_card":"summary_large_image","twitter_creator":"@Notibras","twitter_site":"@Notibras","twitter_misc":{"Escrito por":"Eduardo Mart\u00ednez","Est. tempo de leitura":"3 minutos"},"schema":{"@context":"https:\/\/schema.org","@graph":[{"@type":"Article","@id":"https:\/\/www.notibras.com\/site\/caras-estranhos-iii\/#article","isPartOf":{"@id":"https:\/\/www.notibras.com\/site\/caras-estranhos-iii\/"},"author":{"name":"Eduardo Mart\u00ednez","@id":"https:\/\/www.notibras.com\/site\/#\/schema\/person\/5b7fabf2aedc3ada2105f03b22b4d3dd"},"headline":"Caras Estranhos III","datePublished":"2026-01-18T03:00:41+00:00","mainEntityOfPage":{"@id":"https:\/\/www.notibras.com\/site\/caras-estranhos-iii\/"},"wordCount":556,"publisher":{"@id":"https:\/\/www.notibras.com\/site\/#organization"},"image":{"@id":"https:\/\/www.notibras.com\/site\/caras-estranhos-iii\/#primaryimage"},"thumbnailUrl":"https:\/\/www.notibras.com\/site\/wp-content\/uploads\/2026\/01\/image-17.png","articleSection":["Caf\u00e9 Liter\u00e1rio"],"inLanguage":"pt-BR"},{"@type":"WebPage","@id":"https:\/\/www.notibras.com\/site\/caras-estranhos-iii\/","url":"https:\/\/www.notibras.com\/site\/caras-estranhos-iii\/","name":"Caras Estranhos III - Notibras","isPartOf":{"@id":"https:\/\/www.notibras.com\/site\/#website"},"primaryImageOfPage":{"@id":"https:\/\/www.notibras.com\/site\/caras-estranhos-iii\/#primaryimage"},"image":{"@id":"https:\/\/www.notibras.com\/site\/caras-estranhos-iii\/#primaryimage"},"thumbnailUrl":"https:\/\/www.notibras.com\/site\/wp-content\/uploads\/2026\/01\/image-17.png","datePublished":"2026-01-18T03:00:41+00:00","breadcrumb":{"@id":"https:\/\/www.notibras.com\/site\/caras-estranhos-iii\/#breadcrumb"},"inLanguage":"pt-BR","potentialAction":[{"@type":"ReadAction","target":["https:\/\/www.notibras.com\/site\/caras-estranhos-iii\/"]}]},{"@type":"ImageObject","inLanguage":"pt-BR","@id":"https:\/\/www.notibras.com\/site\/caras-estranhos-iii\/#primaryimage","url":"https:\/\/www.notibras.com\/site\/wp-content\/uploads\/2026\/01\/image-17.png","contentUrl":"https:\/\/www.notibras.com\/site\/wp-content\/uploads\/2026\/01\/image-17.png","width":1015,"height":731},{"@type":"BreadcrumbList","@id":"https:\/\/www.notibras.com\/site\/caras-estranhos-iii\/#breadcrumb","itemListElement":[{"@type":"ListItem","position":1,"name":"In\u00edcio","item":"https:\/\/www.notibras.com\/site\/"},{"@type":"ListItem","position":2,"name":"Caras Estranhos III"}]},{"@type":"WebSite","@id":"https:\/\/www.notibras.com\/site\/#website","url":"https:\/\/www.notibras.com\/site\/","name":"Notibras","description":"Not\u00edcias de Bras\u00edlia, do Brasil e do Mundo","publisher":{"@id":"https:\/\/www.notibras.com\/site\/#organization"},"potentialAction":[{"@type":"SearchAction","target":{"@type":"EntryPoint","urlTemplate":"https:\/\/www.notibras.com\/site\/?s={search_term_string}"},"query-input":{"@type":"PropertyValueSpecification","valueRequired":true,"valueName":"search_term_string"}}],"inLanguage":"pt-BR"},{"@type":"Organization","@id":"https:\/\/www.notibras.com\/site\/#organization","name":"Grupo Notibras de Comunica\u00e7\u00e3o","url":"https:\/\/www.notibras.com\/site\/","logo":{"@type":"ImageObject","inLanguage":"pt-BR","@id":"https:\/\/www.notibras.com\/site\/#\/schema\/logo\/image\/","url":"https:\/\/www.notibras.com\/site\/wp-content\/uploads\/2023\/01\/notibras23.png","contentUrl":"https:\/\/www.notibras.com\/site\/wp-content\/uploads\/2023\/01\/notibras23.png","width":350,"height":87,"caption":"Grupo Notibras de Comunica\u00e7\u00e3o"},"image":{"@id":"https:\/\/www.notibras.com\/site\/#\/schema\/logo\/image\/"},"sameAs":["https:\/\/www.facebook.com\/notibras\/","https:\/\/x.com\/Notibras","https:\/\/www.instagram.com\/notibras\/"]},{"@type":"Person","@id":"https:\/\/www.notibras.com\/site\/#\/schema\/person\/5b7fabf2aedc3ada2105f03b22b4d3dd","name":"Eduardo Mart\u00ednez","image":{"@type":"ImageObject","inLanguage":"pt-BR","@id":"https:\/\/secure.gravatar.com\/avatar\/7902f906289926289cbcda644b5197c796b893c6ffd7b9a536a42d290f7704a0?s=96&d=mm&r=g","url":"https:\/\/secure.gravatar.com\/avatar\/7902f906289926289cbcda644b5197c796b893c6ffd7b9a536a42d290f7704a0?s=96&d=mm&r=g","contentUrl":"https:\/\/secure.gravatar.com\/avatar\/7902f906289926289cbcda644b5197c796b893c6ffd7b9a536a42d290f7704a0?s=96&d=mm&r=g","caption":"Eduardo Mart\u00ednez"}}]}},"amp_enabled":true,"_links":{"self":[{"href":"https:\/\/www.notibras.com\/site\/wp-json\/wp\/v2\/posts\/379248","targetHints":{"allow":["GET"]}}],"collection":[{"href":"https:\/\/www.notibras.com\/site\/wp-json\/wp\/v2\/posts"}],"about":[{"href":"https:\/\/www.notibras.com\/site\/wp-json\/wp\/v2\/types\/post"}],"author":[{"embeddable":true,"href":"https:\/\/www.notibras.com\/site\/wp-json\/wp\/v2\/users\/21"}],"replies":[{"embeddable":true,"href":"https:\/\/www.notibras.com\/site\/wp-json\/wp\/v2\/comments?post=379248"}],"version-history":[{"count":2,"href":"https:\/\/www.notibras.com\/site\/wp-json\/wp\/v2\/posts\/379248\/revisions"}],"predecessor-version":[{"id":379251,"href":"https:\/\/www.notibras.com\/site\/wp-json\/wp\/v2\/posts\/379248\/revisions\/379251"}],"wp:featuredmedia":[{"embeddable":true,"href":"https:\/\/www.notibras.com\/site\/wp-json\/wp\/v2\/media\/379249"}],"wp:attachment":[{"href":"https:\/\/www.notibras.com\/site\/wp-json\/wp\/v2\/media?parent=379248"}],"wp:term":[{"taxonomy":"category","embeddable":true,"href":"https:\/\/www.notibras.com\/site\/wp-json\/wp\/v2\/categories?post=379248"},{"taxonomy":"post_tag","embeddable":true,"href":"https:\/\/www.notibras.com\/site\/wp-json\/wp\/v2\/tags?post=379248"}],"curies":[{"name":"wp","href":"https:\/\/api.w.org\/{rel}","templated":true}]}}