{"id":379254,"date":"2026-01-19T01:00:37","date_gmt":"2026-01-19T04:00:37","guid":{"rendered":"https:\/\/www.notibras.com\/site\/?p=379254"},"modified":"2026-01-16T02:50:47","modified_gmt":"2026-01-16T05:50:47","slug":"voce-ja-pensou-sobre-a-sua-morte","status":"publish","type":"post","link":"https:\/\/www.notibras.com\/site\/voce-ja-pensou-sobre-a-sua-morte\/","title":{"rendered":"Voc\u00ea j\u00e1 pensou sobre a sua morte?"},"content":{"rendered":"<p>Voc\u00ea j\u00e1 pensou sobre a sua morte?<br \/>\nN\u00e3o. N\u00e3o estou falando em fazer besteira&#8230; Falo da morte quando ela decidir chegar, contra a minha vontade, como sempre chega.<\/p>\n<p>\u00c9 estranho pensar que meus olhos ir\u00e3o se fechar para nunca mais abrir.<br \/>\nQue alguns familiares ir\u00e3o chorar (nem todos), e que, no dia seguinte, seguir\u00e3o com suas vidas.<br \/>\nSim, sentir\u00e3o saudades, mas o mundo n\u00e3o para. Nunca para.<\/p>\n<p>E isso, curiosamente, n\u00e3o \u00e9 o que mais me assusta. A dor que realmente me preocupa \u00e9 a dos meus filhos.<\/p>\n<p>\u00c9 nela que meu pensamento trava.<br \/>\n\u00c9 ali que mora o meu medo.<br \/>\nTenho medo de morrer.<br \/>\nN\u00e3o por mim.<br \/>\nMas pelo vazio que a minha aus\u00eancia deixaria neles.<\/p>\n<p>Pelos abra\u00e7os que n\u00e3o darei,<br \/>\nPelas palavras que n\u00e3o direi,<br \/>\nPelas m\u00e3os que n\u00e3o estar\u00e3o ali quando eles precisarem&#8230;<\/p>\n<p>A morte, quando penso nela, n\u00e3o \u00e9 o fim da minha hist\u00f3ria.<br \/>\n\u00c9 o fim da minha presen\u00e7a.<br \/>\nE amar assim, desse jeito profundo e visceral, \u00e9 carregar o medo da finitude todos os dias, enquanto se tenta viver como se o tempo fosse suficiente.<\/p>\n","protected":false},"excerpt":{"rendered":"<p>Voc\u00ea j\u00e1 pensou sobre a sua morte? N\u00e3o. N\u00e3o estou falando em fazer besteira&#8230; Falo da morte quando ela decidir chegar, contra a minha vontade, como sempre chega. \u00c9 estranho pensar que meus olhos ir\u00e3o se fechar para nunca mais abrir. Que alguns familiares ir\u00e3o chorar (nem todos), e que, no dia seguinte, seguir\u00e3o com [&hellip;]<\/p>\n","protected":false},"author":21,"featured_media":379255,"comment_status":"closed","ping_status":"closed","sticky":false,"template":"","format":"standard","meta":{"_acf_changed":false,"footnotes":""},"categories":[234],"tags":[],"class_list":["post-379254","post","type-post","status-publish","format-standard","has-post-thumbnail","hentry","category-cafe-literario"],"acf":[],"yoast_head":"<!-- This site is optimized with the Yoast SEO plugin v27.2 - https:\/\/yoast.com\/product\/yoast-seo-wordpress\/ -->\n<title>Voc\u00ea j\u00e1 pensou sobre a sua morte? - Notibras<\/title>\n<meta name=\"robots\" content=\"index, follow, max-snippet:-1, max-image-preview:large, max-video-preview:-1\" \/>\n<link rel=\"canonical\" href=\"https:\/\/www.notibras.com\/site\/voce-ja-pensou-sobre-a-sua-morte\/\" \/>\n<meta property=\"og:locale\" content=\"pt_BR\" \/>\n<meta property=\"og:type\" content=\"article\" \/>\n<meta property=\"og:title\" content=\"Voc\u00ea j\u00e1 pensou sobre a sua morte? - Notibras\" \/>\n<meta property=\"og:description\" content=\"Voc\u00ea j\u00e1 pensou sobre a sua morte? N\u00e3o. N\u00e3o estou falando em fazer besteira&#8230; Falo da morte quando ela decidir chegar, contra a minha vontade, como sempre chega. \u00c9 estranho pensar que meus olhos ir\u00e3o se fechar para nunca mais abrir. Que alguns familiares ir\u00e3o chorar (nem todos), e que, no dia seguinte, seguir\u00e3o com [&hellip;]\" \/>\n<meta property=\"og:url\" content=\"https:\/\/www.notibras.com\/site\/voce-ja-pensou-sobre-a-sua-morte\/\" \/>\n<meta property=\"og:site_name\" content=\"Notibras\" \/>\n<meta property=\"article:publisher\" content=\"https:\/\/www.facebook.com\/notibras\/\" \/>\n<meta property=\"article:published_time\" content=\"2026-01-19T04:00:37+00:00\" \/>\n<meta property=\"og:image\" content=\"https:\/\/www.notibras.com\/site\/wp-content\/uploads\/2026\/01\/ef64ebdb-2f51-4909-b5c7-0d21a15fb8e4.jpg\" \/>\n\t<meta property=\"og:image:width\" content=\"809\" \/>\n\t<meta property=\"og:image:height\" content=\"968\" \/>\n\t<meta property=\"og:image:type\" content=\"image\/jpeg\" \/>\n<meta name=\"author\" content=\"Eduardo Mart\u00ednez\" \/>\n<meta name=\"twitter:card\" content=\"summary_large_image\" \/>\n<meta name=\"twitter:creator\" content=\"@Notibras\" \/>\n<meta name=\"twitter:site\" content=\"@Notibras\" \/>\n<meta name=\"twitter:label1\" content=\"Escrito por\" \/>\n\t<meta name=\"twitter:data1\" content=\"Eduardo Mart\u00ednez\" \/>\n\t<meta name=\"twitter:label2\" content=\"Est. tempo de leitura\" \/>\n\t<meta name=\"twitter:data2\" content=\"2 minutos\" \/>\n<script type=\"application\/ld+json\" class=\"yoast-schema-graph\">{\"@context\":\"https:\/\/schema.org\",\"@graph\":[{\"@type\":\"Article\",\"@id\":\"https:\/\/www.notibras.com\/site\/voce-ja-pensou-sobre-a-sua-morte\/#article\",\"isPartOf\":{\"@id\":\"https:\/\/www.notibras.com\/site\/voce-ja-pensou-sobre-a-sua-morte\/\"},\"author\":{\"name\":\"Eduardo Mart\u00ednez\",\"@id\":\"https:\/\/www.notibras.com\/site\/#\/schema\/person\/5b7fabf2aedc3ada2105f03b22b4d3dd\"},\"headline\":\"Voc\u00ea j\u00e1 pensou sobre a sua morte?\",\"datePublished\":\"2026-01-19T04:00:37+00:00\",\"mainEntityOfPage\":{\"@id\":\"https:\/\/www.notibras.com\/site\/voce-ja-pensou-sobre-a-sua-morte\/\"},\"wordCount\":199,\"publisher\":{\"@id\":\"https:\/\/www.notibras.com\/site\/#organization\"},\"image\":{\"@id\":\"https:\/\/www.notibras.com\/site\/voce-ja-pensou-sobre-a-sua-morte\/#primaryimage\"},\"thumbnailUrl\":\"https:\/\/www.notibras.com\/site\/wp-content\/uploads\/2026\/01\/ef64ebdb-2f51-4909-b5c7-0d21a15fb8e4.jpg\",\"articleSection\":[\"Caf\u00e9 Liter\u00e1rio\"],\"inLanguage\":\"pt-BR\"},{\"@type\":\"WebPage\",\"@id\":\"https:\/\/www.notibras.com\/site\/voce-ja-pensou-sobre-a-sua-morte\/\",\"url\":\"https:\/\/www.notibras.com\/site\/voce-ja-pensou-sobre-a-sua-morte\/\",\"name\":\"Voc\u00ea j\u00e1 pensou sobre a sua morte? - Notibras\",\"isPartOf\":{\"@id\":\"https:\/\/www.notibras.com\/site\/#website\"},\"primaryImageOfPage\":{\"@id\":\"https:\/\/www.notibras.com\/site\/voce-ja-pensou-sobre-a-sua-morte\/#primaryimage\"},\"image\":{\"@id\":\"https:\/\/www.notibras.com\/site\/voce-ja-pensou-sobre-a-sua-morte\/#primaryimage\"},\"thumbnailUrl\":\"https:\/\/www.notibras.com\/site\/wp-content\/uploads\/2026\/01\/ef64ebdb-2f51-4909-b5c7-0d21a15fb8e4.jpg\",\"datePublished\":\"2026-01-19T04:00:37+00:00\",\"breadcrumb\":{\"@id\":\"https:\/\/www.notibras.com\/site\/voce-ja-pensou-sobre-a-sua-morte\/#breadcrumb\"},\"inLanguage\":\"pt-BR\",\"potentialAction\":[{\"@type\":\"ReadAction\",\"target\":[\"https:\/\/www.notibras.com\/site\/voce-ja-pensou-sobre-a-sua-morte\/\"]}]},{\"@type\":\"ImageObject\",\"inLanguage\":\"pt-BR\",\"@id\":\"https:\/\/www.notibras.com\/site\/voce-ja-pensou-sobre-a-sua-morte\/#primaryimage\",\"url\":\"https:\/\/www.notibras.com\/site\/wp-content\/uploads\/2026\/01\/ef64ebdb-2f51-4909-b5c7-0d21a15fb8e4.jpg\",\"contentUrl\":\"https:\/\/www.notibras.com\/site\/wp-content\/uploads\/2026\/01\/ef64ebdb-2f51-4909-b5c7-0d21a15fb8e4.jpg\",\"width\":809,\"height\":968},{\"@type\":\"BreadcrumbList\",\"@id\":\"https:\/\/www.notibras.com\/site\/voce-ja-pensou-sobre-a-sua-morte\/#breadcrumb\",\"itemListElement\":[{\"@type\":\"ListItem\",\"position\":1,\"name\":\"In\u00edcio\",\"item\":\"https:\/\/www.notibras.com\/site\/\"},{\"@type\":\"ListItem\",\"position\":2,\"name\":\"Voc\u00ea j\u00e1 pensou sobre a sua morte?\"}]},{\"@type\":\"WebSite\",\"@id\":\"https:\/\/www.notibras.com\/site\/#website\",\"url\":\"https:\/\/www.notibras.com\/site\/\",\"name\":\"Notibras\",\"description\":\"Not\u00edcias de Bras\u00edlia, do Brasil e do Mundo\",\"publisher\":{\"@id\":\"https:\/\/www.notibras.com\/site\/#organization\"},\"potentialAction\":[{\"@type\":\"SearchAction\",\"target\":{\"@type\":\"EntryPoint\",\"urlTemplate\":\"https:\/\/www.notibras.com\/site\/?s={search_term_string}\"},\"query-input\":{\"@type\":\"PropertyValueSpecification\",\"valueRequired\":true,\"valueName\":\"search_term_string\"}}],\"inLanguage\":\"pt-BR\"},{\"@type\":\"Organization\",\"@id\":\"https:\/\/www.notibras.com\/site\/#organization\",\"name\":\"Grupo Notibras de Comunica\u00e7\u00e3o\",\"url\":\"https:\/\/www.notibras.com\/site\/\",\"logo\":{\"@type\":\"ImageObject\",\"inLanguage\":\"pt-BR\",\"@id\":\"https:\/\/www.notibras.com\/site\/#\/schema\/logo\/image\/\",\"url\":\"https:\/\/www.notibras.com\/site\/wp-content\/uploads\/2023\/01\/notibras23.png\",\"contentUrl\":\"https:\/\/www.notibras.com\/site\/wp-content\/uploads\/2023\/01\/notibras23.png\",\"width\":350,\"height\":87,\"caption\":\"Grupo Notibras de Comunica\u00e7\u00e3o\"},\"image\":{\"@id\":\"https:\/\/www.notibras.com\/site\/#\/schema\/logo\/image\/\"},\"sameAs\":[\"https:\/\/www.facebook.com\/notibras\/\",\"https:\/\/x.com\/Notibras\",\"https:\/\/www.instagram.com\/notibras\/\"]},{\"@type\":\"Person\",\"@id\":\"https:\/\/www.notibras.com\/site\/#\/schema\/person\/5b7fabf2aedc3ada2105f03b22b4d3dd\",\"name\":\"Eduardo Mart\u00ednez\",\"image\":{\"@type\":\"ImageObject\",\"inLanguage\":\"pt-BR\",\"@id\":\"https:\/\/secure.gravatar.com\/avatar\/7902f906289926289cbcda644b5197c796b893c6ffd7b9a536a42d290f7704a0?s=96&d=mm&r=g\",\"url\":\"https:\/\/secure.gravatar.com\/avatar\/7902f906289926289cbcda644b5197c796b893c6ffd7b9a536a42d290f7704a0?s=96&d=mm&r=g\",\"contentUrl\":\"https:\/\/secure.gravatar.com\/avatar\/7902f906289926289cbcda644b5197c796b893c6ffd7b9a536a42d290f7704a0?s=96&d=mm&r=g\",\"caption\":\"Eduardo Mart\u00ednez\"}}]}<\/script>\n<!-- \/ Yoast SEO plugin. -->","yoast_head_json":{"title":"Voc\u00ea j\u00e1 pensou sobre a sua morte? - Notibras","robots":{"index":"index","follow":"follow","max-snippet":"max-snippet:-1","max-image-preview":"max-image-preview:large","max-video-preview":"max-video-preview:-1"},"canonical":"https:\/\/www.notibras.com\/site\/voce-ja-pensou-sobre-a-sua-morte\/","og_locale":"pt_BR","og_type":"article","og_title":"Voc\u00ea j\u00e1 pensou sobre a sua morte? - Notibras","og_description":"Voc\u00ea j\u00e1 pensou sobre a sua morte? N\u00e3o. N\u00e3o estou falando em fazer besteira&#8230; Falo da morte quando ela decidir chegar, contra a minha vontade, como sempre chega. \u00c9 estranho pensar que meus olhos ir\u00e3o se fechar para nunca mais abrir. Que alguns familiares ir\u00e3o chorar (nem todos), e que, no dia seguinte, seguir\u00e3o com [&hellip;]","og_url":"https:\/\/www.notibras.com\/site\/voce-ja-pensou-sobre-a-sua-morte\/","og_site_name":"Notibras","article_publisher":"https:\/\/www.facebook.com\/notibras\/","article_published_time":"2026-01-19T04:00:37+00:00","og_image":[{"width":809,"height":968,"url":"https:\/\/www.notibras.com\/site\/wp-content\/uploads\/2026\/01\/ef64ebdb-2f51-4909-b5c7-0d21a15fb8e4.jpg","type":"image\/jpeg"}],"author":"Eduardo Mart\u00ednez","twitter_card":"summary_large_image","twitter_creator":"@Notibras","twitter_site":"@Notibras","twitter_misc":{"Escrito por":"Eduardo Mart\u00ednez","Est. tempo de leitura":"2 minutos"},"schema":{"@context":"https:\/\/schema.org","@graph":[{"@type":"Article","@id":"https:\/\/www.notibras.com\/site\/voce-ja-pensou-sobre-a-sua-morte\/#article","isPartOf":{"@id":"https:\/\/www.notibras.com\/site\/voce-ja-pensou-sobre-a-sua-morte\/"},"author":{"name":"Eduardo Mart\u00ednez","@id":"https:\/\/www.notibras.com\/site\/#\/schema\/person\/5b7fabf2aedc3ada2105f03b22b4d3dd"},"headline":"Voc\u00ea j\u00e1 pensou sobre a sua morte?","datePublished":"2026-01-19T04:00:37+00:00","mainEntityOfPage":{"@id":"https:\/\/www.notibras.com\/site\/voce-ja-pensou-sobre-a-sua-morte\/"},"wordCount":199,"publisher":{"@id":"https:\/\/www.notibras.com\/site\/#organization"},"image":{"@id":"https:\/\/www.notibras.com\/site\/voce-ja-pensou-sobre-a-sua-morte\/#primaryimage"},"thumbnailUrl":"https:\/\/www.notibras.com\/site\/wp-content\/uploads\/2026\/01\/ef64ebdb-2f51-4909-b5c7-0d21a15fb8e4.jpg","articleSection":["Caf\u00e9 Liter\u00e1rio"],"inLanguage":"pt-BR"},{"@type":"WebPage","@id":"https:\/\/www.notibras.com\/site\/voce-ja-pensou-sobre-a-sua-morte\/","url":"https:\/\/www.notibras.com\/site\/voce-ja-pensou-sobre-a-sua-morte\/","name":"Voc\u00ea j\u00e1 pensou sobre a sua morte? - Notibras","isPartOf":{"@id":"https:\/\/www.notibras.com\/site\/#website"},"primaryImageOfPage":{"@id":"https:\/\/www.notibras.com\/site\/voce-ja-pensou-sobre-a-sua-morte\/#primaryimage"},"image":{"@id":"https:\/\/www.notibras.com\/site\/voce-ja-pensou-sobre-a-sua-morte\/#primaryimage"},"thumbnailUrl":"https:\/\/www.notibras.com\/site\/wp-content\/uploads\/2026\/01\/ef64ebdb-2f51-4909-b5c7-0d21a15fb8e4.jpg","datePublished":"2026-01-19T04:00:37+00:00","breadcrumb":{"@id":"https:\/\/www.notibras.com\/site\/voce-ja-pensou-sobre-a-sua-morte\/#breadcrumb"},"inLanguage":"pt-BR","potentialAction":[{"@type":"ReadAction","target":["https:\/\/www.notibras.com\/site\/voce-ja-pensou-sobre-a-sua-morte\/"]}]},{"@type":"ImageObject","inLanguage":"pt-BR","@id":"https:\/\/www.notibras.com\/site\/voce-ja-pensou-sobre-a-sua-morte\/#primaryimage","url":"https:\/\/www.notibras.com\/site\/wp-content\/uploads\/2026\/01\/ef64ebdb-2f51-4909-b5c7-0d21a15fb8e4.jpg","contentUrl":"https:\/\/www.notibras.com\/site\/wp-content\/uploads\/2026\/01\/ef64ebdb-2f51-4909-b5c7-0d21a15fb8e4.jpg","width":809,"height":968},{"@type":"BreadcrumbList","@id":"https:\/\/www.notibras.com\/site\/voce-ja-pensou-sobre-a-sua-morte\/#breadcrumb","itemListElement":[{"@type":"ListItem","position":1,"name":"In\u00edcio","item":"https:\/\/www.notibras.com\/site\/"},{"@type":"ListItem","position":2,"name":"Voc\u00ea j\u00e1 pensou sobre a sua morte?"}]},{"@type":"WebSite","@id":"https:\/\/www.notibras.com\/site\/#website","url":"https:\/\/www.notibras.com\/site\/","name":"Notibras","description":"Not\u00edcias de Bras\u00edlia, do Brasil e do Mundo","publisher":{"@id":"https:\/\/www.notibras.com\/site\/#organization"},"potentialAction":[{"@type":"SearchAction","target":{"@type":"EntryPoint","urlTemplate":"https:\/\/www.notibras.com\/site\/?s={search_term_string}"},"query-input":{"@type":"PropertyValueSpecification","valueRequired":true,"valueName":"search_term_string"}}],"inLanguage":"pt-BR"},{"@type":"Organization","@id":"https:\/\/www.notibras.com\/site\/#organization","name":"Grupo Notibras de Comunica\u00e7\u00e3o","url":"https:\/\/www.notibras.com\/site\/","logo":{"@type":"ImageObject","inLanguage":"pt-BR","@id":"https:\/\/www.notibras.com\/site\/#\/schema\/logo\/image\/","url":"https:\/\/www.notibras.com\/site\/wp-content\/uploads\/2023\/01\/notibras23.png","contentUrl":"https:\/\/www.notibras.com\/site\/wp-content\/uploads\/2023\/01\/notibras23.png","width":350,"height":87,"caption":"Grupo Notibras de Comunica\u00e7\u00e3o"},"image":{"@id":"https:\/\/www.notibras.com\/site\/#\/schema\/logo\/image\/"},"sameAs":["https:\/\/www.facebook.com\/notibras\/","https:\/\/x.com\/Notibras","https:\/\/www.instagram.com\/notibras\/"]},{"@type":"Person","@id":"https:\/\/www.notibras.com\/site\/#\/schema\/person\/5b7fabf2aedc3ada2105f03b22b4d3dd","name":"Eduardo Mart\u00ednez","image":{"@type":"ImageObject","inLanguage":"pt-BR","@id":"https:\/\/secure.gravatar.com\/avatar\/7902f906289926289cbcda644b5197c796b893c6ffd7b9a536a42d290f7704a0?s=96&d=mm&r=g","url":"https:\/\/secure.gravatar.com\/avatar\/7902f906289926289cbcda644b5197c796b893c6ffd7b9a536a42d290f7704a0?s=96&d=mm&r=g","contentUrl":"https:\/\/secure.gravatar.com\/avatar\/7902f906289926289cbcda644b5197c796b893c6ffd7b9a536a42d290f7704a0?s=96&d=mm&r=g","caption":"Eduardo Mart\u00ednez"}}]}},"amp_enabled":true,"_links":{"self":[{"href":"https:\/\/www.notibras.com\/site\/wp-json\/wp\/v2\/posts\/379254","targetHints":{"allow":["GET"]}}],"collection":[{"href":"https:\/\/www.notibras.com\/site\/wp-json\/wp\/v2\/posts"}],"about":[{"href":"https:\/\/www.notibras.com\/site\/wp-json\/wp\/v2\/types\/post"}],"author":[{"embeddable":true,"href":"https:\/\/www.notibras.com\/site\/wp-json\/wp\/v2\/users\/21"}],"replies":[{"embeddable":true,"href":"https:\/\/www.notibras.com\/site\/wp-json\/wp\/v2\/comments?post=379254"}],"version-history":[{"count":2,"href":"https:\/\/www.notibras.com\/site\/wp-json\/wp\/v2\/posts\/379254\/revisions"}],"predecessor-version":[{"id":379257,"href":"https:\/\/www.notibras.com\/site\/wp-json\/wp\/v2\/posts\/379254\/revisions\/379257"}],"wp:featuredmedia":[{"embeddable":true,"href":"https:\/\/www.notibras.com\/site\/wp-json\/wp\/v2\/media\/379255"}],"wp:attachment":[{"href":"https:\/\/www.notibras.com\/site\/wp-json\/wp\/v2\/media?parent=379254"}],"wp:term":[{"taxonomy":"category","embeddable":true,"href":"https:\/\/www.notibras.com\/site\/wp-json\/wp\/v2\/categories?post=379254"},{"taxonomy":"post_tag","embeddable":true,"href":"https:\/\/www.notibras.com\/site\/wp-json\/wp\/v2\/tags?post=379254"}],"curies":[{"name":"wp","href":"https:\/\/api.w.org\/{rel}","templated":true}]}}