{"id":379258,"date":"2026-01-16T04:03:59","date_gmt":"2026-01-16T07:03:59","guid":{"rendered":"https:\/\/www.notibras.com\/site\/?p=379258"},"modified":"2026-01-16T04:03:15","modified_gmt":"2026-01-16T07:03:15","slug":"bolsonaro-no-buraco-levara-para-a-mesma-cova-os-seus-discipulos","status":"publish","type":"post","link":"https:\/\/www.notibras.com\/site\/bolsonaro-no-buraco-levara-para-a-mesma-cova-os-seus-discipulos\/","title":{"rendered":"Bolsonaro, no buraco, levar\u00e1 para a mesma cova os seus disc\u00edpulos"},"content":{"rendered":"<p>Metade mais uns dos cerca de 213 milh\u00f5es de brasileiros come\u00e7am a se preparar para as elei\u00e7\u00f5es gerais de outubro deste ano. Nada de especial n\u00e3o fosse o sil\u00eancio ardido e perdido da direita. Sem um maestro para conduzi-los e, at\u00e9 agora, sem um nome capaz de incomodar a candidatura da esquerda, os conservadores vinculados ao bolsonarismo lembram aquela m\u00e1xima do fil\u00f3sofo do pensamento pol\u00edtico e ex-senador italiano Norberto Bobbio. Com medo de suas pr\u00f3prias sombras, eles sabem que existe uma sa\u00edda, mas n\u00e3o sabem onde ela est\u00e1. Fora da anistia e da dosimetria, tudo \u00e9 utopia, fantasia e melancolia na galeria vazia de pessoas capazes de, pelo menos em 2026, levar a direita de volta ao Pal\u00e1cio do Planalto.<\/p>\n<p>Por enquanto, andando em c\u00edrculos, os governadores, deputados e senadores dos partidos de direita s\u00f3 conhecem os caminhos que podem lev\u00e1-los a lugar nenhum. Filho mais velho, Fl\u00e1vio Bolsonaro ainda n\u00e3o disse a que veio. Dificilmente conseguir\u00e1 dizer. \u00c9 o pre\u00e7o a pagar pelo besteirol pol\u00edtico produzido em s\u00e9rie pelo ex-presidente Jair Messias Bolsonaro, cuja liberdade quase domiciliar acabou. Por determina\u00e7\u00e3o de Xand\u00e3o, o xerife que n\u00e3o dorme no ponto, ele foi transferido nessa quinta-feira (15) para a &#8220;Papudinha&#8221;.<\/p>\n<p>Em seu novo endere\u00e7o, Jair Bolsonaro encontrar\u00e1 velhos conhecidos de golpe, com os quais poder\u00e1 lavar roupa suja. O ex-ministro Anderson Torres e o ex-diretor-geral da Pol\u00edcia Rodovi\u00e1ria Federal, Silvinei Vasques, est\u00e3o na mesma col\u00f4nia de f\u00e9rias prolongadas. Mito forjado na cabe\u00e7a oca daqueles que sentem a aus\u00eancia de l\u00edderes mais inteligentes, sem hist\u00f3ria pol\u00edtica e absorvido por partidos que fazem do fisiologismo sua raz\u00e3o de viver, Bolsonaro perdeu o timing e, agora, ficou sem a Smart TV, o ar-condicionado e o aparato m\u00e9dico de que dispunha 24 horas por dia.<\/p>\n<p>O que fazer sem os mecanismos que formalizavam e disseminavam suas mentiras? Dormir cedo e sonhar com o canavial de bananas da terra. De longe, dificilmente ele conseguir\u00e1 transferir seu capital pol\u00edtico para qualquer um dos seguidores que ousem se candidatar \u00e0 Presid\u00eancia. Entre os nomes que eventualmente se assanham, a maioria mant\u00e9m a forma bolsonarista de fazer pol\u00edtica. Na pr\u00e1tica, s\u00f3 querem atrapalhar o advers\u00e1rio. Seja de direita, de esquerda ou de centro, o postulante precisa apresentar propostas e n\u00e3o ideias mirabolantes, belicosas, golpistas, faccionadas e de resultados antecipadamente insatisfat\u00f3rios.<\/p>\n<p>De acordo com a rea\u00e7\u00e3o dos eleitores consultados pela maioria dos institutos de pesquisa, Bolsonaro dever\u00e1 levar para o buraco todos os candidatos que se apresentarem como disc\u00edpulos do mandat\u00e1rio que mais trabalhou para prejudicar o Brasil. Ter\u00e3o o mesmo destino os postulantes com algum apre\u00e7o pelo ditador norte-americano. Donald Trump n\u00e3o elege mais ningu\u00e9m. Nem ele mesmo. Ali\u00e1s, falar dele em qualquer lugar do mundo \u00e9 sinal de \u00f3dio pelo mundo. N\u00e3o \u00e0 toa, Luiz In\u00e1cio parece ter engolido um trombone.<\/p>\n<p>A recomenda\u00e7\u00e3o m\u00e9dica, jur\u00eddica, filos\u00f3fica e evang\u00e9lica para Jair Bolsonaro e seus seguidores \u00e9 esperar fevereiro chegar. Temente a Deus como poucos, o ex-presidente tem de ser informado que, conforme os milagres b\u00edblicos, o pr\u00f3ximo m\u00eas de fevereiro n\u00e3o \u00e9 bissexto e, portanto, contar\u00e1 com quatro domingos, quatro segundas, quatro ter\u00e7as, quatro quartas, quatro quintas, quatro sextas e quatro s\u00e1bados. Cabal\u00edstico ou n\u00e3o, \u00e9 o mesmo quatro que marcou a dura\u00e7\u00e3o de seu mandato presidencial. Como o tempo em fevereiro ser\u00e1 igual aos demais meses, nada como um bom livro para vislumbrar logo outubro, m\u00eas em que os bolsonaristas finalmente ter\u00e3o certeza de que toda roupa recebe a alma de quem a usa.<\/p>\n<p>&#8230;&#8230;&#8230;&#8230;.<\/p>\n<p><strong>Mathuzal\u00e9m J\u00fanior \u00e9 jornalista profissional desde 1978<\/strong><\/p>\n","protected":false},"excerpt":{"rendered":"<p>Metade mais uns dos cerca de 213 milh\u00f5es de brasileiros come\u00e7am a se preparar para as elei\u00e7\u00f5es gerais de outubro deste ano. Nada de especial n\u00e3o fosse o sil\u00eancio ardido e perdido da direita. Sem um maestro para conduzi-los e, at\u00e9 agora, sem um nome capaz de incomodar a candidatura da esquerda, os conservadores vinculados [&hellip;]<\/p>\n","protected":false},"author":2,"featured_media":379259,"comment_status":"closed","ping_status":"closed","sticky":false,"template":"","format":"standard","meta":{"_acf_changed":false,"footnotes":""},"categories":[16],"tags":[95],"class_list":["post-379258","post","type-post","status-publish","format-standard","has-post-thumbnail","hentry","category-brasil","tag-capa"],"acf":[],"yoast_head":"<!-- This site is optimized with the Yoast SEO plugin v27.2 - https:\/\/yoast.com\/product\/yoast-seo-wordpress\/ -->\n<title>Bolsonaro, no buraco, levar\u00e1 para a mesma cova os seus disc\u00edpulos - Notibras<\/title>\n<meta name=\"robots\" content=\"index, follow, max-snippet:-1, max-image-preview:large, max-video-preview:-1\" \/>\n<link rel=\"canonical\" href=\"https:\/\/www.notibras.com\/site\/bolsonaro-no-buraco-levara-para-a-mesma-cova-os-seus-discipulos\/\" \/>\n<meta property=\"og:locale\" content=\"pt_BR\" \/>\n<meta property=\"og:type\" content=\"article\" \/>\n<meta property=\"og:title\" content=\"Bolsonaro, no buraco, levar\u00e1 para a mesma cova os seus disc\u00edpulos - Notibras\" \/>\n<meta property=\"og:description\" content=\"Metade mais uns dos cerca de 213 milh\u00f5es de brasileiros come\u00e7am a se preparar para as elei\u00e7\u00f5es gerais de outubro deste ano. Nada de especial n\u00e3o fosse o sil\u00eancio ardido e perdido da direita. Sem um maestro para conduzi-los e, at\u00e9 agora, sem um nome capaz de incomodar a candidatura da esquerda, os conservadores vinculados [&hellip;]\" \/>\n<meta property=\"og:url\" content=\"https:\/\/www.notibras.com\/site\/bolsonaro-no-buraco-levara-para-a-mesma-cova-os-seus-discipulos\/\" \/>\n<meta property=\"og:site_name\" content=\"Notibras\" \/>\n<meta property=\"article:publisher\" content=\"https:\/\/www.facebook.com\/notibras\/\" \/>\n<meta property=\"article:published_time\" content=\"2026-01-16T07:03:59+00:00\" \/>\n<meta property=\"og:image\" content=\"https:\/\/www.notibras.com\/site\/wp-content\/uploads\/2026\/01\/cela-bolsonaro.webp\" \/>\n\t<meta property=\"og:image:width\" content=\"1170\" \/>\n\t<meta property=\"og:image:height\" content=\"700\" \/>\n\t<meta property=\"og:image:type\" content=\"image\/webp\" \/>\n<meta name=\"author\" content=\"Reda\u00e7\u00e3o\" \/>\n<meta name=\"twitter:card\" content=\"summary_large_image\" \/>\n<meta name=\"twitter:creator\" content=\"@Notibras\" \/>\n<meta name=\"twitter:site\" content=\"@Notibras\" \/>\n<meta name=\"twitter:label1\" content=\"Escrito por\" \/>\n\t<meta name=\"twitter:data1\" content=\"Reda\u00e7\u00e3o\" \/>\n\t<meta name=\"twitter:label2\" content=\"Est. tempo de leitura\" \/>\n\t<meta name=\"twitter:data2\" content=\"4 minutos\" \/>\n<script type=\"application\/ld+json\" class=\"yoast-schema-graph\">{\"@context\":\"https:\/\/schema.org\",\"@graph\":[{\"@type\":\"Article\",\"@id\":\"https:\/\/www.notibras.com\/site\/bolsonaro-no-buraco-levara-para-a-mesma-cova-os-seus-discipulos\/#article\",\"isPartOf\":{\"@id\":\"https:\/\/www.notibras.com\/site\/bolsonaro-no-buraco-levara-para-a-mesma-cova-os-seus-discipulos\/\"},\"author\":{\"name\":\"Reda\u00e7\u00e3o\",\"@id\":\"https:\/\/www.notibras.com\/site\/#\/schema\/person\/36ab0979449956132d3e5b517ea76ac8\"},\"headline\":\"Bolsonaro, no buraco, levar\u00e1 para a mesma cova os seus disc\u00edpulos\",\"datePublished\":\"2026-01-16T07:03:59+00:00\",\"mainEntityOfPage\":{\"@id\":\"https:\/\/www.notibras.com\/site\/bolsonaro-no-buraco-levara-para-a-mesma-cova-os-seus-discipulos\/\"},\"wordCount\":652,\"publisher\":{\"@id\":\"https:\/\/www.notibras.com\/site\/#organization\"},\"image\":{\"@id\":\"https:\/\/www.notibras.com\/site\/bolsonaro-no-buraco-levara-para-a-mesma-cova-os-seus-discipulos\/#primaryimage\"},\"thumbnailUrl\":\"https:\/\/www.notibras.com\/site\/wp-content\/uploads\/2026\/01\/cela-bolsonaro.webp\",\"keywords\":[\"capa\"],\"articleSection\":[\"Brasil\"],\"inLanguage\":\"pt-BR\"},{\"@type\":\"WebPage\",\"@id\":\"https:\/\/www.notibras.com\/site\/bolsonaro-no-buraco-levara-para-a-mesma-cova-os-seus-discipulos\/\",\"url\":\"https:\/\/www.notibras.com\/site\/bolsonaro-no-buraco-levara-para-a-mesma-cova-os-seus-discipulos\/\",\"name\":\"Bolsonaro, no buraco, levar\u00e1 para a mesma cova os seus disc\u00edpulos - Notibras\",\"isPartOf\":{\"@id\":\"https:\/\/www.notibras.com\/site\/#website\"},\"primaryImageOfPage\":{\"@id\":\"https:\/\/www.notibras.com\/site\/bolsonaro-no-buraco-levara-para-a-mesma-cova-os-seus-discipulos\/#primaryimage\"},\"image\":{\"@id\":\"https:\/\/www.notibras.com\/site\/bolsonaro-no-buraco-levara-para-a-mesma-cova-os-seus-discipulos\/#primaryimage\"},\"thumbnailUrl\":\"https:\/\/www.notibras.com\/site\/wp-content\/uploads\/2026\/01\/cela-bolsonaro.webp\",\"datePublished\":\"2026-01-16T07:03:59+00:00\",\"breadcrumb\":{\"@id\":\"https:\/\/www.notibras.com\/site\/bolsonaro-no-buraco-levara-para-a-mesma-cova-os-seus-discipulos\/#breadcrumb\"},\"inLanguage\":\"pt-BR\",\"potentialAction\":[{\"@type\":\"ReadAction\",\"target\":[\"https:\/\/www.notibras.com\/site\/bolsonaro-no-buraco-levara-para-a-mesma-cova-os-seus-discipulos\/\"]}]},{\"@type\":\"ImageObject\",\"inLanguage\":\"pt-BR\",\"@id\":\"https:\/\/www.notibras.com\/site\/bolsonaro-no-buraco-levara-para-a-mesma-cova-os-seus-discipulos\/#primaryimage\",\"url\":\"https:\/\/www.notibras.com\/site\/wp-content\/uploads\/2026\/01\/cela-bolsonaro.webp\",\"contentUrl\":\"https:\/\/www.notibras.com\/site\/wp-content\/uploads\/2026\/01\/cela-bolsonaro.webp\",\"width\":1170,\"height\":700},{\"@type\":\"BreadcrumbList\",\"@id\":\"https:\/\/www.notibras.com\/site\/bolsonaro-no-buraco-levara-para-a-mesma-cova-os-seus-discipulos\/#breadcrumb\",\"itemListElement\":[{\"@type\":\"ListItem\",\"position\":1,\"name\":\"In\u00edcio\",\"item\":\"https:\/\/www.notibras.com\/site\/\"},{\"@type\":\"ListItem\",\"position\":2,\"name\":\"Bolsonaro, no buraco, levar\u00e1 para a mesma cova os seus disc\u00edpulos\"}]},{\"@type\":\"WebSite\",\"@id\":\"https:\/\/www.notibras.com\/site\/#website\",\"url\":\"https:\/\/www.notibras.com\/site\/\",\"name\":\"Notibras\",\"description\":\"Not\u00edcias de Bras\u00edlia, do Brasil e do Mundo\",\"publisher\":{\"@id\":\"https:\/\/www.notibras.com\/site\/#organization\"},\"potentialAction\":[{\"@type\":\"SearchAction\",\"target\":{\"@type\":\"EntryPoint\",\"urlTemplate\":\"https:\/\/www.notibras.com\/site\/?s={search_term_string}\"},\"query-input\":{\"@type\":\"PropertyValueSpecification\",\"valueRequired\":true,\"valueName\":\"search_term_string\"}}],\"inLanguage\":\"pt-BR\"},{\"@type\":\"Organization\",\"@id\":\"https:\/\/www.notibras.com\/site\/#organization\",\"name\":\"Grupo Notibras de Comunica\u00e7\u00e3o\",\"url\":\"https:\/\/www.notibras.com\/site\/\",\"logo\":{\"@type\":\"ImageObject\",\"inLanguage\":\"pt-BR\",\"@id\":\"https:\/\/www.notibras.com\/site\/#\/schema\/logo\/image\/\",\"url\":\"https:\/\/www.notibras.com\/site\/wp-content\/uploads\/2023\/01\/notibras23.png\",\"contentUrl\":\"https:\/\/www.notibras.com\/site\/wp-content\/uploads\/2023\/01\/notibras23.png\",\"width\":350,\"height\":87,\"caption\":\"Grupo Notibras de Comunica\u00e7\u00e3o\"},\"image\":{\"@id\":\"https:\/\/www.notibras.com\/site\/#\/schema\/logo\/image\/\"},\"sameAs\":[\"https:\/\/www.facebook.com\/notibras\/\",\"https:\/\/x.com\/Notibras\",\"https:\/\/www.instagram.com\/notibras\/\"]},{\"@type\":\"Person\",\"@id\":\"https:\/\/www.notibras.com\/site\/#\/schema\/person\/36ab0979449956132d3e5b517ea76ac8\",\"name\":\"Reda\u00e7\u00e3o\",\"image\":{\"@type\":\"ImageObject\",\"inLanguage\":\"pt-BR\",\"@id\":\"https:\/\/secure.gravatar.com\/avatar\/e0a867bdedb85fd243eadf09663511f96fc81e0720a4a42581f334ad4303aa6b?s=96&d=mm&r=g\",\"url\":\"https:\/\/secure.gravatar.com\/avatar\/e0a867bdedb85fd243eadf09663511f96fc81e0720a4a42581f334ad4303aa6b?s=96&d=mm&r=g\",\"contentUrl\":\"https:\/\/secure.gravatar.com\/avatar\/e0a867bdedb85fd243eadf09663511f96fc81e0720a4a42581f334ad4303aa6b?s=96&d=mm&r=g\",\"caption\":\"Reda\u00e7\u00e3o\"}}]}<\/script>\n<!-- \/ Yoast SEO plugin. -->","yoast_head_json":{"title":"Bolsonaro, no buraco, levar\u00e1 para a mesma cova os seus disc\u00edpulos - Notibras","robots":{"index":"index","follow":"follow","max-snippet":"max-snippet:-1","max-image-preview":"max-image-preview:large","max-video-preview":"max-video-preview:-1"},"canonical":"https:\/\/www.notibras.com\/site\/bolsonaro-no-buraco-levara-para-a-mesma-cova-os-seus-discipulos\/","og_locale":"pt_BR","og_type":"article","og_title":"Bolsonaro, no buraco, levar\u00e1 para a mesma cova os seus disc\u00edpulos - Notibras","og_description":"Metade mais uns dos cerca de 213 milh\u00f5es de brasileiros come\u00e7am a se preparar para as elei\u00e7\u00f5es gerais de outubro deste ano. Nada de especial n\u00e3o fosse o sil\u00eancio ardido e perdido da direita. Sem um maestro para conduzi-los e, at\u00e9 agora, sem um nome capaz de incomodar a candidatura da esquerda, os conservadores vinculados [&hellip;]","og_url":"https:\/\/www.notibras.com\/site\/bolsonaro-no-buraco-levara-para-a-mesma-cova-os-seus-discipulos\/","og_site_name":"Notibras","article_publisher":"https:\/\/www.facebook.com\/notibras\/","article_published_time":"2026-01-16T07:03:59+00:00","og_image":[{"width":1170,"height":700,"url":"https:\/\/www.notibras.com\/site\/wp-content\/uploads\/2026\/01\/cela-bolsonaro.webp","type":"image\/webp"}],"author":"Reda\u00e7\u00e3o","twitter_card":"summary_large_image","twitter_creator":"@Notibras","twitter_site":"@Notibras","twitter_misc":{"Escrito por":"Reda\u00e7\u00e3o","Est. tempo de leitura":"4 minutos"},"schema":{"@context":"https:\/\/schema.org","@graph":[{"@type":"Article","@id":"https:\/\/www.notibras.com\/site\/bolsonaro-no-buraco-levara-para-a-mesma-cova-os-seus-discipulos\/#article","isPartOf":{"@id":"https:\/\/www.notibras.com\/site\/bolsonaro-no-buraco-levara-para-a-mesma-cova-os-seus-discipulos\/"},"author":{"name":"Reda\u00e7\u00e3o","@id":"https:\/\/www.notibras.com\/site\/#\/schema\/person\/36ab0979449956132d3e5b517ea76ac8"},"headline":"Bolsonaro, no buraco, levar\u00e1 para a mesma cova os seus disc\u00edpulos","datePublished":"2026-01-16T07:03:59+00:00","mainEntityOfPage":{"@id":"https:\/\/www.notibras.com\/site\/bolsonaro-no-buraco-levara-para-a-mesma-cova-os-seus-discipulos\/"},"wordCount":652,"publisher":{"@id":"https:\/\/www.notibras.com\/site\/#organization"},"image":{"@id":"https:\/\/www.notibras.com\/site\/bolsonaro-no-buraco-levara-para-a-mesma-cova-os-seus-discipulos\/#primaryimage"},"thumbnailUrl":"https:\/\/www.notibras.com\/site\/wp-content\/uploads\/2026\/01\/cela-bolsonaro.webp","keywords":["capa"],"articleSection":["Brasil"],"inLanguage":"pt-BR"},{"@type":"WebPage","@id":"https:\/\/www.notibras.com\/site\/bolsonaro-no-buraco-levara-para-a-mesma-cova-os-seus-discipulos\/","url":"https:\/\/www.notibras.com\/site\/bolsonaro-no-buraco-levara-para-a-mesma-cova-os-seus-discipulos\/","name":"Bolsonaro, no buraco, levar\u00e1 para a mesma cova os seus disc\u00edpulos - Notibras","isPartOf":{"@id":"https:\/\/www.notibras.com\/site\/#website"},"primaryImageOfPage":{"@id":"https:\/\/www.notibras.com\/site\/bolsonaro-no-buraco-levara-para-a-mesma-cova-os-seus-discipulos\/#primaryimage"},"image":{"@id":"https:\/\/www.notibras.com\/site\/bolsonaro-no-buraco-levara-para-a-mesma-cova-os-seus-discipulos\/#primaryimage"},"thumbnailUrl":"https:\/\/www.notibras.com\/site\/wp-content\/uploads\/2026\/01\/cela-bolsonaro.webp","datePublished":"2026-01-16T07:03:59+00:00","breadcrumb":{"@id":"https:\/\/www.notibras.com\/site\/bolsonaro-no-buraco-levara-para-a-mesma-cova-os-seus-discipulos\/#breadcrumb"},"inLanguage":"pt-BR","potentialAction":[{"@type":"ReadAction","target":["https:\/\/www.notibras.com\/site\/bolsonaro-no-buraco-levara-para-a-mesma-cova-os-seus-discipulos\/"]}]},{"@type":"ImageObject","inLanguage":"pt-BR","@id":"https:\/\/www.notibras.com\/site\/bolsonaro-no-buraco-levara-para-a-mesma-cova-os-seus-discipulos\/#primaryimage","url":"https:\/\/www.notibras.com\/site\/wp-content\/uploads\/2026\/01\/cela-bolsonaro.webp","contentUrl":"https:\/\/www.notibras.com\/site\/wp-content\/uploads\/2026\/01\/cela-bolsonaro.webp","width":1170,"height":700},{"@type":"BreadcrumbList","@id":"https:\/\/www.notibras.com\/site\/bolsonaro-no-buraco-levara-para-a-mesma-cova-os-seus-discipulos\/#breadcrumb","itemListElement":[{"@type":"ListItem","position":1,"name":"In\u00edcio","item":"https:\/\/www.notibras.com\/site\/"},{"@type":"ListItem","position":2,"name":"Bolsonaro, no buraco, levar\u00e1 para a mesma cova os seus disc\u00edpulos"}]},{"@type":"WebSite","@id":"https:\/\/www.notibras.com\/site\/#website","url":"https:\/\/www.notibras.com\/site\/","name":"Notibras","description":"Not\u00edcias de Bras\u00edlia, do Brasil e do Mundo","publisher":{"@id":"https:\/\/www.notibras.com\/site\/#organization"},"potentialAction":[{"@type":"SearchAction","target":{"@type":"EntryPoint","urlTemplate":"https:\/\/www.notibras.com\/site\/?s={search_term_string}"},"query-input":{"@type":"PropertyValueSpecification","valueRequired":true,"valueName":"search_term_string"}}],"inLanguage":"pt-BR"},{"@type":"Organization","@id":"https:\/\/www.notibras.com\/site\/#organization","name":"Grupo Notibras de Comunica\u00e7\u00e3o","url":"https:\/\/www.notibras.com\/site\/","logo":{"@type":"ImageObject","inLanguage":"pt-BR","@id":"https:\/\/www.notibras.com\/site\/#\/schema\/logo\/image\/","url":"https:\/\/www.notibras.com\/site\/wp-content\/uploads\/2023\/01\/notibras23.png","contentUrl":"https:\/\/www.notibras.com\/site\/wp-content\/uploads\/2023\/01\/notibras23.png","width":350,"height":87,"caption":"Grupo Notibras de Comunica\u00e7\u00e3o"},"image":{"@id":"https:\/\/www.notibras.com\/site\/#\/schema\/logo\/image\/"},"sameAs":["https:\/\/www.facebook.com\/notibras\/","https:\/\/x.com\/Notibras","https:\/\/www.instagram.com\/notibras\/"]},{"@type":"Person","@id":"https:\/\/www.notibras.com\/site\/#\/schema\/person\/36ab0979449956132d3e5b517ea76ac8","name":"Reda\u00e7\u00e3o","image":{"@type":"ImageObject","inLanguage":"pt-BR","@id":"https:\/\/secure.gravatar.com\/avatar\/e0a867bdedb85fd243eadf09663511f96fc81e0720a4a42581f334ad4303aa6b?s=96&d=mm&r=g","url":"https:\/\/secure.gravatar.com\/avatar\/e0a867bdedb85fd243eadf09663511f96fc81e0720a4a42581f334ad4303aa6b?s=96&d=mm&r=g","contentUrl":"https:\/\/secure.gravatar.com\/avatar\/e0a867bdedb85fd243eadf09663511f96fc81e0720a4a42581f334ad4303aa6b?s=96&d=mm&r=g","caption":"Reda\u00e7\u00e3o"}}]}},"amp_enabled":true,"_links":{"self":[{"href":"https:\/\/www.notibras.com\/site\/wp-json\/wp\/v2\/posts\/379258","targetHints":{"allow":["GET"]}}],"collection":[{"href":"https:\/\/www.notibras.com\/site\/wp-json\/wp\/v2\/posts"}],"about":[{"href":"https:\/\/www.notibras.com\/site\/wp-json\/wp\/v2\/types\/post"}],"author":[{"embeddable":true,"href":"https:\/\/www.notibras.com\/site\/wp-json\/wp\/v2\/users\/2"}],"replies":[{"embeddable":true,"href":"https:\/\/www.notibras.com\/site\/wp-json\/wp\/v2\/comments?post=379258"}],"version-history":[{"count":2,"href":"https:\/\/www.notibras.com\/site\/wp-json\/wp\/v2\/posts\/379258\/revisions"}],"predecessor-version":[{"id":379261,"href":"https:\/\/www.notibras.com\/site\/wp-json\/wp\/v2\/posts\/379258\/revisions\/379261"}],"wp:featuredmedia":[{"embeddable":true,"href":"https:\/\/www.notibras.com\/site\/wp-json\/wp\/v2\/media\/379259"}],"wp:attachment":[{"href":"https:\/\/www.notibras.com\/site\/wp-json\/wp\/v2\/media?parent=379258"}],"wp:term":[{"taxonomy":"category","embeddable":true,"href":"https:\/\/www.notibras.com\/site\/wp-json\/wp\/v2\/categories?post=379258"},{"taxonomy":"post_tag","embeddable":true,"href":"https:\/\/www.notibras.com\/site\/wp-json\/wp\/v2\/tags?post=379258"}],"curies":[{"name":"wp","href":"https:\/\/api.w.org\/{rel}","templated":true}]}}