{"id":379265,"date":"2026-01-16T05:08:49","date_gmt":"2026-01-16T08:08:49","guid":{"rendered":"https:\/\/www.notibras.com\/site\/?p=379265"},"modified":"2026-01-16T05:08:49","modified_gmt":"2026-01-16T08:08:49","slug":"sucessao-aponta-vitoria-do-centro-e-renovacao-historica-dos-distritais","status":"publish","type":"post","link":"https:\/\/www.notibras.com\/site\/sucessao-aponta-vitoria-do-centro-e-renovacao-historica-dos-distritais\/","title":{"rendered":"Sucess\u00e3o aponta vit\u00f3ria do Centro e renova\u00e7\u00e3o hist\u00f3rica dos distritais"},"content":{"rendered":"<p>Pesquisas de consumo interno, encomendadas por grandes legendas pol\u00edticas com atua\u00e7\u00e3o em Bras\u00edlia, indicam que a sucess\u00e3o do governador Ibaneis Rocha (MDB), nas elei\u00e7\u00f5es de outubro pr\u00f3ximo, tende a ser uma das mais competitivas dos \u00faltimos ciclos eleitorais no Distrito Federal. Os levantamentos apontam um cen\u00e1rio polarizado entre a vice-governadora Celina Le\u00e3o (PP), o ex-governador Jos\u00e9 Roberto Arruda (PSD), a deputada distrital Paula Belmonte (PSDB) e o advogado Kiko Caputo (sem partido).<\/p>\n<p>De acordo com os dados analisados por estrategistas e dirigentes partid\u00e1rios, Celina Le\u00e3o aparece, neste momento, na dianteira. Ainda assim, o intervalo at\u00e9 outubro \u00e9 considerado suficientemente longo para rearranjos pol\u00edticos, reposicionamentos de alian\u00e7as e mudan\u00e7as no humor do eleitorado. O consenso entre analistas \u00e9 que o quadro permanece aberto, embora haja um elemento relativamente est\u00e1vel, sugerindo a tend\u00eancia de manuten\u00e7\u00e3o de um nome do campo do centro pol\u00edtico no comando do Pal\u00e1cio do Buriti.<\/p>\n<p>No campo da esquerda, os levantamentos internos revelam um enfraquecimento do bloco liderado pelo Partido dos Trabalhadores. A escolha do nome de Leandro Grass, considerado o preferido do presidente Luiz In\u00e1cio Lula da Silva, teria provocado fissuras internas ao preterir alternativas consolidadas, como a deputada federal \u00c9rika Kokay e o ex-deputado Geraldo Magela. Avalia\u00e7\u00f5es reservadas indicam que a decis\u00e3o pode ter fragmentado apoios hist\u00f3ricos, dificultando a constru\u00e7\u00e3o de uma candidatura mais competitiva. Entre os petistas, a palavra e ordem \u00e9 cada um por si e nenhum por todos.<\/p>\n<p>O cen\u00e1rio eleitoral tamb\u00e9m sinaliza uma poss\u00edvel renova\u00e7\u00e3o expressiva da C\u00e2mara Legislativa. Proje\u00e7\u00f5es internas falam em uma troca superior a 60% das cadeiras, impulsionada por desgaste pol\u00edtico e por demandas do eleitorado por novos nomes e pr\u00e1ticas. Surpresas \u00e0 parte, o eleitor brasiliense deve colocar entre 16 e 18 novas caras de deputados distritais.<\/p>\n<p>Nesse contexto, parlamentares de destaque estariam sob maior escrut\u00ednio, sendo, consequentemente, expurgados do cen\u00e1rio pol\u00edtico. O presidente da Casa, Wellington Luiz (MDB), aparece citado como alvo de cr\u00edticas relacionadas a supostas irregularidades na ocupa\u00e7\u00e3o de \u00e1rea p\u00fablica no Park Way &#8211; onde teria erguido uma mans\u00e3o hollywoodiana -, e a den\u00fancias de nepotismo, envolvendo a nomea\u00e7\u00e3o de sua esposa para cargo de dire\u00e7\u00e3o em empresa p\u00fablica. J\u00e1 o vice-presidente da C\u00e2mara, Ricardo Valle (PT), teria sua imagem afetada por movimentos atribu\u00eddos a seu irm\u00e3o, Paulo Tadeu, conselheiro do Tribunal de Contas, acusado nos bastidores de manter um grupo de servidores de alto escal\u00e3o com forte influ\u00eancia dentro da estrutura do governo local.<\/p>\n<p>Embora tais apontamentos n\u00e3o configurem, por si, decis\u00f5es eleitorais consolidadas, eles ajudam a compor o pano de fundo de um pleito que se anuncia marcado por disputas intensas, rearranjos partid\u00e1rios e um eleitorado atento a temas como \u00e9tica p\u00fablica, renova\u00e7\u00e3o pol\u00edtica e governabilidade. O certo \u00e9 que, com a proximidade do calend\u00e1rio eleitoral, o Distrito Federal caminha para uma elei\u00e7\u00e3o que poder\u00e1 redefinir n\u00e3o apenas o comando do Executivo local, mas tamb\u00e9m o equil\u00edbrio de for\u00e7as no Legislativo distrital, um movimento com reflexos diretos na condu\u00e7\u00e3o pol\u00edtica da capital da Rep\u00fablica.<\/p>\n<p>&#8230;&#8230;&#8230;&#8230;&#8230;.<\/p>\n<p><strong>Jos\u00e9 Seabra \u00e9 CEO fundador de Notibras<\/strong><\/p>\n","protected":false},"excerpt":{"rendered":"<p>Pesquisas de consumo interno, encomendadas por grandes legendas pol\u00edticas com atua\u00e7\u00e3o em Bras\u00edlia, indicam que a sucess\u00e3o do governador Ibaneis Rocha (MDB), nas elei\u00e7\u00f5es de outubro pr\u00f3ximo, tende a ser uma das mais competitivas dos \u00faltimos ciclos eleitorais no Distrito Federal. Os levantamentos apontam um cen\u00e1rio polarizado entre a vice-governadora Celina Le\u00e3o (PP), o ex-governador [&hellip;]<\/p>\n","protected":false},"author":2,"featured_media":290509,"comment_status":"closed","ping_status":"closed","sticky":false,"template":"","format":"standard","meta":{"_acf_changed":false,"footnotes":""},"categories":[161],"tags":[95],"class_list":["post-379265","post","type-post","status-publish","format-standard","has-post-thumbnail","hentry","category-quadradinho-em-foco","tag-capa"],"acf":[],"yoast_head":"<!-- This site is optimized with the Yoast SEO plugin v27.2 - https:\/\/yoast.com\/product\/yoast-seo-wordpress\/ -->\n<title>Sucess\u00e3o aponta vit\u00f3ria do Centro e renova\u00e7\u00e3o hist\u00f3rica dos distritais - Notibras<\/title>\n<meta name=\"robots\" content=\"index, follow, max-snippet:-1, max-image-preview:large, max-video-preview:-1\" \/>\n<link rel=\"canonical\" href=\"https:\/\/www.notibras.com\/site\/sucessao-aponta-vitoria-do-centro-e-renovacao-historica-dos-distritais\/\" \/>\n<meta property=\"og:locale\" content=\"pt_BR\" \/>\n<meta property=\"og:type\" content=\"article\" \/>\n<meta property=\"og:title\" content=\"Sucess\u00e3o aponta vit\u00f3ria do Centro e renova\u00e7\u00e3o hist\u00f3rica dos distritais - Notibras\" \/>\n<meta property=\"og:description\" content=\"Pesquisas de consumo interno, encomendadas por grandes legendas pol\u00edticas com atua\u00e7\u00e3o em Bras\u00edlia, indicam que a sucess\u00e3o do governador Ibaneis Rocha (MDB), nas elei\u00e7\u00f5es de outubro pr\u00f3ximo, tende a ser uma das mais competitivas dos \u00faltimos ciclos eleitorais no Distrito Federal. Os levantamentos apontam um cen\u00e1rio polarizado entre a vice-governadora Celina Le\u00e3o (PP), o ex-governador [&hellip;]\" \/>\n<meta property=\"og:url\" content=\"https:\/\/www.notibras.com\/site\/sucessao-aponta-vitoria-do-centro-e-renovacao-historica-dos-distritais\/\" \/>\n<meta property=\"og:site_name\" content=\"Notibras\" \/>\n<meta property=\"article:publisher\" content=\"https:\/\/www.facebook.com\/notibras\/\" \/>\n<meta property=\"article:published_time\" content=\"2026-01-16T08:08:49+00:00\" \/>\n<meta property=\"og:image\" content=\"https:\/\/www.notibras.com\/site\/wp-content\/uploads\/2022\/08\/Palacio-do-Buriti-1.jpg\" \/>\n\t<meta property=\"og:image:width\" content=\"2048\" \/>\n\t<meta property=\"og:image:height\" content=\"1365\" \/>\n\t<meta property=\"og:image:type\" content=\"image\/jpeg\" \/>\n<meta name=\"author\" content=\"Reda\u00e7\u00e3o\" \/>\n<meta name=\"twitter:card\" content=\"summary_large_image\" \/>\n<meta name=\"twitter:creator\" content=\"@Notibras\" \/>\n<meta name=\"twitter:site\" content=\"@Notibras\" \/>\n<meta name=\"twitter:label1\" content=\"Escrito por\" \/>\n\t<meta name=\"twitter:data1\" content=\"Reda\u00e7\u00e3o\" \/>\n\t<meta name=\"twitter:label2\" content=\"Est. tempo de leitura\" \/>\n\t<meta name=\"twitter:data2\" content=\"3 minutos\" \/>\n<script type=\"application\/ld+json\" class=\"yoast-schema-graph\">{\"@context\":\"https:\/\/schema.org\",\"@graph\":[{\"@type\":\"Article\",\"@id\":\"https:\/\/www.notibras.com\/site\/sucessao-aponta-vitoria-do-centro-e-renovacao-historica-dos-distritais\/#article\",\"isPartOf\":{\"@id\":\"https:\/\/www.notibras.com\/site\/sucessao-aponta-vitoria-do-centro-e-renovacao-historica-dos-distritais\/\"},\"author\":{\"name\":\"Reda\u00e7\u00e3o\",\"@id\":\"https:\/\/www.notibras.com\/site\/#\/schema\/person\/36ab0979449956132d3e5b517ea76ac8\"},\"headline\":\"Sucess\u00e3o aponta vit\u00f3ria do Centro e renova\u00e7\u00e3o hist\u00f3rica dos distritais\",\"datePublished\":\"2026-01-16T08:08:49+00:00\",\"mainEntityOfPage\":{\"@id\":\"https:\/\/www.notibras.com\/site\/sucessao-aponta-vitoria-do-centro-e-renovacao-historica-dos-distritais\/\"},\"wordCount\":566,\"publisher\":{\"@id\":\"https:\/\/www.notibras.com\/site\/#organization\"},\"image\":{\"@id\":\"https:\/\/www.notibras.com\/site\/sucessao-aponta-vitoria-do-centro-e-renovacao-historica-dos-distritais\/#primaryimage\"},\"thumbnailUrl\":\"https:\/\/www.notibras.com\/site\/wp-content\/uploads\/2022\/08\/Palacio-do-Buriti-1.jpg\",\"keywords\":[\"capa\"],\"articleSection\":[\"Quadradinho em Foco\"],\"inLanguage\":\"pt-BR\"},{\"@type\":\"WebPage\",\"@id\":\"https:\/\/www.notibras.com\/site\/sucessao-aponta-vitoria-do-centro-e-renovacao-historica-dos-distritais\/\",\"url\":\"https:\/\/www.notibras.com\/site\/sucessao-aponta-vitoria-do-centro-e-renovacao-historica-dos-distritais\/\",\"name\":\"Sucess\u00e3o aponta vit\u00f3ria do Centro e renova\u00e7\u00e3o hist\u00f3rica dos distritais - Notibras\",\"isPartOf\":{\"@id\":\"https:\/\/www.notibras.com\/site\/#website\"},\"primaryImageOfPage\":{\"@id\":\"https:\/\/www.notibras.com\/site\/sucessao-aponta-vitoria-do-centro-e-renovacao-historica-dos-distritais\/#primaryimage\"},\"image\":{\"@id\":\"https:\/\/www.notibras.com\/site\/sucessao-aponta-vitoria-do-centro-e-renovacao-historica-dos-distritais\/#primaryimage\"},\"thumbnailUrl\":\"https:\/\/www.notibras.com\/site\/wp-content\/uploads\/2022\/08\/Palacio-do-Buriti-1.jpg\",\"datePublished\":\"2026-01-16T08:08:49+00:00\",\"breadcrumb\":{\"@id\":\"https:\/\/www.notibras.com\/site\/sucessao-aponta-vitoria-do-centro-e-renovacao-historica-dos-distritais\/#breadcrumb\"},\"inLanguage\":\"pt-BR\",\"potentialAction\":[{\"@type\":\"ReadAction\",\"target\":[\"https:\/\/www.notibras.com\/site\/sucessao-aponta-vitoria-do-centro-e-renovacao-historica-dos-distritais\/\"]}]},{\"@type\":\"ImageObject\",\"inLanguage\":\"pt-BR\",\"@id\":\"https:\/\/www.notibras.com\/site\/sucessao-aponta-vitoria-do-centro-e-renovacao-historica-dos-distritais\/#primaryimage\",\"url\":\"https:\/\/www.notibras.com\/site\/wp-content\/uploads\/2022\/08\/Palacio-do-Buriti-1.jpg\",\"contentUrl\":\"https:\/\/www.notibras.com\/site\/wp-content\/uploads\/2022\/08\/Palacio-do-Buriti-1.jpg\",\"width\":2048,\"height\":1365},{\"@type\":\"BreadcrumbList\",\"@id\":\"https:\/\/www.notibras.com\/site\/sucessao-aponta-vitoria-do-centro-e-renovacao-historica-dos-distritais\/#breadcrumb\",\"itemListElement\":[{\"@type\":\"ListItem\",\"position\":1,\"name\":\"In\u00edcio\",\"item\":\"https:\/\/www.notibras.com\/site\/\"},{\"@type\":\"ListItem\",\"position\":2,\"name\":\"Sucess\u00e3o aponta vit\u00f3ria do Centro e renova\u00e7\u00e3o hist\u00f3rica dos distritais\"}]},{\"@type\":\"WebSite\",\"@id\":\"https:\/\/www.notibras.com\/site\/#website\",\"url\":\"https:\/\/www.notibras.com\/site\/\",\"name\":\"Notibras\",\"description\":\"Not\u00edcias de Bras\u00edlia, do Brasil e do Mundo\",\"publisher\":{\"@id\":\"https:\/\/www.notibras.com\/site\/#organization\"},\"potentialAction\":[{\"@type\":\"SearchAction\",\"target\":{\"@type\":\"EntryPoint\",\"urlTemplate\":\"https:\/\/www.notibras.com\/site\/?s={search_term_string}\"},\"query-input\":{\"@type\":\"PropertyValueSpecification\",\"valueRequired\":true,\"valueName\":\"search_term_string\"}}],\"inLanguage\":\"pt-BR\"},{\"@type\":\"Organization\",\"@id\":\"https:\/\/www.notibras.com\/site\/#organization\",\"name\":\"Grupo Notibras de Comunica\u00e7\u00e3o\",\"url\":\"https:\/\/www.notibras.com\/site\/\",\"logo\":{\"@type\":\"ImageObject\",\"inLanguage\":\"pt-BR\",\"@id\":\"https:\/\/www.notibras.com\/site\/#\/schema\/logo\/image\/\",\"url\":\"https:\/\/www.notibras.com\/site\/wp-content\/uploads\/2023\/01\/notibras23.png\",\"contentUrl\":\"https:\/\/www.notibras.com\/site\/wp-content\/uploads\/2023\/01\/notibras23.png\",\"width\":350,\"height\":87,\"caption\":\"Grupo Notibras de Comunica\u00e7\u00e3o\"},\"image\":{\"@id\":\"https:\/\/www.notibras.com\/site\/#\/schema\/logo\/image\/\"},\"sameAs\":[\"https:\/\/www.facebook.com\/notibras\/\",\"https:\/\/x.com\/Notibras\",\"https:\/\/www.instagram.com\/notibras\/\"]},{\"@type\":\"Person\",\"@id\":\"https:\/\/www.notibras.com\/site\/#\/schema\/person\/36ab0979449956132d3e5b517ea76ac8\",\"name\":\"Reda\u00e7\u00e3o\",\"image\":{\"@type\":\"ImageObject\",\"inLanguage\":\"pt-BR\",\"@id\":\"https:\/\/secure.gravatar.com\/avatar\/e0a867bdedb85fd243eadf09663511f96fc81e0720a4a42581f334ad4303aa6b?s=96&d=mm&r=g\",\"url\":\"https:\/\/secure.gravatar.com\/avatar\/e0a867bdedb85fd243eadf09663511f96fc81e0720a4a42581f334ad4303aa6b?s=96&d=mm&r=g\",\"contentUrl\":\"https:\/\/secure.gravatar.com\/avatar\/e0a867bdedb85fd243eadf09663511f96fc81e0720a4a42581f334ad4303aa6b?s=96&d=mm&r=g\",\"caption\":\"Reda\u00e7\u00e3o\"}}]}<\/script>\n<!-- \/ Yoast SEO plugin. -->","yoast_head_json":{"title":"Sucess\u00e3o aponta vit\u00f3ria do Centro e renova\u00e7\u00e3o hist\u00f3rica dos distritais - Notibras","robots":{"index":"index","follow":"follow","max-snippet":"max-snippet:-1","max-image-preview":"max-image-preview:large","max-video-preview":"max-video-preview:-1"},"canonical":"https:\/\/www.notibras.com\/site\/sucessao-aponta-vitoria-do-centro-e-renovacao-historica-dos-distritais\/","og_locale":"pt_BR","og_type":"article","og_title":"Sucess\u00e3o aponta vit\u00f3ria do Centro e renova\u00e7\u00e3o hist\u00f3rica dos distritais - Notibras","og_description":"Pesquisas de consumo interno, encomendadas por grandes legendas pol\u00edticas com atua\u00e7\u00e3o em Bras\u00edlia, indicam que a sucess\u00e3o do governador Ibaneis Rocha (MDB), nas elei\u00e7\u00f5es de outubro pr\u00f3ximo, tende a ser uma das mais competitivas dos \u00faltimos ciclos eleitorais no Distrito Federal. Os levantamentos apontam um cen\u00e1rio polarizado entre a vice-governadora Celina Le\u00e3o (PP), o ex-governador [&hellip;]","og_url":"https:\/\/www.notibras.com\/site\/sucessao-aponta-vitoria-do-centro-e-renovacao-historica-dos-distritais\/","og_site_name":"Notibras","article_publisher":"https:\/\/www.facebook.com\/notibras\/","article_published_time":"2026-01-16T08:08:49+00:00","og_image":[{"width":2048,"height":1365,"url":"https:\/\/www.notibras.com\/site\/wp-content\/uploads\/2022\/08\/Palacio-do-Buriti-1.jpg","type":"image\/jpeg"}],"author":"Reda\u00e7\u00e3o","twitter_card":"summary_large_image","twitter_creator":"@Notibras","twitter_site":"@Notibras","twitter_misc":{"Escrito por":"Reda\u00e7\u00e3o","Est. tempo de leitura":"3 minutos"},"schema":{"@context":"https:\/\/schema.org","@graph":[{"@type":"Article","@id":"https:\/\/www.notibras.com\/site\/sucessao-aponta-vitoria-do-centro-e-renovacao-historica-dos-distritais\/#article","isPartOf":{"@id":"https:\/\/www.notibras.com\/site\/sucessao-aponta-vitoria-do-centro-e-renovacao-historica-dos-distritais\/"},"author":{"name":"Reda\u00e7\u00e3o","@id":"https:\/\/www.notibras.com\/site\/#\/schema\/person\/36ab0979449956132d3e5b517ea76ac8"},"headline":"Sucess\u00e3o aponta vit\u00f3ria do Centro e renova\u00e7\u00e3o hist\u00f3rica dos distritais","datePublished":"2026-01-16T08:08:49+00:00","mainEntityOfPage":{"@id":"https:\/\/www.notibras.com\/site\/sucessao-aponta-vitoria-do-centro-e-renovacao-historica-dos-distritais\/"},"wordCount":566,"publisher":{"@id":"https:\/\/www.notibras.com\/site\/#organization"},"image":{"@id":"https:\/\/www.notibras.com\/site\/sucessao-aponta-vitoria-do-centro-e-renovacao-historica-dos-distritais\/#primaryimage"},"thumbnailUrl":"https:\/\/www.notibras.com\/site\/wp-content\/uploads\/2022\/08\/Palacio-do-Buriti-1.jpg","keywords":["capa"],"articleSection":["Quadradinho em Foco"],"inLanguage":"pt-BR"},{"@type":"WebPage","@id":"https:\/\/www.notibras.com\/site\/sucessao-aponta-vitoria-do-centro-e-renovacao-historica-dos-distritais\/","url":"https:\/\/www.notibras.com\/site\/sucessao-aponta-vitoria-do-centro-e-renovacao-historica-dos-distritais\/","name":"Sucess\u00e3o aponta vit\u00f3ria do Centro e renova\u00e7\u00e3o hist\u00f3rica dos distritais - Notibras","isPartOf":{"@id":"https:\/\/www.notibras.com\/site\/#website"},"primaryImageOfPage":{"@id":"https:\/\/www.notibras.com\/site\/sucessao-aponta-vitoria-do-centro-e-renovacao-historica-dos-distritais\/#primaryimage"},"image":{"@id":"https:\/\/www.notibras.com\/site\/sucessao-aponta-vitoria-do-centro-e-renovacao-historica-dos-distritais\/#primaryimage"},"thumbnailUrl":"https:\/\/www.notibras.com\/site\/wp-content\/uploads\/2022\/08\/Palacio-do-Buriti-1.jpg","datePublished":"2026-01-16T08:08:49+00:00","breadcrumb":{"@id":"https:\/\/www.notibras.com\/site\/sucessao-aponta-vitoria-do-centro-e-renovacao-historica-dos-distritais\/#breadcrumb"},"inLanguage":"pt-BR","potentialAction":[{"@type":"ReadAction","target":["https:\/\/www.notibras.com\/site\/sucessao-aponta-vitoria-do-centro-e-renovacao-historica-dos-distritais\/"]}]},{"@type":"ImageObject","inLanguage":"pt-BR","@id":"https:\/\/www.notibras.com\/site\/sucessao-aponta-vitoria-do-centro-e-renovacao-historica-dos-distritais\/#primaryimage","url":"https:\/\/www.notibras.com\/site\/wp-content\/uploads\/2022\/08\/Palacio-do-Buriti-1.jpg","contentUrl":"https:\/\/www.notibras.com\/site\/wp-content\/uploads\/2022\/08\/Palacio-do-Buriti-1.jpg","width":2048,"height":1365},{"@type":"BreadcrumbList","@id":"https:\/\/www.notibras.com\/site\/sucessao-aponta-vitoria-do-centro-e-renovacao-historica-dos-distritais\/#breadcrumb","itemListElement":[{"@type":"ListItem","position":1,"name":"In\u00edcio","item":"https:\/\/www.notibras.com\/site\/"},{"@type":"ListItem","position":2,"name":"Sucess\u00e3o aponta vit\u00f3ria do Centro e renova\u00e7\u00e3o hist\u00f3rica dos distritais"}]},{"@type":"WebSite","@id":"https:\/\/www.notibras.com\/site\/#website","url":"https:\/\/www.notibras.com\/site\/","name":"Notibras","description":"Not\u00edcias de Bras\u00edlia, do Brasil e do Mundo","publisher":{"@id":"https:\/\/www.notibras.com\/site\/#organization"},"potentialAction":[{"@type":"SearchAction","target":{"@type":"EntryPoint","urlTemplate":"https:\/\/www.notibras.com\/site\/?s={search_term_string}"},"query-input":{"@type":"PropertyValueSpecification","valueRequired":true,"valueName":"search_term_string"}}],"inLanguage":"pt-BR"},{"@type":"Organization","@id":"https:\/\/www.notibras.com\/site\/#organization","name":"Grupo Notibras de Comunica\u00e7\u00e3o","url":"https:\/\/www.notibras.com\/site\/","logo":{"@type":"ImageObject","inLanguage":"pt-BR","@id":"https:\/\/www.notibras.com\/site\/#\/schema\/logo\/image\/","url":"https:\/\/www.notibras.com\/site\/wp-content\/uploads\/2023\/01\/notibras23.png","contentUrl":"https:\/\/www.notibras.com\/site\/wp-content\/uploads\/2023\/01\/notibras23.png","width":350,"height":87,"caption":"Grupo Notibras de Comunica\u00e7\u00e3o"},"image":{"@id":"https:\/\/www.notibras.com\/site\/#\/schema\/logo\/image\/"},"sameAs":["https:\/\/www.facebook.com\/notibras\/","https:\/\/x.com\/Notibras","https:\/\/www.instagram.com\/notibras\/"]},{"@type":"Person","@id":"https:\/\/www.notibras.com\/site\/#\/schema\/person\/36ab0979449956132d3e5b517ea76ac8","name":"Reda\u00e7\u00e3o","image":{"@type":"ImageObject","inLanguage":"pt-BR","@id":"https:\/\/secure.gravatar.com\/avatar\/e0a867bdedb85fd243eadf09663511f96fc81e0720a4a42581f334ad4303aa6b?s=96&d=mm&r=g","url":"https:\/\/secure.gravatar.com\/avatar\/e0a867bdedb85fd243eadf09663511f96fc81e0720a4a42581f334ad4303aa6b?s=96&d=mm&r=g","contentUrl":"https:\/\/secure.gravatar.com\/avatar\/e0a867bdedb85fd243eadf09663511f96fc81e0720a4a42581f334ad4303aa6b?s=96&d=mm&r=g","caption":"Reda\u00e7\u00e3o"}}]}},"amp_enabled":true,"_links":{"self":[{"href":"https:\/\/www.notibras.com\/site\/wp-json\/wp\/v2\/posts\/379265","targetHints":{"allow":["GET"]}}],"collection":[{"href":"https:\/\/www.notibras.com\/site\/wp-json\/wp\/v2\/posts"}],"about":[{"href":"https:\/\/www.notibras.com\/site\/wp-json\/wp\/v2\/types\/post"}],"author":[{"embeddable":true,"href":"https:\/\/www.notibras.com\/site\/wp-json\/wp\/v2\/users\/2"}],"replies":[{"embeddable":true,"href":"https:\/\/www.notibras.com\/site\/wp-json\/wp\/v2\/comments?post=379265"}],"version-history":[{"count":1,"href":"https:\/\/www.notibras.com\/site\/wp-json\/wp\/v2\/posts\/379265\/revisions"}],"predecessor-version":[{"id":379266,"href":"https:\/\/www.notibras.com\/site\/wp-json\/wp\/v2\/posts\/379265\/revisions\/379266"}],"wp:featuredmedia":[{"embeddable":true,"href":"https:\/\/www.notibras.com\/site\/wp-json\/wp\/v2\/media\/290509"}],"wp:attachment":[{"href":"https:\/\/www.notibras.com\/site\/wp-json\/wp\/v2\/media?parent=379265"}],"wp:term":[{"taxonomy":"category","embeddable":true,"href":"https:\/\/www.notibras.com\/site\/wp-json\/wp\/v2\/categories?post=379265"},{"taxonomy":"post_tag","embeddable":true,"href":"https:\/\/www.notibras.com\/site\/wp-json\/wp\/v2\/tags?post=379265"}],"curies":[{"name":"wp","href":"https:\/\/api.w.org\/{rel}","templated":true}]}}