{"id":379267,"date":"2026-01-16T06:01:17","date_gmt":"2026-01-16T09:01:17","guid":{"rendered":"https:\/\/www.notibras.com\/site\/?p=379267"},"modified":"2026-01-16T06:01:17","modified_gmt":"2026-01-16T09:01:17","slug":"mergulho-nas-trevas-do-coracao-verde","status":"publish","type":"post","link":"https:\/\/www.notibras.com\/site\/mergulho-nas-trevas-do-coracao-verde\/","title":{"rendered":"Mergulho nas trevas do cora\u00e7\u00e3o verde"},"content":{"rendered":"<p>Eu s\u00f3 sa\u00ed de Macap\u00e1\/AP, minha cidade natal, e vi televis\u00e3o pela primeira vez, aos 17 anos de idade, em 1972. Fui a Bel\u00e9m do Par\u00e1, onde fiquei deslumbrado com a vis\u00e3o de uma cidade grande e hist\u00f3rica como \u00e9 a Porta da Amaz\u00f4nia. No mesmo ano, peguei o rio e a estrada e s\u00f3 volto a Macap\u00e1 esporadicamente. Em um desses retornos, eu acabara de chegar a cidade, em um voo de manh\u00e3, quando me perguntaram se ainda tomava a\u00e7a\u00ed.<\/p>\n<p>\u2013 \u00c9 claro! \u2013 respondi. A\u00ed, me serviram a\u00e7a\u00ed-papa com farinha de tapioca e tucunar\u00e9 frito. Um banquete!<\/p>\n<p>Nos 17 anos de Amap\u00e1, fiz tudo o que um escritor ribeirinho faz. Tomei banho no Rio Amazonas, pesquei no Rio Matapi, comi peixes e frutas amaz\u00f4nicas, ouvi merengue, senti o perfume dos jasmineiros e ofertei rosas para a madrugada.<\/p>\n<p>Em 1975, fui conhecer a fam\u00edlia do meu pai, Jo\u00e3o Raimundo Cunha, em Manaus\/AM, e fiquei l\u00e1 durante tr\u00eas anos. Assim que cheguei \u00e0 cidade, comecei a trabalhar como rep\u00f3rter policial no Jornal do Commercio. De Manaus, mudei-me para Bel\u00e9m, retornei a Manaus e morei durante tr\u00eas meses em Rio Branco\/AC. Assim, trabalhei em todos os grandes jornais di\u00e1rios e impressos da Hileia, viajando por toda a Amaz\u00f4nia.<\/p>\n<p>Al\u00e9m disso, sempre li ficcionistas amaz\u00f4nidas e a literatura cient\u00edfica sobre a Amaz\u00f4nia, o que me levou a compreender com certa profundidade a regi\u00e3o, tanto a alma do caboco quanto geopol\u00edticamente.<\/p>\n<p>Comecei a escrever em 1968, aos 14 anos de idade, influenciado pelo pai da minha gera\u00e7\u00e3o de escritores, o poeta e cronista Isnard Brand\u00e3o Lima Filho, e s\u00f3 escrevemos sobre o que conhecemos. Mesmo que escrevamos fantasia pura, a infraestrutura dessa fantasia acaba sendo o que conhecemos. De modo que grande parte da minha literatura tem ra\u00edzes amaz\u00f4nicas.<\/p>\n<p>Do meu trabalho baseado na Amaz\u00f4nia destaco tr\u00eas romances e um livro de contos: os romances A Casa Amarela, A Confraria Cabanagem e Jambu, e o livro de contos Amaz\u00f4nia. Este conjunto cont\u00e9m a chamada Quest\u00e3o Amaz\u00f4nica \u2013 o colonialismo, o isolamento, a mis\u00e9ria, o tr\u00e1fico de drogas e de pessoas, principalmente de crian\u00e7as para escravid\u00e3o sexual, o estupro de crian\u00e7as no sil\u00eancio da floresta, a falta de infraestrutura b\u00e1sica e a ululante falta do Estado.<\/p>\n","protected":false},"excerpt":{"rendered":"<p>Eu s\u00f3 sa\u00ed de Macap\u00e1\/AP, minha cidade natal, e vi televis\u00e3o pela primeira vez, aos 17 anos de idade, em 1972. Fui a Bel\u00e9m do Par\u00e1, onde fiquei deslumbrado com a vis\u00e3o de uma cidade grande e hist\u00f3rica como \u00e9 a Porta da Amaz\u00f4nia. No mesmo ano, peguei o rio e a estrada e s\u00f3 [&hellip;]<\/p>\n","protected":false},"author":2,"featured_media":150650,"comment_status":"closed","ping_status":"closed","sticky":false,"template":"","format":"standard","meta":{"_acf_changed":false,"footnotes":""},"categories":[236],"tags":[],"class_list":["post-379267","post","type-post","status-publish","format-standard","has-post-thumbnail","hentry","category-ponto-de-vista"],"acf":[],"yoast_head":"<!-- This site is optimized with the Yoast SEO plugin v27.2 - https:\/\/yoast.com\/product\/yoast-seo-wordpress\/ -->\n<title>Mergulho nas trevas do cora\u00e7\u00e3o verde - Notibras<\/title>\n<meta name=\"robots\" content=\"index, follow, max-snippet:-1, max-image-preview:large, max-video-preview:-1\" \/>\n<link rel=\"canonical\" href=\"https:\/\/www.notibras.com\/site\/mergulho-nas-trevas-do-coracao-verde\/\" \/>\n<meta property=\"og:locale\" content=\"pt_BR\" \/>\n<meta property=\"og:type\" content=\"article\" \/>\n<meta property=\"og:title\" content=\"Mergulho nas trevas do cora\u00e7\u00e3o verde - Notibras\" \/>\n<meta property=\"og:description\" content=\"Eu s\u00f3 sa\u00ed de Macap\u00e1\/AP, minha cidade natal, e vi televis\u00e3o pela primeira vez, aos 17 anos de idade, em 1972. Fui a Bel\u00e9m do Par\u00e1, onde fiquei deslumbrado com a vis\u00e3o de uma cidade grande e hist\u00f3rica como \u00e9 a Porta da Amaz\u00f4nia. No mesmo ano, peguei o rio e a estrada e s\u00f3 [&hellip;]\" \/>\n<meta property=\"og:url\" content=\"https:\/\/www.notibras.com\/site\/mergulho-nas-trevas-do-coracao-verde\/\" \/>\n<meta property=\"og:site_name\" content=\"Notibras\" \/>\n<meta property=\"article:publisher\" content=\"https:\/\/www.facebook.com\/notibras\/\" \/>\n<meta property=\"article:published_time\" content=\"2026-01-16T09:01:17+00:00\" \/>\n<meta property=\"og:image\" content=\"https:\/\/www.notibras.com\/site\/wp-content\/uploads\/2017\/08\/amazonia.ouro_-e1547553240283.jpg\" \/>\n\t<meta property=\"og:image:width\" content=\"1920\" \/>\n\t<meta property=\"og:image:height\" content=\"1137\" \/>\n\t<meta property=\"og:image:type\" content=\"image\/jpeg\" \/>\n<meta name=\"author\" content=\"Reda\u00e7\u00e3o\" \/>\n<meta name=\"twitter:card\" content=\"summary_large_image\" \/>\n<meta name=\"twitter:creator\" content=\"@Notibras\" \/>\n<meta name=\"twitter:site\" content=\"@Notibras\" \/>\n<meta name=\"twitter:label1\" content=\"Escrito por\" \/>\n\t<meta name=\"twitter:data1\" content=\"Reda\u00e7\u00e3o\" \/>\n\t<meta name=\"twitter:label2\" content=\"Est. tempo de leitura\" \/>\n\t<meta name=\"twitter:data2\" content=\"3 minutos\" \/>\n<script type=\"application\/ld+json\" class=\"yoast-schema-graph\">{\"@context\":\"https:\/\/schema.org\",\"@graph\":[{\"@type\":\"Article\",\"@id\":\"https:\/\/www.notibras.com\/site\/mergulho-nas-trevas-do-coracao-verde\/#article\",\"isPartOf\":{\"@id\":\"https:\/\/www.notibras.com\/site\/mergulho-nas-trevas-do-coracao-verde\/\"},\"author\":{\"name\":\"Reda\u00e7\u00e3o\",\"@id\":\"https:\/\/www.notibras.com\/site\/#\/schema\/person\/36ab0979449956132d3e5b517ea76ac8\"},\"headline\":\"Mergulho nas trevas do cora\u00e7\u00e3o verde\",\"datePublished\":\"2026-01-16T09:01:17+00:00\",\"mainEntityOfPage\":{\"@id\":\"https:\/\/www.notibras.com\/site\/mergulho-nas-trevas-do-coracao-verde\/\"},\"wordCount\":410,\"publisher\":{\"@id\":\"https:\/\/www.notibras.com\/site\/#organization\"},\"image\":{\"@id\":\"https:\/\/www.notibras.com\/site\/mergulho-nas-trevas-do-coracao-verde\/#primaryimage\"},\"thumbnailUrl\":\"https:\/\/www.notibras.com\/site\/wp-content\/uploads\/2017\/08\/amazonia.ouro_-e1547553240283.jpg\",\"articleSection\":[\"Ponto de Vista\"],\"inLanguage\":\"pt-BR\"},{\"@type\":\"WebPage\",\"@id\":\"https:\/\/www.notibras.com\/site\/mergulho-nas-trevas-do-coracao-verde\/\",\"url\":\"https:\/\/www.notibras.com\/site\/mergulho-nas-trevas-do-coracao-verde\/\",\"name\":\"Mergulho nas trevas do cora\u00e7\u00e3o verde - Notibras\",\"isPartOf\":{\"@id\":\"https:\/\/www.notibras.com\/site\/#website\"},\"primaryImageOfPage\":{\"@id\":\"https:\/\/www.notibras.com\/site\/mergulho-nas-trevas-do-coracao-verde\/#primaryimage\"},\"image\":{\"@id\":\"https:\/\/www.notibras.com\/site\/mergulho-nas-trevas-do-coracao-verde\/#primaryimage\"},\"thumbnailUrl\":\"https:\/\/www.notibras.com\/site\/wp-content\/uploads\/2017\/08\/amazonia.ouro_-e1547553240283.jpg\",\"datePublished\":\"2026-01-16T09:01:17+00:00\",\"breadcrumb\":{\"@id\":\"https:\/\/www.notibras.com\/site\/mergulho-nas-trevas-do-coracao-verde\/#breadcrumb\"},\"inLanguage\":\"pt-BR\",\"potentialAction\":[{\"@type\":\"ReadAction\",\"target\":[\"https:\/\/www.notibras.com\/site\/mergulho-nas-trevas-do-coracao-verde\/\"]}]},{\"@type\":\"ImageObject\",\"inLanguage\":\"pt-BR\",\"@id\":\"https:\/\/www.notibras.com\/site\/mergulho-nas-trevas-do-coracao-verde\/#primaryimage\",\"url\":\"https:\/\/www.notibras.com\/site\/wp-content\/uploads\/2017\/08\/amazonia.ouro_-e1547553240283.jpg\",\"contentUrl\":\"https:\/\/www.notibras.com\/site\/wp-content\/uploads\/2017\/08\/amazonia.ouro_-e1547553240283.jpg\",\"width\":1920,\"height\":1137},{\"@type\":\"BreadcrumbList\",\"@id\":\"https:\/\/www.notibras.com\/site\/mergulho-nas-trevas-do-coracao-verde\/#breadcrumb\",\"itemListElement\":[{\"@type\":\"ListItem\",\"position\":1,\"name\":\"In\u00edcio\",\"item\":\"https:\/\/www.notibras.com\/site\/\"},{\"@type\":\"ListItem\",\"position\":2,\"name\":\"Mergulho nas trevas do cora\u00e7\u00e3o verde\"}]},{\"@type\":\"WebSite\",\"@id\":\"https:\/\/www.notibras.com\/site\/#website\",\"url\":\"https:\/\/www.notibras.com\/site\/\",\"name\":\"Notibras\",\"description\":\"Not\u00edcias de Bras\u00edlia, do Brasil e do Mundo\",\"publisher\":{\"@id\":\"https:\/\/www.notibras.com\/site\/#organization\"},\"potentialAction\":[{\"@type\":\"SearchAction\",\"target\":{\"@type\":\"EntryPoint\",\"urlTemplate\":\"https:\/\/www.notibras.com\/site\/?s={search_term_string}\"},\"query-input\":{\"@type\":\"PropertyValueSpecification\",\"valueRequired\":true,\"valueName\":\"search_term_string\"}}],\"inLanguage\":\"pt-BR\"},{\"@type\":\"Organization\",\"@id\":\"https:\/\/www.notibras.com\/site\/#organization\",\"name\":\"Grupo Notibras de Comunica\u00e7\u00e3o\",\"url\":\"https:\/\/www.notibras.com\/site\/\",\"logo\":{\"@type\":\"ImageObject\",\"inLanguage\":\"pt-BR\",\"@id\":\"https:\/\/www.notibras.com\/site\/#\/schema\/logo\/image\/\",\"url\":\"https:\/\/www.notibras.com\/site\/wp-content\/uploads\/2023\/01\/notibras23.png\",\"contentUrl\":\"https:\/\/www.notibras.com\/site\/wp-content\/uploads\/2023\/01\/notibras23.png\",\"width\":350,\"height\":87,\"caption\":\"Grupo Notibras de Comunica\u00e7\u00e3o\"},\"image\":{\"@id\":\"https:\/\/www.notibras.com\/site\/#\/schema\/logo\/image\/\"},\"sameAs\":[\"https:\/\/www.facebook.com\/notibras\/\",\"https:\/\/x.com\/Notibras\",\"https:\/\/www.instagram.com\/notibras\/\"]},{\"@type\":\"Person\",\"@id\":\"https:\/\/www.notibras.com\/site\/#\/schema\/person\/36ab0979449956132d3e5b517ea76ac8\",\"name\":\"Reda\u00e7\u00e3o\",\"image\":{\"@type\":\"ImageObject\",\"inLanguage\":\"pt-BR\",\"@id\":\"https:\/\/secure.gravatar.com\/avatar\/e0a867bdedb85fd243eadf09663511f96fc81e0720a4a42581f334ad4303aa6b?s=96&d=mm&r=g\",\"url\":\"https:\/\/secure.gravatar.com\/avatar\/e0a867bdedb85fd243eadf09663511f96fc81e0720a4a42581f334ad4303aa6b?s=96&d=mm&r=g\",\"contentUrl\":\"https:\/\/secure.gravatar.com\/avatar\/e0a867bdedb85fd243eadf09663511f96fc81e0720a4a42581f334ad4303aa6b?s=96&d=mm&r=g\",\"caption\":\"Reda\u00e7\u00e3o\"}}]}<\/script>\n<!-- \/ Yoast SEO plugin. -->","yoast_head_json":{"title":"Mergulho nas trevas do cora\u00e7\u00e3o verde - Notibras","robots":{"index":"index","follow":"follow","max-snippet":"max-snippet:-1","max-image-preview":"max-image-preview:large","max-video-preview":"max-video-preview:-1"},"canonical":"https:\/\/www.notibras.com\/site\/mergulho-nas-trevas-do-coracao-verde\/","og_locale":"pt_BR","og_type":"article","og_title":"Mergulho nas trevas do cora\u00e7\u00e3o verde - Notibras","og_description":"Eu s\u00f3 sa\u00ed de Macap\u00e1\/AP, minha cidade natal, e vi televis\u00e3o pela primeira vez, aos 17 anos de idade, em 1972. Fui a Bel\u00e9m do Par\u00e1, onde fiquei deslumbrado com a vis\u00e3o de uma cidade grande e hist\u00f3rica como \u00e9 a Porta da Amaz\u00f4nia. No mesmo ano, peguei o rio e a estrada e s\u00f3 [&hellip;]","og_url":"https:\/\/www.notibras.com\/site\/mergulho-nas-trevas-do-coracao-verde\/","og_site_name":"Notibras","article_publisher":"https:\/\/www.facebook.com\/notibras\/","article_published_time":"2026-01-16T09:01:17+00:00","og_image":[{"width":1920,"height":1137,"url":"https:\/\/www.notibras.com\/site\/wp-content\/uploads\/2017\/08\/amazonia.ouro_-e1547553240283.jpg","type":"image\/jpeg"}],"author":"Reda\u00e7\u00e3o","twitter_card":"summary_large_image","twitter_creator":"@Notibras","twitter_site":"@Notibras","twitter_misc":{"Escrito por":"Reda\u00e7\u00e3o","Est. tempo de leitura":"3 minutos"},"schema":{"@context":"https:\/\/schema.org","@graph":[{"@type":"Article","@id":"https:\/\/www.notibras.com\/site\/mergulho-nas-trevas-do-coracao-verde\/#article","isPartOf":{"@id":"https:\/\/www.notibras.com\/site\/mergulho-nas-trevas-do-coracao-verde\/"},"author":{"name":"Reda\u00e7\u00e3o","@id":"https:\/\/www.notibras.com\/site\/#\/schema\/person\/36ab0979449956132d3e5b517ea76ac8"},"headline":"Mergulho nas trevas do cora\u00e7\u00e3o verde","datePublished":"2026-01-16T09:01:17+00:00","mainEntityOfPage":{"@id":"https:\/\/www.notibras.com\/site\/mergulho-nas-trevas-do-coracao-verde\/"},"wordCount":410,"publisher":{"@id":"https:\/\/www.notibras.com\/site\/#organization"},"image":{"@id":"https:\/\/www.notibras.com\/site\/mergulho-nas-trevas-do-coracao-verde\/#primaryimage"},"thumbnailUrl":"https:\/\/www.notibras.com\/site\/wp-content\/uploads\/2017\/08\/amazonia.ouro_-e1547553240283.jpg","articleSection":["Ponto de Vista"],"inLanguage":"pt-BR"},{"@type":"WebPage","@id":"https:\/\/www.notibras.com\/site\/mergulho-nas-trevas-do-coracao-verde\/","url":"https:\/\/www.notibras.com\/site\/mergulho-nas-trevas-do-coracao-verde\/","name":"Mergulho nas trevas do cora\u00e7\u00e3o verde - Notibras","isPartOf":{"@id":"https:\/\/www.notibras.com\/site\/#website"},"primaryImageOfPage":{"@id":"https:\/\/www.notibras.com\/site\/mergulho-nas-trevas-do-coracao-verde\/#primaryimage"},"image":{"@id":"https:\/\/www.notibras.com\/site\/mergulho-nas-trevas-do-coracao-verde\/#primaryimage"},"thumbnailUrl":"https:\/\/www.notibras.com\/site\/wp-content\/uploads\/2017\/08\/amazonia.ouro_-e1547553240283.jpg","datePublished":"2026-01-16T09:01:17+00:00","breadcrumb":{"@id":"https:\/\/www.notibras.com\/site\/mergulho-nas-trevas-do-coracao-verde\/#breadcrumb"},"inLanguage":"pt-BR","potentialAction":[{"@type":"ReadAction","target":["https:\/\/www.notibras.com\/site\/mergulho-nas-trevas-do-coracao-verde\/"]}]},{"@type":"ImageObject","inLanguage":"pt-BR","@id":"https:\/\/www.notibras.com\/site\/mergulho-nas-trevas-do-coracao-verde\/#primaryimage","url":"https:\/\/www.notibras.com\/site\/wp-content\/uploads\/2017\/08\/amazonia.ouro_-e1547553240283.jpg","contentUrl":"https:\/\/www.notibras.com\/site\/wp-content\/uploads\/2017\/08\/amazonia.ouro_-e1547553240283.jpg","width":1920,"height":1137},{"@type":"BreadcrumbList","@id":"https:\/\/www.notibras.com\/site\/mergulho-nas-trevas-do-coracao-verde\/#breadcrumb","itemListElement":[{"@type":"ListItem","position":1,"name":"In\u00edcio","item":"https:\/\/www.notibras.com\/site\/"},{"@type":"ListItem","position":2,"name":"Mergulho nas trevas do cora\u00e7\u00e3o verde"}]},{"@type":"WebSite","@id":"https:\/\/www.notibras.com\/site\/#website","url":"https:\/\/www.notibras.com\/site\/","name":"Notibras","description":"Not\u00edcias de Bras\u00edlia, do Brasil e do Mundo","publisher":{"@id":"https:\/\/www.notibras.com\/site\/#organization"},"potentialAction":[{"@type":"SearchAction","target":{"@type":"EntryPoint","urlTemplate":"https:\/\/www.notibras.com\/site\/?s={search_term_string}"},"query-input":{"@type":"PropertyValueSpecification","valueRequired":true,"valueName":"search_term_string"}}],"inLanguage":"pt-BR"},{"@type":"Organization","@id":"https:\/\/www.notibras.com\/site\/#organization","name":"Grupo Notibras de Comunica\u00e7\u00e3o","url":"https:\/\/www.notibras.com\/site\/","logo":{"@type":"ImageObject","inLanguage":"pt-BR","@id":"https:\/\/www.notibras.com\/site\/#\/schema\/logo\/image\/","url":"https:\/\/www.notibras.com\/site\/wp-content\/uploads\/2023\/01\/notibras23.png","contentUrl":"https:\/\/www.notibras.com\/site\/wp-content\/uploads\/2023\/01\/notibras23.png","width":350,"height":87,"caption":"Grupo Notibras de Comunica\u00e7\u00e3o"},"image":{"@id":"https:\/\/www.notibras.com\/site\/#\/schema\/logo\/image\/"},"sameAs":["https:\/\/www.facebook.com\/notibras\/","https:\/\/x.com\/Notibras","https:\/\/www.instagram.com\/notibras\/"]},{"@type":"Person","@id":"https:\/\/www.notibras.com\/site\/#\/schema\/person\/36ab0979449956132d3e5b517ea76ac8","name":"Reda\u00e7\u00e3o","image":{"@type":"ImageObject","inLanguage":"pt-BR","@id":"https:\/\/secure.gravatar.com\/avatar\/e0a867bdedb85fd243eadf09663511f96fc81e0720a4a42581f334ad4303aa6b?s=96&d=mm&r=g","url":"https:\/\/secure.gravatar.com\/avatar\/e0a867bdedb85fd243eadf09663511f96fc81e0720a4a42581f334ad4303aa6b?s=96&d=mm&r=g","contentUrl":"https:\/\/secure.gravatar.com\/avatar\/e0a867bdedb85fd243eadf09663511f96fc81e0720a4a42581f334ad4303aa6b?s=96&d=mm&r=g","caption":"Reda\u00e7\u00e3o"}}]}},"amp_enabled":true,"_links":{"self":[{"href":"https:\/\/www.notibras.com\/site\/wp-json\/wp\/v2\/posts\/379267","targetHints":{"allow":["GET"]}}],"collection":[{"href":"https:\/\/www.notibras.com\/site\/wp-json\/wp\/v2\/posts"}],"about":[{"href":"https:\/\/www.notibras.com\/site\/wp-json\/wp\/v2\/types\/post"}],"author":[{"embeddable":true,"href":"https:\/\/www.notibras.com\/site\/wp-json\/wp\/v2\/users\/2"}],"replies":[{"embeddable":true,"href":"https:\/\/www.notibras.com\/site\/wp-json\/wp\/v2\/comments?post=379267"}],"version-history":[{"count":1,"href":"https:\/\/www.notibras.com\/site\/wp-json\/wp\/v2\/posts\/379267\/revisions"}],"predecessor-version":[{"id":379268,"href":"https:\/\/www.notibras.com\/site\/wp-json\/wp\/v2\/posts\/379267\/revisions\/379268"}],"wp:featuredmedia":[{"embeddable":true,"href":"https:\/\/www.notibras.com\/site\/wp-json\/wp\/v2\/media\/150650"}],"wp:attachment":[{"href":"https:\/\/www.notibras.com\/site\/wp-json\/wp\/v2\/media?parent=379267"}],"wp:term":[{"taxonomy":"category","embeddable":true,"href":"https:\/\/www.notibras.com\/site\/wp-json\/wp\/v2\/categories?post=379267"},{"taxonomy":"post_tag","embeddable":true,"href":"https:\/\/www.notibras.com\/site\/wp-json\/wp\/v2\/tags?post=379267"}],"curies":[{"name":"wp","href":"https:\/\/api.w.org\/{rel}","templated":true}]}}