{"id":379269,"date":"2026-01-16T00:00:31","date_gmt":"2026-01-16T03:00:31","guid":{"rendered":"https:\/\/www.notibras.com\/site\/?p=379269"},"modified":"2026-01-16T06:07:15","modified_gmt":"2026-01-16T09:07:15","slug":"venda-de-motocicletas-e-a-maior-dos-ultimos-22-anos","status":"publish","type":"post","link":"https:\/\/www.notibras.com\/site\/venda-de-motocicletas-e-a-maior-dos-ultimos-22-anos\/","title":{"rendered":"Venda de motocicletas \u00e9 a maior dos \u00faltimos 22 anos"},"content":{"rendered":"<p>A venda de motocicletas no pa\u00eds em 2025 foi a maior registrada desde 2003. Foram comercializadas 2.197.851 unidades no ano passado, uma alta de 17,1% em rela\u00e7\u00e3o a 2024 (1.876.427 unidades).<\/p>\n<p>O segundo ano com mais vendas foi 2011 (1.940.543 unidades) e o terceiro, 2008 (1.925.558 unidades).<\/p>\n<p>Os dados, divulgados nesta quinta-feira (15), s\u00e3o da Associa\u00e7\u00e3o Brasileira dos Fabricantes de Motocicletas, Ciclomotores, Motonetas, Bicicletas e Similares (Abraciclo).<\/p>\n<p>\u201cO desempenho do setor reflete a demanda aquecida por ve\u00edculos de duas rodas, impulsionada principalmente pela mobilidade urbana e pelo uso profissional\u201d, destaca o presidente da entidade, Marcos Bento.<\/p>\n<p>No ano passado, 1.980.538 motocicletas foram produzidas nas linhas de montagem das fabricantes instaladas em Manaus, volume 13,3% superior ao registrado em 2024. Esse foi o melhor desempenho do setor desde 2011 e o terceiro maior da hist\u00f3ria da ind\u00fastria motocicl\u00edstica nacional, desde 2003.<\/p>\n<p>As exporta\u00e7\u00f5es encerraram 2025 com 43.117 motocicletas embarcadas, volume 39,1% superior ao registrado no ano anterior.<\/p>\n<p><strong>Proje\u00e7\u00f5es para 2026<\/strong><br \/>\nA Abraciclo estima que a produ\u00e7\u00e3o em 2026 dever\u00e1 ser de aproximadamente 2.070.000 motocicletas, volume 4,5% superior \u00e0s 1.980.538 unidades fabricadas em 2025.<\/p>\n<p>A previs\u00e3o da entidade \u00e9 que sejam vendidas no pa\u00eds, neste ano, 2.300.000 motocicletas, um avan\u00e7o de 4,6% em rela\u00e7\u00e3o \u00e0s 2.197.851 unidades comercializadas no ano passado.<\/p>\n<p>As exporta\u00e7\u00f5es, segundo a Abraciclo, tamb\u00e9m devem apresentar eleva\u00e7\u00e3o. A entidade estima que 45.000 motocicletas sejam destinadas ao mercado externo em 2026, crescimento de 4,4% na compara\u00e7\u00e3o com 2025.<\/p>\n<p>\u201cAs proje\u00e7\u00f5es indicam o crescimento consolidado do segmento no Brasil e refor\u00e7am o papel estrat\u00e9gico do Polo Industrial de Manaus, o maior polo de produ\u00e7\u00e3o de duas rodas fora do eixo asi\u00e1tico\u201d, afirma o presidente da Abraciclo.<\/p>\n","protected":false},"excerpt":{"rendered":"<p>A venda de motocicletas no pa\u00eds em 2025 foi a maior registrada desde 2003. Foram comercializadas 2.197.851 unidades no ano passado, uma alta de 17,1% em rela\u00e7\u00e3o a 2024 (1.876.427 unidades). O segundo ano com mais vendas foi 2011 (1.940.543 unidades) e o terceiro, 2008 (1.925.558 unidades). Os dados, divulgados nesta quinta-feira (15), s\u00e3o da [&hellip;]<\/p>\n","protected":false},"author":2,"featured_media":379270,"comment_status":"closed","ping_status":"closed","sticky":false,"template":"","format":"standard","meta":{"_acf_changed":false,"footnotes":""},"categories":[16],"tags":[],"class_list":["post-379269","post","type-post","status-publish","format-standard","has-post-thumbnail","hentry","category-brasil"],"acf":[],"yoast_head":"<!-- This site is optimized with the Yoast SEO plugin v27.2 - https:\/\/yoast.com\/product\/yoast-seo-wordpress\/ -->\n<title>Venda de motocicletas \u00e9 a maior dos \u00faltimos 22 anos - Notibras<\/title>\n<meta name=\"robots\" content=\"index, follow, max-snippet:-1, max-image-preview:large, max-video-preview:-1\" \/>\n<link rel=\"canonical\" href=\"https:\/\/www.notibras.com\/site\/venda-de-motocicletas-e-a-maior-dos-ultimos-22-anos\/\" \/>\n<meta property=\"og:locale\" content=\"pt_BR\" \/>\n<meta property=\"og:type\" content=\"article\" \/>\n<meta property=\"og:title\" content=\"Venda de motocicletas \u00e9 a maior dos \u00faltimos 22 anos - Notibras\" \/>\n<meta property=\"og:description\" content=\"A venda de motocicletas no pa\u00eds em 2025 foi a maior registrada desde 2003. Foram comercializadas 2.197.851 unidades no ano passado, uma alta de 17,1% em rela\u00e7\u00e3o a 2024 (1.876.427 unidades). O segundo ano com mais vendas foi 2011 (1.940.543 unidades) e o terceiro, 2008 (1.925.558 unidades). Os dados, divulgados nesta quinta-feira (15), s\u00e3o da [&hellip;]\" \/>\n<meta property=\"og:url\" content=\"https:\/\/www.notibras.com\/site\/venda-de-motocicletas-e-a-maior-dos-ultimos-22-anos\/\" \/>\n<meta property=\"og:site_name\" content=\"Notibras\" \/>\n<meta property=\"article:publisher\" content=\"https:\/\/www.facebook.com\/notibras\/\" \/>\n<meta property=\"article:published_time\" content=\"2026-01-16T03:00:31+00:00\" \/>\n<meta property=\"article:modified_time\" content=\"2026-01-16T09:07:15+00:00\" \/>\n<meta property=\"og:image\" content=\"https:\/\/www.notibras.com\/site\/wp-content\/uploads\/2026\/01\/img_8166.webp\" \/>\n\t<meta property=\"og:image:width\" content=\"1170\" \/>\n\t<meta property=\"og:image:height\" content=\"700\" \/>\n\t<meta property=\"og:image:type\" content=\"image\/webp\" \/>\n<meta name=\"author\" content=\"Reda\u00e7\u00e3o\" \/>\n<meta name=\"twitter:card\" content=\"summary_large_image\" \/>\n<meta name=\"twitter:creator\" content=\"@Notibras\" \/>\n<meta name=\"twitter:site\" content=\"@Notibras\" \/>\n<meta name=\"twitter:label1\" content=\"Escrito por\" \/>\n\t<meta name=\"twitter:data1\" content=\"Reda\u00e7\u00e3o\" \/>\n\t<meta name=\"twitter:label2\" content=\"Est. tempo de leitura\" \/>\n\t<meta name=\"twitter:data2\" content=\"2 minutos\" \/>\n<script type=\"application\/ld+json\" class=\"yoast-schema-graph\">{\"@context\":\"https:\/\/schema.org\",\"@graph\":[{\"@type\":\"Article\",\"@id\":\"https:\/\/www.notibras.com\/site\/venda-de-motocicletas-e-a-maior-dos-ultimos-22-anos\/#article\",\"isPartOf\":{\"@id\":\"https:\/\/www.notibras.com\/site\/venda-de-motocicletas-e-a-maior-dos-ultimos-22-anos\/\"},\"author\":{\"name\":\"Reda\u00e7\u00e3o\",\"@id\":\"https:\/\/www.notibras.com\/site\/#\/schema\/person\/36ab0979449956132d3e5b517ea76ac8\"},\"headline\":\"Venda de motocicletas \u00e9 a maior dos \u00faltimos 22 anos\",\"datePublished\":\"2026-01-16T03:00:31+00:00\",\"dateModified\":\"2026-01-16T09:07:15+00:00\",\"mainEntityOfPage\":{\"@id\":\"https:\/\/www.notibras.com\/site\/venda-de-motocicletas-e-a-maior-dos-ultimos-22-anos\/\"},\"wordCount\":274,\"publisher\":{\"@id\":\"https:\/\/www.notibras.com\/site\/#organization\"},\"image\":{\"@id\":\"https:\/\/www.notibras.com\/site\/venda-de-motocicletas-e-a-maior-dos-ultimos-22-anos\/#primaryimage\"},\"thumbnailUrl\":\"https:\/\/www.notibras.com\/site\/wp-content\/uploads\/2026\/01\/img_8166.webp\",\"articleSection\":[\"Brasil\"],\"inLanguage\":\"pt-BR\"},{\"@type\":\"WebPage\",\"@id\":\"https:\/\/www.notibras.com\/site\/venda-de-motocicletas-e-a-maior-dos-ultimos-22-anos\/\",\"url\":\"https:\/\/www.notibras.com\/site\/venda-de-motocicletas-e-a-maior-dos-ultimos-22-anos\/\",\"name\":\"Venda de motocicletas \u00e9 a maior dos \u00faltimos 22 anos - Notibras\",\"isPartOf\":{\"@id\":\"https:\/\/www.notibras.com\/site\/#website\"},\"primaryImageOfPage\":{\"@id\":\"https:\/\/www.notibras.com\/site\/venda-de-motocicletas-e-a-maior-dos-ultimos-22-anos\/#primaryimage\"},\"image\":{\"@id\":\"https:\/\/www.notibras.com\/site\/venda-de-motocicletas-e-a-maior-dos-ultimos-22-anos\/#primaryimage\"},\"thumbnailUrl\":\"https:\/\/www.notibras.com\/site\/wp-content\/uploads\/2026\/01\/img_8166.webp\",\"datePublished\":\"2026-01-16T03:00:31+00:00\",\"dateModified\":\"2026-01-16T09:07:15+00:00\",\"breadcrumb\":{\"@id\":\"https:\/\/www.notibras.com\/site\/venda-de-motocicletas-e-a-maior-dos-ultimos-22-anos\/#breadcrumb\"},\"inLanguage\":\"pt-BR\",\"potentialAction\":[{\"@type\":\"ReadAction\",\"target\":[\"https:\/\/www.notibras.com\/site\/venda-de-motocicletas-e-a-maior-dos-ultimos-22-anos\/\"]}]},{\"@type\":\"ImageObject\",\"inLanguage\":\"pt-BR\",\"@id\":\"https:\/\/www.notibras.com\/site\/venda-de-motocicletas-e-a-maior-dos-ultimos-22-anos\/#primaryimage\",\"url\":\"https:\/\/www.notibras.com\/site\/wp-content\/uploads\/2026\/01\/img_8166.webp\",\"contentUrl\":\"https:\/\/www.notibras.com\/site\/wp-content\/uploads\/2026\/01\/img_8166.webp\",\"width\":1170,\"height\":700},{\"@type\":\"BreadcrumbList\",\"@id\":\"https:\/\/www.notibras.com\/site\/venda-de-motocicletas-e-a-maior-dos-ultimos-22-anos\/#breadcrumb\",\"itemListElement\":[{\"@type\":\"ListItem\",\"position\":1,\"name\":\"In\u00edcio\",\"item\":\"https:\/\/www.notibras.com\/site\/\"},{\"@type\":\"ListItem\",\"position\":2,\"name\":\"Venda de motocicletas \u00e9 a maior dos \u00faltimos 22 anos\"}]},{\"@type\":\"WebSite\",\"@id\":\"https:\/\/www.notibras.com\/site\/#website\",\"url\":\"https:\/\/www.notibras.com\/site\/\",\"name\":\"Notibras\",\"description\":\"Not\u00edcias de Bras\u00edlia, do Brasil e do Mundo\",\"publisher\":{\"@id\":\"https:\/\/www.notibras.com\/site\/#organization\"},\"potentialAction\":[{\"@type\":\"SearchAction\",\"target\":{\"@type\":\"EntryPoint\",\"urlTemplate\":\"https:\/\/www.notibras.com\/site\/?s={search_term_string}\"},\"query-input\":{\"@type\":\"PropertyValueSpecification\",\"valueRequired\":true,\"valueName\":\"search_term_string\"}}],\"inLanguage\":\"pt-BR\"},{\"@type\":\"Organization\",\"@id\":\"https:\/\/www.notibras.com\/site\/#organization\",\"name\":\"Grupo Notibras de Comunica\u00e7\u00e3o\",\"url\":\"https:\/\/www.notibras.com\/site\/\",\"logo\":{\"@type\":\"ImageObject\",\"inLanguage\":\"pt-BR\",\"@id\":\"https:\/\/www.notibras.com\/site\/#\/schema\/logo\/image\/\",\"url\":\"https:\/\/www.notibras.com\/site\/wp-content\/uploads\/2023\/01\/notibras23.png\",\"contentUrl\":\"https:\/\/www.notibras.com\/site\/wp-content\/uploads\/2023\/01\/notibras23.png\",\"width\":350,\"height\":87,\"caption\":\"Grupo Notibras de Comunica\u00e7\u00e3o\"},\"image\":{\"@id\":\"https:\/\/www.notibras.com\/site\/#\/schema\/logo\/image\/\"},\"sameAs\":[\"https:\/\/www.facebook.com\/notibras\/\",\"https:\/\/x.com\/Notibras\",\"https:\/\/www.instagram.com\/notibras\/\"]},{\"@type\":\"Person\",\"@id\":\"https:\/\/www.notibras.com\/site\/#\/schema\/person\/36ab0979449956132d3e5b517ea76ac8\",\"name\":\"Reda\u00e7\u00e3o\",\"image\":{\"@type\":\"ImageObject\",\"inLanguage\":\"pt-BR\",\"@id\":\"https:\/\/secure.gravatar.com\/avatar\/e0a867bdedb85fd243eadf09663511f96fc81e0720a4a42581f334ad4303aa6b?s=96&d=mm&r=g\",\"url\":\"https:\/\/secure.gravatar.com\/avatar\/e0a867bdedb85fd243eadf09663511f96fc81e0720a4a42581f334ad4303aa6b?s=96&d=mm&r=g\",\"contentUrl\":\"https:\/\/secure.gravatar.com\/avatar\/e0a867bdedb85fd243eadf09663511f96fc81e0720a4a42581f334ad4303aa6b?s=96&d=mm&r=g\",\"caption\":\"Reda\u00e7\u00e3o\"}}]}<\/script>\n<!-- \/ Yoast SEO plugin. -->","yoast_head_json":{"title":"Venda de motocicletas \u00e9 a maior dos \u00faltimos 22 anos - Notibras","robots":{"index":"index","follow":"follow","max-snippet":"max-snippet:-1","max-image-preview":"max-image-preview:large","max-video-preview":"max-video-preview:-1"},"canonical":"https:\/\/www.notibras.com\/site\/venda-de-motocicletas-e-a-maior-dos-ultimos-22-anos\/","og_locale":"pt_BR","og_type":"article","og_title":"Venda de motocicletas \u00e9 a maior dos \u00faltimos 22 anos - Notibras","og_description":"A venda de motocicletas no pa\u00eds em 2025 foi a maior registrada desde 2003. Foram comercializadas 2.197.851 unidades no ano passado, uma alta de 17,1% em rela\u00e7\u00e3o a 2024 (1.876.427 unidades). O segundo ano com mais vendas foi 2011 (1.940.543 unidades) e o terceiro, 2008 (1.925.558 unidades). Os dados, divulgados nesta quinta-feira (15), s\u00e3o da [&hellip;]","og_url":"https:\/\/www.notibras.com\/site\/venda-de-motocicletas-e-a-maior-dos-ultimos-22-anos\/","og_site_name":"Notibras","article_publisher":"https:\/\/www.facebook.com\/notibras\/","article_published_time":"2026-01-16T03:00:31+00:00","article_modified_time":"2026-01-16T09:07:15+00:00","og_image":[{"width":1170,"height":700,"url":"https:\/\/www.notibras.com\/site\/wp-content\/uploads\/2026\/01\/img_8166.webp","type":"image\/webp"}],"author":"Reda\u00e7\u00e3o","twitter_card":"summary_large_image","twitter_creator":"@Notibras","twitter_site":"@Notibras","twitter_misc":{"Escrito por":"Reda\u00e7\u00e3o","Est. tempo de leitura":"2 minutos"},"schema":{"@context":"https:\/\/schema.org","@graph":[{"@type":"Article","@id":"https:\/\/www.notibras.com\/site\/venda-de-motocicletas-e-a-maior-dos-ultimos-22-anos\/#article","isPartOf":{"@id":"https:\/\/www.notibras.com\/site\/venda-de-motocicletas-e-a-maior-dos-ultimos-22-anos\/"},"author":{"name":"Reda\u00e7\u00e3o","@id":"https:\/\/www.notibras.com\/site\/#\/schema\/person\/36ab0979449956132d3e5b517ea76ac8"},"headline":"Venda de motocicletas \u00e9 a maior dos \u00faltimos 22 anos","datePublished":"2026-01-16T03:00:31+00:00","dateModified":"2026-01-16T09:07:15+00:00","mainEntityOfPage":{"@id":"https:\/\/www.notibras.com\/site\/venda-de-motocicletas-e-a-maior-dos-ultimos-22-anos\/"},"wordCount":274,"publisher":{"@id":"https:\/\/www.notibras.com\/site\/#organization"},"image":{"@id":"https:\/\/www.notibras.com\/site\/venda-de-motocicletas-e-a-maior-dos-ultimos-22-anos\/#primaryimage"},"thumbnailUrl":"https:\/\/www.notibras.com\/site\/wp-content\/uploads\/2026\/01\/img_8166.webp","articleSection":["Brasil"],"inLanguage":"pt-BR"},{"@type":"WebPage","@id":"https:\/\/www.notibras.com\/site\/venda-de-motocicletas-e-a-maior-dos-ultimos-22-anos\/","url":"https:\/\/www.notibras.com\/site\/venda-de-motocicletas-e-a-maior-dos-ultimos-22-anos\/","name":"Venda de motocicletas \u00e9 a maior dos \u00faltimos 22 anos - Notibras","isPartOf":{"@id":"https:\/\/www.notibras.com\/site\/#website"},"primaryImageOfPage":{"@id":"https:\/\/www.notibras.com\/site\/venda-de-motocicletas-e-a-maior-dos-ultimos-22-anos\/#primaryimage"},"image":{"@id":"https:\/\/www.notibras.com\/site\/venda-de-motocicletas-e-a-maior-dos-ultimos-22-anos\/#primaryimage"},"thumbnailUrl":"https:\/\/www.notibras.com\/site\/wp-content\/uploads\/2026\/01\/img_8166.webp","datePublished":"2026-01-16T03:00:31+00:00","dateModified":"2026-01-16T09:07:15+00:00","breadcrumb":{"@id":"https:\/\/www.notibras.com\/site\/venda-de-motocicletas-e-a-maior-dos-ultimos-22-anos\/#breadcrumb"},"inLanguage":"pt-BR","potentialAction":[{"@type":"ReadAction","target":["https:\/\/www.notibras.com\/site\/venda-de-motocicletas-e-a-maior-dos-ultimos-22-anos\/"]}]},{"@type":"ImageObject","inLanguage":"pt-BR","@id":"https:\/\/www.notibras.com\/site\/venda-de-motocicletas-e-a-maior-dos-ultimos-22-anos\/#primaryimage","url":"https:\/\/www.notibras.com\/site\/wp-content\/uploads\/2026\/01\/img_8166.webp","contentUrl":"https:\/\/www.notibras.com\/site\/wp-content\/uploads\/2026\/01\/img_8166.webp","width":1170,"height":700},{"@type":"BreadcrumbList","@id":"https:\/\/www.notibras.com\/site\/venda-de-motocicletas-e-a-maior-dos-ultimos-22-anos\/#breadcrumb","itemListElement":[{"@type":"ListItem","position":1,"name":"In\u00edcio","item":"https:\/\/www.notibras.com\/site\/"},{"@type":"ListItem","position":2,"name":"Venda de motocicletas \u00e9 a maior dos \u00faltimos 22 anos"}]},{"@type":"WebSite","@id":"https:\/\/www.notibras.com\/site\/#website","url":"https:\/\/www.notibras.com\/site\/","name":"Notibras","description":"Not\u00edcias de Bras\u00edlia, do Brasil e do Mundo","publisher":{"@id":"https:\/\/www.notibras.com\/site\/#organization"},"potentialAction":[{"@type":"SearchAction","target":{"@type":"EntryPoint","urlTemplate":"https:\/\/www.notibras.com\/site\/?s={search_term_string}"},"query-input":{"@type":"PropertyValueSpecification","valueRequired":true,"valueName":"search_term_string"}}],"inLanguage":"pt-BR"},{"@type":"Organization","@id":"https:\/\/www.notibras.com\/site\/#organization","name":"Grupo Notibras de Comunica\u00e7\u00e3o","url":"https:\/\/www.notibras.com\/site\/","logo":{"@type":"ImageObject","inLanguage":"pt-BR","@id":"https:\/\/www.notibras.com\/site\/#\/schema\/logo\/image\/","url":"https:\/\/www.notibras.com\/site\/wp-content\/uploads\/2023\/01\/notibras23.png","contentUrl":"https:\/\/www.notibras.com\/site\/wp-content\/uploads\/2023\/01\/notibras23.png","width":350,"height":87,"caption":"Grupo Notibras de Comunica\u00e7\u00e3o"},"image":{"@id":"https:\/\/www.notibras.com\/site\/#\/schema\/logo\/image\/"},"sameAs":["https:\/\/www.facebook.com\/notibras\/","https:\/\/x.com\/Notibras","https:\/\/www.instagram.com\/notibras\/"]},{"@type":"Person","@id":"https:\/\/www.notibras.com\/site\/#\/schema\/person\/36ab0979449956132d3e5b517ea76ac8","name":"Reda\u00e7\u00e3o","image":{"@type":"ImageObject","inLanguage":"pt-BR","@id":"https:\/\/secure.gravatar.com\/avatar\/e0a867bdedb85fd243eadf09663511f96fc81e0720a4a42581f334ad4303aa6b?s=96&d=mm&r=g","url":"https:\/\/secure.gravatar.com\/avatar\/e0a867bdedb85fd243eadf09663511f96fc81e0720a4a42581f334ad4303aa6b?s=96&d=mm&r=g","contentUrl":"https:\/\/secure.gravatar.com\/avatar\/e0a867bdedb85fd243eadf09663511f96fc81e0720a4a42581f334ad4303aa6b?s=96&d=mm&r=g","caption":"Reda\u00e7\u00e3o"}}]}},"amp_enabled":true,"_links":{"self":[{"href":"https:\/\/www.notibras.com\/site\/wp-json\/wp\/v2\/posts\/379269","targetHints":{"allow":["GET"]}}],"collection":[{"href":"https:\/\/www.notibras.com\/site\/wp-json\/wp\/v2\/posts"}],"about":[{"href":"https:\/\/www.notibras.com\/site\/wp-json\/wp\/v2\/types\/post"}],"author":[{"embeddable":true,"href":"https:\/\/www.notibras.com\/site\/wp-json\/wp\/v2\/users\/2"}],"replies":[{"embeddable":true,"href":"https:\/\/www.notibras.com\/site\/wp-json\/wp\/v2\/comments?post=379269"}],"version-history":[{"count":1,"href":"https:\/\/www.notibras.com\/site\/wp-json\/wp\/v2\/posts\/379269\/revisions"}],"predecessor-version":[{"id":379271,"href":"https:\/\/www.notibras.com\/site\/wp-json\/wp\/v2\/posts\/379269\/revisions\/379271"}],"wp:featuredmedia":[{"embeddable":true,"href":"https:\/\/www.notibras.com\/site\/wp-json\/wp\/v2\/media\/379270"}],"wp:attachment":[{"href":"https:\/\/www.notibras.com\/site\/wp-json\/wp\/v2\/media?parent=379269"}],"wp:term":[{"taxonomy":"category","embeddable":true,"href":"https:\/\/www.notibras.com\/site\/wp-json\/wp\/v2\/categories?post=379269"},{"taxonomy":"post_tag","embeddable":true,"href":"https:\/\/www.notibras.com\/site\/wp-json\/wp\/v2\/tags?post=379269"}],"curies":[{"name":"wp","href":"https:\/\/api.w.org\/{rel}","templated":true}]}}