{"id":379272,"date":"2026-01-16T04:00:35","date_gmt":"2026-01-16T07:00:35","guid":{"rendered":"https:\/\/www.notibras.com\/site\/?p=379272"},"modified":"2026-01-16T09:22:12","modified_gmt":"2026-01-16T12:22:12","slug":"traco-esquizoide-a-ferida-da-rejeicao-e-o-afastamento-como-protecao","status":"publish","type":"post","link":"https:\/\/www.notibras.com\/site\/traco-esquizoide-a-ferida-da-rejeicao-e-o-afastamento-como-protecao\/","title":{"rendered":"Tra\u00e7o Esquizoide: A Ferida da Rejei\u00e7\u00e3o e o Afastamento como Prote\u00e7\u00e3o"},"content":{"rendered":"<p>O tra\u00e7o esquizoide nasce da ferida da rejei\u00e7\u00e3o. \u00c9 uma das estruturas mais precoces na forma\u00e7\u00e3o do car\u00e1ter, surgindo muito cedo, muitas vezes ainda no per\u00edodo gestacional ou nos primeiros meses de vida. Antes mesmo de a crian\u00e7a compreender o mundo, o corpo j\u00e1 registra uma mensagem silenciosa: \u201cn\u00e3o h\u00e1 lugar seguro para mim aqui\u201d.<\/p>\n<p>Essa rejei\u00e7\u00e3o nem sempre \u00e9 expl\u00edcita. Pode vir de uma gravidez n\u00e3o desejada, de uma m\u00e3e emocionalmente ausente, de um ambiente frio, hostil ou invasivo, ou de cuidadores que n\u00e3o conseguem sustentar o contato afetivo. O beb\u00ea sente o clima emocional. E o corpo responde antes da mente.<\/p>\n<p>Na linguagem corporal reichiana, o esquizoide \u00e9 marcado por uma quebra precoce no fluxo da energia vital. A energia que deveria expandir-se para o contato se retrai. O corpo aprende a se afastar para n\u00e3o sentir a dor da rejei\u00e7\u00e3o. Surge uma cis\u00e3o entre mente e corpo como forma de prote\u00e7\u00e3o.<\/p>\n<p>A crian\u00e7a esquizoide n\u00e3o luta, n\u00e3o pede, n\u00e3o exige. Ela se retira.<\/p>\n<p>A estrat\u00e9gia emocional \u00e9 simples e sofisticada: menos contato, menos dor.<\/p>\n<p>Com o tempo, essa retirada se transforma em padr\u00e3o. O mundo interno passa a ser mais seguro do que o mundo externo. A mente vira ref\u00fagio. O pensamento, a imagina\u00e7\u00e3o e a observa\u00e7\u00e3o ganham for\u00e7a. O corpo, por sua vez, tende ao retraimento, \u00e0 desorganiza\u00e7\u00e3o ou \u00e0 sensa\u00e7\u00e3o de pouca presen\u00e7a.<\/p>\n<p>Na vida adulta, o tra\u00e7o esquizoide aparece como dificuldade de pertencimento. A pessoa frequentemente sente que n\u00e3o se encaixa, que \u00e9 diferente ou que est\u00e1 sempre \u201cdo lado de fora\u201d. H\u00e1 uma sensa\u00e7\u00e3o constante de n\u00e3o ter lugar, mesmo quando objetivamente existe espa\u00e7o.<\/p>\n<p>No cotidiano, isso se manifesta de formas muito concretas:<\/p>\n<p>\u2013 Desconforto em ambientes sociais<br \/>\n\u2013 Cansa\u00e7o ap\u00f3s intera\u00e7\u00f5es prolongadas<br \/>\n\u2013 Dificuldade de iniciar ou sustentar v\u00ednculos \u00edntimos<br \/>\n\u2013 Tend\u00eancia ao isolamento emocional<br \/>\n\u2013 Vida mental intensa, rica, anal\u00edtica<br \/>\n\u2013 Sensa\u00e7\u00e3o de observar a vida mais do que viv\u00ea-la<\/p>\n<p>O esquizoide n\u00e3o \u00e9 frio. Ele \u00e9 sens\u00edvel demais para um mundo que foi sentido como hostil. O afastamento n\u00e3o \u00e9 desinteresse, \u00e9 autoprote\u00e7\u00e3o.<\/p>\n<p>No corpo, essa estrutura pode aparecer como sensa\u00e7\u00e3o de falta de enraizamento, pouca conex\u00e3o com as pr\u00f3prias sensa\u00e7\u00f5es, respira\u00e7\u00e3o superficial ou dificuldade de sentir prazer no contato f\u00edsico. N\u00e3o se trata de est\u00e9tica, mas de presen\u00e7a corporal.<\/p>\n<p>Muitos esquizoides funcionam bem intelectualmente, mas t\u00eam dificuldade de habitar o pr\u00f3prio corpo. A mente se desenvolve, mas o corpo fica como um territ\u00f3rio pouco ocupado. Isso gera uma vida vivida \u201cdo pesco\u00e7o para cima\u201d.<\/p>\n<p>Nos relacionamentos, o esquizoide deseja conex\u00e3o, mas teme a invas\u00e3o. Aproxima-se com cautela e afasta-se quando o v\u00ednculo come\u00e7a a aprofundar. N\u00e3o por falta de amor, mas por medo de se perder ou se machucar novamente.<\/p>\n<p>A dor central \u00e9 profunda e silenciosa: \u201cSe eu me mostrar por inteiro, n\u00e3o sou aceito.\u201d<\/p>\n<p>A cura do tra\u00e7o esquizoide n\u00e3o passa por exposi\u00e7\u00e3o for\u00e7ada, nem por exig\u00eancias de socializa\u00e7\u00e3o. For\u00e7ar contato s\u00f3 refor\u00e7a a defesa. O caminho terap\u00eautico \u00e9 o da seguran\u00e7a no v\u00ednculo.<\/p>\n<p>\u00c9 preciso criar experi\u00eancias onde o contato n\u00e3o machuca. Onde existir n\u00e3o gera rejei\u00e7\u00e3o. Onde o corpo pode, aos poucos, sentir que \u00e9 seguro estar presente.<br \/>\nNo processo terap\u00eautico, o trabalho envolve:<\/p>\n<p>\u2013 Reconex\u00e3o com o corpo e as sensa\u00e7\u00f5es<br \/>\n\u2013 Exerc\u00edcios de aterramento e presen\u00e7a<br \/>\n\u2013 Respeito ao ritmo de aproxima\u00e7\u00e3o<br \/>\n\u2013 Constru\u00e7\u00e3o de v\u00ednculos poucos, mas seguros<br \/>\n\u2013 Valida\u00e7\u00e3o da sensibilidade como for\u00e7a, n\u00e3o fraqueza<\/p>\n<p>Quando o esquizoide come\u00e7a a habitar o pr\u00f3prio corpo, algo essencial se reorganiza. A energia vital volta a circular. O contato deixa de ser amea\u00e7a. A presen\u00e7a deixa de ser perigosa.<\/p>\n<p>A grande virada acontece quando a pessoa internaliza, n\u00e3o como ideia, mas como experi\u00eancia corporal: \u201cEu posso existir, ocupar espa\u00e7o e ainda assim estar seguro.\u201d<br \/>\nNesse momento, o esquizoide deixa de apenas observar a vida e come\u00e7a, aos poucos, a participar dela.<\/p>\n<p>Na pr\u00f3xima semana, exploraremos um padr\u00e3o que surge de uma din\u00e2mica relacional completamente diferente. N\u00e3o perca a continua\u00e7\u00e3o desta s\u00e9rie: &#8220;Tra\u00e7o Masoquista: A armadilha do sofrimento e a dificuldade de receber o bem&#8221;.<\/p>\n<p><strong>&#8230;&#8230;&#8230;&#8230;&#8230;&#8230;&#8230;..<\/strong><\/p>\n<p><strong>Marina Dutra \u2013 Terapeuta <\/strong><br \/>\n<strong>Instagram: @sersuperconsciente<\/strong><br \/>\n<strong>E-mail: sersuperconsciente@gmail.com<\/strong><\/p>\n","protected":false},"excerpt":{"rendered":"<p>O tra\u00e7o esquizoide nasce da ferida da rejei\u00e7\u00e3o. \u00c9 uma das estruturas mais precoces na forma\u00e7\u00e3o do car\u00e1ter, surgindo muito cedo, muitas vezes ainda no per\u00edodo gestacional ou nos primeiros meses de vida. Antes mesmo de a crian\u00e7a compreender o mundo, o corpo j\u00e1 registra uma mensagem silenciosa: \u201cn\u00e3o h\u00e1 lugar seguro para mim aqui\u201d. [&hellip;]<\/p>\n","protected":false},"author":21,"featured_media":379273,"comment_status":"closed","ping_status":"closed","sticky":false,"template":"","format":"standard","meta":{"_acf_changed":false,"footnotes":""},"categories":[155],"tags":[],"class_list":["post-379272","post","type-post","status-publish","format-standard","has-post-thumbnail","hentry","category-leitura-vip"],"acf":[],"yoast_head":"<!-- This site is optimized with the Yoast SEO plugin v27.2 - https:\/\/yoast.com\/product\/yoast-seo-wordpress\/ -->\n<title>Tra\u00e7o Esquizoide: A Ferida da Rejei\u00e7\u00e3o e o Afastamento como Prote\u00e7\u00e3o - Notibras<\/title>\n<meta name=\"robots\" content=\"index, follow, max-snippet:-1, max-image-preview:large, max-video-preview:-1\" \/>\n<link rel=\"canonical\" href=\"https:\/\/www.notibras.com\/site\/traco-esquizoide-a-ferida-da-rejeicao-e-o-afastamento-como-protecao\/\" \/>\n<meta property=\"og:locale\" content=\"pt_BR\" \/>\n<meta property=\"og:type\" content=\"article\" \/>\n<meta property=\"og:title\" content=\"Tra\u00e7o Esquizoide: A Ferida da Rejei\u00e7\u00e3o e o Afastamento como Prote\u00e7\u00e3o - Notibras\" \/>\n<meta property=\"og:description\" content=\"O tra\u00e7o esquizoide nasce da ferida da rejei\u00e7\u00e3o. \u00c9 uma das estruturas mais precoces na forma\u00e7\u00e3o do car\u00e1ter, surgindo muito cedo, muitas vezes ainda no per\u00edodo gestacional ou nos primeiros meses de vida. Antes mesmo de a crian\u00e7a compreender o mundo, o corpo j\u00e1 registra uma mensagem silenciosa: \u201cn\u00e3o h\u00e1 lugar seguro para mim aqui\u201d. [&hellip;]\" \/>\n<meta property=\"og:url\" content=\"https:\/\/www.notibras.com\/site\/traco-esquizoide-a-ferida-da-rejeicao-e-o-afastamento-como-protecao\/\" \/>\n<meta property=\"og:site_name\" content=\"Notibras\" \/>\n<meta property=\"article:publisher\" content=\"https:\/\/www.facebook.com\/notibras\/\" \/>\n<meta property=\"article:published_time\" content=\"2026-01-16T07:00:35+00:00\" \/>\n<meta property=\"article:modified_time\" content=\"2026-01-16T12:22:12+00:00\" \/>\n<meta property=\"og:image\" content=\"https:\/\/www.notibras.com\/site\/wp-content\/uploads\/2026\/01\/WhatsApp-Image-2026-01-12-at-20.44.25.jpeg\" \/>\n\t<meta property=\"og:image:width\" content=\"1024\" \/>\n\t<meta property=\"og:image:height\" content=\"1024\" \/>\n\t<meta property=\"og:image:type\" content=\"image\/jpeg\" \/>\n<meta name=\"author\" content=\"Eduardo Mart\u00ednez\" \/>\n<meta name=\"twitter:card\" content=\"summary_large_image\" \/>\n<meta name=\"twitter:creator\" content=\"@Notibras\" \/>\n<meta name=\"twitter:site\" content=\"@Notibras\" \/>\n<meta name=\"twitter:label1\" content=\"Escrito por\" \/>\n\t<meta name=\"twitter:data1\" content=\"Eduardo Mart\u00ednez\" \/>\n\t<meta name=\"twitter:label2\" content=\"Est. tempo de leitura\" \/>\n\t<meta name=\"twitter:data2\" content=\"4 minutos\" \/>\n<script type=\"application\/ld+json\" class=\"yoast-schema-graph\">{\"@context\":\"https:\/\/schema.org\",\"@graph\":[{\"@type\":\"Article\",\"@id\":\"https:\/\/www.notibras.com\/site\/traco-esquizoide-a-ferida-da-rejeicao-e-o-afastamento-como-protecao\/#article\",\"isPartOf\":{\"@id\":\"https:\/\/www.notibras.com\/site\/traco-esquizoide-a-ferida-da-rejeicao-e-o-afastamento-como-protecao\/\"},\"author\":{\"name\":\"Eduardo Mart\u00ednez\",\"@id\":\"https:\/\/www.notibras.com\/site\/#\/schema\/person\/5b7fabf2aedc3ada2105f03b22b4d3dd\"},\"headline\":\"Tra\u00e7o Esquizoide: A Ferida da Rejei\u00e7\u00e3o e o Afastamento como Prote\u00e7\u00e3o\",\"datePublished\":\"2026-01-16T07:00:35+00:00\",\"dateModified\":\"2026-01-16T12:22:12+00:00\",\"mainEntityOfPage\":{\"@id\":\"https:\/\/www.notibras.com\/site\/traco-esquizoide-a-ferida-da-rejeicao-e-o-afastamento-como-protecao\/\"},\"wordCount\":773,\"publisher\":{\"@id\":\"https:\/\/www.notibras.com\/site\/#organization\"},\"image\":{\"@id\":\"https:\/\/www.notibras.com\/site\/traco-esquizoide-a-ferida-da-rejeicao-e-o-afastamento-como-protecao\/#primaryimage\"},\"thumbnailUrl\":\"https:\/\/www.notibras.com\/site\/wp-content\/uploads\/2026\/01\/WhatsApp-Image-2026-01-12-at-20.44.25.jpeg\",\"articleSection\":[\"Leitura Vip\"],\"inLanguage\":\"pt-BR\"},{\"@type\":\"WebPage\",\"@id\":\"https:\/\/www.notibras.com\/site\/traco-esquizoide-a-ferida-da-rejeicao-e-o-afastamento-como-protecao\/\",\"url\":\"https:\/\/www.notibras.com\/site\/traco-esquizoide-a-ferida-da-rejeicao-e-o-afastamento-como-protecao\/\",\"name\":\"Tra\u00e7o Esquizoide: A Ferida da Rejei\u00e7\u00e3o e o Afastamento como Prote\u00e7\u00e3o - Notibras\",\"isPartOf\":{\"@id\":\"https:\/\/www.notibras.com\/site\/#website\"},\"primaryImageOfPage\":{\"@id\":\"https:\/\/www.notibras.com\/site\/traco-esquizoide-a-ferida-da-rejeicao-e-o-afastamento-como-protecao\/#primaryimage\"},\"image\":{\"@id\":\"https:\/\/www.notibras.com\/site\/traco-esquizoide-a-ferida-da-rejeicao-e-o-afastamento-como-protecao\/#primaryimage\"},\"thumbnailUrl\":\"https:\/\/www.notibras.com\/site\/wp-content\/uploads\/2026\/01\/WhatsApp-Image-2026-01-12-at-20.44.25.jpeg\",\"datePublished\":\"2026-01-16T07:00:35+00:00\",\"dateModified\":\"2026-01-16T12:22:12+00:00\",\"breadcrumb\":{\"@id\":\"https:\/\/www.notibras.com\/site\/traco-esquizoide-a-ferida-da-rejeicao-e-o-afastamento-como-protecao\/#breadcrumb\"},\"inLanguage\":\"pt-BR\",\"potentialAction\":[{\"@type\":\"ReadAction\",\"target\":[\"https:\/\/www.notibras.com\/site\/traco-esquizoide-a-ferida-da-rejeicao-e-o-afastamento-como-protecao\/\"]}]},{\"@type\":\"ImageObject\",\"inLanguage\":\"pt-BR\",\"@id\":\"https:\/\/www.notibras.com\/site\/traco-esquizoide-a-ferida-da-rejeicao-e-o-afastamento-como-protecao\/#primaryimage\",\"url\":\"https:\/\/www.notibras.com\/site\/wp-content\/uploads\/2026\/01\/WhatsApp-Image-2026-01-12-at-20.44.25.jpeg\",\"contentUrl\":\"https:\/\/www.notibras.com\/site\/wp-content\/uploads\/2026\/01\/WhatsApp-Image-2026-01-12-at-20.44.25.jpeg\",\"width\":1024,\"height\":1024},{\"@type\":\"BreadcrumbList\",\"@id\":\"https:\/\/www.notibras.com\/site\/traco-esquizoide-a-ferida-da-rejeicao-e-o-afastamento-como-protecao\/#breadcrumb\",\"itemListElement\":[{\"@type\":\"ListItem\",\"position\":1,\"name\":\"In\u00edcio\",\"item\":\"https:\/\/www.notibras.com\/site\/\"},{\"@type\":\"ListItem\",\"position\":2,\"name\":\"Tra\u00e7o Esquizoide: A Ferida da Rejei\u00e7\u00e3o e o Afastamento como Prote\u00e7\u00e3o\"}]},{\"@type\":\"WebSite\",\"@id\":\"https:\/\/www.notibras.com\/site\/#website\",\"url\":\"https:\/\/www.notibras.com\/site\/\",\"name\":\"Notibras\",\"description\":\"Not\u00edcias de Bras\u00edlia, do Brasil e do Mundo\",\"publisher\":{\"@id\":\"https:\/\/www.notibras.com\/site\/#organization\"},\"potentialAction\":[{\"@type\":\"SearchAction\",\"target\":{\"@type\":\"EntryPoint\",\"urlTemplate\":\"https:\/\/www.notibras.com\/site\/?s={search_term_string}\"},\"query-input\":{\"@type\":\"PropertyValueSpecification\",\"valueRequired\":true,\"valueName\":\"search_term_string\"}}],\"inLanguage\":\"pt-BR\"},{\"@type\":\"Organization\",\"@id\":\"https:\/\/www.notibras.com\/site\/#organization\",\"name\":\"Grupo Notibras de Comunica\u00e7\u00e3o\",\"url\":\"https:\/\/www.notibras.com\/site\/\",\"logo\":{\"@type\":\"ImageObject\",\"inLanguage\":\"pt-BR\",\"@id\":\"https:\/\/www.notibras.com\/site\/#\/schema\/logo\/image\/\",\"url\":\"https:\/\/www.notibras.com\/site\/wp-content\/uploads\/2023\/01\/notibras23.png\",\"contentUrl\":\"https:\/\/www.notibras.com\/site\/wp-content\/uploads\/2023\/01\/notibras23.png\",\"width\":350,\"height\":87,\"caption\":\"Grupo Notibras de Comunica\u00e7\u00e3o\"},\"image\":{\"@id\":\"https:\/\/www.notibras.com\/site\/#\/schema\/logo\/image\/\"},\"sameAs\":[\"https:\/\/www.facebook.com\/notibras\/\",\"https:\/\/x.com\/Notibras\",\"https:\/\/www.instagram.com\/notibras\/\"]},{\"@type\":\"Person\",\"@id\":\"https:\/\/www.notibras.com\/site\/#\/schema\/person\/5b7fabf2aedc3ada2105f03b22b4d3dd\",\"name\":\"Eduardo Mart\u00ednez\",\"image\":{\"@type\":\"ImageObject\",\"inLanguage\":\"pt-BR\",\"@id\":\"https:\/\/secure.gravatar.com\/avatar\/7902f906289926289cbcda644b5197c796b893c6ffd7b9a536a42d290f7704a0?s=96&d=mm&r=g\",\"url\":\"https:\/\/secure.gravatar.com\/avatar\/7902f906289926289cbcda644b5197c796b893c6ffd7b9a536a42d290f7704a0?s=96&d=mm&r=g\",\"contentUrl\":\"https:\/\/secure.gravatar.com\/avatar\/7902f906289926289cbcda644b5197c796b893c6ffd7b9a536a42d290f7704a0?s=96&d=mm&r=g\",\"caption\":\"Eduardo Mart\u00ednez\"}}]}<\/script>\n<!-- \/ Yoast SEO plugin. -->","yoast_head_json":{"title":"Tra\u00e7o Esquizoide: A Ferida da Rejei\u00e7\u00e3o e o Afastamento como Prote\u00e7\u00e3o - Notibras","robots":{"index":"index","follow":"follow","max-snippet":"max-snippet:-1","max-image-preview":"max-image-preview:large","max-video-preview":"max-video-preview:-1"},"canonical":"https:\/\/www.notibras.com\/site\/traco-esquizoide-a-ferida-da-rejeicao-e-o-afastamento-como-protecao\/","og_locale":"pt_BR","og_type":"article","og_title":"Tra\u00e7o Esquizoide: A Ferida da Rejei\u00e7\u00e3o e o Afastamento como Prote\u00e7\u00e3o - Notibras","og_description":"O tra\u00e7o esquizoide nasce da ferida da rejei\u00e7\u00e3o. \u00c9 uma das estruturas mais precoces na forma\u00e7\u00e3o do car\u00e1ter, surgindo muito cedo, muitas vezes ainda no per\u00edodo gestacional ou nos primeiros meses de vida. Antes mesmo de a crian\u00e7a compreender o mundo, o corpo j\u00e1 registra uma mensagem silenciosa: \u201cn\u00e3o h\u00e1 lugar seguro para mim aqui\u201d. [&hellip;]","og_url":"https:\/\/www.notibras.com\/site\/traco-esquizoide-a-ferida-da-rejeicao-e-o-afastamento-como-protecao\/","og_site_name":"Notibras","article_publisher":"https:\/\/www.facebook.com\/notibras\/","article_published_time":"2026-01-16T07:00:35+00:00","article_modified_time":"2026-01-16T12:22:12+00:00","og_image":[{"width":1024,"height":1024,"url":"https:\/\/www.notibras.com\/site\/wp-content\/uploads\/2026\/01\/WhatsApp-Image-2026-01-12-at-20.44.25.jpeg","type":"image\/jpeg"}],"author":"Eduardo Mart\u00ednez","twitter_card":"summary_large_image","twitter_creator":"@Notibras","twitter_site":"@Notibras","twitter_misc":{"Escrito por":"Eduardo Mart\u00ednez","Est. tempo de leitura":"4 minutos"},"schema":{"@context":"https:\/\/schema.org","@graph":[{"@type":"Article","@id":"https:\/\/www.notibras.com\/site\/traco-esquizoide-a-ferida-da-rejeicao-e-o-afastamento-como-protecao\/#article","isPartOf":{"@id":"https:\/\/www.notibras.com\/site\/traco-esquizoide-a-ferida-da-rejeicao-e-o-afastamento-como-protecao\/"},"author":{"name":"Eduardo Mart\u00ednez","@id":"https:\/\/www.notibras.com\/site\/#\/schema\/person\/5b7fabf2aedc3ada2105f03b22b4d3dd"},"headline":"Tra\u00e7o Esquizoide: A Ferida da Rejei\u00e7\u00e3o e o Afastamento como Prote\u00e7\u00e3o","datePublished":"2026-01-16T07:00:35+00:00","dateModified":"2026-01-16T12:22:12+00:00","mainEntityOfPage":{"@id":"https:\/\/www.notibras.com\/site\/traco-esquizoide-a-ferida-da-rejeicao-e-o-afastamento-como-protecao\/"},"wordCount":773,"publisher":{"@id":"https:\/\/www.notibras.com\/site\/#organization"},"image":{"@id":"https:\/\/www.notibras.com\/site\/traco-esquizoide-a-ferida-da-rejeicao-e-o-afastamento-como-protecao\/#primaryimage"},"thumbnailUrl":"https:\/\/www.notibras.com\/site\/wp-content\/uploads\/2026\/01\/WhatsApp-Image-2026-01-12-at-20.44.25.jpeg","articleSection":["Leitura Vip"],"inLanguage":"pt-BR"},{"@type":"WebPage","@id":"https:\/\/www.notibras.com\/site\/traco-esquizoide-a-ferida-da-rejeicao-e-o-afastamento-como-protecao\/","url":"https:\/\/www.notibras.com\/site\/traco-esquizoide-a-ferida-da-rejeicao-e-o-afastamento-como-protecao\/","name":"Tra\u00e7o Esquizoide: A Ferida da Rejei\u00e7\u00e3o e o Afastamento como Prote\u00e7\u00e3o - Notibras","isPartOf":{"@id":"https:\/\/www.notibras.com\/site\/#website"},"primaryImageOfPage":{"@id":"https:\/\/www.notibras.com\/site\/traco-esquizoide-a-ferida-da-rejeicao-e-o-afastamento-como-protecao\/#primaryimage"},"image":{"@id":"https:\/\/www.notibras.com\/site\/traco-esquizoide-a-ferida-da-rejeicao-e-o-afastamento-como-protecao\/#primaryimage"},"thumbnailUrl":"https:\/\/www.notibras.com\/site\/wp-content\/uploads\/2026\/01\/WhatsApp-Image-2026-01-12-at-20.44.25.jpeg","datePublished":"2026-01-16T07:00:35+00:00","dateModified":"2026-01-16T12:22:12+00:00","breadcrumb":{"@id":"https:\/\/www.notibras.com\/site\/traco-esquizoide-a-ferida-da-rejeicao-e-o-afastamento-como-protecao\/#breadcrumb"},"inLanguage":"pt-BR","potentialAction":[{"@type":"ReadAction","target":["https:\/\/www.notibras.com\/site\/traco-esquizoide-a-ferida-da-rejeicao-e-o-afastamento-como-protecao\/"]}]},{"@type":"ImageObject","inLanguage":"pt-BR","@id":"https:\/\/www.notibras.com\/site\/traco-esquizoide-a-ferida-da-rejeicao-e-o-afastamento-como-protecao\/#primaryimage","url":"https:\/\/www.notibras.com\/site\/wp-content\/uploads\/2026\/01\/WhatsApp-Image-2026-01-12-at-20.44.25.jpeg","contentUrl":"https:\/\/www.notibras.com\/site\/wp-content\/uploads\/2026\/01\/WhatsApp-Image-2026-01-12-at-20.44.25.jpeg","width":1024,"height":1024},{"@type":"BreadcrumbList","@id":"https:\/\/www.notibras.com\/site\/traco-esquizoide-a-ferida-da-rejeicao-e-o-afastamento-como-protecao\/#breadcrumb","itemListElement":[{"@type":"ListItem","position":1,"name":"In\u00edcio","item":"https:\/\/www.notibras.com\/site\/"},{"@type":"ListItem","position":2,"name":"Tra\u00e7o Esquizoide: A Ferida da Rejei\u00e7\u00e3o e o Afastamento como Prote\u00e7\u00e3o"}]},{"@type":"WebSite","@id":"https:\/\/www.notibras.com\/site\/#website","url":"https:\/\/www.notibras.com\/site\/","name":"Notibras","description":"Not\u00edcias de Bras\u00edlia, do Brasil e do Mundo","publisher":{"@id":"https:\/\/www.notibras.com\/site\/#organization"},"potentialAction":[{"@type":"SearchAction","target":{"@type":"EntryPoint","urlTemplate":"https:\/\/www.notibras.com\/site\/?s={search_term_string}"},"query-input":{"@type":"PropertyValueSpecification","valueRequired":true,"valueName":"search_term_string"}}],"inLanguage":"pt-BR"},{"@type":"Organization","@id":"https:\/\/www.notibras.com\/site\/#organization","name":"Grupo Notibras de Comunica\u00e7\u00e3o","url":"https:\/\/www.notibras.com\/site\/","logo":{"@type":"ImageObject","inLanguage":"pt-BR","@id":"https:\/\/www.notibras.com\/site\/#\/schema\/logo\/image\/","url":"https:\/\/www.notibras.com\/site\/wp-content\/uploads\/2023\/01\/notibras23.png","contentUrl":"https:\/\/www.notibras.com\/site\/wp-content\/uploads\/2023\/01\/notibras23.png","width":350,"height":87,"caption":"Grupo Notibras de Comunica\u00e7\u00e3o"},"image":{"@id":"https:\/\/www.notibras.com\/site\/#\/schema\/logo\/image\/"},"sameAs":["https:\/\/www.facebook.com\/notibras\/","https:\/\/x.com\/Notibras","https:\/\/www.instagram.com\/notibras\/"]},{"@type":"Person","@id":"https:\/\/www.notibras.com\/site\/#\/schema\/person\/5b7fabf2aedc3ada2105f03b22b4d3dd","name":"Eduardo Mart\u00ednez","image":{"@type":"ImageObject","inLanguage":"pt-BR","@id":"https:\/\/secure.gravatar.com\/avatar\/7902f906289926289cbcda644b5197c796b893c6ffd7b9a536a42d290f7704a0?s=96&d=mm&r=g","url":"https:\/\/secure.gravatar.com\/avatar\/7902f906289926289cbcda644b5197c796b893c6ffd7b9a536a42d290f7704a0?s=96&d=mm&r=g","contentUrl":"https:\/\/secure.gravatar.com\/avatar\/7902f906289926289cbcda644b5197c796b893c6ffd7b9a536a42d290f7704a0?s=96&d=mm&r=g","caption":"Eduardo Mart\u00ednez"}}]}},"amp_enabled":true,"_links":{"self":[{"href":"https:\/\/www.notibras.com\/site\/wp-json\/wp\/v2\/posts\/379272","targetHints":{"allow":["GET"]}}],"collection":[{"href":"https:\/\/www.notibras.com\/site\/wp-json\/wp\/v2\/posts"}],"about":[{"href":"https:\/\/www.notibras.com\/site\/wp-json\/wp\/v2\/types\/post"}],"author":[{"embeddable":true,"href":"https:\/\/www.notibras.com\/site\/wp-json\/wp\/v2\/users\/21"}],"replies":[{"embeddable":true,"href":"https:\/\/www.notibras.com\/site\/wp-json\/wp\/v2\/comments?post=379272"}],"version-history":[{"count":1,"href":"https:\/\/www.notibras.com\/site\/wp-json\/wp\/v2\/posts\/379272\/revisions"}],"predecessor-version":[{"id":379274,"href":"https:\/\/www.notibras.com\/site\/wp-json\/wp\/v2\/posts\/379272\/revisions\/379274"}],"wp:featuredmedia":[{"embeddable":true,"href":"https:\/\/www.notibras.com\/site\/wp-json\/wp\/v2\/media\/379273"}],"wp:attachment":[{"href":"https:\/\/www.notibras.com\/site\/wp-json\/wp\/v2\/media?parent=379272"}],"wp:term":[{"taxonomy":"category","embeddable":true,"href":"https:\/\/www.notibras.com\/site\/wp-json\/wp\/v2\/categories?post=379272"},{"taxonomy":"post_tag","embeddable":true,"href":"https:\/\/www.notibras.com\/site\/wp-json\/wp\/v2\/tags?post=379272"}],"curies":[{"name":"wp","href":"https:\/\/api.w.org\/{rel}","templated":true}]}}