{"id":379281,"date":"2026-01-16T00:00:35","date_gmt":"2026-01-16T03:00:35","guid":{"rendered":"https:\/\/www.notibras.com\/site\/?p=379281"},"modified":"2026-01-16T09:33:46","modified_gmt":"2026-01-16T12:33:46","slug":"dino-proibe-emendas-para-ongs-ligadas-a-parentes-de-parlamentares","status":"publish","type":"post","link":"https:\/\/www.notibras.com\/site\/dino-proibe-emendas-para-ongs-ligadas-a-parentes-de-parlamentares\/","title":{"rendered":"Dino pro\u00edbe emendas para Ongs ligadas a parentes de parlamentares"},"content":{"rendered":"<p>O ministro Fl\u00e1vio Dino, do Supremo Tribunal Federal (STF), proibiu nesta quinta-feira (15) a destina\u00e7\u00e3o de emendas parlamentares a entidades do terceiro setor que tenham na dire\u00e7\u00e3o parentes do congressista respons\u00e1vel pela indica\u00e7\u00e3o da verba p\u00fablica.<\/p>\n<p>Pela decis\u00e3o, a proibi\u00e7\u00e3o alcan\u00e7a tamb\u00e9m parentes dos assessores parlamentares do respons\u00e1vel pela emenda. A veda\u00e7\u00e3o alcan\u00e7a ainda outros tipos de pessoas jur\u00eddicas, como empresas que tenham entre os s\u00f3cios ou dirigentes familiares ou c\u00f4njuges de congressistas, prestadores de servi\u00e7o e fornecedores.<\/p>\n<p>\u201cCom efeito, n\u00e3o se revela compat\u00edvel com o regime republicano que parlamentar possa destinar emendas a entidades vinculadas a familiares, direta ou indiretamente, transformando recursos p\u00fablicos em moeda de afeto, conveni\u00eancia ou lealdade pessoal, para n\u00e3o mencionar hip\u00f3teses de escancarado peculato\u201d, escreveu Dino.<\/p>\n<p>Tal pr\u00e1tica \u201cdesnatura por completo a finalidade constitucional das emendas, como tamb\u00e9m esvazia a impessoalidade, degrada a legitimidade da despesa e alimenta a desconfian\u00e7a da sociedade nas institui\u00e7\u00f5es democr\u00e1ticas\u201d, acrescentou o ministro. Ele afirmou ainda que a medida visa impedir a pr\u00e1tica de nepotismo e de improbidade administrativa.<\/p>\n<p>No in\u00edcio da decis\u00e3o, o ministro citou levantamento publicado na quarta-feira (14) pelo jornal O Globo, segundo o qual as emendas destinadas a Organiza\u00e7\u00f5es N\u00e3o Governamentais (ONGs) chegaram a R$ 3,5 bilh\u00f5es na atual legislatura, 410% a mais do destinado em toda a legislatura anterior, entre 2019 e 2022. O valor \u00e9 tamb\u00e9m mais que o triplo das emendas destinadas a estados e o Distrito Federal.<\/p>\n<p>Ap\u00f3s citar esse aumento, Dino afirmou que \u201cavolumam-se ind\u00edcios graves de malversa\u00e7\u00e3o de verbas p\u00fablicas, com a destina\u00e7\u00e3o de recursos para a satisfa\u00e7\u00e3o de interesses privados\u201d. O ministro lembrou que j\u00e1 havia bloqueado os repasses a ONGs sem sede comprovada.<\/p>\n<p>Dino \u00e9 relator de diferentes a\u00e7\u00f5es de descumprimento de preceito fundamental (ADPFs) que tratam da constitucionalidade na libera\u00e7\u00e3o de emendas parlamentares. Desde 2022, o Supremo vem impondo uma s\u00e9rie de medidas para assegurar a transpar\u00eancia e a rastreabilidade dos recursos p\u00fablicos.<\/p>\n<p>Em paralelo, tramitam em diferentes gabinetes diversos casos sobre suspeitas de desvios em emendas parlamentares.<\/p>\n","protected":false},"excerpt":{"rendered":"<p>O ministro Fl\u00e1vio Dino, do Supremo Tribunal Federal (STF), proibiu nesta quinta-feira (15) a destina\u00e7\u00e3o de emendas parlamentares a entidades do terceiro setor que tenham na dire\u00e7\u00e3o parentes do congressista respons\u00e1vel pela indica\u00e7\u00e3o da verba p\u00fablica. Pela decis\u00e3o, a proibi\u00e7\u00e3o alcan\u00e7a tamb\u00e9m parentes dos assessores parlamentares do respons\u00e1vel pela emenda. A veda\u00e7\u00e3o alcan\u00e7a ainda outros [&hellip;]<\/p>\n","protected":false},"author":2,"featured_media":379282,"comment_status":"closed","ping_status":"closed","sticky":false,"template":"","format":"standard","meta":{"_acf_changed":false,"footnotes":""},"categories":[16],"tags":[],"class_list":["post-379281","post","type-post","status-publish","format-standard","has-post-thumbnail","hentry","category-brasil"],"acf":[],"yoast_head":"<!-- This site is optimized with the Yoast SEO plugin v27.2 - https:\/\/yoast.com\/product\/yoast-seo-wordpress\/ -->\n<title>Dino pro\u00edbe emendas para Ongs ligadas a parentes de parlamentares - Notibras<\/title>\n<meta name=\"robots\" content=\"index, follow, max-snippet:-1, max-image-preview:large, max-video-preview:-1\" \/>\n<link rel=\"canonical\" href=\"https:\/\/www.notibras.com\/site\/dino-proibe-emendas-para-ongs-ligadas-a-parentes-de-parlamentares\/\" \/>\n<meta property=\"og:locale\" content=\"pt_BR\" \/>\n<meta property=\"og:type\" content=\"article\" \/>\n<meta property=\"og:title\" content=\"Dino pro\u00edbe emendas para Ongs ligadas a parentes de parlamentares - Notibras\" \/>\n<meta property=\"og:description\" content=\"O ministro Fl\u00e1vio Dino, do Supremo Tribunal Federal (STF), proibiu nesta quinta-feira (15) a destina\u00e7\u00e3o de emendas parlamentares a entidades do terceiro setor que tenham na dire\u00e7\u00e3o parentes do congressista respons\u00e1vel pela indica\u00e7\u00e3o da verba p\u00fablica. Pela decis\u00e3o, a proibi\u00e7\u00e3o alcan\u00e7a tamb\u00e9m parentes dos assessores parlamentares do respons\u00e1vel pela emenda. A veda\u00e7\u00e3o alcan\u00e7a ainda outros [&hellip;]\" \/>\n<meta property=\"og:url\" content=\"https:\/\/www.notibras.com\/site\/dino-proibe-emendas-para-ongs-ligadas-a-parentes-de-parlamentares\/\" \/>\n<meta property=\"og:site_name\" content=\"Notibras\" \/>\n<meta property=\"article:publisher\" content=\"https:\/\/www.facebook.com\/notibras\/\" \/>\n<meta property=\"article:published_time\" content=\"2026-01-16T03:00:35+00:00\" \/>\n<meta property=\"article:modified_time\" content=\"2026-01-16T12:33:46+00:00\" \/>\n<meta property=\"og:image\" content=\"https:\/\/www.notibras.com\/site\/wp-content\/uploads\/2026\/01\/54853319032_2d77ee48ce_o.webp\" \/>\n\t<meta property=\"og:image:width\" content=\"1170\" \/>\n\t<meta property=\"og:image:height\" content=\"700\" \/>\n\t<meta property=\"og:image:type\" content=\"image\/webp\" \/>\n<meta name=\"author\" content=\"Reda\u00e7\u00e3o\" \/>\n<meta name=\"twitter:card\" content=\"summary_large_image\" \/>\n<meta name=\"twitter:creator\" content=\"@Notibras\" \/>\n<meta name=\"twitter:site\" content=\"@Notibras\" \/>\n<meta name=\"twitter:label1\" content=\"Escrito por\" \/>\n\t<meta name=\"twitter:data1\" content=\"Reda\u00e7\u00e3o\" \/>\n\t<meta name=\"twitter:label2\" content=\"Est. tempo de leitura\" \/>\n\t<meta name=\"twitter:data2\" content=\"3 minutos\" \/>\n<script type=\"application\/ld+json\" class=\"yoast-schema-graph\">{\"@context\":\"https:\/\/schema.org\",\"@graph\":[{\"@type\":\"Article\",\"@id\":\"https:\/\/www.notibras.com\/site\/dino-proibe-emendas-para-ongs-ligadas-a-parentes-de-parlamentares\/#article\",\"isPartOf\":{\"@id\":\"https:\/\/www.notibras.com\/site\/dino-proibe-emendas-para-ongs-ligadas-a-parentes-de-parlamentares\/\"},\"author\":{\"name\":\"Reda\u00e7\u00e3o\",\"@id\":\"https:\/\/www.notibras.com\/site\/#\/schema\/person\/36ab0979449956132d3e5b517ea76ac8\"},\"headline\":\"Dino pro\u00edbe emendas para Ongs ligadas a parentes de parlamentares\",\"datePublished\":\"2026-01-16T03:00:35+00:00\",\"dateModified\":\"2026-01-16T12:33:46+00:00\",\"mainEntityOfPage\":{\"@id\":\"https:\/\/www.notibras.com\/site\/dino-proibe-emendas-para-ongs-ligadas-a-parentes-de-parlamentares\/\"},\"wordCount\":379,\"publisher\":{\"@id\":\"https:\/\/www.notibras.com\/site\/#organization\"},\"image\":{\"@id\":\"https:\/\/www.notibras.com\/site\/dino-proibe-emendas-para-ongs-ligadas-a-parentes-de-parlamentares\/#primaryimage\"},\"thumbnailUrl\":\"https:\/\/www.notibras.com\/site\/wp-content\/uploads\/2026\/01\/54853319032_2d77ee48ce_o.webp\",\"articleSection\":[\"Brasil\"],\"inLanguage\":\"pt-BR\"},{\"@type\":\"WebPage\",\"@id\":\"https:\/\/www.notibras.com\/site\/dino-proibe-emendas-para-ongs-ligadas-a-parentes-de-parlamentares\/\",\"url\":\"https:\/\/www.notibras.com\/site\/dino-proibe-emendas-para-ongs-ligadas-a-parentes-de-parlamentares\/\",\"name\":\"Dino pro\u00edbe emendas para Ongs ligadas a parentes de parlamentares - Notibras\",\"isPartOf\":{\"@id\":\"https:\/\/www.notibras.com\/site\/#website\"},\"primaryImageOfPage\":{\"@id\":\"https:\/\/www.notibras.com\/site\/dino-proibe-emendas-para-ongs-ligadas-a-parentes-de-parlamentares\/#primaryimage\"},\"image\":{\"@id\":\"https:\/\/www.notibras.com\/site\/dino-proibe-emendas-para-ongs-ligadas-a-parentes-de-parlamentares\/#primaryimage\"},\"thumbnailUrl\":\"https:\/\/www.notibras.com\/site\/wp-content\/uploads\/2026\/01\/54853319032_2d77ee48ce_o.webp\",\"datePublished\":\"2026-01-16T03:00:35+00:00\",\"dateModified\":\"2026-01-16T12:33:46+00:00\",\"breadcrumb\":{\"@id\":\"https:\/\/www.notibras.com\/site\/dino-proibe-emendas-para-ongs-ligadas-a-parentes-de-parlamentares\/#breadcrumb\"},\"inLanguage\":\"pt-BR\",\"potentialAction\":[{\"@type\":\"ReadAction\",\"target\":[\"https:\/\/www.notibras.com\/site\/dino-proibe-emendas-para-ongs-ligadas-a-parentes-de-parlamentares\/\"]}]},{\"@type\":\"ImageObject\",\"inLanguage\":\"pt-BR\",\"@id\":\"https:\/\/www.notibras.com\/site\/dino-proibe-emendas-para-ongs-ligadas-a-parentes-de-parlamentares\/#primaryimage\",\"url\":\"https:\/\/www.notibras.com\/site\/wp-content\/uploads\/2026\/01\/54853319032_2d77ee48ce_o.webp\",\"contentUrl\":\"https:\/\/www.notibras.com\/site\/wp-content\/uploads\/2026\/01\/54853319032_2d77ee48ce_o.webp\",\"width\":1170,\"height\":700},{\"@type\":\"BreadcrumbList\",\"@id\":\"https:\/\/www.notibras.com\/site\/dino-proibe-emendas-para-ongs-ligadas-a-parentes-de-parlamentares\/#breadcrumb\",\"itemListElement\":[{\"@type\":\"ListItem\",\"position\":1,\"name\":\"In\u00edcio\",\"item\":\"https:\/\/www.notibras.com\/site\/\"},{\"@type\":\"ListItem\",\"position\":2,\"name\":\"Dino pro\u00edbe emendas para Ongs ligadas a parentes de parlamentares\"}]},{\"@type\":\"WebSite\",\"@id\":\"https:\/\/www.notibras.com\/site\/#website\",\"url\":\"https:\/\/www.notibras.com\/site\/\",\"name\":\"Notibras\",\"description\":\"Not\u00edcias de Bras\u00edlia, do Brasil e do Mundo\",\"publisher\":{\"@id\":\"https:\/\/www.notibras.com\/site\/#organization\"},\"potentialAction\":[{\"@type\":\"SearchAction\",\"target\":{\"@type\":\"EntryPoint\",\"urlTemplate\":\"https:\/\/www.notibras.com\/site\/?s={search_term_string}\"},\"query-input\":{\"@type\":\"PropertyValueSpecification\",\"valueRequired\":true,\"valueName\":\"search_term_string\"}}],\"inLanguage\":\"pt-BR\"},{\"@type\":\"Organization\",\"@id\":\"https:\/\/www.notibras.com\/site\/#organization\",\"name\":\"Grupo Notibras de Comunica\u00e7\u00e3o\",\"url\":\"https:\/\/www.notibras.com\/site\/\",\"logo\":{\"@type\":\"ImageObject\",\"inLanguage\":\"pt-BR\",\"@id\":\"https:\/\/www.notibras.com\/site\/#\/schema\/logo\/image\/\",\"url\":\"https:\/\/www.notibras.com\/site\/wp-content\/uploads\/2023\/01\/notibras23.png\",\"contentUrl\":\"https:\/\/www.notibras.com\/site\/wp-content\/uploads\/2023\/01\/notibras23.png\",\"width\":350,\"height\":87,\"caption\":\"Grupo Notibras de Comunica\u00e7\u00e3o\"},\"image\":{\"@id\":\"https:\/\/www.notibras.com\/site\/#\/schema\/logo\/image\/\"},\"sameAs\":[\"https:\/\/www.facebook.com\/notibras\/\",\"https:\/\/x.com\/Notibras\",\"https:\/\/www.instagram.com\/notibras\/\"]},{\"@type\":\"Person\",\"@id\":\"https:\/\/www.notibras.com\/site\/#\/schema\/person\/36ab0979449956132d3e5b517ea76ac8\",\"name\":\"Reda\u00e7\u00e3o\",\"image\":{\"@type\":\"ImageObject\",\"inLanguage\":\"pt-BR\",\"@id\":\"https:\/\/secure.gravatar.com\/avatar\/e0a867bdedb85fd243eadf09663511f96fc81e0720a4a42581f334ad4303aa6b?s=96&d=mm&r=g\",\"url\":\"https:\/\/secure.gravatar.com\/avatar\/e0a867bdedb85fd243eadf09663511f96fc81e0720a4a42581f334ad4303aa6b?s=96&d=mm&r=g\",\"contentUrl\":\"https:\/\/secure.gravatar.com\/avatar\/e0a867bdedb85fd243eadf09663511f96fc81e0720a4a42581f334ad4303aa6b?s=96&d=mm&r=g\",\"caption\":\"Reda\u00e7\u00e3o\"}}]}<\/script>\n<!-- \/ Yoast SEO plugin. -->","yoast_head_json":{"title":"Dino pro\u00edbe emendas para Ongs ligadas a parentes de parlamentares - Notibras","robots":{"index":"index","follow":"follow","max-snippet":"max-snippet:-1","max-image-preview":"max-image-preview:large","max-video-preview":"max-video-preview:-1"},"canonical":"https:\/\/www.notibras.com\/site\/dino-proibe-emendas-para-ongs-ligadas-a-parentes-de-parlamentares\/","og_locale":"pt_BR","og_type":"article","og_title":"Dino pro\u00edbe emendas para Ongs ligadas a parentes de parlamentares - Notibras","og_description":"O ministro Fl\u00e1vio Dino, do Supremo Tribunal Federal (STF), proibiu nesta quinta-feira (15) a destina\u00e7\u00e3o de emendas parlamentares a entidades do terceiro setor que tenham na dire\u00e7\u00e3o parentes do congressista respons\u00e1vel pela indica\u00e7\u00e3o da verba p\u00fablica. Pela decis\u00e3o, a proibi\u00e7\u00e3o alcan\u00e7a tamb\u00e9m parentes dos assessores parlamentares do respons\u00e1vel pela emenda. A veda\u00e7\u00e3o alcan\u00e7a ainda outros [&hellip;]","og_url":"https:\/\/www.notibras.com\/site\/dino-proibe-emendas-para-ongs-ligadas-a-parentes-de-parlamentares\/","og_site_name":"Notibras","article_publisher":"https:\/\/www.facebook.com\/notibras\/","article_published_time":"2026-01-16T03:00:35+00:00","article_modified_time":"2026-01-16T12:33:46+00:00","og_image":[{"width":1170,"height":700,"url":"https:\/\/www.notibras.com\/site\/wp-content\/uploads\/2026\/01\/54853319032_2d77ee48ce_o.webp","type":"image\/webp"}],"author":"Reda\u00e7\u00e3o","twitter_card":"summary_large_image","twitter_creator":"@Notibras","twitter_site":"@Notibras","twitter_misc":{"Escrito por":"Reda\u00e7\u00e3o","Est. tempo de leitura":"3 minutos"},"schema":{"@context":"https:\/\/schema.org","@graph":[{"@type":"Article","@id":"https:\/\/www.notibras.com\/site\/dino-proibe-emendas-para-ongs-ligadas-a-parentes-de-parlamentares\/#article","isPartOf":{"@id":"https:\/\/www.notibras.com\/site\/dino-proibe-emendas-para-ongs-ligadas-a-parentes-de-parlamentares\/"},"author":{"name":"Reda\u00e7\u00e3o","@id":"https:\/\/www.notibras.com\/site\/#\/schema\/person\/36ab0979449956132d3e5b517ea76ac8"},"headline":"Dino pro\u00edbe emendas para Ongs ligadas a parentes de parlamentares","datePublished":"2026-01-16T03:00:35+00:00","dateModified":"2026-01-16T12:33:46+00:00","mainEntityOfPage":{"@id":"https:\/\/www.notibras.com\/site\/dino-proibe-emendas-para-ongs-ligadas-a-parentes-de-parlamentares\/"},"wordCount":379,"publisher":{"@id":"https:\/\/www.notibras.com\/site\/#organization"},"image":{"@id":"https:\/\/www.notibras.com\/site\/dino-proibe-emendas-para-ongs-ligadas-a-parentes-de-parlamentares\/#primaryimage"},"thumbnailUrl":"https:\/\/www.notibras.com\/site\/wp-content\/uploads\/2026\/01\/54853319032_2d77ee48ce_o.webp","articleSection":["Brasil"],"inLanguage":"pt-BR"},{"@type":"WebPage","@id":"https:\/\/www.notibras.com\/site\/dino-proibe-emendas-para-ongs-ligadas-a-parentes-de-parlamentares\/","url":"https:\/\/www.notibras.com\/site\/dino-proibe-emendas-para-ongs-ligadas-a-parentes-de-parlamentares\/","name":"Dino pro\u00edbe emendas para Ongs ligadas a parentes de parlamentares - Notibras","isPartOf":{"@id":"https:\/\/www.notibras.com\/site\/#website"},"primaryImageOfPage":{"@id":"https:\/\/www.notibras.com\/site\/dino-proibe-emendas-para-ongs-ligadas-a-parentes-de-parlamentares\/#primaryimage"},"image":{"@id":"https:\/\/www.notibras.com\/site\/dino-proibe-emendas-para-ongs-ligadas-a-parentes-de-parlamentares\/#primaryimage"},"thumbnailUrl":"https:\/\/www.notibras.com\/site\/wp-content\/uploads\/2026\/01\/54853319032_2d77ee48ce_o.webp","datePublished":"2026-01-16T03:00:35+00:00","dateModified":"2026-01-16T12:33:46+00:00","breadcrumb":{"@id":"https:\/\/www.notibras.com\/site\/dino-proibe-emendas-para-ongs-ligadas-a-parentes-de-parlamentares\/#breadcrumb"},"inLanguage":"pt-BR","potentialAction":[{"@type":"ReadAction","target":["https:\/\/www.notibras.com\/site\/dino-proibe-emendas-para-ongs-ligadas-a-parentes-de-parlamentares\/"]}]},{"@type":"ImageObject","inLanguage":"pt-BR","@id":"https:\/\/www.notibras.com\/site\/dino-proibe-emendas-para-ongs-ligadas-a-parentes-de-parlamentares\/#primaryimage","url":"https:\/\/www.notibras.com\/site\/wp-content\/uploads\/2026\/01\/54853319032_2d77ee48ce_o.webp","contentUrl":"https:\/\/www.notibras.com\/site\/wp-content\/uploads\/2026\/01\/54853319032_2d77ee48ce_o.webp","width":1170,"height":700},{"@type":"BreadcrumbList","@id":"https:\/\/www.notibras.com\/site\/dino-proibe-emendas-para-ongs-ligadas-a-parentes-de-parlamentares\/#breadcrumb","itemListElement":[{"@type":"ListItem","position":1,"name":"In\u00edcio","item":"https:\/\/www.notibras.com\/site\/"},{"@type":"ListItem","position":2,"name":"Dino pro\u00edbe emendas para Ongs ligadas a parentes de parlamentares"}]},{"@type":"WebSite","@id":"https:\/\/www.notibras.com\/site\/#website","url":"https:\/\/www.notibras.com\/site\/","name":"Notibras","description":"Not\u00edcias de Bras\u00edlia, do Brasil e do Mundo","publisher":{"@id":"https:\/\/www.notibras.com\/site\/#organization"},"potentialAction":[{"@type":"SearchAction","target":{"@type":"EntryPoint","urlTemplate":"https:\/\/www.notibras.com\/site\/?s={search_term_string}"},"query-input":{"@type":"PropertyValueSpecification","valueRequired":true,"valueName":"search_term_string"}}],"inLanguage":"pt-BR"},{"@type":"Organization","@id":"https:\/\/www.notibras.com\/site\/#organization","name":"Grupo Notibras de Comunica\u00e7\u00e3o","url":"https:\/\/www.notibras.com\/site\/","logo":{"@type":"ImageObject","inLanguage":"pt-BR","@id":"https:\/\/www.notibras.com\/site\/#\/schema\/logo\/image\/","url":"https:\/\/www.notibras.com\/site\/wp-content\/uploads\/2023\/01\/notibras23.png","contentUrl":"https:\/\/www.notibras.com\/site\/wp-content\/uploads\/2023\/01\/notibras23.png","width":350,"height":87,"caption":"Grupo Notibras de Comunica\u00e7\u00e3o"},"image":{"@id":"https:\/\/www.notibras.com\/site\/#\/schema\/logo\/image\/"},"sameAs":["https:\/\/www.facebook.com\/notibras\/","https:\/\/x.com\/Notibras","https:\/\/www.instagram.com\/notibras\/"]},{"@type":"Person","@id":"https:\/\/www.notibras.com\/site\/#\/schema\/person\/36ab0979449956132d3e5b517ea76ac8","name":"Reda\u00e7\u00e3o","image":{"@type":"ImageObject","inLanguage":"pt-BR","@id":"https:\/\/secure.gravatar.com\/avatar\/e0a867bdedb85fd243eadf09663511f96fc81e0720a4a42581f334ad4303aa6b?s=96&d=mm&r=g","url":"https:\/\/secure.gravatar.com\/avatar\/e0a867bdedb85fd243eadf09663511f96fc81e0720a4a42581f334ad4303aa6b?s=96&d=mm&r=g","contentUrl":"https:\/\/secure.gravatar.com\/avatar\/e0a867bdedb85fd243eadf09663511f96fc81e0720a4a42581f334ad4303aa6b?s=96&d=mm&r=g","caption":"Reda\u00e7\u00e3o"}}]}},"amp_enabled":true,"_links":{"self":[{"href":"https:\/\/www.notibras.com\/site\/wp-json\/wp\/v2\/posts\/379281","targetHints":{"allow":["GET"]}}],"collection":[{"href":"https:\/\/www.notibras.com\/site\/wp-json\/wp\/v2\/posts"}],"about":[{"href":"https:\/\/www.notibras.com\/site\/wp-json\/wp\/v2\/types\/post"}],"author":[{"embeddable":true,"href":"https:\/\/www.notibras.com\/site\/wp-json\/wp\/v2\/users\/2"}],"replies":[{"embeddable":true,"href":"https:\/\/www.notibras.com\/site\/wp-json\/wp\/v2\/comments?post=379281"}],"version-history":[{"count":1,"href":"https:\/\/www.notibras.com\/site\/wp-json\/wp\/v2\/posts\/379281\/revisions"}],"predecessor-version":[{"id":379283,"href":"https:\/\/www.notibras.com\/site\/wp-json\/wp\/v2\/posts\/379281\/revisions\/379283"}],"wp:featuredmedia":[{"embeddable":true,"href":"https:\/\/www.notibras.com\/site\/wp-json\/wp\/v2\/media\/379282"}],"wp:attachment":[{"href":"https:\/\/www.notibras.com\/site\/wp-json\/wp\/v2\/media?parent=379281"}],"wp:term":[{"taxonomy":"category","embeddable":true,"href":"https:\/\/www.notibras.com\/site\/wp-json\/wp\/v2\/categories?post=379281"},{"taxonomy":"post_tag","embeddable":true,"href":"https:\/\/www.notibras.com\/site\/wp-json\/wp\/v2\/tags?post=379281"}],"curies":[{"name":"wp","href":"https:\/\/api.w.org\/{rel}","templated":true}]}}