{"id":379287,"date":"2026-01-16T09:51:02","date_gmt":"2026-01-16T12:51:02","guid":{"rendered":"https:\/\/www.notibras.com\/site\/?p=379287"},"modified":"2026-01-16T09:51:02","modified_gmt":"2026-01-16T12:51:02","slug":"mercado-de-trabalho-comeca-o-ano-aquecido","status":"publish","type":"post","link":"https:\/\/www.notibras.com\/site\/mercado-de-trabalho-comeca-o-ano-aquecido\/","title":{"rendered":"Mercado de trabalho come\u00e7a o ano aquecido"},"content":{"rendered":"<p>Em 2026, o Nordeste brasileiro se destaca como um dos principais polos de dinamismo econ\u00f4mico e gera\u00e7\u00e3o de oportunidades no pa\u00eds. Influenciado por um mercado de trabalho cada vez mais aquecido e pela resili\u00eancia da sua economia, a regi\u00e3o vem conquistando resultados relevantes, superando desafios hist\u00f3ricos e atraindo aten\u00e7\u00e3o de investidores, trabalhadores e formuladores de pol\u00edticas p\u00fablicas.<\/p>\n<p>O Nordeste tem apresentado forte desempenho na gera\u00e7\u00e3o de empregos formais, contribuindo significativamente para o saldo nacional. Segundo dados oficiais da Sudene, a regi\u00e3o foi respons\u00e1vel por cerca de 31% dos empregos gerados no Brasil, com destaque para estados como Pernambuco, Bahia e Cear\u00e1, que lideram a cria\u00e7\u00e3o de vagas com carteira assinada.<\/p>\n<p>Esse dinamismo est\u00e1 presente ao longo de 2025 e se projeta para 2026, com setores como servi\u00e7os, com\u00e9rcio, constru\u00e7\u00e3o civil e ind\u00fastria sendo os grandes motores da absor\u00e7\u00e3o de trabalhadores. Tamb\u00e9m h\u00e1 crescimento evidente em cidades do interior, ampliando oportunidades fora dos grandes centros urbanos.<\/p>\n<p>Levantamentos mostram que uma parcela expressiva de profissionais planeja trocar de emprego em 2026, motivada por melhores sal\u00e1rios, qualidade de vida e oportunidades de crescimento \u2014 reflexo de um mercado mais confiante e din\u00e2mico.<\/p>\n<p>Al\u00e9m disso, a oferta de vagas divulgadas por plataformas de emprego registrou um crescimento de mais de 10% em 2025 na regi\u00e3o, sinalizando aumento cont\u00ednuo na demanda por m\u00e3o de obra.<\/p>\n<p>Com cerca de 54 milh\u00f5es de habitantes e aproximadamente 80% em idade ativa, o Nordeste disp\u00f5e de uma das maiores e mais vibrantes for\u00e7as de trabalho do pa\u00eds, fundamental para sustentar a expans\u00e3o do mercado de trabalho.<\/p>\n<p>O papel da regi\u00e3o na transi\u00e7\u00e3o energ\u00e9tica brasileira \u2014 produzindo a maior parte da energia e\u00f3lica e solar do pa\u00eds \u2014 abre caminho para oportunidades em setores como tecnologias limpas e produ\u00e7\u00e3o de hidrog\u00eanio verde, impulsionando a diversifica\u00e7\u00e3o econ\u00f4mica e empregos de qualidade.<\/p>\n<p>Projetos robustos de infraestrutura log\u00edstica, portu\u00e1ria e urbana, juntamente com expans\u00e3o agr\u00edcola e urbaniza\u00e7\u00e3o de cidades m\u00e9dias, est\u00e3o tornando o Nordeste uma aposta estrat\u00e9gica para investimentos produtivos. Esses fatores ampliam a conectividade econ\u00f4mica interna e externa e fortalecem o mercado de trabalho local.<\/p>\n<p>O aquecimento do mercado de trabalho tem efeitos que v\u00e3o al\u00e9m do emprego, contribuindo para a redu\u00e7\u00e3o de desigualdades sociais por meio do aumento da renda do trabalho e da expans\u00e3o de vagas formais \u2014 especialmente quando combinado a pol\u00edticas p\u00fablicas de prote\u00e7\u00e3o e inclus\u00e3o social.<\/p>\n<p>Apesar dos avan\u00e7os, o Nordeste ainda enfrenta desafios estruturais, como a necessidade de aprimorar a qualifica\u00e7\u00e3o da m\u00e3o de obra e promover maior participa\u00e7\u00e3o de grupos sub-representados na for\u00e7a de trabalho. Investimentos em educa\u00e7\u00e3o, capacita\u00e7\u00e3o e pol\u00edticas de inclus\u00e3o continuam sendo pilares essenciais para consolidar o crescimento sustent\u00e1vel da regi\u00e3o.<\/p>\n<p>O mercado de trabalho no Nordeste em 2026 \u00e9 marcado por grande dinamismo, oportunidades crescentes e resili\u00eancia diante dos desafios econ\u00f4micos. O fortalecimento de setores estrat\u00e9gicos, a expans\u00e3o de empregos formais e o papel ativo da popula\u00e7\u00e3o jovem e produtiva colocam a regi\u00e3o em destaque no cen\u00e1rio nacional.<\/p>\n<p>Enquanto o Nordeste ultrapassa antigos estigmas, sua trajet\u00f3ria de crescimento oferece sinais promissores para trabalhadores, empresas e investidores \u2014 consolidando a regi\u00e3o como um protagonista no desenvolvimento socioecon\u00f4mico do Brasil.<\/p>\n","protected":false},"excerpt":{"rendered":"<p>Em 2026, o Nordeste brasileiro se destaca como um dos principais polos de dinamismo econ\u00f4mico e gera\u00e7\u00e3o de oportunidades no pa\u00eds. Influenciado por um mercado de trabalho cada vez mais aquecido e pela resili\u00eancia da sua economia, a regi\u00e3o vem conquistando resultados relevantes, superando desafios hist\u00f3ricos e atraindo aten\u00e7\u00e3o de investidores, trabalhadores e formuladores de [&hellip;]<\/p>\n","protected":false},"author":2,"featured_media":379288,"comment_status":"closed","ping_status":"closed","sticky":false,"template":"","format":"standard","meta":{"_acf_changed":false,"footnotes":""},"categories":[165],"tags":[],"class_list":["post-379287","post","type-post","status-publish","format-standard","has-post-thumbnail","hentry","category-nordeste"],"acf":[],"yoast_head":"<!-- This site is optimized with the Yoast SEO plugin v27.2 - https:\/\/yoast.com\/product\/yoast-seo-wordpress\/ -->\n<title>Mercado de trabalho come\u00e7a o ano aquecido - Notibras<\/title>\n<meta name=\"robots\" content=\"index, follow, max-snippet:-1, max-image-preview:large, max-video-preview:-1\" \/>\n<link rel=\"canonical\" href=\"https:\/\/www.notibras.com\/site\/mercado-de-trabalho-comeca-o-ano-aquecido\/\" \/>\n<meta property=\"og:locale\" content=\"pt_BR\" \/>\n<meta property=\"og:type\" content=\"article\" \/>\n<meta property=\"og:title\" content=\"Mercado de trabalho come\u00e7a o ano aquecido - Notibras\" \/>\n<meta property=\"og:description\" content=\"Em 2026, o Nordeste brasileiro se destaca como um dos principais polos de dinamismo econ\u00f4mico e gera\u00e7\u00e3o de oportunidades no pa\u00eds. Influenciado por um mercado de trabalho cada vez mais aquecido e pela resili\u00eancia da sua economia, a regi\u00e3o vem conquistando resultados relevantes, superando desafios hist\u00f3ricos e atraindo aten\u00e7\u00e3o de investidores, trabalhadores e formuladores de [&hellip;]\" \/>\n<meta property=\"og:url\" content=\"https:\/\/www.notibras.com\/site\/mercado-de-trabalho-comeca-o-ano-aquecido\/\" \/>\n<meta property=\"og:site_name\" content=\"Notibras\" \/>\n<meta property=\"article:publisher\" content=\"https:\/\/www.facebook.com\/notibras\/\" \/>\n<meta property=\"article:published_time\" content=\"2026-01-16T12:51:02+00:00\" \/>\n<meta property=\"og:image\" content=\"https:\/\/www.notibras.com\/site\/wp-content\/uploads\/2026\/01\/071a262d-b90d-4ca3-8f6f-958f6df08159.jpg\" \/>\n\t<meta property=\"og:image:width\" content=\"600\" \/>\n\t<meta property=\"og:image:height\" content=\"400\" \/>\n\t<meta property=\"og:image:type\" content=\"image\/jpeg\" \/>\n<meta name=\"author\" content=\"Reda\u00e7\u00e3o\" \/>\n<meta name=\"twitter:card\" content=\"summary_large_image\" \/>\n<meta name=\"twitter:creator\" content=\"@Notibras\" \/>\n<meta name=\"twitter:site\" content=\"@Notibras\" \/>\n<meta name=\"twitter:label1\" content=\"Escrito por\" \/>\n\t<meta name=\"twitter:data1\" content=\"Reda\u00e7\u00e3o\" \/>\n\t<meta name=\"twitter:label2\" content=\"Est. tempo de leitura\" \/>\n\t<meta name=\"twitter:data2\" content=\"4 minutos\" \/>\n<script type=\"application\/ld+json\" class=\"yoast-schema-graph\">{\"@context\":\"https:\/\/schema.org\",\"@graph\":[{\"@type\":\"Article\",\"@id\":\"https:\/\/www.notibras.com\/site\/mercado-de-trabalho-comeca-o-ano-aquecido\/#article\",\"isPartOf\":{\"@id\":\"https:\/\/www.notibras.com\/site\/mercado-de-trabalho-comeca-o-ano-aquecido\/\"},\"author\":{\"name\":\"Reda\u00e7\u00e3o\",\"@id\":\"https:\/\/www.notibras.com\/site\/#\/schema\/person\/36ab0979449956132d3e5b517ea76ac8\"},\"headline\":\"Mercado de trabalho come\u00e7a o ano aquecido\",\"datePublished\":\"2026-01-16T12:51:02+00:00\",\"mainEntityOfPage\":{\"@id\":\"https:\/\/www.notibras.com\/site\/mercado-de-trabalho-comeca-o-ano-aquecido\/\"},\"wordCount\":586,\"publisher\":{\"@id\":\"https:\/\/www.notibras.com\/site\/#organization\"},\"image\":{\"@id\":\"https:\/\/www.notibras.com\/site\/mercado-de-trabalho-comeca-o-ano-aquecido\/#primaryimage\"},\"thumbnailUrl\":\"https:\/\/www.notibras.com\/site\/wp-content\/uploads\/2026\/01\/071a262d-b90d-4ca3-8f6f-958f6df08159.jpg\",\"articleSection\":[\"Nordeste\"],\"inLanguage\":\"pt-BR\"},{\"@type\":\"WebPage\",\"@id\":\"https:\/\/www.notibras.com\/site\/mercado-de-trabalho-comeca-o-ano-aquecido\/\",\"url\":\"https:\/\/www.notibras.com\/site\/mercado-de-trabalho-comeca-o-ano-aquecido\/\",\"name\":\"Mercado de trabalho come\u00e7a o ano aquecido - Notibras\",\"isPartOf\":{\"@id\":\"https:\/\/www.notibras.com\/site\/#website\"},\"primaryImageOfPage\":{\"@id\":\"https:\/\/www.notibras.com\/site\/mercado-de-trabalho-comeca-o-ano-aquecido\/#primaryimage\"},\"image\":{\"@id\":\"https:\/\/www.notibras.com\/site\/mercado-de-trabalho-comeca-o-ano-aquecido\/#primaryimage\"},\"thumbnailUrl\":\"https:\/\/www.notibras.com\/site\/wp-content\/uploads\/2026\/01\/071a262d-b90d-4ca3-8f6f-958f6df08159.jpg\",\"datePublished\":\"2026-01-16T12:51:02+00:00\",\"breadcrumb\":{\"@id\":\"https:\/\/www.notibras.com\/site\/mercado-de-trabalho-comeca-o-ano-aquecido\/#breadcrumb\"},\"inLanguage\":\"pt-BR\",\"potentialAction\":[{\"@type\":\"ReadAction\",\"target\":[\"https:\/\/www.notibras.com\/site\/mercado-de-trabalho-comeca-o-ano-aquecido\/\"]}]},{\"@type\":\"ImageObject\",\"inLanguage\":\"pt-BR\",\"@id\":\"https:\/\/www.notibras.com\/site\/mercado-de-trabalho-comeca-o-ano-aquecido\/#primaryimage\",\"url\":\"https:\/\/www.notibras.com\/site\/wp-content\/uploads\/2026\/01\/071a262d-b90d-4ca3-8f6f-958f6df08159.jpg\",\"contentUrl\":\"https:\/\/www.notibras.com\/site\/wp-content\/uploads\/2026\/01\/071a262d-b90d-4ca3-8f6f-958f6df08159.jpg\",\"width\":600,\"height\":400},{\"@type\":\"BreadcrumbList\",\"@id\":\"https:\/\/www.notibras.com\/site\/mercado-de-trabalho-comeca-o-ano-aquecido\/#breadcrumb\",\"itemListElement\":[{\"@type\":\"ListItem\",\"position\":1,\"name\":\"In\u00edcio\",\"item\":\"https:\/\/www.notibras.com\/site\/\"},{\"@type\":\"ListItem\",\"position\":2,\"name\":\"Mercado de trabalho come\u00e7a o ano aquecido\"}]},{\"@type\":\"WebSite\",\"@id\":\"https:\/\/www.notibras.com\/site\/#website\",\"url\":\"https:\/\/www.notibras.com\/site\/\",\"name\":\"Notibras\",\"description\":\"Not\u00edcias de Bras\u00edlia, do Brasil e do Mundo\",\"publisher\":{\"@id\":\"https:\/\/www.notibras.com\/site\/#organization\"},\"potentialAction\":[{\"@type\":\"SearchAction\",\"target\":{\"@type\":\"EntryPoint\",\"urlTemplate\":\"https:\/\/www.notibras.com\/site\/?s={search_term_string}\"},\"query-input\":{\"@type\":\"PropertyValueSpecification\",\"valueRequired\":true,\"valueName\":\"search_term_string\"}}],\"inLanguage\":\"pt-BR\"},{\"@type\":\"Organization\",\"@id\":\"https:\/\/www.notibras.com\/site\/#organization\",\"name\":\"Grupo Notibras de Comunica\u00e7\u00e3o\",\"url\":\"https:\/\/www.notibras.com\/site\/\",\"logo\":{\"@type\":\"ImageObject\",\"inLanguage\":\"pt-BR\",\"@id\":\"https:\/\/www.notibras.com\/site\/#\/schema\/logo\/image\/\",\"url\":\"https:\/\/www.notibras.com\/site\/wp-content\/uploads\/2023\/01\/notibras23.png\",\"contentUrl\":\"https:\/\/www.notibras.com\/site\/wp-content\/uploads\/2023\/01\/notibras23.png\",\"width\":350,\"height\":87,\"caption\":\"Grupo Notibras de Comunica\u00e7\u00e3o\"},\"image\":{\"@id\":\"https:\/\/www.notibras.com\/site\/#\/schema\/logo\/image\/\"},\"sameAs\":[\"https:\/\/www.facebook.com\/notibras\/\",\"https:\/\/x.com\/Notibras\",\"https:\/\/www.instagram.com\/notibras\/\"]},{\"@type\":\"Person\",\"@id\":\"https:\/\/www.notibras.com\/site\/#\/schema\/person\/36ab0979449956132d3e5b517ea76ac8\",\"name\":\"Reda\u00e7\u00e3o\",\"image\":{\"@type\":\"ImageObject\",\"inLanguage\":\"pt-BR\",\"@id\":\"https:\/\/secure.gravatar.com\/avatar\/e0a867bdedb85fd243eadf09663511f96fc81e0720a4a42581f334ad4303aa6b?s=96&d=mm&r=g\",\"url\":\"https:\/\/secure.gravatar.com\/avatar\/e0a867bdedb85fd243eadf09663511f96fc81e0720a4a42581f334ad4303aa6b?s=96&d=mm&r=g\",\"contentUrl\":\"https:\/\/secure.gravatar.com\/avatar\/e0a867bdedb85fd243eadf09663511f96fc81e0720a4a42581f334ad4303aa6b?s=96&d=mm&r=g\",\"caption\":\"Reda\u00e7\u00e3o\"}}]}<\/script>\n<!-- \/ Yoast SEO plugin. -->","yoast_head_json":{"title":"Mercado de trabalho come\u00e7a o ano aquecido - Notibras","robots":{"index":"index","follow":"follow","max-snippet":"max-snippet:-1","max-image-preview":"max-image-preview:large","max-video-preview":"max-video-preview:-1"},"canonical":"https:\/\/www.notibras.com\/site\/mercado-de-trabalho-comeca-o-ano-aquecido\/","og_locale":"pt_BR","og_type":"article","og_title":"Mercado de trabalho come\u00e7a o ano aquecido - Notibras","og_description":"Em 2026, o Nordeste brasileiro se destaca como um dos principais polos de dinamismo econ\u00f4mico e gera\u00e7\u00e3o de oportunidades no pa\u00eds. Influenciado por um mercado de trabalho cada vez mais aquecido e pela resili\u00eancia da sua economia, a regi\u00e3o vem conquistando resultados relevantes, superando desafios hist\u00f3ricos e atraindo aten\u00e7\u00e3o de investidores, trabalhadores e formuladores de [&hellip;]","og_url":"https:\/\/www.notibras.com\/site\/mercado-de-trabalho-comeca-o-ano-aquecido\/","og_site_name":"Notibras","article_publisher":"https:\/\/www.facebook.com\/notibras\/","article_published_time":"2026-01-16T12:51:02+00:00","og_image":[{"width":600,"height":400,"url":"https:\/\/www.notibras.com\/site\/wp-content\/uploads\/2026\/01\/071a262d-b90d-4ca3-8f6f-958f6df08159.jpg","type":"image\/jpeg"}],"author":"Reda\u00e7\u00e3o","twitter_card":"summary_large_image","twitter_creator":"@Notibras","twitter_site":"@Notibras","twitter_misc":{"Escrito por":"Reda\u00e7\u00e3o","Est. tempo de leitura":"4 minutos"},"schema":{"@context":"https:\/\/schema.org","@graph":[{"@type":"Article","@id":"https:\/\/www.notibras.com\/site\/mercado-de-trabalho-comeca-o-ano-aquecido\/#article","isPartOf":{"@id":"https:\/\/www.notibras.com\/site\/mercado-de-trabalho-comeca-o-ano-aquecido\/"},"author":{"name":"Reda\u00e7\u00e3o","@id":"https:\/\/www.notibras.com\/site\/#\/schema\/person\/36ab0979449956132d3e5b517ea76ac8"},"headline":"Mercado de trabalho come\u00e7a o ano aquecido","datePublished":"2026-01-16T12:51:02+00:00","mainEntityOfPage":{"@id":"https:\/\/www.notibras.com\/site\/mercado-de-trabalho-comeca-o-ano-aquecido\/"},"wordCount":586,"publisher":{"@id":"https:\/\/www.notibras.com\/site\/#organization"},"image":{"@id":"https:\/\/www.notibras.com\/site\/mercado-de-trabalho-comeca-o-ano-aquecido\/#primaryimage"},"thumbnailUrl":"https:\/\/www.notibras.com\/site\/wp-content\/uploads\/2026\/01\/071a262d-b90d-4ca3-8f6f-958f6df08159.jpg","articleSection":["Nordeste"],"inLanguage":"pt-BR"},{"@type":"WebPage","@id":"https:\/\/www.notibras.com\/site\/mercado-de-trabalho-comeca-o-ano-aquecido\/","url":"https:\/\/www.notibras.com\/site\/mercado-de-trabalho-comeca-o-ano-aquecido\/","name":"Mercado de trabalho come\u00e7a o ano aquecido - Notibras","isPartOf":{"@id":"https:\/\/www.notibras.com\/site\/#website"},"primaryImageOfPage":{"@id":"https:\/\/www.notibras.com\/site\/mercado-de-trabalho-comeca-o-ano-aquecido\/#primaryimage"},"image":{"@id":"https:\/\/www.notibras.com\/site\/mercado-de-trabalho-comeca-o-ano-aquecido\/#primaryimage"},"thumbnailUrl":"https:\/\/www.notibras.com\/site\/wp-content\/uploads\/2026\/01\/071a262d-b90d-4ca3-8f6f-958f6df08159.jpg","datePublished":"2026-01-16T12:51:02+00:00","breadcrumb":{"@id":"https:\/\/www.notibras.com\/site\/mercado-de-trabalho-comeca-o-ano-aquecido\/#breadcrumb"},"inLanguage":"pt-BR","potentialAction":[{"@type":"ReadAction","target":["https:\/\/www.notibras.com\/site\/mercado-de-trabalho-comeca-o-ano-aquecido\/"]}]},{"@type":"ImageObject","inLanguage":"pt-BR","@id":"https:\/\/www.notibras.com\/site\/mercado-de-trabalho-comeca-o-ano-aquecido\/#primaryimage","url":"https:\/\/www.notibras.com\/site\/wp-content\/uploads\/2026\/01\/071a262d-b90d-4ca3-8f6f-958f6df08159.jpg","contentUrl":"https:\/\/www.notibras.com\/site\/wp-content\/uploads\/2026\/01\/071a262d-b90d-4ca3-8f6f-958f6df08159.jpg","width":600,"height":400},{"@type":"BreadcrumbList","@id":"https:\/\/www.notibras.com\/site\/mercado-de-trabalho-comeca-o-ano-aquecido\/#breadcrumb","itemListElement":[{"@type":"ListItem","position":1,"name":"In\u00edcio","item":"https:\/\/www.notibras.com\/site\/"},{"@type":"ListItem","position":2,"name":"Mercado de trabalho come\u00e7a o ano aquecido"}]},{"@type":"WebSite","@id":"https:\/\/www.notibras.com\/site\/#website","url":"https:\/\/www.notibras.com\/site\/","name":"Notibras","description":"Not\u00edcias de Bras\u00edlia, do Brasil e do Mundo","publisher":{"@id":"https:\/\/www.notibras.com\/site\/#organization"},"potentialAction":[{"@type":"SearchAction","target":{"@type":"EntryPoint","urlTemplate":"https:\/\/www.notibras.com\/site\/?s={search_term_string}"},"query-input":{"@type":"PropertyValueSpecification","valueRequired":true,"valueName":"search_term_string"}}],"inLanguage":"pt-BR"},{"@type":"Organization","@id":"https:\/\/www.notibras.com\/site\/#organization","name":"Grupo Notibras de Comunica\u00e7\u00e3o","url":"https:\/\/www.notibras.com\/site\/","logo":{"@type":"ImageObject","inLanguage":"pt-BR","@id":"https:\/\/www.notibras.com\/site\/#\/schema\/logo\/image\/","url":"https:\/\/www.notibras.com\/site\/wp-content\/uploads\/2023\/01\/notibras23.png","contentUrl":"https:\/\/www.notibras.com\/site\/wp-content\/uploads\/2023\/01\/notibras23.png","width":350,"height":87,"caption":"Grupo Notibras de Comunica\u00e7\u00e3o"},"image":{"@id":"https:\/\/www.notibras.com\/site\/#\/schema\/logo\/image\/"},"sameAs":["https:\/\/www.facebook.com\/notibras\/","https:\/\/x.com\/Notibras","https:\/\/www.instagram.com\/notibras\/"]},{"@type":"Person","@id":"https:\/\/www.notibras.com\/site\/#\/schema\/person\/36ab0979449956132d3e5b517ea76ac8","name":"Reda\u00e7\u00e3o","image":{"@type":"ImageObject","inLanguage":"pt-BR","@id":"https:\/\/secure.gravatar.com\/avatar\/e0a867bdedb85fd243eadf09663511f96fc81e0720a4a42581f334ad4303aa6b?s=96&d=mm&r=g","url":"https:\/\/secure.gravatar.com\/avatar\/e0a867bdedb85fd243eadf09663511f96fc81e0720a4a42581f334ad4303aa6b?s=96&d=mm&r=g","contentUrl":"https:\/\/secure.gravatar.com\/avatar\/e0a867bdedb85fd243eadf09663511f96fc81e0720a4a42581f334ad4303aa6b?s=96&d=mm&r=g","caption":"Reda\u00e7\u00e3o"}}]}},"amp_enabled":true,"_links":{"self":[{"href":"https:\/\/www.notibras.com\/site\/wp-json\/wp\/v2\/posts\/379287","targetHints":{"allow":["GET"]}}],"collection":[{"href":"https:\/\/www.notibras.com\/site\/wp-json\/wp\/v2\/posts"}],"about":[{"href":"https:\/\/www.notibras.com\/site\/wp-json\/wp\/v2\/types\/post"}],"author":[{"embeddable":true,"href":"https:\/\/www.notibras.com\/site\/wp-json\/wp\/v2\/users\/2"}],"replies":[{"embeddable":true,"href":"https:\/\/www.notibras.com\/site\/wp-json\/wp\/v2\/comments?post=379287"}],"version-history":[{"count":1,"href":"https:\/\/www.notibras.com\/site\/wp-json\/wp\/v2\/posts\/379287\/revisions"}],"predecessor-version":[{"id":379289,"href":"https:\/\/www.notibras.com\/site\/wp-json\/wp\/v2\/posts\/379287\/revisions\/379289"}],"wp:featuredmedia":[{"embeddable":true,"href":"https:\/\/www.notibras.com\/site\/wp-json\/wp\/v2\/media\/379288"}],"wp:attachment":[{"href":"https:\/\/www.notibras.com\/site\/wp-json\/wp\/v2\/media?parent=379287"}],"wp:term":[{"taxonomy":"category","embeddable":true,"href":"https:\/\/www.notibras.com\/site\/wp-json\/wp\/v2\/categories?post=379287"},{"taxonomy":"post_tag","embeddable":true,"href":"https:\/\/www.notibras.com\/site\/wp-json\/wp\/v2\/tags?post=379287"}],"curies":[{"name":"wp","href":"https:\/\/api.w.org\/{rel}","templated":true}]}}