{"id":379296,"date":"2026-01-16T00:05:33","date_gmt":"2026-01-16T03:05:33","guid":{"rendered":"https:\/\/www.notibras.com\/site\/?p=379296"},"modified":"2026-01-16T10:07:48","modified_gmt":"2026-01-16T13:07:48","slug":"hemope-incentiva-doacao-de-sangue-para-ficar-em-paz-no-carnaval","status":"publish","type":"post","link":"https:\/\/www.notibras.com\/site\/hemope-incentiva-doacao-de-sangue-para-ficar-em-paz-no-carnaval\/","title":{"rendered":"Hemope incentiva doa\u00e7\u00e3o de sangue para ficar em paz no carnaval"},"content":{"rendered":"<p>A campanha de doa\u00e7\u00e3o de sangue para refor\u00e7ar os estoques de sangue para o carnaval 2026 foi iniciada pela Funda\u00e7\u00e3o de Hematologia e Hemoterapia de Pernambuco (Hemope). Com car\u00e1ter preventivo, a mobiliza\u00e7\u00e3o come\u00e7ou um m\u00eas antes das festividades com o objetivo de dar suporte ao aumento dos atendimentos nos hospitais p\u00fablicos do estado.<\/p>\n<p>De acordo com o Hemope, o per\u00edodo do carnaval traz um aumento da demanda por transfus\u00f5es de sangue. A campanha conta com coletas externas para estimular e facilitar as doa\u00e7\u00f5es de sangue, oferecendo oito pontos de coletas que levam a estrutura de atendimento encontrada no hemocentro.<\/p>\n<p>&#8220;O estoque est\u00e1 seguro para os pr\u00f3ximos dias, mas n\u00e3o para o carnaval. Ent\u00e3o, por isso que a gente est\u00e1 come\u00e7ando essa campanha, porque a gente precisa muito de quem est\u00e1 em casa, para garantir esse per\u00edodo com tranquilidade&#8221;, disse a presidente do Hemope, Raquel Santana.<\/p>\n<p>A abertura da campanha foi realizada em uma cerim\u00f4nia na sede do Hemope, no bairro das Gra\u00e7as, na Zona Norte do Recife, com a presen\u00e7a de artistas como Get\u00falio Cavalcanti, Nena Queiroga, Ed Carlos, Almir Rouche e Marrom Brasileiro. Tamb\u00e9m participaram o grupo l\u00edrico O Bonde Bloco, os passistas da Cia Brasil por Dan\u00e7a e a Orquestra Paranampuk\u00e1.<\/p>\n<p>A campanha de doa\u00e7\u00e3o de sangue acontece ao longo dos meses de janeiro e fevereiro, promovendo a integra\u00e7\u00e3o entre cultura, esporte e solidariedade. Entre as atividades da programa\u00e7\u00e3o, est\u00e3o visitas especiais e atividades de sensibiliza\u00e7\u00e3o.<\/p>\n","protected":false},"excerpt":{"rendered":"<p>A campanha de doa\u00e7\u00e3o de sangue para refor\u00e7ar os estoques de sangue para o carnaval 2026 foi iniciada pela Funda\u00e7\u00e3o de Hematologia e Hemoterapia de Pernambuco (Hemope). Com car\u00e1ter preventivo, a mobiliza\u00e7\u00e3o come\u00e7ou um m\u00eas antes das festividades com o objetivo de dar suporte ao aumento dos atendimentos nos hospitais p\u00fablicos do estado. De acordo [&hellip;]<\/p>\n","protected":false},"author":2,"featured_media":379297,"comment_status":"closed","ping_status":"closed","sticky":false,"template":"","format":"standard","meta":{"_acf_changed":false,"footnotes":""},"categories":[165],"tags":[],"class_list":["post-379296","post","type-post","status-publish","format-standard","has-post-thumbnail","hentry","category-nordeste"],"acf":[],"yoast_head":"<!-- This site is optimized with the Yoast SEO plugin v27.2 - https:\/\/yoast.com\/product\/yoast-seo-wordpress\/ -->\n<title>Hemope incentiva doa\u00e7\u00e3o de sangue para ficar em paz no carnaval - Notibras<\/title>\n<meta name=\"robots\" content=\"index, follow, max-snippet:-1, max-image-preview:large, max-video-preview:-1\" \/>\n<link rel=\"canonical\" href=\"https:\/\/www.notibras.com\/site\/hemope-incentiva-doacao-de-sangue-para-ficar-em-paz-no-carnaval\/\" \/>\n<meta property=\"og:locale\" content=\"pt_BR\" \/>\n<meta property=\"og:type\" content=\"article\" \/>\n<meta property=\"og:title\" content=\"Hemope incentiva doa\u00e7\u00e3o de sangue para ficar em paz no carnaval - Notibras\" \/>\n<meta property=\"og:description\" content=\"A campanha de doa\u00e7\u00e3o de sangue para refor\u00e7ar os estoques de sangue para o carnaval 2026 foi iniciada pela Funda\u00e7\u00e3o de Hematologia e Hemoterapia de Pernambuco (Hemope). Com car\u00e1ter preventivo, a mobiliza\u00e7\u00e3o come\u00e7ou um m\u00eas antes das festividades com o objetivo de dar suporte ao aumento dos atendimentos nos hospitais p\u00fablicos do estado. De acordo [&hellip;]\" \/>\n<meta property=\"og:url\" content=\"https:\/\/www.notibras.com\/site\/hemope-incentiva-doacao-de-sangue-para-ficar-em-paz-no-carnaval\/\" \/>\n<meta property=\"og:site_name\" content=\"Notibras\" \/>\n<meta property=\"article:publisher\" content=\"https:\/\/www.facebook.com\/notibras\/\" \/>\n<meta property=\"article:published_time\" content=\"2026-01-16T03:05:33+00:00\" \/>\n<meta property=\"article:modified_time\" content=\"2026-01-16T13:07:48+00:00\" \/>\n<meta property=\"og:image\" content=\"https:\/\/www.notibras.com\/site\/wp-content\/uploads\/2026\/01\/aece30cf-1e9d-427e-92ab-090d852f99a9.jpg\" \/>\n\t<meta property=\"og:image:width\" content=\"984\" \/>\n\t<meta property=\"og:image:height\" content=\"590\" \/>\n\t<meta property=\"og:image:type\" content=\"image\/jpeg\" \/>\n<meta name=\"author\" content=\"Reda\u00e7\u00e3o\" \/>\n<meta name=\"twitter:card\" content=\"summary_large_image\" \/>\n<meta name=\"twitter:creator\" content=\"@Notibras\" \/>\n<meta name=\"twitter:site\" content=\"@Notibras\" \/>\n<meta name=\"twitter:label1\" content=\"Escrito por\" \/>\n\t<meta name=\"twitter:data1\" content=\"Reda\u00e7\u00e3o\" \/>\n\t<meta name=\"twitter:label2\" content=\"Est. tempo de leitura\" \/>\n\t<meta name=\"twitter:data2\" content=\"2 minutos\" \/>\n<script type=\"application\/ld+json\" class=\"yoast-schema-graph\">{\"@context\":\"https:\/\/schema.org\",\"@graph\":[{\"@type\":\"Article\",\"@id\":\"https:\/\/www.notibras.com\/site\/hemope-incentiva-doacao-de-sangue-para-ficar-em-paz-no-carnaval\/#article\",\"isPartOf\":{\"@id\":\"https:\/\/www.notibras.com\/site\/hemope-incentiva-doacao-de-sangue-para-ficar-em-paz-no-carnaval\/\"},\"author\":{\"name\":\"Reda\u00e7\u00e3o\",\"@id\":\"https:\/\/www.notibras.com\/site\/#\/schema\/person\/36ab0979449956132d3e5b517ea76ac8\"},\"headline\":\"Hemope incentiva doa\u00e7\u00e3o de sangue para ficar em paz no carnaval\",\"datePublished\":\"2026-01-16T03:05:33+00:00\",\"dateModified\":\"2026-01-16T13:07:48+00:00\",\"mainEntityOfPage\":{\"@id\":\"https:\/\/www.notibras.com\/site\/hemope-incentiva-doacao-de-sangue-para-ficar-em-paz-no-carnaval\/\"},\"wordCount\":277,\"publisher\":{\"@id\":\"https:\/\/www.notibras.com\/site\/#organization\"},\"image\":{\"@id\":\"https:\/\/www.notibras.com\/site\/hemope-incentiva-doacao-de-sangue-para-ficar-em-paz-no-carnaval\/#primaryimage\"},\"thumbnailUrl\":\"https:\/\/www.notibras.com\/site\/wp-content\/uploads\/2026\/01\/aece30cf-1e9d-427e-92ab-090d852f99a9.jpg\",\"articleSection\":[\"Nordeste\"],\"inLanguage\":\"pt-BR\"},{\"@type\":\"WebPage\",\"@id\":\"https:\/\/www.notibras.com\/site\/hemope-incentiva-doacao-de-sangue-para-ficar-em-paz-no-carnaval\/\",\"url\":\"https:\/\/www.notibras.com\/site\/hemope-incentiva-doacao-de-sangue-para-ficar-em-paz-no-carnaval\/\",\"name\":\"Hemope incentiva doa\u00e7\u00e3o de sangue para ficar em paz no carnaval - Notibras\",\"isPartOf\":{\"@id\":\"https:\/\/www.notibras.com\/site\/#website\"},\"primaryImageOfPage\":{\"@id\":\"https:\/\/www.notibras.com\/site\/hemope-incentiva-doacao-de-sangue-para-ficar-em-paz-no-carnaval\/#primaryimage\"},\"image\":{\"@id\":\"https:\/\/www.notibras.com\/site\/hemope-incentiva-doacao-de-sangue-para-ficar-em-paz-no-carnaval\/#primaryimage\"},\"thumbnailUrl\":\"https:\/\/www.notibras.com\/site\/wp-content\/uploads\/2026\/01\/aece30cf-1e9d-427e-92ab-090d852f99a9.jpg\",\"datePublished\":\"2026-01-16T03:05:33+00:00\",\"dateModified\":\"2026-01-16T13:07:48+00:00\",\"breadcrumb\":{\"@id\":\"https:\/\/www.notibras.com\/site\/hemope-incentiva-doacao-de-sangue-para-ficar-em-paz-no-carnaval\/#breadcrumb\"},\"inLanguage\":\"pt-BR\",\"potentialAction\":[{\"@type\":\"ReadAction\",\"target\":[\"https:\/\/www.notibras.com\/site\/hemope-incentiva-doacao-de-sangue-para-ficar-em-paz-no-carnaval\/\"]}]},{\"@type\":\"ImageObject\",\"inLanguage\":\"pt-BR\",\"@id\":\"https:\/\/www.notibras.com\/site\/hemope-incentiva-doacao-de-sangue-para-ficar-em-paz-no-carnaval\/#primaryimage\",\"url\":\"https:\/\/www.notibras.com\/site\/wp-content\/uploads\/2026\/01\/aece30cf-1e9d-427e-92ab-090d852f99a9.jpg\",\"contentUrl\":\"https:\/\/www.notibras.com\/site\/wp-content\/uploads\/2026\/01\/aece30cf-1e9d-427e-92ab-090d852f99a9.jpg\",\"width\":984,\"height\":590},{\"@type\":\"BreadcrumbList\",\"@id\":\"https:\/\/www.notibras.com\/site\/hemope-incentiva-doacao-de-sangue-para-ficar-em-paz-no-carnaval\/#breadcrumb\",\"itemListElement\":[{\"@type\":\"ListItem\",\"position\":1,\"name\":\"In\u00edcio\",\"item\":\"https:\/\/www.notibras.com\/site\/\"},{\"@type\":\"ListItem\",\"position\":2,\"name\":\"Hemope incentiva doa\u00e7\u00e3o de sangue para ficar em paz no carnaval\"}]},{\"@type\":\"WebSite\",\"@id\":\"https:\/\/www.notibras.com\/site\/#website\",\"url\":\"https:\/\/www.notibras.com\/site\/\",\"name\":\"Notibras\",\"description\":\"Not\u00edcias de Bras\u00edlia, do Brasil e do Mundo\",\"publisher\":{\"@id\":\"https:\/\/www.notibras.com\/site\/#organization\"},\"potentialAction\":[{\"@type\":\"SearchAction\",\"target\":{\"@type\":\"EntryPoint\",\"urlTemplate\":\"https:\/\/www.notibras.com\/site\/?s={search_term_string}\"},\"query-input\":{\"@type\":\"PropertyValueSpecification\",\"valueRequired\":true,\"valueName\":\"search_term_string\"}}],\"inLanguage\":\"pt-BR\"},{\"@type\":\"Organization\",\"@id\":\"https:\/\/www.notibras.com\/site\/#organization\",\"name\":\"Grupo Notibras de Comunica\u00e7\u00e3o\",\"url\":\"https:\/\/www.notibras.com\/site\/\",\"logo\":{\"@type\":\"ImageObject\",\"inLanguage\":\"pt-BR\",\"@id\":\"https:\/\/www.notibras.com\/site\/#\/schema\/logo\/image\/\",\"url\":\"https:\/\/www.notibras.com\/site\/wp-content\/uploads\/2023\/01\/notibras23.png\",\"contentUrl\":\"https:\/\/www.notibras.com\/site\/wp-content\/uploads\/2023\/01\/notibras23.png\",\"width\":350,\"height\":87,\"caption\":\"Grupo Notibras de Comunica\u00e7\u00e3o\"},\"image\":{\"@id\":\"https:\/\/www.notibras.com\/site\/#\/schema\/logo\/image\/\"},\"sameAs\":[\"https:\/\/www.facebook.com\/notibras\/\",\"https:\/\/x.com\/Notibras\",\"https:\/\/www.instagram.com\/notibras\/\"]},{\"@type\":\"Person\",\"@id\":\"https:\/\/www.notibras.com\/site\/#\/schema\/person\/36ab0979449956132d3e5b517ea76ac8\",\"name\":\"Reda\u00e7\u00e3o\",\"image\":{\"@type\":\"ImageObject\",\"inLanguage\":\"pt-BR\",\"@id\":\"https:\/\/secure.gravatar.com\/avatar\/e0a867bdedb85fd243eadf09663511f96fc81e0720a4a42581f334ad4303aa6b?s=96&d=mm&r=g\",\"url\":\"https:\/\/secure.gravatar.com\/avatar\/e0a867bdedb85fd243eadf09663511f96fc81e0720a4a42581f334ad4303aa6b?s=96&d=mm&r=g\",\"contentUrl\":\"https:\/\/secure.gravatar.com\/avatar\/e0a867bdedb85fd243eadf09663511f96fc81e0720a4a42581f334ad4303aa6b?s=96&d=mm&r=g\",\"caption\":\"Reda\u00e7\u00e3o\"}}]}<\/script>\n<!-- \/ Yoast SEO plugin. -->","yoast_head_json":{"title":"Hemope incentiva doa\u00e7\u00e3o de sangue para ficar em paz no carnaval - Notibras","robots":{"index":"index","follow":"follow","max-snippet":"max-snippet:-1","max-image-preview":"max-image-preview:large","max-video-preview":"max-video-preview:-1"},"canonical":"https:\/\/www.notibras.com\/site\/hemope-incentiva-doacao-de-sangue-para-ficar-em-paz-no-carnaval\/","og_locale":"pt_BR","og_type":"article","og_title":"Hemope incentiva doa\u00e7\u00e3o de sangue para ficar em paz no carnaval - Notibras","og_description":"A campanha de doa\u00e7\u00e3o de sangue para refor\u00e7ar os estoques de sangue para o carnaval 2026 foi iniciada pela Funda\u00e7\u00e3o de Hematologia e Hemoterapia de Pernambuco (Hemope). Com car\u00e1ter preventivo, a mobiliza\u00e7\u00e3o come\u00e7ou um m\u00eas antes das festividades com o objetivo de dar suporte ao aumento dos atendimentos nos hospitais p\u00fablicos do estado. De acordo [&hellip;]","og_url":"https:\/\/www.notibras.com\/site\/hemope-incentiva-doacao-de-sangue-para-ficar-em-paz-no-carnaval\/","og_site_name":"Notibras","article_publisher":"https:\/\/www.facebook.com\/notibras\/","article_published_time":"2026-01-16T03:05:33+00:00","article_modified_time":"2026-01-16T13:07:48+00:00","og_image":[{"width":984,"height":590,"url":"https:\/\/www.notibras.com\/site\/wp-content\/uploads\/2026\/01\/aece30cf-1e9d-427e-92ab-090d852f99a9.jpg","type":"image\/jpeg"}],"author":"Reda\u00e7\u00e3o","twitter_card":"summary_large_image","twitter_creator":"@Notibras","twitter_site":"@Notibras","twitter_misc":{"Escrito por":"Reda\u00e7\u00e3o","Est. tempo de leitura":"2 minutos"},"schema":{"@context":"https:\/\/schema.org","@graph":[{"@type":"Article","@id":"https:\/\/www.notibras.com\/site\/hemope-incentiva-doacao-de-sangue-para-ficar-em-paz-no-carnaval\/#article","isPartOf":{"@id":"https:\/\/www.notibras.com\/site\/hemope-incentiva-doacao-de-sangue-para-ficar-em-paz-no-carnaval\/"},"author":{"name":"Reda\u00e7\u00e3o","@id":"https:\/\/www.notibras.com\/site\/#\/schema\/person\/36ab0979449956132d3e5b517ea76ac8"},"headline":"Hemope incentiva doa\u00e7\u00e3o de sangue para ficar em paz no carnaval","datePublished":"2026-01-16T03:05:33+00:00","dateModified":"2026-01-16T13:07:48+00:00","mainEntityOfPage":{"@id":"https:\/\/www.notibras.com\/site\/hemope-incentiva-doacao-de-sangue-para-ficar-em-paz-no-carnaval\/"},"wordCount":277,"publisher":{"@id":"https:\/\/www.notibras.com\/site\/#organization"},"image":{"@id":"https:\/\/www.notibras.com\/site\/hemope-incentiva-doacao-de-sangue-para-ficar-em-paz-no-carnaval\/#primaryimage"},"thumbnailUrl":"https:\/\/www.notibras.com\/site\/wp-content\/uploads\/2026\/01\/aece30cf-1e9d-427e-92ab-090d852f99a9.jpg","articleSection":["Nordeste"],"inLanguage":"pt-BR"},{"@type":"WebPage","@id":"https:\/\/www.notibras.com\/site\/hemope-incentiva-doacao-de-sangue-para-ficar-em-paz-no-carnaval\/","url":"https:\/\/www.notibras.com\/site\/hemope-incentiva-doacao-de-sangue-para-ficar-em-paz-no-carnaval\/","name":"Hemope incentiva doa\u00e7\u00e3o de sangue para ficar em paz no carnaval - Notibras","isPartOf":{"@id":"https:\/\/www.notibras.com\/site\/#website"},"primaryImageOfPage":{"@id":"https:\/\/www.notibras.com\/site\/hemope-incentiva-doacao-de-sangue-para-ficar-em-paz-no-carnaval\/#primaryimage"},"image":{"@id":"https:\/\/www.notibras.com\/site\/hemope-incentiva-doacao-de-sangue-para-ficar-em-paz-no-carnaval\/#primaryimage"},"thumbnailUrl":"https:\/\/www.notibras.com\/site\/wp-content\/uploads\/2026\/01\/aece30cf-1e9d-427e-92ab-090d852f99a9.jpg","datePublished":"2026-01-16T03:05:33+00:00","dateModified":"2026-01-16T13:07:48+00:00","breadcrumb":{"@id":"https:\/\/www.notibras.com\/site\/hemope-incentiva-doacao-de-sangue-para-ficar-em-paz-no-carnaval\/#breadcrumb"},"inLanguage":"pt-BR","potentialAction":[{"@type":"ReadAction","target":["https:\/\/www.notibras.com\/site\/hemope-incentiva-doacao-de-sangue-para-ficar-em-paz-no-carnaval\/"]}]},{"@type":"ImageObject","inLanguage":"pt-BR","@id":"https:\/\/www.notibras.com\/site\/hemope-incentiva-doacao-de-sangue-para-ficar-em-paz-no-carnaval\/#primaryimage","url":"https:\/\/www.notibras.com\/site\/wp-content\/uploads\/2026\/01\/aece30cf-1e9d-427e-92ab-090d852f99a9.jpg","contentUrl":"https:\/\/www.notibras.com\/site\/wp-content\/uploads\/2026\/01\/aece30cf-1e9d-427e-92ab-090d852f99a9.jpg","width":984,"height":590},{"@type":"BreadcrumbList","@id":"https:\/\/www.notibras.com\/site\/hemope-incentiva-doacao-de-sangue-para-ficar-em-paz-no-carnaval\/#breadcrumb","itemListElement":[{"@type":"ListItem","position":1,"name":"In\u00edcio","item":"https:\/\/www.notibras.com\/site\/"},{"@type":"ListItem","position":2,"name":"Hemope incentiva doa\u00e7\u00e3o de sangue para ficar em paz no carnaval"}]},{"@type":"WebSite","@id":"https:\/\/www.notibras.com\/site\/#website","url":"https:\/\/www.notibras.com\/site\/","name":"Notibras","description":"Not\u00edcias de Bras\u00edlia, do Brasil e do Mundo","publisher":{"@id":"https:\/\/www.notibras.com\/site\/#organization"},"potentialAction":[{"@type":"SearchAction","target":{"@type":"EntryPoint","urlTemplate":"https:\/\/www.notibras.com\/site\/?s={search_term_string}"},"query-input":{"@type":"PropertyValueSpecification","valueRequired":true,"valueName":"search_term_string"}}],"inLanguage":"pt-BR"},{"@type":"Organization","@id":"https:\/\/www.notibras.com\/site\/#organization","name":"Grupo Notibras de Comunica\u00e7\u00e3o","url":"https:\/\/www.notibras.com\/site\/","logo":{"@type":"ImageObject","inLanguage":"pt-BR","@id":"https:\/\/www.notibras.com\/site\/#\/schema\/logo\/image\/","url":"https:\/\/www.notibras.com\/site\/wp-content\/uploads\/2023\/01\/notibras23.png","contentUrl":"https:\/\/www.notibras.com\/site\/wp-content\/uploads\/2023\/01\/notibras23.png","width":350,"height":87,"caption":"Grupo Notibras de Comunica\u00e7\u00e3o"},"image":{"@id":"https:\/\/www.notibras.com\/site\/#\/schema\/logo\/image\/"},"sameAs":["https:\/\/www.facebook.com\/notibras\/","https:\/\/x.com\/Notibras","https:\/\/www.instagram.com\/notibras\/"]},{"@type":"Person","@id":"https:\/\/www.notibras.com\/site\/#\/schema\/person\/36ab0979449956132d3e5b517ea76ac8","name":"Reda\u00e7\u00e3o","image":{"@type":"ImageObject","inLanguage":"pt-BR","@id":"https:\/\/secure.gravatar.com\/avatar\/e0a867bdedb85fd243eadf09663511f96fc81e0720a4a42581f334ad4303aa6b?s=96&d=mm&r=g","url":"https:\/\/secure.gravatar.com\/avatar\/e0a867bdedb85fd243eadf09663511f96fc81e0720a4a42581f334ad4303aa6b?s=96&d=mm&r=g","contentUrl":"https:\/\/secure.gravatar.com\/avatar\/e0a867bdedb85fd243eadf09663511f96fc81e0720a4a42581f334ad4303aa6b?s=96&d=mm&r=g","caption":"Reda\u00e7\u00e3o"}}]}},"amp_enabled":true,"_links":{"self":[{"href":"https:\/\/www.notibras.com\/site\/wp-json\/wp\/v2\/posts\/379296","targetHints":{"allow":["GET"]}}],"collection":[{"href":"https:\/\/www.notibras.com\/site\/wp-json\/wp\/v2\/posts"}],"about":[{"href":"https:\/\/www.notibras.com\/site\/wp-json\/wp\/v2\/types\/post"}],"author":[{"embeddable":true,"href":"https:\/\/www.notibras.com\/site\/wp-json\/wp\/v2\/users\/2"}],"replies":[{"embeddable":true,"href":"https:\/\/www.notibras.com\/site\/wp-json\/wp\/v2\/comments?post=379296"}],"version-history":[{"count":1,"href":"https:\/\/www.notibras.com\/site\/wp-json\/wp\/v2\/posts\/379296\/revisions"}],"predecessor-version":[{"id":379298,"href":"https:\/\/www.notibras.com\/site\/wp-json\/wp\/v2\/posts\/379296\/revisions\/379298"}],"wp:featuredmedia":[{"embeddable":true,"href":"https:\/\/www.notibras.com\/site\/wp-json\/wp\/v2\/media\/379297"}],"wp:attachment":[{"href":"https:\/\/www.notibras.com\/site\/wp-json\/wp\/v2\/media?parent=379296"}],"wp:term":[{"taxonomy":"category","embeddable":true,"href":"https:\/\/www.notibras.com\/site\/wp-json\/wp\/v2\/categories?post=379296"},{"taxonomy":"post_tag","embeddable":true,"href":"https:\/\/www.notibras.com\/site\/wp-json\/wp\/v2\/tags?post=379296"}],"curies":[{"name":"wp","href":"https:\/\/api.w.org\/{rel}","templated":true}]}}