{"id":379299,"date":"2026-01-16T00:22:32","date_gmt":"2026-01-16T03:22:32","guid":{"rendered":"https:\/\/www.notibras.com\/site\/?p=379299"},"modified":"2026-01-16T10:12:48","modified_gmt":"2026-01-16T13:12:48","slug":"uniao-dos-palmares-tem-meningite-b-saiba-o-que-e-sintomas-e-como-tratar","status":"publish","type":"post","link":"https:\/\/www.notibras.com\/site\/uniao-dos-palmares-tem-meningite-b-saiba-o-que-e-sintomas-e-como-tratar\/","title":{"rendered":"Uni\u00e3o dos Palmares tem meningite B; saiba o que \u00e9, sintomas e como tratar"},"content":{"rendered":"<p>A cidade de Uni\u00e3o dos Palmares, na Zona da Mata de Alagoas, registrou um caso de meningite do tipo B. A Secretaria Municipal de Sa\u00fade divulgou a informa\u00e7\u00e3o por meio de nota. Conforme a pasta, o paciente est\u00e1 em tratamento e o quadro de sa\u00fade dele \u00e9 est\u00e1vel.<\/p>\n<p>\u201cTodas as medidas de vigil\u00e2ncia, preven\u00e7\u00e3o e acompanhamento est\u00e3o sendo adotadas, seguindo rigorosamente os protocolos do Minist\u00e9rio da Sa\u00fade, com monitoramento conjunto da Secretaria Municipal de Sa\u00fade e da SESAU\/AL\u201d, afirma o comunicado.<\/p>\n<p>Ainda de acordo com a SMS de Uni\u00e3o dos Palmares, a medica\u00e7\u00e3o preventiva \u00e9 indicada apenas para contatos pr\u00f3ximos, conforme crit\u00e9rios t\u00e9cnicos e manter a vacina\u00e7\u00e3o em dia, adotar boas pr\u00e1ticas de higiene e buscar atendimento m\u00e9dico ao apresentar sintomas continuam sendo as principais formas de preven\u00e7\u00e3o.<\/p>\n<p>Conforme a Sesau, de janeiro a agosto de 2025, Alagoas registrou 12 casos confirmados de doen\u00e7a meningoc\u00f3cica, dos quais quatro evolu\u00edram para \u00f3bito.<\/p>\n<p>As pessoas acometidas pela doen\u00e7a residiam em Macei\u00f3 (7), Campo Alegre (1), Flexeiras (1), Arapiraca (1), Rio Largo (1) e Palmeira dos \u00cdndios (1), sendo as mortes provenientes de Campo Alegre (1) e Macei\u00f3 (3).<\/p>\n<p>J\u00e1 em 2024, foram confirmados 23 casos, com oito mortes computadas.<\/p>\n<p>\u00c9 uma forma de meningite bacteriana, uma inflama\u00e7\u00e3o s\u00e9ria das meninges, que envolve o c\u00e9rebro e a medula espinhal. \u00c9 causada pela Neisseria meningitidis (meningococo) do tipo B, uma bact\u00e9ria que pode levar a infec\u00e7\u00f5es generalizadas graves (doen\u00e7a meningoc\u00f3cica invasiva).<\/p>\n<p>A doen\u00e7a se transmite por meio de got\u00edculas de saliva e secre\u00e7\u00f5es respirat\u00f3rias de infectados, principalmente pelo contato pr\u00f3ximo.<\/p>\n<p>Os sintomas em geral s\u00e3o febre alta s\u00fabita, dor de cabe\u00e7a muito forte, rigidez no pesco\u00e7o (dificuldade para encostar o queixo no peito), v\u00f4mitos e n\u00e1useas. Outros sintomas s\u00e3o manchas vermelhas ou arroxeadas na pele que permanecem depois do toque, mal-estar intenso, cansa\u00e7o e confus\u00e3o mental.<\/p>\n<p>Entre o grupo de risco, est\u00e3o beb\u00eas, crian\u00e7as menores de 5 anos e adolescentes.<\/p>\n<p>A vacina\u00e7\u00e3o \u00e9 a forma mais eficaz de preven\u00e7\u00e3o. A vacina Meningoc\u00f3cica B (MenB) protege contra a bact\u00e9ria do tipo B, mas n\u00e3o faz parte do calend\u00e1rio de rotina do SUS, estando dispon\u00edvel na rede privada.<\/p>\n<p>O SUS oferece vacinas para outros tipos (A, C, W, Y) e o tratamento \u00e9 feito em ambiente hospitalar com antibi\u00f3ticos intravenosos.<\/p>\n","protected":false},"excerpt":{"rendered":"<p>A cidade de Uni\u00e3o dos Palmares, na Zona da Mata de Alagoas, registrou um caso de meningite do tipo B. A Secretaria Municipal de Sa\u00fade divulgou a informa\u00e7\u00e3o por meio de nota. Conforme a pasta, o paciente est\u00e1 em tratamento e o quadro de sa\u00fade dele \u00e9 est\u00e1vel. \u201cTodas as medidas de vigil\u00e2ncia, preven\u00e7\u00e3o e [&hellip;]<\/p>\n","protected":false},"author":2,"featured_media":245880,"comment_status":"closed","ping_status":"closed","sticky":false,"template":"","format":"standard","meta":{"_acf_changed":false,"footnotes":""},"categories":[165],"tags":[],"class_list":["post-379299","post","type-post","status-publish","format-standard","has-post-thumbnail","hentry","category-nordeste"],"acf":[],"yoast_head":"<!-- This site is optimized with the Yoast SEO plugin v27.2 - https:\/\/yoast.com\/product\/yoast-seo-wordpress\/ -->\n<title>Uni\u00e3o dos Palmares tem meningite B; saiba o que \u00e9, sintomas e como tratar - Notibras<\/title>\n<meta name=\"robots\" content=\"index, follow, max-snippet:-1, max-image-preview:large, max-video-preview:-1\" \/>\n<link rel=\"canonical\" href=\"https:\/\/www.notibras.com\/site\/uniao-dos-palmares-tem-meningite-b-saiba-o-que-e-sintomas-e-como-tratar\/\" \/>\n<meta property=\"og:locale\" content=\"pt_BR\" \/>\n<meta property=\"og:type\" content=\"article\" \/>\n<meta property=\"og:title\" content=\"Uni\u00e3o dos Palmares tem meningite B; saiba o que \u00e9, sintomas e como tratar - Notibras\" \/>\n<meta property=\"og:description\" content=\"A cidade de Uni\u00e3o dos Palmares, na Zona da Mata de Alagoas, registrou um caso de meningite do tipo B. A Secretaria Municipal de Sa\u00fade divulgou a informa\u00e7\u00e3o por meio de nota. Conforme a pasta, o paciente est\u00e1 em tratamento e o quadro de sa\u00fade dele \u00e9 est\u00e1vel. \u201cTodas as medidas de vigil\u00e2ncia, preven\u00e7\u00e3o e [&hellip;]\" \/>\n<meta property=\"og:url\" content=\"https:\/\/www.notibras.com\/site\/uniao-dos-palmares-tem-meningite-b-saiba-o-que-e-sintomas-e-como-tratar\/\" \/>\n<meta property=\"og:site_name\" content=\"Notibras\" \/>\n<meta property=\"article:publisher\" content=\"https:\/\/www.facebook.com\/notibras\/\" \/>\n<meta property=\"article:published_time\" content=\"2026-01-16T03:22:32+00:00\" \/>\n<meta property=\"article:modified_time\" content=\"2026-01-16T13:12:48+00:00\" \/>\n<meta property=\"og:image\" content=\"https:\/\/www.notibras.com\/site\/wp-content\/uploads\/2020\/11\/close-up-doutor-enchimento-medico-forma-paciente_23-2148050550.jpg\" \/>\n\t<meta property=\"og:image:width\" content=\"626\" \/>\n\t<meta property=\"og:image:height\" content=\"417\" \/>\n\t<meta property=\"og:image:type\" content=\"image\/jpeg\" \/>\n<meta name=\"author\" content=\"Reda\u00e7\u00e3o\" \/>\n<meta name=\"twitter:card\" content=\"summary_large_image\" \/>\n<meta name=\"twitter:creator\" content=\"@Notibras\" \/>\n<meta name=\"twitter:site\" content=\"@Notibras\" \/>\n<meta name=\"twitter:label1\" content=\"Escrito por\" \/>\n\t<meta name=\"twitter:data1\" content=\"Reda\u00e7\u00e3o\" \/>\n\t<meta name=\"twitter:label2\" content=\"Est. tempo de leitura\" \/>\n\t<meta name=\"twitter:data2\" content=\"3 minutos\" \/>\n<script type=\"application\/ld+json\" class=\"yoast-schema-graph\">{\"@context\":\"https:\/\/schema.org\",\"@graph\":[{\"@type\":\"Article\",\"@id\":\"https:\/\/www.notibras.com\/site\/uniao-dos-palmares-tem-meningite-b-saiba-o-que-e-sintomas-e-como-tratar\/#article\",\"isPartOf\":{\"@id\":\"https:\/\/www.notibras.com\/site\/uniao-dos-palmares-tem-meningite-b-saiba-o-que-e-sintomas-e-como-tratar\/\"},\"author\":{\"name\":\"Reda\u00e7\u00e3o\",\"@id\":\"https:\/\/www.notibras.com\/site\/#\/schema\/person\/36ab0979449956132d3e5b517ea76ac8\"},\"headline\":\"Uni\u00e3o dos Palmares tem meningite B; saiba o que \u00e9, sintomas e como tratar\",\"datePublished\":\"2026-01-16T03:22:32+00:00\",\"dateModified\":\"2026-01-16T13:12:48+00:00\",\"mainEntityOfPage\":{\"@id\":\"https:\/\/www.notibras.com\/site\/uniao-dos-palmares-tem-meningite-b-saiba-o-que-e-sintomas-e-como-tratar\/\"},\"wordCount\":426,\"publisher\":{\"@id\":\"https:\/\/www.notibras.com\/site\/#organization\"},\"image\":{\"@id\":\"https:\/\/www.notibras.com\/site\/uniao-dos-palmares-tem-meningite-b-saiba-o-que-e-sintomas-e-como-tratar\/#primaryimage\"},\"thumbnailUrl\":\"https:\/\/www.notibras.com\/site\/wp-content\/uploads\/2020\/11\/close-up-doutor-enchimento-medico-forma-paciente_23-2148050550.jpg\",\"articleSection\":[\"Nordeste\"],\"inLanguage\":\"pt-BR\"},{\"@type\":\"WebPage\",\"@id\":\"https:\/\/www.notibras.com\/site\/uniao-dos-palmares-tem-meningite-b-saiba-o-que-e-sintomas-e-como-tratar\/\",\"url\":\"https:\/\/www.notibras.com\/site\/uniao-dos-palmares-tem-meningite-b-saiba-o-que-e-sintomas-e-como-tratar\/\",\"name\":\"Uni\u00e3o dos Palmares tem meningite B; saiba o que \u00e9, sintomas e como tratar - Notibras\",\"isPartOf\":{\"@id\":\"https:\/\/www.notibras.com\/site\/#website\"},\"primaryImageOfPage\":{\"@id\":\"https:\/\/www.notibras.com\/site\/uniao-dos-palmares-tem-meningite-b-saiba-o-que-e-sintomas-e-como-tratar\/#primaryimage\"},\"image\":{\"@id\":\"https:\/\/www.notibras.com\/site\/uniao-dos-palmares-tem-meningite-b-saiba-o-que-e-sintomas-e-como-tratar\/#primaryimage\"},\"thumbnailUrl\":\"https:\/\/www.notibras.com\/site\/wp-content\/uploads\/2020\/11\/close-up-doutor-enchimento-medico-forma-paciente_23-2148050550.jpg\",\"datePublished\":\"2026-01-16T03:22:32+00:00\",\"dateModified\":\"2026-01-16T13:12:48+00:00\",\"breadcrumb\":{\"@id\":\"https:\/\/www.notibras.com\/site\/uniao-dos-palmares-tem-meningite-b-saiba-o-que-e-sintomas-e-como-tratar\/#breadcrumb\"},\"inLanguage\":\"pt-BR\",\"potentialAction\":[{\"@type\":\"ReadAction\",\"target\":[\"https:\/\/www.notibras.com\/site\/uniao-dos-palmares-tem-meningite-b-saiba-o-que-e-sintomas-e-como-tratar\/\"]}]},{\"@type\":\"ImageObject\",\"inLanguage\":\"pt-BR\",\"@id\":\"https:\/\/www.notibras.com\/site\/uniao-dos-palmares-tem-meningite-b-saiba-o-que-e-sintomas-e-como-tratar\/#primaryimage\",\"url\":\"https:\/\/www.notibras.com\/site\/wp-content\/uploads\/2020\/11\/close-up-doutor-enchimento-medico-forma-paciente_23-2148050550.jpg\",\"contentUrl\":\"https:\/\/www.notibras.com\/site\/wp-content\/uploads\/2020\/11\/close-up-doutor-enchimento-medico-forma-paciente_23-2148050550.jpg\",\"width\":626,\"height\":417},{\"@type\":\"BreadcrumbList\",\"@id\":\"https:\/\/www.notibras.com\/site\/uniao-dos-palmares-tem-meningite-b-saiba-o-que-e-sintomas-e-como-tratar\/#breadcrumb\",\"itemListElement\":[{\"@type\":\"ListItem\",\"position\":1,\"name\":\"In\u00edcio\",\"item\":\"https:\/\/www.notibras.com\/site\/\"},{\"@type\":\"ListItem\",\"position\":2,\"name\":\"Uni\u00e3o dos Palmares tem meningite B; saiba o que \u00e9, sintomas e como tratar\"}]},{\"@type\":\"WebSite\",\"@id\":\"https:\/\/www.notibras.com\/site\/#website\",\"url\":\"https:\/\/www.notibras.com\/site\/\",\"name\":\"Notibras\",\"description\":\"Not\u00edcias de Bras\u00edlia, do Brasil e do Mundo\",\"publisher\":{\"@id\":\"https:\/\/www.notibras.com\/site\/#organization\"},\"potentialAction\":[{\"@type\":\"SearchAction\",\"target\":{\"@type\":\"EntryPoint\",\"urlTemplate\":\"https:\/\/www.notibras.com\/site\/?s={search_term_string}\"},\"query-input\":{\"@type\":\"PropertyValueSpecification\",\"valueRequired\":true,\"valueName\":\"search_term_string\"}}],\"inLanguage\":\"pt-BR\"},{\"@type\":\"Organization\",\"@id\":\"https:\/\/www.notibras.com\/site\/#organization\",\"name\":\"Grupo Notibras de Comunica\u00e7\u00e3o\",\"url\":\"https:\/\/www.notibras.com\/site\/\",\"logo\":{\"@type\":\"ImageObject\",\"inLanguage\":\"pt-BR\",\"@id\":\"https:\/\/www.notibras.com\/site\/#\/schema\/logo\/image\/\",\"url\":\"https:\/\/www.notibras.com\/site\/wp-content\/uploads\/2023\/01\/notibras23.png\",\"contentUrl\":\"https:\/\/www.notibras.com\/site\/wp-content\/uploads\/2023\/01\/notibras23.png\",\"width\":350,\"height\":87,\"caption\":\"Grupo Notibras de Comunica\u00e7\u00e3o\"},\"image\":{\"@id\":\"https:\/\/www.notibras.com\/site\/#\/schema\/logo\/image\/\"},\"sameAs\":[\"https:\/\/www.facebook.com\/notibras\/\",\"https:\/\/x.com\/Notibras\",\"https:\/\/www.instagram.com\/notibras\/\"]},{\"@type\":\"Person\",\"@id\":\"https:\/\/www.notibras.com\/site\/#\/schema\/person\/36ab0979449956132d3e5b517ea76ac8\",\"name\":\"Reda\u00e7\u00e3o\",\"image\":{\"@type\":\"ImageObject\",\"inLanguage\":\"pt-BR\",\"@id\":\"https:\/\/secure.gravatar.com\/avatar\/e0a867bdedb85fd243eadf09663511f96fc81e0720a4a42581f334ad4303aa6b?s=96&d=mm&r=g\",\"url\":\"https:\/\/secure.gravatar.com\/avatar\/e0a867bdedb85fd243eadf09663511f96fc81e0720a4a42581f334ad4303aa6b?s=96&d=mm&r=g\",\"contentUrl\":\"https:\/\/secure.gravatar.com\/avatar\/e0a867bdedb85fd243eadf09663511f96fc81e0720a4a42581f334ad4303aa6b?s=96&d=mm&r=g\",\"caption\":\"Reda\u00e7\u00e3o\"}}]}<\/script>\n<!-- \/ Yoast SEO plugin. -->","yoast_head_json":{"title":"Uni\u00e3o dos Palmares tem meningite B; saiba o que \u00e9, sintomas e como tratar - Notibras","robots":{"index":"index","follow":"follow","max-snippet":"max-snippet:-1","max-image-preview":"max-image-preview:large","max-video-preview":"max-video-preview:-1"},"canonical":"https:\/\/www.notibras.com\/site\/uniao-dos-palmares-tem-meningite-b-saiba-o-que-e-sintomas-e-como-tratar\/","og_locale":"pt_BR","og_type":"article","og_title":"Uni\u00e3o dos Palmares tem meningite B; saiba o que \u00e9, sintomas e como tratar - Notibras","og_description":"A cidade de Uni\u00e3o dos Palmares, na Zona da Mata de Alagoas, registrou um caso de meningite do tipo B. A Secretaria Municipal de Sa\u00fade divulgou a informa\u00e7\u00e3o por meio de nota. Conforme a pasta, o paciente est\u00e1 em tratamento e o quadro de sa\u00fade dele \u00e9 est\u00e1vel. \u201cTodas as medidas de vigil\u00e2ncia, preven\u00e7\u00e3o e [&hellip;]","og_url":"https:\/\/www.notibras.com\/site\/uniao-dos-palmares-tem-meningite-b-saiba-o-que-e-sintomas-e-como-tratar\/","og_site_name":"Notibras","article_publisher":"https:\/\/www.facebook.com\/notibras\/","article_published_time":"2026-01-16T03:22:32+00:00","article_modified_time":"2026-01-16T13:12:48+00:00","og_image":[{"width":626,"height":417,"url":"https:\/\/www.notibras.com\/site\/wp-content\/uploads\/2020\/11\/close-up-doutor-enchimento-medico-forma-paciente_23-2148050550.jpg","type":"image\/jpeg"}],"author":"Reda\u00e7\u00e3o","twitter_card":"summary_large_image","twitter_creator":"@Notibras","twitter_site":"@Notibras","twitter_misc":{"Escrito por":"Reda\u00e7\u00e3o","Est. tempo de leitura":"3 minutos"},"schema":{"@context":"https:\/\/schema.org","@graph":[{"@type":"Article","@id":"https:\/\/www.notibras.com\/site\/uniao-dos-palmares-tem-meningite-b-saiba-o-que-e-sintomas-e-como-tratar\/#article","isPartOf":{"@id":"https:\/\/www.notibras.com\/site\/uniao-dos-palmares-tem-meningite-b-saiba-o-que-e-sintomas-e-como-tratar\/"},"author":{"name":"Reda\u00e7\u00e3o","@id":"https:\/\/www.notibras.com\/site\/#\/schema\/person\/36ab0979449956132d3e5b517ea76ac8"},"headline":"Uni\u00e3o dos Palmares tem meningite B; saiba o que \u00e9, sintomas e como tratar","datePublished":"2026-01-16T03:22:32+00:00","dateModified":"2026-01-16T13:12:48+00:00","mainEntityOfPage":{"@id":"https:\/\/www.notibras.com\/site\/uniao-dos-palmares-tem-meningite-b-saiba-o-que-e-sintomas-e-como-tratar\/"},"wordCount":426,"publisher":{"@id":"https:\/\/www.notibras.com\/site\/#organization"},"image":{"@id":"https:\/\/www.notibras.com\/site\/uniao-dos-palmares-tem-meningite-b-saiba-o-que-e-sintomas-e-como-tratar\/#primaryimage"},"thumbnailUrl":"https:\/\/www.notibras.com\/site\/wp-content\/uploads\/2020\/11\/close-up-doutor-enchimento-medico-forma-paciente_23-2148050550.jpg","articleSection":["Nordeste"],"inLanguage":"pt-BR"},{"@type":"WebPage","@id":"https:\/\/www.notibras.com\/site\/uniao-dos-palmares-tem-meningite-b-saiba-o-que-e-sintomas-e-como-tratar\/","url":"https:\/\/www.notibras.com\/site\/uniao-dos-palmares-tem-meningite-b-saiba-o-que-e-sintomas-e-como-tratar\/","name":"Uni\u00e3o dos Palmares tem meningite B; saiba o que \u00e9, sintomas e como tratar - Notibras","isPartOf":{"@id":"https:\/\/www.notibras.com\/site\/#website"},"primaryImageOfPage":{"@id":"https:\/\/www.notibras.com\/site\/uniao-dos-palmares-tem-meningite-b-saiba-o-que-e-sintomas-e-como-tratar\/#primaryimage"},"image":{"@id":"https:\/\/www.notibras.com\/site\/uniao-dos-palmares-tem-meningite-b-saiba-o-que-e-sintomas-e-como-tratar\/#primaryimage"},"thumbnailUrl":"https:\/\/www.notibras.com\/site\/wp-content\/uploads\/2020\/11\/close-up-doutor-enchimento-medico-forma-paciente_23-2148050550.jpg","datePublished":"2026-01-16T03:22:32+00:00","dateModified":"2026-01-16T13:12:48+00:00","breadcrumb":{"@id":"https:\/\/www.notibras.com\/site\/uniao-dos-palmares-tem-meningite-b-saiba-o-que-e-sintomas-e-como-tratar\/#breadcrumb"},"inLanguage":"pt-BR","potentialAction":[{"@type":"ReadAction","target":["https:\/\/www.notibras.com\/site\/uniao-dos-palmares-tem-meningite-b-saiba-o-que-e-sintomas-e-como-tratar\/"]}]},{"@type":"ImageObject","inLanguage":"pt-BR","@id":"https:\/\/www.notibras.com\/site\/uniao-dos-palmares-tem-meningite-b-saiba-o-que-e-sintomas-e-como-tratar\/#primaryimage","url":"https:\/\/www.notibras.com\/site\/wp-content\/uploads\/2020\/11\/close-up-doutor-enchimento-medico-forma-paciente_23-2148050550.jpg","contentUrl":"https:\/\/www.notibras.com\/site\/wp-content\/uploads\/2020\/11\/close-up-doutor-enchimento-medico-forma-paciente_23-2148050550.jpg","width":626,"height":417},{"@type":"BreadcrumbList","@id":"https:\/\/www.notibras.com\/site\/uniao-dos-palmares-tem-meningite-b-saiba-o-que-e-sintomas-e-como-tratar\/#breadcrumb","itemListElement":[{"@type":"ListItem","position":1,"name":"In\u00edcio","item":"https:\/\/www.notibras.com\/site\/"},{"@type":"ListItem","position":2,"name":"Uni\u00e3o dos Palmares tem meningite B; saiba o que \u00e9, sintomas e como tratar"}]},{"@type":"WebSite","@id":"https:\/\/www.notibras.com\/site\/#website","url":"https:\/\/www.notibras.com\/site\/","name":"Notibras","description":"Not\u00edcias de Bras\u00edlia, do Brasil e do Mundo","publisher":{"@id":"https:\/\/www.notibras.com\/site\/#organization"},"potentialAction":[{"@type":"SearchAction","target":{"@type":"EntryPoint","urlTemplate":"https:\/\/www.notibras.com\/site\/?s={search_term_string}"},"query-input":{"@type":"PropertyValueSpecification","valueRequired":true,"valueName":"search_term_string"}}],"inLanguage":"pt-BR"},{"@type":"Organization","@id":"https:\/\/www.notibras.com\/site\/#organization","name":"Grupo Notibras de Comunica\u00e7\u00e3o","url":"https:\/\/www.notibras.com\/site\/","logo":{"@type":"ImageObject","inLanguage":"pt-BR","@id":"https:\/\/www.notibras.com\/site\/#\/schema\/logo\/image\/","url":"https:\/\/www.notibras.com\/site\/wp-content\/uploads\/2023\/01\/notibras23.png","contentUrl":"https:\/\/www.notibras.com\/site\/wp-content\/uploads\/2023\/01\/notibras23.png","width":350,"height":87,"caption":"Grupo Notibras de Comunica\u00e7\u00e3o"},"image":{"@id":"https:\/\/www.notibras.com\/site\/#\/schema\/logo\/image\/"},"sameAs":["https:\/\/www.facebook.com\/notibras\/","https:\/\/x.com\/Notibras","https:\/\/www.instagram.com\/notibras\/"]},{"@type":"Person","@id":"https:\/\/www.notibras.com\/site\/#\/schema\/person\/36ab0979449956132d3e5b517ea76ac8","name":"Reda\u00e7\u00e3o","image":{"@type":"ImageObject","inLanguage":"pt-BR","@id":"https:\/\/secure.gravatar.com\/avatar\/e0a867bdedb85fd243eadf09663511f96fc81e0720a4a42581f334ad4303aa6b?s=96&d=mm&r=g","url":"https:\/\/secure.gravatar.com\/avatar\/e0a867bdedb85fd243eadf09663511f96fc81e0720a4a42581f334ad4303aa6b?s=96&d=mm&r=g","contentUrl":"https:\/\/secure.gravatar.com\/avatar\/e0a867bdedb85fd243eadf09663511f96fc81e0720a4a42581f334ad4303aa6b?s=96&d=mm&r=g","caption":"Reda\u00e7\u00e3o"}}]}},"amp_enabled":true,"_links":{"self":[{"href":"https:\/\/www.notibras.com\/site\/wp-json\/wp\/v2\/posts\/379299","targetHints":{"allow":["GET"]}}],"collection":[{"href":"https:\/\/www.notibras.com\/site\/wp-json\/wp\/v2\/posts"}],"about":[{"href":"https:\/\/www.notibras.com\/site\/wp-json\/wp\/v2\/types\/post"}],"author":[{"embeddable":true,"href":"https:\/\/www.notibras.com\/site\/wp-json\/wp\/v2\/users\/2"}],"replies":[{"embeddable":true,"href":"https:\/\/www.notibras.com\/site\/wp-json\/wp\/v2\/comments?post=379299"}],"version-history":[{"count":1,"href":"https:\/\/www.notibras.com\/site\/wp-json\/wp\/v2\/posts\/379299\/revisions"}],"predecessor-version":[{"id":379300,"href":"https:\/\/www.notibras.com\/site\/wp-json\/wp\/v2\/posts\/379299\/revisions\/379300"}],"wp:featuredmedia":[{"embeddable":true,"href":"https:\/\/www.notibras.com\/site\/wp-json\/wp\/v2\/media\/245880"}],"wp:attachment":[{"href":"https:\/\/www.notibras.com\/site\/wp-json\/wp\/v2\/media?parent=379299"}],"wp:term":[{"taxonomy":"category","embeddable":true,"href":"https:\/\/www.notibras.com\/site\/wp-json\/wp\/v2\/categories?post=379299"},{"taxonomy":"post_tag","embeddable":true,"href":"https:\/\/www.notibras.com\/site\/wp-json\/wp\/v2\/tags?post=379299"}],"curies":[{"name":"wp","href":"https:\/\/api.w.org\/{rel}","templated":true}]}}