{"id":379301,"date":"2026-01-16T13:19:24","date_gmt":"2026-01-16T16:19:24","guid":{"rendered":"https:\/\/www.notibras.com\/site\/?p=379301"},"modified":"2026-01-16T14:24:39","modified_gmt":"2026-01-16T17:24:39","slug":"dinheiro-e-curto-admite-lula-mas-e-um-direito-minimo-do-trabalhador","status":"publish","type":"post","link":"https:\/\/www.notibras.com\/site\/dinheiro-e-curto-admite-lula-mas-e-um-direito-minimo-do-trabalhador\/","title":{"rendered":"Dinheiro \u00e9 curto, admite Lula, mas \u00e9 um direito m\u00ednimo do trabalhador"},"content":{"rendered":"<p>Ao participar de cerim\u00f4nia alusiva aos 90 anos do sal\u00e1rio m\u00ednimo no Brasil, o presidente Luiz In\u00e1cio Lula da Silva disse, nesta sexta-feira (16), que o valor do sal\u00e1rio m\u00ednimo adotado no pa\u00eds \u00e9 muito baixo.<\/p>\n<p>\u201cN\u00e3o estamos fazendo esse ato de apologia ao valor do sal\u00e1rio m\u00ednimo. Porque o valor do sal\u00e1rio m\u00ednimo \u00e9 muito baixo no Brasil. Estamos fazendo apologia aqui \u00e0 ideia de um presidente da Rep\u00fablica que, em 1936, criou a possibilidade de se estabelecer um sal\u00e1rio que garantisse aos trabalhadores os direitos elementares.\u201d<\/p>\n<p>Dentre os direitos dos trabalhadores citados por Lula em sua fala est\u00e3o o direito de morar, comer e estudar, al\u00e9m do direito de ir e vir. \u201cDesde que foi criado, o sal\u00e1rio m\u00ednimo n\u00e3o preenche esses requisitos da inten\u00e7\u00e3o da lei\u201d, disse o presidente durante a cerim\u00f4nia, no Rio de Janeiro.<\/p>\n<p><strong>Novo valor<\/strong><br \/>\nO novo sal\u00e1rio m\u00ednimo, no valor de R$ 1.621, passou a valer a partir de 1\u00ba de janeiro deste ano. O reajuste aplicado foi de de 6,79% ou R$ 103. O sal\u00e1rio m\u00ednimo anterior era de R$ 1.518.<\/p>\n<p>O valor foi informado ap\u00f3s a divulga\u00e7\u00e3o do \u00cdndice Nacional de Pre\u00e7os ao Consumidor (INPC), utilizado no c\u00e1lculo do reajuste anual do sal\u00e1rio m\u00ednimo. O indicador registrou 0,03% em novembro e acumula 4,18% em 12 meses.<\/p>\n<p>Pela estimativa do Departamento Intersindical de Estat\u00edstica e Estudos Socioecon\u00f4micos (Dieese), o novo sal\u00e1rio m\u00ednimo injetar\u00e1 R$ 81,7 bilh\u00f5es na economia. O c\u00e1lculo considera os efeitos sobre a renda, o consumo e a arrecada\u00e7\u00e3o, ainda que em um cen\u00e1rio de restri\u00e7\u00f5es fiscais mais r\u00edgidas.<\/p>\n<p><strong>Entenda<\/strong><br \/>\nA regra do reajuste do sal\u00e1rio m\u00ednimo determina que o valor tenha duas corre\u00e7\u00f5es: uma pelo INPC de 12 meses acumulado at\u00e9 novembro do ano anterior, ou seja, 4,18%, e outra pelo crescimento da economia de dois anos. No dia 4 de dezembro, o Instituto Brasileiro de Geografia e Estat\u00edstica (IBGE) revisou os dados do Produto Interno Bruto (PIB, soma dos bens e servi\u00e7os produzidos no pa\u00eds) de 2024, confirmando expans\u00e3o em 3,4%.<\/p>\n<p>No entanto, o arcabou\u00e7o fiscal, mecanismo que controla a evolu\u00e7\u00e3o dos gastos p\u00fablicos, determina que o ganho acima da infla\u00e7\u00e3o seja limitado a um intervalo de 0,6% a 2,5%.<\/p>\n<p>Pela regra, o sal\u00e1rio m\u00ednimo de 2026 seria R$ 1.620,99 e, com o arredondamento previsto em lei, passa para R$ 1.621, reajuste de 6,79%.<\/p>\n","protected":false},"excerpt":{"rendered":"<p>Ao participar de cerim\u00f4nia alusiva aos 90 anos do sal\u00e1rio m\u00ednimo no Brasil, o presidente Luiz In\u00e1cio Lula da Silva disse, nesta sexta-feira (16), que o valor do sal\u00e1rio m\u00ednimo adotado no pa\u00eds \u00e9 muito baixo. \u201cN\u00e3o estamos fazendo esse ato de apologia ao valor do sal\u00e1rio m\u00ednimo. Porque o valor do sal\u00e1rio m\u00ednimo \u00e9 [&hellip;]<\/p>\n","protected":false},"author":2,"featured_media":379302,"comment_status":"closed","ping_status":"closed","sticky":false,"template":"","format":"standard","meta":{"_acf_changed":false,"footnotes":""},"categories":[16],"tags":[95],"class_list":["post-379301","post","type-post","status-publish","format-standard","has-post-thumbnail","hentry","category-brasil","tag-capa"],"acf":[],"yoast_head":"<!-- This site is optimized with the Yoast SEO plugin v27.2 - https:\/\/yoast.com\/product\/yoast-seo-wordpress\/ -->\n<title>Dinheiro \u00e9 curto, admite Lula, mas \u00e9 um direito m\u00ednimo do trabalhador - Notibras<\/title>\n<meta name=\"robots\" content=\"index, follow, max-snippet:-1, max-image-preview:large, max-video-preview:-1\" \/>\n<link rel=\"canonical\" href=\"https:\/\/www.notibras.com\/site\/dinheiro-e-curto-admite-lula-mas-e-um-direito-minimo-do-trabalhador\/\" \/>\n<meta property=\"og:locale\" content=\"pt_BR\" \/>\n<meta property=\"og:type\" content=\"article\" \/>\n<meta property=\"og:title\" content=\"Dinheiro \u00e9 curto, admite Lula, mas \u00e9 um direito m\u00ednimo do trabalhador - Notibras\" \/>\n<meta property=\"og:description\" content=\"Ao participar de cerim\u00f4nia alusiva aos 90 anos do sal\u00e1rio m\u00ednimo no Brasil, o presidente Luiz In\u00e1cio Lula da Silva disse, nesta sexta-feira (16), que o valor do sal\u00e1rio m\u00ednimo adotado no pa\u00eds \u00e9 muito baixo. \u201cN\u00e3o estamos fazendo esse ato de apologia ao valor do sal\u00e1rio m\u00ednimo. Porque o valor do sal\u00e1rio m\u00ednimo \u00e9 [&hellip;]\" \/>\n<meta property=\"og:url\" content=\"https:\/\/www.notibras.com\/site\/dinheiro-e-curto-admite-lula-mas-e-um-direito-minimo-do-trabalhador\/\" \/>\n<meta property=\"og:site_name\" content=\"Notibras\" \/>\n<meta property=\"article:publisher\" content=\"https:\/\/www.facebook.com\/notibras\/\" \/>\n<meta property=\"article:published_time\" content=\"2026-01-16T16:19:24+00:00\" \/>\n<meta property=\"article:modified_time\" content=\"2026-01-16T17:24:39+00:00\" \/>\n<meta property=\"og:image\" content=\"https:\/\/www.notibras.com\/site\/wp-content\/uploads\/2026\/01\/55044467491_3a6da5a9dc_o.webp\" \/>\n\t<meta property=\"og:image:width\" content=\"770\" \/>\n\t<meta property=\"og:image:height\" content=\"513\" \/>\n\t<meta property=\"og:image:type\" content=\"image\/webp\" \/>\n<meta name=\"author\" content=\"Reda\u00e7\u00e3o\" \/>\n<meta name=\"twitter:card\" content=\"summary_large_image\" \/>\n<meta name=\"twitter:creator\" content=\"@Notibras\" \/>\n<meta name=\"twitter:site\" content=\"@Notibras\" \/>\n<meta name=\"twitter:label1\" content=\"Escrito por\" \/>\n\t<meta name=\"twitter:data1\" content=\"Reda\u00e7\u00e3o\" \/>\n\t<meta name=\"twitter:label2\" content=\"Est. tempo de leitura\" \/>\n\t<meta name=\"twitter:data2\" content=\"3 minutos\" \/>\n<script type=\"application\/ld+json\" class=\"yoast-schema-graph\">{\"@context\":\"https:\/\/schema.org\",\"@graph\":[{\"@type\":\"Article\",\"@id\":\"https:\/\/www.notibras.com\/site\/dinheiro-e-curto-admite-lula-mas-e-um-direito-minimo-do-trabalhador\/#article\",\"isPartOf\":{\"@id\":\"https:\/\/www.notibras.com\/site\/dinheiro-e-curto-admite-lula-mas-e-um-direito-minimo-do-trabalhador\/\"},\"author\":{\"name\":\"Reda\u00e7\u00e3o\",\"@id\":\"https:\/\/www.notibras.com\/site\/#\/schema\/person\/36ab0979449956132d3e5b517ea76ac8\"},\"headline\":\"Dinheiro \u00e9 curto, admite Lula, mas \u00e9 um direito m\u00ednimo do trabalhador\",\"datePublished\":\"2026-01-16T16:19:24+00:00\",\"dateModified\":\"2026-01-16T17:24:39+00:00\",\"mainEntityOfPage\":{\"@id\":\"https:\/\/www.notibras.com\/site\/dinheiro-e-curto-admite-lula-mas-e-um-direito-minimo-do-trabalhador\/\"},\"wordCount\":425,\"publisher\":{\"@id\":\"https:\/\/www.notibras.com\/site\/#organization\"},\"image\":{\"@id\":\"https:\/\/www.notibras.com\/site\/dinheiro-e-curto-admite-lula-mas-e-um-direito-minimo-do-trabalhador\/#primaryimage\"},\"thumbnailUrl\":\"https:\/\/www.notibras.com\/site\/wp-content\/uploads\/2026\/01\/55044467491_3a6da5a9dc_o.webp\",\"keywords\":[\"capa\"],\"articleSection\":[\"Brasil\"],\"inLanguage\":\"pt-BR\"},{\"@type\":\"WebPage\",\"@id\":\"https:\/\/www.notibras.com\/site\/dinheiro-e-curto-admite-lula-mas-e-um-direito-minimo-do-trabalhador\/\",\"url\":\"https:\/\/www.notibras.com\/site\/dinheiro-e-curto-admite-lula-mas-e-um-direito-minimo-do-trabalhador\/\",\"name\":\"Dinheiro \u00e9 curto, admite Lula, mas \u00e9 um direito m\u00ednimo do trabalhador - Notibras\",\"isPartOf\":{\"@id\":\"https:\/\/www.notibras.com\/site\/#website\"},\"primaryImageOfPage\":{\"@id\":\"https:\/\/www.notibras.com\/site\/dinheiro-e-curto-admite-lula-mas-e-um-direito-minimo-do-trabalhador\/#primaryimage\"},\"image\":{\"@id\":\"https:\/\/www.notibras.com\/site\/dinheiro-e-curto-admite-lula-mas-e-um-direito-minimo-do-trabalhador\/#primaryimage\"},\"thumbnailUrl\":\"https:\/\/www.notibras.com\/site\/wp-content\/uploads\/2026\/01\/55044467491_3a6da5a9dc_o.webp\",\"datePublished\":\"2026-01-16T16:19:24+00:00\",\"dateModified\":\"2026-01-16T17:24:39+00:00\",\"breadcrumb\":{\"@id\":\"https:\/\/www.notibras.com\/site\/dinheiro-e-curto-admite-lula-mas-e-um-direito-minimo-do-trabalhador\/#breadcrumb\"},\"inLanguage\":\"pt-BR\",\"potentialAction\":[{\"@type\":\"ReadAction\",\"target\":[\"https:\/\/www.notibras.com\/site\/dinheiro-e-curto-admite-lula-mas-e-um-direito-minimo-do-trabalhador\/\"]}]},{\"@type\":\"ImageObject\",\"inLanguage\":\"pt-BR\",\"@id\":\"https:\/\/www.notibras.com\/site\/dinheiro-e-curto-admite-lula-mas-e-um-direito-minimo-do-trabalhador\/#primaryimage\",\"url\":\"https:\/\/www.notibras.com\/site\/wp-content\/uploads\/2026\/01\/55044467491_3a6da5a9dc_o.webp\",\"contentUrl\":\"https:\/\/www.notibras.com\/site\/wp-content\/uploads\/2026\/01\/55044467491_3a6da5a9dc_o.webp\",\"width\":770,\"height\":513},{\"@type\":\"BreadcrumbList\",\"@id\":\"https:\/\/www.notibras.com\/site\/dinheiro-e-curto-admite-lula-mas-e-um-direito-minimo-do-trabalhador\/#breadcrumb\",\"itemListElement\":[{\"@type\":\"ListItem\",\"position\":1,\"name\":\"In\u00edcio\",\"item\":\"https:\/\/www.notibras.com\/site\/\"},{\"@type\":\"ListItem\",\"position\":2,\"name\":\"Dinheiro \u00e9 curto, admite Lula, mas \u00e9 um direito m\u00ednimo do trabalhador\"}]},{\"@type\":\"WebSite\",\"@id\":\"https:\/\/www.notibras.com\/site\/#website\",\"url\":\"https:\/\/www.notibras.com\/site\/\",\"name\":\"Notibras\",\"description\":\"Not\u00edcias de Bras\u00edlia, do Brasil e do Mundo\",\"publisher\":{\"@id\":\"https:\/\/www.notibras.com\/site\/#organization\"},\"potentialAction\":[{\"@type\":\"SearchAction\",\"target\":{\"@type\":\"EntryPoint\",\"urlTemplate\":\"https:\/\/www.notibras.com\/site\/?s={search_term_string}\"},\"query-input\":{\"@type\":\"PropertyValueSpecification\",\"valueRequired\":true,\"valueName\":\"search_term_string\"}}],\"inLanguage\":\"pt-BR\"},{\"@type\":\"Organization\",\"@id\":\"https:\/\/www.notibras.com\/site\/#organization\",\"name\":\"Grupo Notibras de Comunica\u00e7\u00e3o\",\"url\":\"https:\/\/www.notibras.com\/site\/\",\"logo\":{\"@type\":\"ImageObject\",\"inLanguage\":\"pt-BR\",\"@id\":\"https:\/\/www.notibras.com\/site\/#\/schema\/logo\/image\/\",\"url\":\"https:\/\/www.notibras.com\/site\/wp-content\/uploads\/2023\/01\/notibras23.png\",\"contentUrl\":\"https:\/\/www.notibras.com\/site\/wp-content\/uploads\/2023\/01\/notibras23.png\",\"width\":350,\"height\":87,\"caption\":\"Grupo Notibras de Comunica\u00e7\u00e3o\"},\"image\":{\"@id\":\"https:\/\/www.notibras.com\/site\/#\/schema\/logo\/image\/\"},\"sameAs\":[\"https:\/\/www.facebook.com\/notibras\/\",\"https:\/\/x.com\/Notibras\",\"https:\/\/www.instagram.com\/notibras\/\"]},{\"@type\":\"Person\",\"@id\":\"https:\/\/www.notibras.com\/site\/#\/schema\/person\/36ab0979449956132d3e5b517ea76ac8\",\"name\":\"Reda\u00e7\u00e3o\",\"image\":{\"@type\":\"ImageObject\",\"inLanguage\":\"pt-BR\",\"@id\":\"https:\/\/secure.gravatar.com\/avatar\/e0a867bdedb85fd243eadf09663511f96fc81e0720a4a42581f334ad4303aa6b?s=96&d=mm&r=g\",\"url\":\"https:\/\/secure.gravatar.com\/avatar\/e0a867bdedb85fd243eadf09663511f96fc81e0720a4a42581f334ad4303aa6b?s=96&d=mm&r=g\",\"contentUrl\":\"https:\/\/secure.gravatar.com\/avatar\/e0a867bdedb85fd243eadf09663511f96fc81e0720a4a42581f334ad4303aa6b?s=96&d=mm&r=g\",\"caption\":\"Reda\u00e7\u00e3o\"}}]}<\/script>\n<!-- \/ Yoast SEO plugin. -->","yoast_head_json":{"title":"Dinheiro \u00e9 curto, admite Lula, mas \u00e9 um direito m\u00ednimo do trabalhador - Notibras","robots":{"index":"index","follow":"follow","max-snippet":"max-snippet:-1","max-image-preview":"max-image-preview:large","max-video-preview":"max-video-preview:-1"},"canonical":"https:\/\/www.notibras.com\/site\/dinheiro-e-curto-admite-lula-mas-e-um-direito-minimo-do-trabalhador\/","og_locale":"pt_BR","og_type":"article","og_title":"Dinheiro \u00e9 curto, admite Lula, mas \u00e9 um direito m\u00ednimo do trabalhador - Notibras","og_description":"Ao participar de cerim\u00f4nia alusiva aos 90 anos do sal\u00e1rio m\u00ednimo no Brasil, o presidente Luiz In\u00e1cio Lula da Silva disse, nesta sexta-feira (16), que o valor do sal\u00e1rio m\u00ednimo adotado no pa\u00eds \u00e9 muito baixo. \u201cN\u00e3o estamos fazendo esse ato de apologia ao valor do sal\u00e1rio m\u00ednimo. Porque o valor do sal\u00e1rio m\u00ednimo \u00e9 [&hellip;]","og_url":"https:\/\/www.notibras.com\/site\/dinheiro-e-curto-admite-lula-mas-e-um-direito-minimo-do-trabalhador\/","og_site_name":"Notibras","article_publisher":"https:\/\/www.facebook.com\/notibras\/","article_published_time":"2026-01-16T16:19:24+00:00","article_modified_time":"2026-01-16T17:24:39+00:00","og_image":[{"width":770,"height":513,"url":"https:\/\/www.notibras.com\/site\/wp-content\/uploads\/2026\/01\/55044467491_3a6da5a9dc_o.webp","type":"image\/webp"}],"author":"Reda\u00e7\u00e3o","twitter_card":"summary_large_image","twitter_creator":"@Notibras","twitter_site":"@Notibras","twitter_misc":{"Escrito por":"Reda\u00e7\u00e3o","Est. tempo de leitura":"3 minutos"},"schema":{"@context":"https:\/\/schema.org","@graph":[{"@type":"Article","@id":"https:\/\/www.notibras.com\/site\/dinheiro-e-curto-admite-lula-mas-e-um-direito-minimo-do-trabalhador\/#article","isPartOf":{"@id":"https:\/\/www.notibras.com\/site\/dinheiro-e-curto-admite-lula-mas-e-um-direito-minimo-do-trabalhador\/"},"author":{"name":"Reda\u00e7\u00e3o","@id":"https:\/\/www.notibras.com\/site\/#\/schema\/person\/36ab0979449956132d3e5b517ea76ac8"},"headline":"Dinheiro \u00e9 curto, admite Lula, mas \u00e9 um direito m\u00ednimo do trabalhador","datePublished":"2026-01-16T16:19:24+00:00","dateModified":"2026-01-16T17:24:39+00:00","mainEntityOfPage":{"@id":"https:\/\/www.notibras.com\/site\/dinheiro-e-curto-admite-lula-mas-e-um-direito-minimo-do-trabalhador\/"},"wordCount":425,"publisher":{"@id":"https:\/\/www.notibras.com\/site\/#organization"},"image":{"@id":"https:\/\/www.notibras.com\/site\/dinheiro-e-curto-admite-lula-mas-e-um-direito-minimo-do-trabalhador\/#primaryimage"},"thumbnailUrl":"https:\/\/www.notibras.com\/site\/wp-content\/uploads\/2026\/01\/55044467491_3a6da5a9dc_o.webp","keywords":["capa"],"articleSection":["Brasil"],"inLanguage":"pt-BR"},{"@type":"WebPage","@id":"https:\/\/www.notibras.com\/site\/dinheiro-e-curto-admite-lula-mas-e-um-direito-minimo-do-trabalhador\/","url":"https:\/\/www.notibras.com\/site\/dinheiro-e-curto-admite-lula-mas-e-um-direito-minimo-do-trabalhador\/","name":"Dinheiro \u00e9 curto, admite Lula, mas \u00e9 um direito m\u00ednimo do trabalhador - Notibras","isPartOf":{"@id":"https:\/\/www.notibras.com\/site\/#website"},"primaryImageOfPage":{"@id":"https:\/\/www.notibras.com\/site\/dinheiro-e-curto-admite-lula-mas-e-um-direito-minimo-do-trabalhador\/#primaryimage"},"image":{"@id":"https:\/\/www.notibras.com\/site\/dinheiro-e-curto-admite-lula-mas-e-um-direito-minimo-do-trabalhador\/#primaryimage"},"thumbnailUrl":"https:\/\/www.notibras.com\/site\/wp-content\/uploads\/2026\/01\/55044467491_3a6da5a9dc_o.webp","datePublished":"2026-01-16T16:19:24+00:00","dateModified":"2026-01-16T17:24:39+00:00","breadcrumb":{"@id":"https:\/\/www.notibras.com\/site\/dinheiro-e-curto-admite-lula-mas-e-um-direito-minimo-do-trabalhador\/#breadcrumb"},"inLanguage":"pt-BR","potentialAction":[{"@type":"ReadAction","target":["https:\/\/www.notibras.com\/site\/dinheiro-e-curto-admite-lula-mas-e-um-direito-minimo-do-trabalhador\/"]}]},{"@type":"ImageObject","inLanguage":"pt-BR","@id":"https:\/\/www.notibras.com\/site\/dinheiro-e-curto-admite-lula-mas-e-um-direito-minimo-do-trabalhador\/#primaryimage","url":"https:\/\/www.notibras.com\/site\/wp-content\/uploads\/2026\/01\/55044467491_3a6da5a9dc_o.webp","contentUrl":"https:\/\/www.notibras.com\/site\/wp-content\/uploads\/2026\/01\/55044467491_3a6da5a9dc_o.webp","width":770,"height":513},{"@type":"BreadcrumbList","@id":"https:\/\/www.notibras.com\/site\/dinheiro-e-curto-admite-lula-mas-e-um-direito-minimo-do-trabalhador\/#breadcrumb","itemListElement":[{"@type":"ListItem","position":1,"name":"In\u00edcio","item":"https:\/\/www.notibras.com\/site\/"},{"@type":"ListItem","position":2,"name":"Dinheiro \u00e9 curto, admite Lula, mas \u00e9 um direito m\u00ednimo do trabalhador"}]},{"@type":"WebSite","@id":"https:\/\/www.notibras.com\/site\/#website","url":"https:\/\/www.notibras.com\/site\/","name":"Notibras","description":"Not\u00edcias de Bras\u00edlia, do Brasil e do Mundo","publisher":{"@id":"https:\/\/www.notibras.com\/site\/#organization"},"potentialAction":[{"@type":"SearchAction","target":{"@type":"EntryPoint","urlTemplate":"https:\/\/www.notibras.com\/site\/?s={search_term_string}"},"query-input":{"@type":"PropertyValueSpecification","valueRequired":true,"valueName":"search_term_string"}}],"inLanguage":"pt-BR"},{"@type":"Organization","@id":"https:\/\/www.notibras.com\/site\/#organization","name":"Grupo Notibras de Comunica\u00e7\u00e3o","url":"https:\/\/www.notibras.com\/site\/","logo":{"@type":"ImageObject","inLanguage":"pt-BR","@id":"https:\/\/www.notibras.com\/site\/#\/schema\/logo\/image\/","url":"https:\/\/www.notibras.com\/site\/wp-content\/uploads\/2023\/01\/notibras23.png","contentUrl":"https:\/\/www.notibras.com\/site\/wp-content\/uploads\/2023\/01\/notibras23.png","width":350,"height":87,"caption":"Grupo Notibras de Comunica\u00e7\u00e3o"},"image":{"@id":"https:\/\/www.notibras.com\/site\/#\/schema\/logo\/image\/"},"sameAs":["https:\/\/www.facebook.com\/notibras\/","https:\/\/x.com\/Notibras","https:\/\/www.instagram.com\/notibras\/"]},{"@type":"Person","@id":"https:\/\/www.notibras.com\/site\/#\/schema\/person\/36ab0979449956132d3e5b517ea76ac8","name":"Reda\u00e7\u00e3o","image":{"@type":"ImageObject","inLanguage":"pt-BR","@id":"https:\/\/secure.gravatar.com\/avatar\/e0a867bdedb85fd243eadf09663511f96fc81e0720a4a42581f334ad4303aa6b?s=96&d=mm&r=g","url":"https:\/\/secure.gravatar.com\/avatar\/e0a867bdedb85fd243eadf09663511f96fc81e0720a4a42581f334ad4303aa6b?s=96&d=mm&r=g","contentUrl":"https:\/\/secure.gravatar.com\/avatar\/e0a867bdedb85fd243eadf09663511f96fc81e0720a4a42581f334ad4303aa6b?s=96&d=mm&r=g","caption":"Reda\u00e7\u00e3o"}}]}},"amp_enabled":true,"_links":{"self":[{"href":"https:\/\/www.notibras.com\/site\/wp-json\/wp\/v2\/posts\/379301","targetHints":{"allow":["GET"]}}],"collection":[{"href":"https:\/\/www.notibras.com\/site\/wp-json\/wp\/v2\/posts"}],"about":[{"href":"https:\/\/www.notibras.com\/site\/wp-json\/wp\/v2\/types\/post"}],"author":[{"embeddable":true,"href":"https:\/\/www.notibras.com\/site\/wp-json\/wp\/v2\/users\/2"}],"replies":[{"embeddable":true,"href":"https:\/\/www.notibras.com\/site\/wp-json\/wp\/v2\/comments?post=379301"}],"version-history":[{"count":3,"href":"https:\/\/www.notibras.com\/site\/wp-json\/wp\/v2\/posts\/379301\/revisions"}],"predecessor-version":[{"id":379305,"href":"https:\/\/www.notibras.com\/site\/wp-json\/wp\/v2\/posts\/379301\/revisions\/379305"}],"wp:featuredmedia":[{"embeddable":true,"href":"https:\/\/www.notibras.com\/site\/wp-json\/wp\/v2\/media\/379302"}],"wp:attachment":[{"href":"https:\/\/www.notibras.com\/site\/wp-json\/wp\/v2\/media?parent=379301"}],"wp:term":[{"taxonomy":"category","embeddable":true,"href":"https:\/\/www.notibras.com\/site\/wp-json\/wp\/v2\/categories?post=379301"},{"taxonomy":"post_tag","embeddable":true,"href":"https:\/\/www.notibras.com\/site\/wp-json\/wp\/v2\/tags?post=379301"}],"curies":[{"name":"wp","href":"https:\/\/api.w.org\/{rel}","templated":true}]}}