{"id":379315,"date":"2026-01-17T00:30:52","date_gmt":"2026-01-17T03:30:52","guid":{"rendered":"https:\/\/www.notibras.com\/site\/?p=379315"},"modified":"2026-01-16T23:05:23","modified_gmt":"2026-01-17T02:05:23","slug":"inscricoes-prorrogadas-ate-segunda-19-para-oficinas-gratuitas","status":"publish","type":"post","link":"https:\/\/www.notibras.com\/site\/inscricoes-prorrogadas-ate-segunda-19-para-oficinas-gratuitas\/","title":{"rendered":"Inscri\u00e7\u00f5es prorrogadas at\u00e9 segunda (19) para oficinas gratuitas"},"content":{"rendered":"<p>Jovens de 15 a 29 anos interessados em atuar na cultura popular ainda t\u00eam tempo para se inscrever nas oficinas gratuitas de Forma\u00e7\u00e3o de Jovens Agentes Cultura Viva. As inscri\u00e7\u00f5es foram prorrogadas at\u00e9 a pr\u00f3xima segunda-feira (19) e podem ser feitas pela internet. A iniciativa \u00e9 do Pont\u00e3o Popular e Perif\u00e9rico Voar, idealizado pelo Instituto Voar Cultural, com atividades previstas entre janeiro e fevereiro de 2026.<\/p>\n<p>O primeiro m\u00f3dulo, Comunica\u00e7\u00e3o Comunit\u00e1ria para Agentes de Cultura Popular, come\u00e7a no dia 19, \u00e0s 15h, na sede do Instituto Voar Cultural, no Gama. Ao todo, o percurso formativo soma 40 horas e inclui tr\u00eas oficinas obrigat\u00f3rias: comunica\u00e7\u00e3o comunit\u00e1ria, produ\u00e7\u00e3o cultural e elabora\u00e7\u00e3o de projetos. Para ser certificado como agente de cultura viva, o participante precisa concluir todo o ciclo.<\/p>\n<p>A forma\u00e7\u00e3o combina encontros presenciais e atividades on-line e foi pensada para oferecer uma vis\u00e3o completa do trabalho cultural nos territ\u00f3rios. \u201cO jovem passa por divulga\u00e7\u00e3o, produ\u00e7\u00e3o e escrita de projetos. A ideia \u00e9 formar agentes com autonomia para criar, organizar e comunicar suas a\u00e7\u00f5es culturais\u201d, explica o coordenador-geral do projeto, Marco Augusto de Rezende, bonequeiro e diretor teatral.<\/p>\n<p>Al\u00e9m das oficinas, o Pont\u00e3o prev\u00ea a\u00e7\u00f5es ao longo de sua execu\u00e7\u00e3o, como encontros em rede, feiras culturais e a Teia da Cultura Viva, mostra que reunir\u00e1 mestres da cultura popular, aprendizes e jovens artistas de diferentes regi\u00f5es do Distrito Federal. Ao final do processo formativo, tamb\u00e9m ser\u00e3o disponibilizadas bolsas para agentes culturais, com sele\u00e7\u00e3o baseada em participa\u00e7\u00e3o, envolvimento, colabora\u00e7\u00e3o e compromisso com o territ\u00f3rio.<\/p>\n<p>O projeto \u00e9 realizado com recursos da Pol\u00edtica Nacional Aldir Blanc de Fomento \u00e0 Cultura (Pnab-DF) e resulta de um termo de coopera\u00e7\u00e3o entre o Instituto Voar Cultural, a Secretaria de Cultura e Economia Criativa do DF (Secec-DF) e o Minist\u00e9rio da Cultura, no \u00e2mbito da Pol\u00edtica Nacional de Cultura Viva.<\/p>\n<p>Para o secret\u00e1rio de Cultura e Economia Criativa do DF, Claudio Abrantes, a iniciativa refor\u00e7a o papel da pol\u00edtica cultural como ferramenta de inclus\u00e3o e fortalecimento social. \u201cQuando investimos na forma\u00e7\u00e3o de jovens da cultura popular, estamos reconhecendo saberes que nascem nas cidades e criando oportunidades reais para que essas vozes ganhem espa\u00e7o, autonomia e futuro. A Cultura Viva \u00e9 isso: gente cuidando da pr\u00f3pria hist\u00f3ria e transformando o lugar onde vive\u201d, afirma.<\/p>\n<p>O coordenador-geral do projeto, Marco Augusto de Rezende, explica que o Pont\u00e3o vai oferecer oficinas que funcionam como m\u00f3dulos de capacita\u00e7\u00e3o. &#8220;O jovem para ser escolhido como agente de cultura viva, tem que participar dos tr\u00eas m\u00f3dulos, ou seja, do curso completo com 40 horas. Tudo para oferecer uma vis\u00e3o integral de forma\u00e7\u00e3o do agente, nas \u00e1reas de divulga\u00e7\u00e3o, produ\u00e7\u00e3o e elabora\u00e7\u00e3o de projetos&#8221;, revela o coordenador, que tamb\u00e9m \u00e9 bonequeiro e diretor teatral.<\/p>\n<p>As inscri\u00e7\u00f5es s\u00e3o gratuitas e podem ser feitas neste <a href=\"https:\/\/docs.google.com\/forms\/d\/e\/1FAIpQLSc_DtNTvmo2ZYedz6fgFv6wlDcxubsOnGXCEjuhwQ1rBIipvQ\/viewform\">link<\/a>.<\/p>\n<p>Mais informa\u00e7\u00f5es est\u00e3o dispon\u00edveis no <a href=\"http:\/\/pontaovoar.\/\">Instagram<\/a>.<\/p>\n<p><strong>Cronograma das oficinas<\/strong><\/p>\n<p><strong>Comunica\u00e7\u00e3o Comunit\u00e1ria para Agentes de Cultura Popular<\/strong><\/p>\n<p>19 a 24 de janeiro de 2026<\/p>\n<p>Carga hor\u00e1ria: 15 horas<\/p>\n<p>Facilitador: Marcos Linhares<\/p>\n<p>Presencial: dias 19, 21 e 23, das 15h \u00e0s 17h, no Espa\u00e7o Voar<\/p>\n<p>Online: dias 20, 22 e 24, das 14h \u00e0s 17h, via Google Meet<\/p>\n<p>Conte\u00fado: no\u00e7\u00f5es de pauta, reda\u00e7\u00e3o jornal\u00edstica e estrat\u00e9gias para divulgar projetos e tradi\u00e7\u00f5es da cultura popular.<\/p>\n<p><strong>Produ\u00e7\u00e3o Cultural<\/strong><\/p>\n<p>26 a 31 de janeiro<\/p>\n<p>Carga hor\u00e1ria: 15 horas<\/p>\n<p>Facilitador: Wdisson Rocha Le\u00e3o<\/p>\n<p>Presencial: dias 26, 28 e 30, das 15h \u00e0s 17h, no Espa\u00e7o Voar<\/p>\n<p>Online: dias 27, 29 e 31, das 14h \u00e0s 17h<\/p>\n<p>Conte\u00fado: planejamento e realiza\u00e7\u00e3o de eventos culturais, da ideia \u00e0 execu\u00e7\u00e3o.<\/p>\n<p><strong>Elabora\u00e7\u00e3o de Projetos<\/strong><\/p>\n<p>2 a 6 de fevereiro<\/p>\n<p>Carga hor\u00e1ria: 10 horas<\/p>\n<p>Facilitador: Marco Augusto de Rezende<\/p>\n<p>Totalmente online, das 15h \u00e0s 17h<\/p>\n<p>Conte\u00fado: escrita de projetos culturais e prepara\u00e7\u00e3o para editais e oportunidades.<\/p>\n<p>As oficinas s\u00e3o voltadas especialmente a jovens que j\u00e1 atuam ou desejam atuar em iniciativas culturais nas suas cidades, fortalecendo a cultura popular e as redes comunit\u00e1rias do Distrito Federal.<\/p>\n","protected":false},"excerpt":{"rendered":"<p>Jovens de 15 a 29 anos interessados em atuar na cultura popular ainda t\u00eam tempo para se inscrever nas oficinas gratuitas de Forma\u00e7\u00e3o de Jovens Agentes Cultura Viva. As inscri\u00e7\u00f5es foram prorrogadas at\u00e9 a pr\u00f3xima segunda-feira (19) e podem ser feitas pela internet. A iniciativa \u00e9 do Pont\u00e3o Popular e Perif\u00e9rico Voar, idealizado pelo Instituto [&hellip;]<\/p>\n","protected":false},"author":21,"featured_media":379316,"comment_status":"closed","ping_status":"closed","sticky":false,"template":"","format":"standard","meta":{"_acf_changed":false,"footnotes":""},"categories":[161],"tags":[],"class_list":["post-379315","post","type-post","status-publish","format-standard","has-post-thumbnail","hentry","category-quadradinho-em-foco"],"acf":[],"yoast_head":"<!-- This site is optimized with the Yoast SEO plugin v27.2 - https:\/\/yoast.com\/product\/yoast-seo-wordpress\/ -->\n<title>Inscri\u00e7\u00f5es prorrogadas at\u00e9 segunda (19) para oficinas gratuitas - Notibras<\/title>\n<meta name=\"robots\" content=\"index, follow, max-snippet:-1, max-image-preview:large, max-video-preview:-1\" \/>\n<link rel=\"canonical\" href=\"https:\/\/www.notibras.com\/site\/inscricoes-prorrogadas-ate-segunda-19-para-oficinas-gratuitas\/\" \/>\n<meta property=\"og:locale\" content=\"pt_BR\" \/>\n<meta property=\"og:type\" content=\"article\" \/>\n<meta property=\"og:title\" content=\"Inscri\u00e7\u00f5es prorrogadas at\u00e9 segunda (19) para oficinas gratuitas - Notibras\" \/>\n<meta property=\"og:description\" content=\"Jovens de 15 a 29 anos interessados em atuar na cultura popular ainda t\u00eam tempo para se inscrever nas oficinas gratuitas de Forma\u00e7\u00e3o de Jovens Agentes Cultura Viva. As inscri\u00e7\u00f5es foram prorrogadas at\u00e9 a pr\u00f3xima segunda-feira (19) e podem ser feitas pela internet. A iniciativa \u00e9 do Pont\u00e3o Popular e Perif\u00e9rico Voar, idealizado pelo Instituto [&hellip;]\" \/>\n<meta property=\"og:url\" content=\"https:\/\/www.notibras.com\/site\/inscricoes-prorrogadas-ate-segunda-19-para-oficinas-gratuitas\/\" \/>\n<meta property=\"og:site_name\" content=\"Notibras\" \/>\n<meta property=\"article:publisher\" content=\"https:\/\/www.facebook.com\/notibras\/\" \/>\n<meta property=\"article:published_time\" content=\"2026-01-17T03:30:52+00:00\" \/>\n<meta property=\"og:image\" content=\"https:\/\/www.notibras.com\/site\/wp-content\/uploads\/2026\/01\/cultura-popular-1.jpeg\" \/>\n\t<meta property=\"og:image:width\" content=\"1600\" \/>\n\t<meta property=\"og:image:height\" content=\"1066\" \/>\n\t<meta property=\"og:image:type\" content=\"image\/jpeg\" \/>\n<meta name=\"author\" content=\"Eduardo Mart\u00ednez\" \/>\n<meta name=\"twitter:card\" content=\"summary_large_image\" \/>\n<meta name=\"twitter:creator\" content=\"@Notibras\" \/>\n<meta name=\"twitter:site\" content=\"@Notibras\" \/>\n<meta name=\"twitter:label1\" content=\"Escrito por\" \/>\n\t<meta name=\"twitter:data1\" content=\"Eduardo Mart\u00ednez\" \/>\n\t<meta name=\"twitter:label2\" content=\"Est. tempo de leitura\" \/>\n\t<meta name=\"twitter:data2\" content=\"4 minutos\" \/>\n<script type=\"application\/ld+json\" class=\"yoast-schema-graph\">{\"@context\":\"https:\/\/schema.org\",\"@graph\":[{\"@type\":\"Article\",\"@id\":\"https:\/\/www.notibras.com\/site\/inscricoes-prorrogadas-ate-segunda-19-para-oficinas-gratuitas\/#article\",\"isPartOf\":{\"@id\":\"https:\/\/www.notibras.com\/site\/inscricoes-prorrogadas-ate-segunda-19-para-oficinas-gratuitas\/\"},\"author\":{\"name\":\"Eduardo Mart\u00ednez\",\"@id\":\"https:\/\/www.notibras.com\/site\/#\/schema\/person\/5b7fabf2aedc3ada2105f03b22b4d3dd\"},\"headline\":\"Inscri\u00e7\u00f5es prorrogadas at\u00e9 segunda (19) para oficinas gratuitas\",\"datePublished\":\"2026-01-17T03:30:52+00:00\",\"mainEntityOfPage\":{\"@id\":\"https:\/\/www.notibras.com\/site\/inscricoes-prorrogadas-ate-segunda-19-para-oficinas-gratuitas\/\"},\"wordCount\":699,\"publisher\":{\"@id\":\"https:\/\/www.notibras.com\/site\/#organization\"},\"image\":{\"@id\":\"https:\/\/www.notibras.com\/site\/inscricoes-prorrogadas-ate-segunda-19-para-oficinas-gratuitas\/#primaryimage\"},\"thumbnailUrl\":\"https:\/\/www.notibras.com\/site\/wp-content\/uploads\/2026\/01\/cultura-popular-1.jpeg\",\"articleSection\":[\"Quadradinho em Foco\"],\"inLanguage\":\"pt-BR\"},{\"@type\":\"WebPage\",\"@id\":\"https:\/\/www.notibras.com\/site\/inscricoes-prorrogadas-ate-segunda-19-para-oficinas-gratuitas\/\",\"url\":\"https:\/\/www.notibras.com\/site\/inscricoes-prorrogadas-ate-segunda-19-para-oficinas-gratuitas\/\",\"name\":\"Inscri\u00e7\u00f5es prorrogadas at\u00e9 segunda (19) para oficinas gratuitas - Notibras\",\"isPartOf\":{\"@id\":\"https:\/\/www.notibras.com\/site\/#website\"},\"primaryImageOfPage\":{\"@id\":\"https:\/\/www.notibras.com\/site\/inscricoes-prorrogadas-ate-segunda-19-para-oficinas-gratuitas\/#primaryimage\"},\"image\":{\"@id\":\"https:\/\/www.notibras.com\/site\/inscricoes-prorrogadas-ate-segunda-19-para-oficinas-gratuitas\/#primaryimage\"},\"thumbnailUrl\":\"https:\/\/www.notibras.com\/site\/wp-content\/uploads\/2026\/01\/cultura-popular-1.jpeg\",\"datePublished\":\"2026-01-17T03:30:52+00:00\",\"breadcrumb\":{\"@id\":\"https:\/\/www.notibras.com\/site\/inscricoes-prorrogadas-ate-segunda-19-para-oficinas-gratuitas\/#breadcrumb\"},\"inLanguage\":\"pt-BR\",\"potentialAction\":[{\"@type\":\"ReadAction\",\"target\":[\"https:\/\/www.notibras.com\/site\/inscricoes-prorrogadas-ate-segunda-19-para-oficinas-gratuitas\/\"]}]},{\"@type\":\"ImageObject\",\"inLanguage\":\"pt-BR\",\"@id\":\"https:\/\/www.notibras.com\/site\/inscricoes-prorrogadas-ate-segunda-19-para-oficinas-gratuitas\/#primaryimage\",\"url\":\"https:\/\/www.notibras.com\/site\/wp-content\/uploads\/2026\/01\/cultura-popular-1.jpeg\",\"contentUrl\":\"https:\/\/www.notibras.com\/site\/wp-content\/uploads\/2026\/01\/cultura-popular-1.jpeg\",\"width\":1600,\"height\":1066},{\"@type\":\"BreadcrumbList\",\"@id\":\"https:\/\/www.notibras.com\/site\/inscricoes-prorrogadas-ate-segunda-19-para-oficinas-gratuitas\/#breadcrumb\",\"itemListElement\":[{\"@type\":\"ListItem\",\"position\":1,\"name\":\"In\u00edcio\",\"item\":\"https:\/\/www.notibras.com\/site\/\"},{\"@type\":\"ListItem\",\"position\":2,\"name\":\"Inscri\u00e7\u00f5es prorrogadas at\u00e9 segunda (19) para oficinas gratuitas\"}]},{\"@type\":\"WebSite\",\"@id\":\"https:\/\/www.notibras.com\/site\/#website\",\"url\":\"https:\/\/www.notibras.com\/site\/\",\"name\":\"Notibras\",\"description\":\"Not\u00edcias de Bras\u00edlia, do Brasil e do Mundo\",\"publisher\":{\"@id\":\"https:\/\/www.notibras.com\/site\/#organization\"},\"potentialAction\":[{\"@type\":\"SearchAction\",\"target\":{\"@type\":\"EntryPoint\",\"urlTemplate\":\"https:\/\/www.notibras.com\/site\/?s={search_term_string}\"},\"query-input\":{\"@type\":\"PropertyValueSpecification\",\"valueRequired\":true,\"valueName\":\"search_term_string\"}}],\"inLanguage\":\"pt-BR\"},{\"@type\":\"Organization\",\"@id\":\"https:\/\/www.notibras.com\/site\/#organization\",\"name\":\"Grupo Notibras de Comunica\u00e7\u00e3o\",\"url\":\"https:\/\/www.notibras.com\/site\/\",\"logo\":{\"@type\":\"ImageObject\",\"inLanguage\":\"pt-BR\",\"@id\":\"https:\/\/www.notibras.com\/site\/#\/schema\/logo\/image\/\",\"url\":\"https:\/\/www.notibras.com\/site\/wp-content\/uploads\/2023\/01\/notibras23.png\",\"contentUrl\":\"https:\/\/www.notibras.com\/site\/wp-content\/uploads\/2023\/01\/notibras23.png\",\"width\":350,\"height\":87,\"caption\":\"Grupo Notibras de Comunica\u00e7\u00e3o\"},\"image\":{\"@id\":\"https:\/\/www.notibras.com\/site\/#\/schema\/logo\/image\/\"},\"sameAs\":[\"https:\/\/www.facebook.com\/notibras\/\",\"https:\/\/x.com\/Notibras\",\"https:\/\/www.instagram.com\/notibras\/\"]},{\"@type\":\"Person\",\"@id\":\"https:\/\/www.notibras.com\/site\/#\/schema\/person\/5b7fabf2aedc3ada2105f03b22b4d3dd\",\"name\":\"Eduardo Mart\u00ednez\",\"image\":{\"@type\":\"ImageObject\",\"inLanguage\":\"pt-BR\",\"@id\":\"https:\/\/secure.gravatar.com\/avatar\/7902f906289926289cbcda644b5197c796b893c6ffd7b9a536a42d290f7704a0?s=96&d=mm&r=g\",\"url\":\"https:\/\/secure.gravatar.com\/avatar\/7902f906289926289cbcda644b5197c796b893c6ffd7b9a536a42d290f7704a0?s=96&d=mm&r=g\",\"contentUrl\":\"https:\/\/secure.gravatar.com\/avatar\/7902f906289926289cbcda644b5197c796b893c6ffd7b9a536a42d290f7704a0?s=96&d=mm&r=g\",\"caption\":\"Eduardo Mart\u00ednez\"}}]}<\/script>\n<!-- \/ Yoast SEO plugin. -->","yoast_head_json":{"title":"Inscri\u00e7\u00f5es prorrogadas at\u00e9 segunda (19) para oficinas gratuitas - Notibras","robots":{"index":"index","follow":"follow","max-snippet":"max-snippet:-1","max-image-preview":"max-image-preview:large","max-video-preview":"max-video-preview:-1"},"canonical":"https:\/\/www.notibras.com\/site\/inscricoes-prorrogadas-ate-segunda-19-para-oficinas-gratuitas\/","og_locale":"pt_BR","og_type":"article","og_title":"Inscri\u00e7\u00f5es prorrogadas at\u00e9 segunda (19) para oficinas gratuitas - Notibras","og_description":"Jovens de 15 a 29 anos interessados em atuar na cultura popular ainda t\u00eam tempo para se inscrever nas oficinas gratuitas de Forma\u00e7\u00e3o de Jovens Agentes Cultura Viva. As inscri\u00e7\u00f5es foram prorrogadas at\u00e9 a pr\u00f3xima segunda-feira (19) e podem ser feitas pela internet. A iniciativa \u00e9 do Pont\u00e3o Popular e Perif\u00e9rico Voar, idealizado pelo Instituto [&hellip;]","og_url":"https:\/\/www.notibras.com\/site\/inscricoes-prorrogadas-ate-segunda-19-para-oficinas-gratuitas\/","og_site_name":"Notibras","article_publisher":"https:\/\/www.facebook.com\/notibras\/","article_published_time":"2026-01-17T03:30:52+00:00","og_image":[{"width":1600,"height":1066,"url":"https:\/\/www.notibras.com\/site\/wp-content\/uploads\/2026\/01\/cultura-popular-1.jpeg","type":"image\/jpeg"}],"author":"Eduardo Mart\u00ednez","twitter_card":"summary_large_image","twitter_creator":"@Notibras","twitter_site":"@Notibras","twitter_misc":{"Escrito por":"Eduardo Mart\u00ednez","Est. tempo de leitura":"4 minutos"},"schema":{"@context":"https:\/\/schema.org","@graph":[{"@type":"Article","@id":"https:\/\/www.notibras.com\/site\/inscricoes-prorrogadas-ate-segunda-19-para-oficinas-gratuitas\/#article","isPartOf":{"@id":"https:\/\/www.notibras.com\/site\/inscricoes-prorrogadas-ate-segunda-19-para-oficinas-gratuitas\/"},"author":{"name":"Eduardo Mart\u00ednez","@id":"https:\/\/www.notibras.com\/site\/#\/schema\/person\/5b7fabf2aedc3ada2105f03b22b4d3dd"},"headline":"Inscri\u00e7\u00f5es prorrogadas at\u00e9 segunda (19) para oficinas gratuitas","datePublished":"2026-01-17T03:30:52+00:00","mainEntityOfPage":{"@id":"https:\/\/www.notibras.com\/site\/inscricoes-prorrogadas-ate-segunda-19-para-oficinas-gratuitas\/"},"wordCount":699,"publisher":{"@id":"https:\/\/www.notibras.com\/site\/#organization"},"image":{"@id":"https:\/\/www.notibras.com\/site\/inscricoes-prorrogadas-ate-segunda-19-para-oficinas-gratuitas\/#primaryimage"},"thumbnailUrl":"https:\/\/www.notibras.com\/site\/wp-content\/uploads\/2026\/01\/cultura-popular-1.jpeg","articleSection":["Quadradinho em Foco"],"inLanguage":"pt-BR"},{"@type":"WebPage","@id":"https:\/\/www.notibras.com\/site\/inscricoes-prorrogadas-ate-segunda-19-para-oficinas-gratuitas\/","url":"https:\/\/www.notibras.com\/site\/inscricoes-prorrogadas-ate-segunda-19-para-oficinas-gratuitas\/","name":"Inscri\u00e7\u00f5es prorrogadas at\u00e9 segunda (19) para oficinas gratuitas - Notibras","isPartOf":{"@id":"https:\/\/www.notibras.com\/site\/#website"},"primaryImageOfPage":{"@id":"https:\/\/www.notibras.com\/site\/inscricoes-prorrogadas-ate-segunda-19-para-oficinas-gratuitas\/#primaryimage"},"image":{"@id":"https:\/\/www.notibras.com\/site\/inscricoes-prorrogadas-ate-segunda-19-para-oficinas-gratuitas\/#primaryimage"},"thumbnailUrl":"https:\/\/www.notibras.com\/site\/wp-content\/uploads\/2026\/01\/cultura-popular-1.jpeg","datePublished":"2026-01-17T03:30:52+00:00","breadcrumb":{"@id":"https:\/\/www.notibras.com\/site\/inscricoes-prorrogadas-ate-segunda-19-para-oficinas-gratuitas\/#breadcrumb"},"inLanguage":"pt-BR","potentialAction":[{"@type":"ReadAction","target":["https:\/\/www.notibras.com\/site\/inscricoes-prorrogadas-ate-segunda-19-para-oficinas-gratuitas\/"]}]},{"@type":"ImageObject","inLanguage":"pt-BR","@id":"https:\/\/www.notibras.com\/site\/inscricoes-prorrogadas-ate-segunda-19-para-oficinas-gratuitas\/#primaryimage","url":"https:\/\/www.notibras.com\/site\/wp-content\/uploads\/2026\/01\/cultura-popular-1.jpeg","contentUrl":"https:\/\/www.notibras.com\/site\/wp-content\/uploads\/2026\/01\/cultura-popular-1.jpeg","width":1600,"height":1066},{"@type":"BreadcrumbList","@id":"https:\/\/www.notibras.com\/site\/inscricoes-prorrogadas-ate-segunda-19-para-oficinas-gratuitas\/#breadcrumb","itemListElement":[{"@type":"ListItem","position":1,"name":"In\u00edcio","item":"https:\/\/www.notibras.com\/site\/"},{"@type":"ListItem","position":2,"name":"Inscri\u00e7\u00f5es prorrogadas at\u00e9 segunda (19) para oficinas gratuitas"}]},{"@type":"WebSite","@id":"https:\/\/www.notibras.com\/site\/#website","url":"https:\/\/www.notibras.com\/site\/","name":"Notibras","description":"Not\u00edcias de Bras\u00edlia, do Brasil e do Mundo","publisher":{"@id":"https:\/\/www.notibras.com\/site\/#organization"},"potentialAction":[{"@type":"SearchAction","target":{"@type":"EntryPoint","urlTemplate":"https:\/\/www.notibras.com\/site\/?s={search_term_string}"},"query-input":{"@type":"PropertyValueSpecification","valueRequired":true,"valueName":"search_term_string"}}],"inLanguage":"pt-BR"},{"@type":"Organization","@id":"https:\/\/www.notibras.com\/site\/#organization","name":"Grupo Notibras de Comunica\u00e7\u00e3o","url":"https:\/\/www.notibras.com\/site\/","logo":{"@type":"ImageObject","inLanguage":"pt-BR","@id":"https:\/\/www.notibras.com\/site\/#\/schema\/logo\/image\/","url":"https:\/\/www.notibras.com\/site\/wp-content\/uploads\/2023\/01\/notibras23.png","contentUrl":"https:\/\/www.notibras.com\/site\/wp-content\/uploads\/2023\/01\/notibras23.png","width":350,"height":87,"caption":"Grupo Notibras de Comunica\u00e7\u00e3o"},"image":{"@id":"https:\/\/www.notibras.com\/site\/#\/schema\/logo\/image\/"},"sameAs":["https:\/\/www.facebook.com\/notibras\/","https:\/\/x.com\/Notibras","https:\/\/www.instagram.com\/notibras\/"]},{"@type":"Person","@id":"https:\/\/www.notibras.com\/site\/#\/schema\/person\/5b7fabf2aedc3ada2105f03b22b4d3dd","name":"Eduardo Mart\u00ednez","image":{"@type":"ImageObject","inLanguage":"pt-BR","@id":"https:\/\/secure.gravatar.com\/avatar\/7902f906289926289cbcda644b5197c796b893c6ffd7b9a536a42d290f7704a0?s=96&d=mm&r=g","url":"https:\/\/secure.gravatar.com\/avatar\/7902f906289926289cbcda644b5197c796b893c6ffd7b9a536a42d290f7704a0?s=96&d=mm&r=g","contentUrl":"https:\/\/secure.gravatar.com\/avatar\/7902f906289926289cbcda644b5197c796b893c6ffd7b9a536a42d290f7704a0?s=96&d=mm&r=g","caption":"Eduardo Mart\u00ednez"}}]}},"amp_enabled":true,"_links":{"self":[{"href":"https:\/\/www.notibras.com\/site\/wp-json\/wp\/v2\/posts\/379315","targetHints":{"allow":["GET"]}}],"collection":[{"href":"https:\/\/www.notibras.com\/site\/wp-json\/wp\/v2\/posts"}],"about":[{"href":"https:\/\/www.notibras.com\/site\/wp-json\/wp\/v2\/types\/post"}],"author":[{"embeddable":true,"href":"https:\/\/www.notibras.com\/site\/wp-json\/wp\/v2\/users\/21"}],"replies":[{"embeddable":true,"href":"https:\/\/www.notibras.com\/site\/wp-json\/wp\/v2\/comments?post=379315"}],"version-history":[{"count":3,"href":"https:\/\/www.notibras.com\/site\/wp-json\/wp\/v2\/posts\/379315\/revisions"}],"predecessor-version":[{"id":379319,"href":"https:\/\/www.notibras.com\/site\/wp-json\/wp\/v2\/posts\/379315\/revisions\/379319"}],"wp:featuredmedia":[{"embeddable":true,"href":"https:\/\/www.notibras.com\/site\/wp-json\/wp\/v2\/media\/379316"}],"wp:attachment":[{"href":"https:\/\/www.notibras.com\/site\/wp-json\/wp\/v2\/media?parent=379315"}],"wp:term":[{"taxonomy":"category","embeddable":true,"href":"https:\/\/www.notibras.com\/site\/wp-json\/wp\/v2\/categories?post=379315"},{"taxonomy":"post_tag","embeddable":true,"href":"https:\/\/www.notibras.com\/site\/wp-json\/wp\/v2\/tags?post=379315"}],"curies":[{"name":"wp","href":"https:\/\/api.w.org\/{rel}","templated":true}]}}