{"id":379320,"date":"2026-01-17T00:45:47","date_gmt":"2026-01-17T03:45:47","guid":{"rendered":"https:\/\/www.notibras.com\/site\/?p=379320"},"modified":"2026-01-16T23:28:47","modified_gmt":"2026-01-17T02:28:47","slug":"revista-com-censo-conquista-qualis-a4","status":"publish","type":"post","link":"https:\/\/www.notibras.com\/site\/revista-com-censo-conquista-qualis-a4\/","title":{"rendered":"&#8220;Revista Com Censo&#8221; conquista Qualis A4"},"content":{"rendered":"<p>A Revista Com Censo (RCC), vinculada \u00e0 Unidade-Escola de Forma\u00e7\u00e3o Continuada dos Profissionais da Educa\u00e7\u00e3o (Eape), alcan\u00e7ou a classifica\u00e7\u00e3o Qualis A4, concedida pela Coordena\u00e7\u00e3o de Aperfei\u00e7oamento de Pessoal de N\u00edvel Superior (Capes). O reconhecimento posiciona o peri\u00f3dico entre as melhores revistas cient\u00edficas nacionais na \u00e1rea da educa\u00e7\u00e3o e representa um marco para a produ\u00e7\u00e3o acad\u00eamica desenvolvida no \u00e2mbito da Secretaria de Educa\u00e7\u00e3o do Distrito Federal (SEEDF). Acesse <a href=\"https:\/\/periodicos.se.df.gov.br\/index.php\/comcenso\">aqui<\/a> a todas as edi\u00e7\u00f5es da Revista Com Censo.<\/p>\n<p>Ao comentar a conquista do Qualis A4, o editor-chefe da Revista Com Censo, professor doutor Andr\u00e9 Arantes, destacou que a classifica\u00e7\u00e3o \u00e9 resultado de um processo cont\u00ednuo e coletivo, constru\u00eddo ao longo de mais de uma d\u00e9cada. \u201cO Qualis A4 \u00e9 uma constru\u00e7\u00e3o que vem sendo feita h\u00e1 mais de dez anos pelas v\u00e1rias equipes que passaram pela revista\u201d, afirmou.<\/p>\n<p>Segundo ele, a regularidade da publica\u00e7\u00e3o, com edi\u00e7\u00f5es trimestrais e volumes consistentes, foi fundamental para consolidar a credibilidade do peri\u00f3dico. \u201cAo longo de cerca de 13 anos, a revista foi se fortalecendo com publica\u00e7\u00f5es s\u00f3lidas, com volumes regulares e dossi\u00eas que re\u00fanem de dez a quinze artigos, o que vai dando subst\u00e2ncia cient\u00edfica ao peri\u00f3dico\u201d, completou.<\/p>\n<p>O editor-chefe tamb\u00e9m ressaltou que a qualifica\u00e7\u00e3o reflete o cuidado editorial adotado pela revista em todas as etapas do processo de avalia\u00e7\u00e3o e divulga\u00e7\u00e3o dos trabalhos. \u201cSempre houve uma preocupa\u00e7\u00e3o muito grande com a forma como a revista recebe os artigos, com o tratamento dado a esse material e com a previsibilidade dos prazos de publica\u00e7\u00e3o\u201d, explicou.<\/p>\n<p>A conquista \u00e9 resultado de um trabalho coletivo e cont\u00ednuo constru\u00eddo ao longo de mais de uma d\u00e9cada, envolvendo equipes editoriais, pareceristas, autores e colaboradores que contribu\u00edram para a consolida\u00e7\u00e3o da revista como um espa\u00e7o qualificado de difus\u00e3o do conhecimento cient\u00edfico.<\/p>\n<p><strong>Um peri\u00f3dico cient\u00edfico da rede p\u00fablica<\/strong><\/p>\n<p>Fundada em 2014 e publicada trimestralmente desde 2016, a Revista Com Censo \u00e9 um peri\u00f3dico cient\u00edfico de acesso livre que adota o processo de avalia\u00e7\u00e3o por pares. A revista est\u00e1 vinculada \u00e0 SEEDF e convida autores a submeterem artigos, relatos de experi\u00eancia e resenhas relacionados aos campos da educa\u00e7\u00e3o e da pedagogia.<\/p>\n<p>O foco editorial privilegia estudos originais sobre temas relevantes da educa\u00e7\u00e3o p\u00fablica, a administra\u00e7\u00e3o e a estrutura dos sistemas educacionais, al\u00e9m do desenvolvimento de pr\u00e1ticas e estrat\u00e9gias educacionais inovadoras. A RCC tamb\u00e9m incentiva o uso de estat\u00edsticas educacionais, especialmente dados censit\u00e1rios que subsidiam a formula\u00e7\u00e3o e a avalia\u00e7\u00e3o de pol\u00edticas p\u00fablicas de educa\u00e7\u00e3o no Distrito Federal.<\/p>\n<p>Uma das principais caracter\u00edsticas da Com Censo \u00e9 o fato de ser uma revista de pesquisa constru\u00edda majoritariamente por profissionais da pr\u00f3pria rede p\u00fablica de ensino. Professores em exerc\u00edcio em sala de aula, docentes afastados para cursos de mestrado, doutorado ou p\u00f3s-doutorado e pesquisadores da educa\u00e7\u00e3o encontram no peri\u00f3dico um espa\u00e7o de valoriza\u00e7\u00e3o da pr\u00e1tica pedag\u00f3gica articulada \u00e0 produ\u00e7\u00e3o cient\u00edfica.<\/p>\n<p><strong>Com Censo Jovem: inicia\u00e7\u00e3o cient\u00edfica desde a escola<\/strong><\/p>\n<p>Al\u00e9m da Revista Com Censo, a Eape tamb\u00e9m mant\u00e9m a Com Censo Jovem, um peri\u00f3dico independente que n\u00e3o integra a avalia\u00e7\u00e3o Qualis recebida pela RCC. Criada em 2022, a revista j\u00e1 publicou cinco n\u00fameros e \u00e9 voltada ao p\u00fablico estudantil da rede p\u00fablica.<\/p>\n<p>A revista estimula a inicia\u00e7\u00e3o cient\u00edfica dos alunos, que produzem textos com a orienta\u00e7\u00e3o de professores da SEEDF. Enquanto a Revista Com Censo \u00e9 dedicada majoritariamente \u00e0 produ\u00e7\u00e3o acad\u00eamica dos docentes e pesquisadores, a Com Censo Jovem amplia o alcance da pesquisa cient\u00edfica ao incentivar o protagonismo estudantil desde a educa\u00e7\u00e3o b\u00e1sica.<\/p>\n<p>A proposta da RCC \u00e9 apoiar esses profissionais no processo de transformar experi\u00eancias pedag\u00f3gicas exitosas em textos cient\u00edficos, contribuindo para a inicia\u00e7\u00e3o e o fortalecimento da cultura de pesquisa entre educadores da rede p\u00fablica.<\/p>\n","protected":false},"excerpt":{"rendered":"<p>A Revista Com Censo (RCC), vinculada \u00e0 Unidade-Escola de Forma\u00e7\u00e3o Continuada dos Profissionais da Educa\u00e7\u00e3o (Eape), alcan\u00e7ou a classifica\u00e7\u00e3o Qualis A4, concedida pela Coordena\u00e7\u00e3o de Aperfei\u00e7oamento de Pessoal de N\u00edvel Superior (Capes). O reconhecimento posiciona o peri\u00f3dico entre as melhores revistas cient\u00edficas nacionais na \u00e1rea da educa\u00e7\u00e3o e representa um marco para a produ\u00e7\u00e3o acad\u00eamica [&hellip;]<\/p>\n","protected":false},"author":21,"featured_media":379321,"comment_status":"closed","ping_status":"closed","sticky":false,"template":"","format":"standard","meta":{"_acf_changed":false,"footnotes":""},"categories":[161],"tags":[],"class_list":["post-379320","post","type-post","status-publish","format-standard","has-post-thumbnail","hentry","category-quadradinho-em-foco"],"acf":[],"yoast_head":"<!-- This site is optimized with the Yoast SEO plugin v27.2 - https:\/\/yoast.com\/product\/yoast-seo-wordpress\/ -->\n<title>&quot;Revista Com Censo&quot; conquista Qualis A4 - Notibras<\/title>\n<meta name=\"robots\" content=\"index, follow, max-snippet:-1, max-image-preview:large, max-video-preview:-1\" \/>\n<link rel=\"canonical\" href=\"https:\/\/www.notibras.com\/site\/revista-com-censo-conquista-qualis-a4\/\" \/>\n<meta property=\"og:locale\" content=\"pt_BR\" \/>\n<meta property=\"og:type\" content=\"article\" \/>\n<meta property=\"og:title\" content=\"&quot;Revista Com Censo&quot; conquista Qualis A4 - Notibras\" \/>\n<meta property=\"og:description\" content=\"A Revista Com Censo (RCC), vinculada \u00e0 Unidade-Escola de Forma\u00e7\u00e3o Continuada dos Profissionais da Educa\u00e7\u00e3o (Eape), alcan\u00e7ou a classifica\u00e7\u00e3o Qualis A4, concedida pela Coordena\u00e7\u00e3o de Aperfei\u00e7oamento de Pessoal de N\u00edvel Superior (Capes). O reconhecimento posiciona o peri\u00f3dico entre as melhores revistas cient\u00edficas nacionais na \u00e1rea da educa\u00e7\u00e3o e representa um marco para a produ\u00e7\u00e3o acad\u00eamica [&hellip;]\" \/>\n<meta property=\"og:url\" content=\"https:\/\/www.notibras.com\/site\/revista-com-censo-conquista-qualis-a4\/\" \/>\n<meta property=\"og:site_name\" content=\"Notibras\" \/>\n<meta property=\"article:publisher\" content=\"https:\/\/www.facebook.com\/notibras\/\" \/>\n<meta property=\"article:published_time\" content=\"2026-01-17T03:45:47+00:00\" \/>\n<meta property=\"og:image\" content=\"https:\/\/www.notibras.com\/site\/wp-content\/uploads\/2026\/01\/CAPA-86-scaled.jpg\" \/>\n\t<meta property=\"og:image:width\" content=\"2560\" \/>\n\t<meta property=\"og:image:height\" content=\"1706\" \/>\n\t<meta property=\"og:image:type\" content=\"image\/jpeg\" \/>\n<meta name=\"author\" content=\"Eduardo Mart\u00ednez\" \/>\n<meta name=\"twitter:card\" content=\"summary_large_image\" \/>\n<meta name=\"twitter:creator\" content=\"@Notibras\" \/>\n<meta name=\"twitter:site\" content=\"@Notibras\" \/>\n<meta name=\"twitter:label1\" content=\"Escrito por\" \/>\n\t<meta name=\"twitter:data1\" content=\"Eduardo Mart\u00ednez\" \/>\n\t<meta name=\"twitter:label2\" content=\"Est. tempo de leitura\" \/>\n\t<meta name=\"twitter:data2\" content=\"4 minutos\" \/>\n<script type=\"application\/ld+json\" class=\"yoast-schema-graph\">{\"@context\":\"https:\/\/schema.org\",\"@graph\":[{\"@type\":\"Article\",\"@id\":\"https:\/\/www.notibras.com\/site\/revista-com-censo-conquista-qualis-a4\/#article\",\"isPartOf\":{\"@id\":\"https:\/\/www.notibras.com\/site\/revista-com-censo-conquista-qualis-a4\/\"},\"author\":{\"name\":\"Eduardo Mart\u00ednez\",\"@id\":\"https:\/\/www.notibras.com\/site\/#\/schema\/person\/5b7fabf2aedc3ada2105f03b22b4d3dd\"},\"headline\":\"&#8220;Revista Com Censo&#8221; conquista Qualis A4\",\"datePublished\":\"2026-01-17T03:45:47+00:00\",\"mainEntityOfPage\":{\"@id\":\"https:\/\/www.notibras.com\/site\/revista-com-censo-conquista-qualis-a4\/\"},\"wordCount\":695,\"publisher\":{\"@id\":\"https:\/\/www.notibras.com\/site\/#organization\"},\"image\":{\"@id\":\"https:\/\/www.notibras.com\/site\/revista-com-censo-conquista-qualis-a4\/#primaryimage\"},\"thumbnailUrl\":\"https:\/\/www.notibras.com\/site\/wp-content\/uploads\/2026\/01\/CAPA-86-scaled.jpg\",\"articleSection\":[\"Quadradinho em Foco\"],\"inLanguage\":\"pt-BR\"},{\"@type\":\"WebPage\",\"@id\":\"https:\/\/www.notibras.com\/site\/revista-com-censo-conquista-qualis-a4\/\",\"url\":\"https:\/\/www.notibras.com\/site\/revista-com-censo-conquista-qualis-a4\/\",\"name\":\"\\\"Revista Com Censo\\\" conquista Qualis A4 - Notibras\",\"isPartOf\":{\"@id\":\"https:\/\/www.notibras.com\/site\/#website\"},\"primaryImageOfPage\":{\"@id\":\"https:\/\/www.notibras.com\/site\/revista-com-censo-conquista-qualis-a4\/#primaryimage\"},\"image\":{\"@id\":\"https:\/\/www.notibras.com\/site\/revista-com-censo-conquista-qualis-a4\/#primaryimage\"},\"thumbnailUrl\":\"https:\/\/www.notibras.com\/site\/wp-content\/uploads\/2026\/01\/CAPA-86-scaled.jpg\",\"datePublished\":\"2026-01-17T03:45:47+00:00\",\"breadcrumb\":{\"@id\":\"https:\/\/www.notibras.com\/site\/revista-com-censo-conquista-qualis-a4\/#breadcrumb\"},\"inLanguage\":\"pt-BR\",\"potentialAction\":[{\"@type\":\"ReadAction\",\"target\":[\"https:\/\/www.notibras.com\/site\/revista-com-censo-conquista-qualis-a4\/\"]}]},{\"@type\":\"ImageObject\",\"inLanguage\":\"pt-BR\",\"@id\":\"https:\/\/www.notibras.com\/site\/revista-com-censo-conquista-qualis-a4\/#primaryimage\",\"url\":\"https:\/\/www.notibras.com\/site\/wp-content\/uploads\/2026\/01\/CAPA-86-scaled.jpg\",\"contentUrl\":\"https:\/\/www.notibras.com\/site\/wp-content\/uploads\/2026\/01\/CAPA-86-scaled.jpg\",\"width\":2560,\"height\":1706},{\"@type\":\"BreadcrumbList\",\"@id\":\"https:\/\/www.notibras.com\/site\/revista-com-censo-conquista-qualis-a4\/#breadcrumb\",\"itemListElement\":[{\"@type\":\"ListItem\",\"position\":1,\"name\":\"In\u00edcio\",\"item\":\"https:\/\/www.notibras.com\/site\/\"},{\"@type\":\"ListItem\",\"position\":2,\"name\":\"&#8220;Revista Com Censo&#8221; conquista Qualis A4\"}]},{\"@type\":\"WebSite\",\"@id\":\"https:\/\/www.notibras.com\/site\/#website\",\"url\":\"https:\/\/www.notibras.com\/site\/\",\"name\":\"Notibras\",\"description\":\"Not\u00edcias de Bras\u00edlia, do Brasil e do Mundo\",\"publisher\":{\"@id\":\"https:\/\/www.notibras.com\/site\/#organization\"},\"potentialAction\":[{\"@type\":\"SearchAction\",\"target\":{\"@type\":\"EntryPoint\",\"urlTemplate\":\"https:\/\/www.notibras.com\/site\/?s={search_term_string}\"},\"query-input\":{\"@type\":\"PropertyValueSpecification\",\"valueRequired\":true,\"valueName\":\"search_term_string\"}}],\"inLanguage\":\"pt-BR\"},{\"@type\":\"Organization\",\"@id\":\"https:\/\/www.notibras.com\/site\/#organization\",\"name\":\"Grupo Notibras de Comunica\u00e7\u00e3o\",\"url\":\"https:\/\/www.notibras.com\/site\/\",\"logo\":{\"@type\":\"ImageObject\",\"inLanguage\":\"pt-BR\",\"@id\":\"https:\/\/www.notibras.com\/site\/#\/schema\/logo\/image\/\",\"url\":\"https:\/\/www.notibras.com\/site\/wp-content\/uploads\/2023\/01\/notibras23.png\",\"contentUrl\":\"https:\/\/www.notibras.com\/site\/wp-content\/uploads\/2023\/01\/notibras23.png\",\"width\":350,\"height\":87,\"caption\":\"Grupo Notibras de Comunica\u00e7\u00e3o\"},\"image\":{\"@id\":\"https:\/\/www.notibras.com\/site\/#\/schema\/logo\/image\/\"},\"sameAs\":[\"https:\/\/www.facebook.com\/notibras\/\",\"https:\/\/x.com\/Notibras\",\"https:\/\/www.instagram.com\/notibras\/\"]},{\"@type\":\"Person\",\"@id\":\"https:\/\/www.notibras.com\/site\/#\/schema\/person\/5b7fabf2aedc3ada2105f03b22b4d3dd\",\"name\":\"Eduardo Mart\u00ednez\",\"image\":{\"@type\":\"ImageObject\",\"inLanguage\":\"pt-BR\",\"@id\":\"https:\/\/secure.gravatar.com\/avatar\/7902f906289926289cbcda644b5197c796b893c6ffd7b9a536a42d290f7704a0?s=96&d=mm&r=g\",\"url\":\"https:\/\/secure.gravatar.com\/avatar\/7902f906289926289cbcda644b5197c796b893c6ffd7b9a536a42d290f7704a0?s=96&d=mm&r=g\",\"contentUrl\":\"https:\/\/secure.gravatar.com\/avatar\/7902f906289926289cbcda644b5197c796b893c6ffd7b9a536a42d290f7704a0?s=96&d=mm&r=g\",\"caption\":\"Eduardo Mart\u00ednez\"}}]}<\/script>\n<!-- \/ Yoast SEO plugin. -->","yoast_head_json":{"title":"\"Revista Com Censo\" conquista Qualis A4 - Notibras","robots":{"index":"index","follow":"follow","max-snippet":"max-snippet:-1","max-image-preview":"max-image-preview:large","max-video-preview":"max-video-preview:-1"},"canonical":"https:\/\/www.notibras.com\/site\/revista-com-censo-conquista-qualis-a4\/","og_locale":"pt_BR","og_type":"article","og_title":"\"Revista Com Censo\" conquista Qualis A4 - Notibras","og_description":"A Revista Com Censo (RCC), vinculada \u00e0 Unidade-Escola de Forma\u00e7\u00e3o Continuada dos Profissionais da Educa\u00e7\u00e3o (Eape), alcan\u00e7ou a classifica\u00e7\u00e3o Qualis A4, concedida pela Coordena\u00e7\u00e3o de Aperfei\u00e7oamento de Pessoal de N\u00edvel Superior (Capes). O reconhecimento posiciona o peri\u00f3dico entre as melhores revistas cient\u00edficas nacionais na \u00e1rea da educa\u00e7\u00e3o e representa um marco para a produ\u00e7\u00e3o acad\u00eamica [&hellip;]","og_url":"https:\/\/www.notibras.com\/site\/revista-com-censo-conquista-qualis-a4\/","og_site_name":"Notibras","article_publisher":"https:\/\/www.facebook.com\/notibras\/","article_published_time":"2026-01-17T03:45:47+00:00","og_image":[{"width":2560,"height":1706,"url":"https:\/\/www.notibras.com\/site\/wp-content\/uploads\/2026\/01\/CAPA-86-scaled.jpg","type":"image\/jpeg"}],"author":"Eduardo Mart\u00ednez","twitter_card":"summary_large_image","twitter_creator":"@Notibras","twitter_site":"@Notibras","twitter_misc":{"Escrito por":"Eduardo Mart\u00ednez","Est. tempo de leitura":"4 minutos"},"schema":{"@context":"https:\/\/schema.org","@graph":[{"@type":"Article","@id":"https:\/\/www.notibras.com\/site\/revista-com-censo-conquista-qualis-a4\/#article","isPartOf":{"@id":"https:\/\/www.notibras.com\/site\/revista-com-censo-conquista-qualis-a4\/"},"author":{"name":"Eduardo Mart\u00ednez","@id":"https:\/\/www.notibras.com\/site\/#\/schema\/person\/5b7fabf2aedc3ada2105f03b22b4d3dd"},"headline":"&#8220;Revista Com Censo&#8221; conquista Qualis A4","datePublished":"2026-01-17T03:45:47+00:00","mainEntityOfPage":{"@id":"https:\/\/www.notibras.com\/site\/revista-com-censo-conquista-qualis-a4\/"},"wordCount":695,"publisher":{"@id":"https:\/\/www.notibras.com\/site\/#organization"},"image":{"@id":"https:\/\/www.notibras.com\/site\/revista-com-censo-conquista-qualis-a4\/#primaryimage"},"thumbnailUrl":"https:\/\/www.notibras.com\/site\/wp-content\/uploads\/2026\/01\/CAPA-86-scaled.jpg","articleSection":["Quadradinho em Foco"],"inLanguage":"pt-BR"},{"@type":"WebPage","@id":"https:\/\/www.notibras.com\/site\/revista-com-censo-conquista-qualis-a4\/","url":"https:\/\/www.notibras.com\/site\/revista-com-censo-conquista-qualis-a4\/","name":"\"Revista Com Censo\" conquista Qualis A4 - Notibras","isPartOf":{"@id":"https:\/\/www.notibras.com\/site\/#website"},"primaryImageOfPage":{"@id":"https:\/\/www.notibras.com\/site\/revista-com-censo-conquista-qualis-a4\/#primaryimage"},"image":{"@id":"https:\/\/www.notibras.com\/site\/revista-com-censo-conquista-qualis-a4\/#primaryimage"},"thumbnailUrl":"https:\/\/www.notibras.com\/site\/wp-content\/uploads\/2026\/01\/CAPA-86-scaled.jpg","datePublished":"2026-01-17T03:45:47+00:00","breadcrumb":{"@id":"https:\/\/www.notibras.com\/site\/revista-com-censo-conquista-qualis-a4\/#breadcrumb"},"inLanguage":"pt-BR","potentialAction":[{"@type":"ReadAction","target":["https:\/\/www.notibras.com\/site\/revista-com-censo-conquista-qualis-a4\/"]}]},{"@type":"ImageObject","inLanguage":"pt-BR","@id":"https:\/\/www.notibras.com\/site\/revista-com-censo-conquista-qualis-a4\/#primaryimage","url":"https:\/\/www.notibras.com\/site\/wp-content\/uploads\/2026\/01\/CAPA-86-scaled.jpg","contentUrl":"https:\/\/www.notibras.com\/site\/wp-content\/uploads\/2026\/01\/CAPA-86-scaled.jpg","width":2560,"height":1706},{"@type":"BreadcrumbList","@id":"https:\/\/www.notibras.com\/site\/revista-com-censo-conquista-qualis-a4\/#breadcrumb","itemListElement":[{"@type":"ListItem","position":1,"name":"In\u00edcio","item":"https:\/\/www.notibras.com\/site\/"},{"@type":"ListItem","position":2,"name":"&#8220;Revista Com Censo&#8221; conquista Qualis A4"}]},{"@type":"WebSite","@id":"https:\/\/www.notibras.com\/site\/#website","url":"https:\/\/www.notibras.com\/site\/","name":"Notibras","description":"Not\u00edcias de Bras\u00edlia, do Brasil e do Mundo","publisher":{"@id":"https:\/\/www.notibras.com\/site\/#organization"},"potentialAction":[{"@type":"SearchAction","target":{"@type":"EntryPoint","urlTemplate":"https:\/\/www.notibras.com\/site\/?s={search_term_string}"},"query-input":{"@type":"PropertyValueSpecification","valueRequired":true,"valueName":"search_term_string"}}],"inLanguage":"pt-BR"},{"@type":"Organization","@id":"https:\/\/www.notibras.com\/site\/#organization","name":"Grupo Notibras de Comunica\u00e7\u00e3o","url":"https:\/\/www.notibras.com\/site\/","logo":{"@type":"ImageObject","inLanguage":"pt-BR","@id":"https:\/\/www.notibras.com\/site\/#\/schema\/logo\/image\/","url":"https:\/\/www.notibras.com\/site\/wp-content\/uploads\/2023\/01\/notibras23.png","contentUrl":"https:\/\/www.notibras.com\/site\/wp-content\/uploads\/2023\/01\/notibras23.png","width":350,"height":87,"caption":"Grupo Notibras de Comunica\u00e7\u00e3o"},"image":{"@id":"https:\/\/www.notibras.com\/site\/#\/schema\/logo\/image\/"},"sameAs":["https:\/\/www.facebook.com\/notibras\/","https:\/\/x.com\/Notibras","https:\/\/www.instagram.com\/notibras\/"]},{"@type":"Person","@id":"https:\/\/www.notibras.com\/site\/#\/schema\/person\/5b7fabf2aedc3ada2105f03b22b4d3dd","name":"Eduardo Mart\u00ednez","image":{"@type":"ImageObject","inLanguage":"pt-BR","@id":"https:\/\/secure.gravatar.com\/avatar\/7902f906289926289cbcda644b5197c796b893c6ffd7b9a536a42d290f7704a0?s=96&d=mm&r=g","url":"https:\/\/secure.gravatar.com\/avatar\/7902f906289926289cbcda644b5197c796b893c6ffd7b9a536a42d290f7704a0?s=96&d=mm&r=g","contentUrl":"https:\/\/secure.gravatar.com\/avatar\/7902f906289926289cbcda644b5197c796b893c6ffd7b9a536a42d290f7704a0?s=96&d=mm&r=g","caption":"Eduardo Mart\u00ednez"}}]}},"amp_enabled":true,"_links":{"self":[{"href":"https:\/\/www.notibras.com\/site\/wp-json\/wp\/v2\/posts\/379320","targetHints":{"allow":["GET"]}}],"collection":[{"href":"https:\/\/www.notibras.com\/site\/wp-json\/wp\/v2\/posts"}],"about":[{"href":"https:\/\/www.notibras.com\/site\/wp-json\/wp\/v2\/types\/post"}],"author":[{"embeddable":true,"href":"https:\/\/www.notibras.com\/site\/wp-json\/wp\/v2\/users\/21"}],"replies":[{"embeddable":true,"href":"https:\/\/www.notibras.com\/site\/wp-json\/wp\/v2\/comments?post=379320"}],"version-history":[{"count":4,"href":"https:\/\/www.notibras.com\/site\/wp-json\/wp\/v2\/posts\/379320\/revisions"}],"predecessor-version":[{"id":379325,"href":"https:\/\/www.notibras.com\/site\/wp-json\/wp\/v2\/posts\/379320\/revisions\/379325"}],"wp:featuredmedia":[{"embeddable":true,"href":"https:\/\/www.notibras.com\/site\/wp-json\/wp\/v2\/media\/379321"}],"wp:attachment":[{"href":"https:\/\/www.notibras.com\/site\/wp-json\/wp\/v2\/media?parent=379320"}],"wp:term":[{"taxonomy":"category","embeddable":true,"href":"https:\/\/www.notibras.com\/site\/wp-json\/wp\/v2\/categories?post=379320"},{"taxonomy":"post_tag","embeddable":true,"href":"https:\/\/www.notibras.com\/site\/wp-json\/wp\/v2\/tags?post=379320"}],"curies":[{"name":"wp","href":"https:\/\/api.w.org\/{rel}","templated":true}]}}