{"id":379326,"date":"2026-01-17T01:00:19","date_gmt":"2026-01-17T04:00:19","guid":{"rendered":"https:\/\/www.notibras.com\/site\/?p=379326"},"modified":"2026-01-16T23:33:15","modified_gmt":"2026-01-17T02:33:15","slug":"vacinacao-gratuita-contra-gripe-em-52-locais-neste-sabado-17","status":"publish","type":"post","link":"https:\/\/www.notibras.com\/site\/vacinacao-gratuita-contra-gripe-em-52-locais-neste-sabado-17\/","title":{"rendered":"Vacina\u00e7\u00e3o gratuita contra gripe em 52 locais neste s\u00e1bado (17)"},"content":{"rendered":"<p>A Secretaria de Sa\u00fade (SES-DF) disponibilizar\u00e1 52 locais de vacina\u00e7\u00e3o neste s\u00e1bado (17). O destaque \u00e9 a oferta da dose contra a gripe (influenza) para todas as pessoas com pelo menos seis meses de idade, desde que n\u00e3o tenham recebido o imunizante em 2025. Antes, a campanha estava restrita a grupos priorit\u00e1rios, mas, at\u00e9 o dia 31 deste m\u00eas, ficar\u00e1 ampliada para beb\u00eas, crian\u00e7as, adolescentes, adultos e idosos.<\/p>\n<p>As equipes da SES-DF tamb\u00e9m v\u00e3o disponibilizar outras vacinas. A popula\u00e7\u00e3o poder\u00e1 se proteger de doen\u00e7as como febre amarela, t\u00e9tano, pneumonia, sarampo e covid-19. A aplica\u00e7\u00e3o, por\u00e9m, vai ocorrer conforme o indicado para cada faixa et\u00e1ria. O imunizante da dengue, por exemplo, \u00e9 para crian\u00e7as e adolescentes de 10 a 14 anos.<\/p>\n<p>Recomenda-se levar documento de identifica\u00e7\u00e3o com foto e, sempre que poss\u00edvel, a caderneta vacinal \u2014 fundamental para averiguar a situa\u00e7\u00e3o de cada pessoa. A aus\u00eancia desse cart\u00e3o, contudo, n\u00e3o impede o atendimento. A <a href=\"https:\/\/www.saude.df.gov.br\/pt\/web\/guest\/locais-de-vacinacao\">lista com endere\u00e7os e hor\u00e1rios est\u00e1 dispon\u00edvel no site da pasta<\/a>. H\u00e1 op\u00e7\u00f5es em 20 regi\u00f5es administrativas, e \u00e9 poss\u00edvel se imunizar em qualquer um dos locais elencados, independente do endere\u00e7o de moradia.<\/p>\n","protected":false},"excerpt":{"rendered":"<p>A Secretaria de Sa\u00fade (SES-DF) disponibilizar\u00e1 52 locais de vacina\u00e7\u00e3o neste s\u00e1bado (17). O destaque \u00e9 a oferta da dose contra a gripe (influenza) para todas as pessoas com pelo menos seis meses de idade, desde que n\u00e3o tenham recebido o imunizante em 2025. Antes, a campanha estava restrita a grupos priorit\u00e1rios, mas, at\u00e9 o [&hellip;]<\/p>\n","protected":false},"author":21,"featured_media":379327,"comment_status":"closed","ping_status":"closed","sticky":false,"template":"","format":"standard","meta":{"_acf_changed":false,"footnotes":""},"categories":[161],"tags":[],"class_list":["post-379326","post","type-post","status-publish","format-standard","has-post-thumbnail","hentry","category-quadradinho-em-foco"],"acf":[],"yoast_head":"<!-- This site is optimized with the Yoast SEO plugin v27.2 - https:\/\/yoast.com\/product\/yoast-seo-wordpress\/ -->\n<title>Vacina\u00e7\u00e3o gratuita contra gripe em 52 locais neste s\u00e1bado (17) - Notibras<\/title>\n<meta name=\"robots\" content=\"index, follow, max-snippet:-1, max-image-preview:large, max-video-preview:-1\" \/>\n<link rel=\"canonical\" href=\"https:\/\/www.notibras.com\/site\/vacinacao-gratuita-contra-gripe-em-52-locais-neste-sabado-17\/\" \/>\n<meta property=\"og:locale\" content=\"pt_BR\" \/>\n<meta property=\"og:type\" content=\"article\" \/>\n<meta property=\"og:title\" content=\"Vacina\u00e7\u00e3o gratuita contra gripe em 52 locais neste s\u00e1bado (17) - Notibras\" \/>\n<meta property=\"og:description\" content=\"A Secretaria de Sa\u00fade (SES-DF) disponibilizar\u00e1 52 locais de vacina\u00e7\u00e3o neste s\u00e1bado (17). O destaque \u00e9 a oferta da dose contra a gripe (influenza) para todas as pessoas com pelo menos seis meses de idade, desde que n\u00e3o tenham recebido o imunizante em 2025. Antes, a campanha estava restrita a grupos priorit\u00e1rios, mas, at\u00e9 o [&hellip;]\" \/>\n<meta property=\"og:url\" content=\"https:\/\/www.notibras.com\/site\/vacinacao-gratuita-contra-gripe-em-52-locais-neste-sabado-17\/\" \/>\n<meta property=\"og:site_name\" content=\"Notibras\" \/>\n<meta property=\"article:publisher\" content=\"https:\/\/www.facebook.com\/notibras\/\" \/>\n<meta property=\"article:published_time\" content=\"2026-01-17T04:00:19+00:00\" \/>\n<meta property=\"og:image\" content=\"https:\/\/www.notibras.com\/site\/wp-content\/uploads\/2026\/01\/Vacinacao-no-DF.-Foto-Agencia-Saude-DF.jpg\" \/>\n\t<meta property=\"og:image:width\" content=\"2048\" \/>\n\t<meta property=\"og:image:height\" content=\"1365\" \/>\n\t<meta property=\"og:image:type\" content=\"image\/jpeg\" \/>\n<meta name=\"author\" content=\"Eduardo Mart\u00ednez\" \/>\n<meta name=\"twitter:card\" content=\"summary_large_image\" \/>\n<meta name=\"twitter:creator\" content=\"@Notibras\" \/>\n<meta name=\"twitter:site\" content=\"@Notibras\" \/>\n<meta name=\"twitter:label1\" content=\"Escrito por\" \/>\n\t<meta name=\"twitter:data1\" content=\"Eduardo Mart\u00ednez\" \/>\n\t<meta name=\"twitter:label2\" content=\"Est. tempo de leitura\" \/>\n\t<meta name=\"twitter:data2\" content=\"2 minutos\" \/>\n<script type=\"application\/ld+json\" class=\"yoast-schema-graph\">{\"@context\":\"https:\/\/schema.org\",\"@graph\":[{\"@type\":\"Article\",\"@id\":\"https:\/\/www.notibras.com\/site\/vacinacao-gratuita-contra-gripe-em-52-locais-neste-sabado-17\/#article\",\"isPartOf\":{\"@id\":\"https:\/\/www.notibras.com\/site\/vacinacao-gratuita-contra-gripe-em-52-locais-neste-sabado-17\/\"},\"author\":{\"name\":\"Eduardo Mart\u00ednez\",\"@id\":\"https:\/\/www.notibras.com\/site\/#\/schema\/person\/5b7fabf2aedc3ada2105f03b22b4d3dd\"},\"headline\":\"Vacina\u00e7\u00e3o gratuita contra gripe em 52 locais neste s\u00e1bado (17)\",\"datePublished\":\"2026-01-17T04:00:19+00:00\",\"mainEntityOfPage\":{\"@id\":\"https:\/\/www.notibras.com\/site\/vacinacao-gratuita-contra-gripe-em-52-locais-neste-sabado-17\/\"},\"wordCount\":215,\"publisher\":{\"@id\":\"https:\/\/www.notibras.com\/site\/#organization\"},\"image\":{\"@id\":\"https:\/\/www.notibras.com\/site\/vacinacao-gratuita-contra-gripe-em-52-locais-neste-sabado-17\/#primaryimage\"},\"thumbnailUrl\":\"https:\/\/www.notibras.com\/site\/wp-content\/uploads\/2026\/01\/Vacinacao-no-DF.-Foto-Agencia-Saude-DF.jpg\",\"articleSection\":[\"Quadradinho em Foco\"],\"inLanguage\":\"pt-BR\"},{\"@type\":\"WebPage\",\"@id\":\"https:\/\/www.notibras.com\/site\/vacinacao-gratuita-contra-gripe-em-52-locais-neste-sabado-17\/\",\"url\":\"https:\/\/www.notibras.com\/site\/vacinacao-gratuita-contra-gripe-em-52-locais-neste-sabado-17\/\",\"name\":\"Vacina\u00e7\u00e3o gratuita contra gripe em 52 locais neste s\u00e1bado (17) - Notibras\",\"isPartOf\":{\"@id\":\"https:\/\/www.notibras.com\/site\/#website\"},\"primaryImageOfPage\":{\"@id\":\"https:\/\/www.notibras.com\/site\/vacinacao-gratuita-contra-gripe-em-52-locais-neste-sabado-17\/#primaryimage\"},\"image\":{\"@id\":\"https:\/\/www.notibras.com\/site\/vacinacao-gratuita-contra-gripe-em-52-locais-neste-sabado-17\/#primaryimage\"},\"thumbnailUrl\":\"https:\/\/www.notibras.com\/site\/wp-content\/uploads\/2026\/01\/Vacinacao-no-DF.-Foto-Agencia-Saude-DF.jpg\",\"datePublished\":\"2026-01-17T04:00:19+00:00\",\"breadcrumb\":{\"@id\":\"https:\/\/www.notibras.com\/site\/vacinacao-gratuita-contra-gripe-em-52-locais-neste-sabado-17\/#breadcrumb\"},\"inLanguage\":\"pt-BR\",\"potentialAction\":[{\"@type\":\"ReadAction\",\"target\":[\"https:\/\/www.notibras.com\/site\/vacinacao-gratuita-contra-gripe-em-52-locais-neste-sabado-17\/\"]}]},{\"@type\":\"ImageObject\",\"inLanguage\":\"pt-BR\",\"@id\":\"https:\/\/www.notibras.com\/site\/vacinacao-gratuita-contra-gripe-em-52-locais-neste-sabado-17\/#primaryimage\",\"url\":\"https:\/\/www.notibras.com\/site\/wp-content\/uploads\/2026\/01\/Vacinacao-no-DF.-Foto-Agencia-Saude-DF.jpg\",\"contentUrl\":\"https:\/\/www.notibras.com\/site\/wp-content\/uploads\/2026\/01\/Vacinacao-no-DF.-Foto-Agencia-Saude-DF.jpg\",\"width\":2048,\"height\":1365},{\"@type\":\"BreadcrumbList\",\"@id\":\"https:\/\/www.notibras.com\/site\/vacinacao-gratuita-contra-gripe-em-52-locais-neste-sabado-17\/#breadcrumb\",\"itemListElement\":[{\"@type\":\"ListItem\",\"position\":1,\"name\":\"In\u00edcio\",\"item\":\"https:\/\/www.notibras.com\/site\/\"},{\"@type\":\"ListItem\",\"position\":2,\"name\":\"Vacina\u00e7\u00e3o gratuita contra gripe em 52 locais neste s\u00e1bado (17)\"}]},{\"@type\":\"WebSite\",\"@id\":\"https:\/\/www.notibras.com\/site\/#website\",\"url\":\"https:\/\/www.notibras.com\/site\/\",\"name\":\"Notibras\",\"description\":\"Not\u00edcias de Bras\u00edlia, do Brasil e do Mundo\",\"publisher\":{\"@id\":\"https:\/\/www.notibras.com\/site\/#organization\"},\"potentialAction\":[{\"@type\":\"SearchAction\",\"target\":{\"@type\":\"EntryPoint\",\"urlTemplate\":\"https:\/\/www.notibras.com\/site\/?s={search_term_string}\"},\"query-input\":{\"@type\":\"PropertyValueSpecification\",\"valueRequired\":true,\"valueName\":\"search_term_string\"}}],\"inLanguage\":\"pt-BR\"},{\"@type\":\"Organization\",\"@id\":\"https:\/\/www.notibras.com\/site\/#organization\",\"name\":\"Grupo Notibras de Comunica\u00e7\u00e3o\",\"url\":\"https:\/\/www.notibras.com\/site\/\",\"logo\":{\"@type\":\"ImageObject\",\"inLanguage\":\"pt-BR\",\"@id\":\"https:\/\/www.notibras.com\/site\/#\/schema\/logo\/image\/\",\"url\":\"https:\/\/www.notibras.com\/site\/wp-content\/uploads\/2023\/01\/notibras23.png\",\"contentUrl\":\"https:\/\/www.notibras.com\/site\/wp-content\/uploads\/2023\/01\/notibras23.png\",\"width\":350,\"height\":87,\"caption\":\"Grupo Notibras de Comunica\u00e7\u00e3o\"},\"image\":{\"@id\":\"https:\/\/www.notibras.com\/site\/#\/schema\/logo\/image\/\"},\"sameAs\":[\"https:\/\/www.facebook.com\/notibras\/\",\"https:\/\/x.com\/Notibras\",\"https:\/\/www.instagram.com\/notibras\/\"]},{\"@type\":\"Person\",\"@id\":\"https:\/\/www.notibras.com\/site\/#\/schema\/person\/5b7fabf2aedc3ada2105f03b22b4d3dd\",\"name\":\"Eduardo Mart\u00ednez\",\"image\":{\"@type\":\"ImageObject\",\"inLanguage\":\"pt-BR\",\"@id\":\"https:\/\/secure.gravatar.com\/avatar\/7902f906289926289cbcda644b5197c796b893c6ffd7b9a536a42d290f7704a0?s=96&d=mm&r=g\",\"url\":\"https:\/\/secure.gravatar.com\/avatar\/7902f906289926289cbcda644b5197c796b893c6ffd7b9a536a42d290f7704a0?s=96&d=mm&r=g\",\"contentUrl\":\"https:\/\/secure.gravatar.com\/avatar\/7902f906289926289cbcda644b5197c796b893c6ffd7b9a536a42d290f7704a0?s=96&d=mm&r=g\",\"caption\":\"Eduardo Mart\u00ednez\"}}]}<\/script>\n<!-- \/ Yoast SEO plugin. -->","yoast_head_json":{"title":"Vacina\u00e7\u00e3o gratuita contra gripe em 52 locais neste s\u00e1bado (17) - Notibras","robots":{"index":"index","follow":"follow","max-snippet":"max-snippet:-1","max-image-preview":"max-image-preview:large","max-video-preview":"max-video-preview:-1"},"canonical":"https:\/\/www.notibras.com\/site\/vacinacao-gratuita-contra-gripe-em-52-locais-neste-sabado-17\/","og_locale":"pt_BR","og_type":"article","og_title":"Vacina\u00e7\u00e3o gratuita contra gripe em 52 locais neste s\u00e1bado (17) - Notibras","og_description":"A Secretaria de Sa\u00fade (SES-DF) disponibilizar\u00e1 52 locais de vacina\u00e7\u00e3o neste s\u00e1bado (17). O destaque \u00e9 a oferta da dose contra a gripe (influenza) para todas as pessoas com pelo menos seis meses de idade, desde que n\u00e3o tenham recebido o imunizante em 2025. Antes, a campanha estava restrita a grupos priorit\u00e1rios, mas, at\u00e9 o [&hellip;]","og_url":"https:\/\/www.notibras.com\/site\/vacinacao-gratuita-contra-gripe-em-52-locais-neste-sabado-17\/","og_site_name":"Notibras","article_publisher":"https:\/\/www.facebook.com\/notibras\/","article_published_time":"2026-01-17T04:00:19+00:00","og_image":[{"width":2048,"height":1365,"url":"https:\/\/www.notibras.com\/site\/wp-content\/uploads\/2026\/01\/Vacinacao-no-DF.-Foto-Agencia-Saude-DF.jpg","type":"image\/jpeg"}],"author":"Eduardo Mart\u00ednez","twitter_card":"summary_large_image","twitter_creator":"@Notibras","twitter_site":"@Notibras","twitter_misc":{"Escrito por":"Eduardo Mart\u00ednez","Est. tempo de leitura":"2 minutos"},"schema":{"@context":"https:\/\/schema.org","@graph":[{"@type":"Article","@id":"https:\/\/www.notibras.com\/site\/vacinacao-gratuita-contra-gripe-em-52-locais-neste-sabado-17\/#article","isPartOf":{"@id":"https:\/\/www.notibras.com\/site\/vacinacao-gratuita-contra-gripe-em-52-locais-neste-sabado-17\/"},"author":{"name":"Eduardo Mart\u00ednez","@id":"https:\/\/www.notibras.com\/site\/#\/schema\/person\/5b7fabf2aedc3ada2105f03b22b4d3dd"},"headline":"Vacina\u00e7\u00e3o gratuita contra gripe em 52 locais neste s\u00e1bado (17)","datePublished":"2026-01-17T04:00:19+00:00","mainEntityOfPage":{"@id":"https:\/\/www.notibras.com\/site\/vacinacao-gratuita-contra-gripe-em-52-locais-neste-sabado-17\/"},"wordCount":215,"publisher":{"@id":"https:\/\/www.notibras.com\/site\/#organization"},"image":{"@id":"https:\/\/www.notibras.com\/site\/vacinacao-gratuita-contra-gripe-em-52-locais-neste-sabado-17\/#primaryimage"},"thumbnailUrl":"https:\/\/www.notibras.com\/site\/wp-content\/uploads\/2026\/01\/Vacinacao-no-DF.-Foto-Agencia-Saude-DF.jpg","articleSection":["Quadradinho em Foco"],"inLanguage":"pt-BR"},{"@type":"WebPage","@id":"https:\/\/www.notibras.com\/site\/vacinacao-gratuita-contra-gripe-em-52-locais-neste-sabado-17\/","url":"https:\/\/www.notibras.com\/site\/vacinacao-gratuita-contra-gripe-em-52-locais-neste-sabado-17\/","name":"Vacina\u00e7\u00e3o gratuita contra gripe em 52 locais neste s\u00e1bado (17) - Notibras","isPartOf":{"@id":"https:\/\/www.notibras.com\/site\/#website"},"primaryImageOfPage":{"@id":"https:\/\/www.notibras.com\/site\/vacinacao-gratuita-contra-gripe-em-52-locais-neste-sabado-17\/#primaryimage"},"image":{"@id":"https:\/\/www.notibras.com\/site\/vacinacao-gratuita-contra-gripe-em-52-locais-neste-sabado-17\/#primaryimage"},"thumbnailUrl":"https:\/\/www.notibras.com\/site\/wp-content\/uploads\/2026\/01\/Vacinacao-no-DF.-Foto-Agencia-Saude-DF.jpg","datePublished":"2026-01-17T04:00:19+00:00","breadcrumb":{"@id":"https:\/\/www.notibras.com\/site\/vacinacao-gratuita-contra-gripe-em-52-locais-neste-sabado-17\/#breadcrumb"},"inLanguage":"pt-BR","potentialAction":[{"@type":"ReadAction","target":["https:\/\/www.notibras.com\/site\/vacinacao-gratuita-contra-gripe-em-52-locais-neste-sabado-17\/"]}]},{"@type":"ImageObject","inLanguage":"pt-BR","@id":"https:\/\/www.notibras.com\/site\/vacinacao-gratuita-contra-gripe-em-52-locais-neste-sabado-17\/#primaryimage","url":"https:\/\/www.notibras.com\/site\/wp-content\/uploads\/2026\/01\/Vacinacao-no-DF.-Foto-Agencia-Saude-DF.jpg","contentUrl":"https:\/\/www.notibras.com\/site\/wp-content\/uploads\/2026\/01\/Vacinacao-no-DF.-Foto-Agencia-Saude-DF.jpg","width":2048,"height":1365},{"@type":"BreadcrumbList","@id":"https:\/\/www.notibras.com\/site\/vacinacao-gratuita-contra-gripe-em-52-locais-neste-sabado-17\/#breadcrumb","itemListElement":[{"@type":"ListItem","position":1,"name":"In\u00edcio","item":"https:\/\/www.notibras.com\/site\/"},{"@type":"ListItem","position":2,"name":"Vacina\u00e7\u00e3o gratuita contra gripe em 52 locais neste s\u00e1bado (17)"}]},{"@type":"WebSite","@id":"https:\/\/www.notibras.com\/site\/#website","url":"https:\/\/www.notibras.com\/site\/","name":"Notibras","description":"Not\u00edcias de Bras\u00edlia, do Brasil e do Mundo","publisher":{"@id":"https:\/\/www.notibras.com\/site\/#organization"},"potentialAction":[{"@type":"SearchAction","target":{"@type":"EntryPoint","urlTemplate":"https:\/\/www.notibras.com\/site\/?s={search_term_string}"},"query-input":{"@type":"PropertyValueSpecification","valueRequired":true,"valueName":"search_term_string"}}],"inLanguage":"pt-BR"},{"@type":"Organization","@id":"https:\/\/www.notibras.com\/site\/#organization","name":"Grupo Notibras de Comunica\u00e7\u00e3o","url":"https:\/\/www.notibras.com\/site\/","logo":{"@type":"ImageObject","inLanguage":"pt-BR","@id":"https:\/\/www.notibras.com\/site\/#\/schema\/logo\/image\/","url":"https:\/\/www.notibras.com\/site\/wp-content\/uploads\/2023\/01\/notibras23.png","contentUrl":"https:\/\/www.notibras.com\/site\/wp-content\/uploads\/2023\/01\/notibras23.png","width":350,"height":87,"caption":"Grupo Notibras de Comunica\u00e7\u00e3o"},"image":{"@id":"https:\/\/www.notibras.com\/site\/#\/schema\/logo\/image\/"},"sameAs":["https:\/\/www.facebook.com\/notibras\/","https:\/\/x.com\/Notibras","https:\/\/www.instagram.com\/notibras\/"]},{"@type":"Person","@id":"https:\/\/www.notibras.com\/site\/#\/schema\/person\/5b7fabf2aedc3ada2105f03b22b4d3dd","name":"Eduardo Mart\u00ednez","image":{"@type":"ImageObject","inLanguage":"pt-BR","@id":"https:\/\/secure.gravatar.com\/avatar\/7902f906289926289cbcda644b5197c796b893c6ffd7b9a536a42d290f7704a0?s=96&d=mm&r=g","url":"https:\/\/secure.gravatar.com\/avatar\/7902f906289926289cbcda644b5197c796b893c6ffd7b9a536a42d290f7704a0?s=96&d=mm&r=g","contentUrl":"https:\/\/secure.gravatar.com\/avatar\/7902f906289926289cbcda644b5197c796b893c6ffd7b9a536a42d290f7704a0?s=96&d=mm&r=g","caption":"Eduardo Mart\u00ednez"}}]}},"amp_enabled":true,"_links":{"self":[{"href":"https:\/\/www.notibras.com\/site\/wp-json\/wp\/v2\/posts\/379326","targetHints":{"allow":["GET"]}}],"collection":[{"href":"https:\/\/www.notibras.com\/site\/wp-json\/wp\/v2\/posts"}],"about":[{"href":"https:\/\/www.notibras.com\/site\/wp-json\/wp\/v2\/types\/post"}],"author":[{"embeddable":true,"href":"https:\/\/www.notibras.com\/site\/wp-json\/wp\/v2\/users\/21"}],"replies":[{"embeddable":true,"href":"https:\/\/www.notibras.com\/site\/wp-json\/wp\/v2\/comments?post=379326"}],"version-history":[{"count":3,"href":"https:\/\/www.notibras.com\/site\/wp-json\/wp\/v2\/posts\/379326\/revisions"}],"predecessor-version":[{"id":379330,"href":"https:\/\/www.notibras.com\/site\/wp-json\/wp\/v2\/posts\/379326\/revisions\/379330"}],"wp:featuredmedia":[{"embeddable":true,"href":"https:\/\/www.notibras.com\/site\/wp-json\/wp\/v2\/media\/379327"}],"wp:attachment":[{"href":"https:\/\/www.notibras.com\/site\/wp-json\/wp\/v2\/media?parent=379326"}],"wp:term":[{"taxonomy":"category","embeddable":true,"href":"https:\/\/www.notibras.com\/site\/wp-json\/wp\/v2\/categories?post=379326"},{"taxonomy":"post_tag","embeddable":true,"href":"https:\/\/www.notibras.com\/site\/wp-json\/wp\/v2\/tags?post=379326"}],"curies":[{"name":"wp","href":"https:\/\/api.w.org\/{rel}","templated":true}]}}