{"id":379331,"date":"2026-01-17T01:15:22","date_gmt":"2026-01-17T04:15:22","guid":{"rendered":"https:\/\/www.notibras.com\/site\/?p=379331"},"modified":"2026-01-16T23:42:53","modified_gmt":"2026-01-17T02:42:53","slug":"cicloturismo-e-miniguia-para-pedalar","status":"publish","type":"post","link":"https:\/\/www.notibras.com\/site\/cicloturismo-e-miniguia-para-pedalar\/","title":{"rendered":"Cicloturismo e miniguia para pedalar"},"content":{"rendered":"<p>No dia em que a Lei n\u00ba 7.403\/2024, conhecida como Lei do Cicloturismo do Distrito Federal, completa dois anos, a Secretaria de Turismo (Setur-DF) lan\u00e7a oficialmente a Rota do Cicloturismo e o miniguia Para Andar de Bike em Bras\u00edlia. A iniciativa amplia as op\u00e7\u00f5es de lazer e turismo sustent\u00e1vel para moradores e visitantes da capital, incentivando o uso da bicicleta como meio de transporte e como ferramenta de viv\u00eancia tur\u00edstica.<\/p>\n<p>Elaborado em parceria com a Camelo Bike Tour, o miniguia apresenta roteiros que percorrem alguns dos principais atrativos tur\u00edsticos de Bras\u00edlia, com trajetos variados que atendem desde ciclistas iniciantes at\u00e9 os mais experientes. A Rota do Cicloturismo re\u00fane percursos que passam por pontos emblem\u00e1ticos da cidade, como o Eixo Monumental, Memorial JK, Pra\u00e7a dos Cristais, Rota do Eix\u00e3o, Parque da Cidade, Ermida Dom Bosco, Jardim Bot\u00e2nico, Parque Nacional da \u00c1gua Mineral, Floresta Nacional, Parque Vivencial do Lago Norte, Parque Ecol\u00f3gico das Copa\u00edbas e o Parque Ecol\u00f3gico Pen\u00ednsula do Lago Sul.<\/p>\n<p>O material traz ainda sugest\u00f5es de trajetos com dist\u00e2ncias menores e maiores, incluindo vias asfaltadas, ciclovias e ciclofaixas. Entre os destaques est\u00e3o o Pedal Monumental, o Circuito Parque Modernista e o Pedal Memorial Nacional. O Pedal Monumental percorre locais como o Memorial JK, Est\u00e1dio Man\u00e9 Garrincha, Torre de TV, Catedral Metropolitana, Museu Nacional, Pal\u00e1cio do Itamaraty, Congresso Nacional e a Pra\u00e7a dos Tr\u00eas Poderes.<\/p>\n<p>J\u00e1 o Circuito Parque Modernista passa pela Torre de TV, Parque da Cidade, Espa\u00e7o Renato Russo, Superquadra Modelo 308 Sul, Igrejinha Nossa Senhora de F\u00e1tima e Santu\u00e1rio Dom Bosco. O Pedal Memorial Nacional inclui o Planet\u00e1rio de Bras\u00edlia, Pal\u00e1cio do Buriti, Pra\u00e7a dos Cristais, Catedral Rainha da Paz, Memorial JK, Memorial dos Povos Ind\u00edgenas, Ponte JK e a Rodovi\u00e1ria do Plano Piloto.<\/p>\n<p>O miniguia apresenta ainda duas rotas tur\u00edsticas especiais. A Rota Pedalando com Athos prop\u00f5e um percurso inovador, criativo e sustent\u00e1vel pelas obras do artista Athos Bulc\u00e3o. J\u00e1 o Tour Eduardo e M\u00f4nica homenageia o rock nacional e a banda Legi\u00e3o Urbana, com um trajeto que pode ser acompanhado por uma playlist especial elaborada pela Setur-DF, com m\u00fasicas consagradas do grupo.<\/p>\n<p>Atualmente, o Distrito Federal conta com 727 quil\u00f4metros de ciclovias, al\u00e9m de 90 quil\u00f4metros em obras, sob responsabilidade do DER-DF e da Secretaria de Obras (SODF). O Governo do Distrito Federal tamb\u00e9m mant\u00e9m parceria com as empresas TemBici e JET, que oferecem servi\u00e7os de loca\u00e7\u00e3o de bicicletas por meio de aplicativos. Ao todo, s\u00e3o 530 bicicletas distribu\u00eddas em 70 esta\u00e7\u00f5es, operadas por permiss\u00e3o do GDF, sendo as empresas respons\u00e1veis pela infraestrutura e pela opera\u00e7\u00e3o dos sistemas de bicicletas e patinetes.<\/p>\n<p><strong>Sobre a lei<\/strong><\/p>\n<p>Sancionada em 16 de janeiro de 2024 pelo governador Ibaneis Rocha, a Lei do Cicloturismo do DF tem como principais objetivos incentivar o uso da bicicleta e o turismo ecol\u00f3gico, promover a sustentabilidade, estimular a pr\u00e1tica de atividades f\u00edsicas e contribuir para a sa\u00fade, o bem-estar, o lazer e a mobilidade da popula\u00e7\u00e3o.<\/p>\n<p>A legisla\u00e7\u00e3o define o cicloturismo como a atividade tur\u00edstica que utiliza a bicicleta como meio de transporte e estabelece diretrizes para a cria\u00e7\u00e3o de circuitos e rotas, considerando aspectos ambientais, hist\u00f3ricos, culturais e sociais, al\u00e9m de priorizar vias com menor fluxo de ve\u00edculos motorizados e a participa\u00e7\u00e3o popular.<\/p>\n<p>Para o secret\u00e1rio de Turismo do DF, Cristiano Ara\u00fajo, a nova rota representa um avan\u00e7o importante para o turismo local. \u201cA Rota do Cicloturismo valoriza Bras\u00edlia de uma forma sustent\u00e1vel, democr\u00e1tica e acess\u00edvel. \u00c9 uma iniciativa que integra lazer, mobilidade, sa\u00fade e turismo, ao mesmo tempo em que incentiva moradores e visitantes a conhecerem a cidade por um novo olhar, respeitando o meio ambiente e fortalecendo a voca\u00e7\u00e3o tur\u00edstica do Distrito Federal\u201d, destacou.<\/p>\n<p>O miniguia Para Andar de Bike em Bras\u00edlia j\u00e1 est\u00e1 dispon\u00edvel no <a href=\"https:\/\/www.turismo.df.gov.br\/documents\/d\/setur\/setur_miniguia_cicloturismo_a6-site-pdf\">site<\/a> da Secretaria de Turismo e passa a integrar as rotas tur\u00edsticas oficiais do DF, refor\u00e7ando o compromisso do governo com o turismo sustent\u00e1vel e a qualidade de vida.<\/p>\n","protected":false},"excerpt":{"rendered":"<p>No dia em que a Lei n\u00ba 7.403\/2024, conhecida como Lei do Cicloturismo do Distrito Federal, completa dois anos, a Secretaria de Turismo (Setur-DF) lan\u00e7a oficialmente a Rota do Cicloturismo e o miniguia Para Andar de Bike em Bras\u00edlia. A iniciativa amplia as op\u00e7\u00f5es de lazer e turismo sustent\u00e1vel para moradores e visitantes da capital, [&hellip;]<\/p>\n","protected":false},"author":21,"featured_media":379332,"comment_status":"closed","ping_status":"closed","sticky":false,"template":"","format":"standard","meta":{"_acf_changed":false,"footnotes":""},"categories":[161],"tags":[],"class_list":["post-379331","post","type-post","status-publish","format-standard","has-post-thumbnail","hentry","category-quadradinho-em-foco"],"acf":[],"yoast_head":"<!-- This site is optimized with the Yoast SEO plugin v27.2 - https:\/\/yoast.com\/product\/yoast-seo-wordpress\/ -->\n<title>Cicloturismo e miniguia para pedalar - Notibras<\/title>\n<meta name=\"robots\" content=\"index, follow, max-snippet:-1, max-image-preview:large, max-video-preview:-1\" \/>\n<link rel=\"canonical\" href=\"https:\/\/www.notibras.com\/site\/cicloturismo-e-miniguia-para-pedalar\/\" \/>\n<meta property=\"og:locale\" content=\"pt_BR\" \/>\n<meta property=\"og:type\" content=\"article\" \/>\n<meta property=\"og:title\" content=\"Cicloturismo e miniguia para pedalar - Notibras\" \/>\n<meta property=\"og:description\" content=\"No dia em que a Lei n\u00ba 7.403\/2024, conhecida como Lei do Cicloturismo do Distrito Federal, completa dois anos, a Secretaria de Turismo (Setur-DF) lan\u00e7a oficialmente a Rota do Cicloturismo e o miniguia Para Andar de Bike em Bras\u00edlia. A iniciativa amplia as op\u00e7\u00f5es de lazer e turismo sustent\u00e1vel para moradores e visitantes da capital, [&hellip;]\" \/>\n<meta property=\"og:url\" content=\"https:\/\/www.notibras.com\/site\/cicloturismo-e-miniguia-para-pedalar\/\" \/>\n<meta property=\"og:site_name\" content=\"Notibras\" \/>\n<meta property=\"article:publisher\" content=\"https:\/\/www.facebook.com\/notibras\/\" \/>\n<meta property=\"article:published_time\" content=\"2026-01-17T04:15:22+00:00\" \/>\n<meta property=\"og:image\" content=\"https:\/\/www.notibras.com\/site\/wp-content\/uploads\/2026\/01\/WhatsApp-Image-2026-01-16-at-15.51.35-1.jpeg\" \/>\n\t<meta property=\"og:image:width\" content=\"1600\" \/>\n\t<meta property=\"og:image:height\" content=\"953\" \/>\n\t<meta property=\"og:image:type\" content=\"image\/jpeg\" \/>\n<meta name=\"author\" content=\"Eduardo Mart\u00ednez\" \/>\n<meta name=\"twitter:card\" content=\"summary_large_image\" \/>\n<meta name=\"twitter:creator\" content=\"@Notibras\" \/>\n<meta name=\"twitter:site\" content=\"@Notibras\" \/>\n<meta name=\"twitter:label1\" content=\"Escrito por\" \/>\n\t<meta name=\"twitter:data1\" content=\"Eduardo Mart\u00ednez\" \/>\n\t<meta name=\"twitter:label2\" content=\"Est. tempo de leitura\" \/>\n\t<meta name=\"twitter:data2\" content=\"4 minutos\" \/>\n<script type=\"application\/ld+json\" class=\"yoast-schema-graph\">{\"@context\":\"https:\/\/schema.org\",\"@graph\":[{\"@type\":\"Article\",\"@id\":\"https:\/\/www.notibras.com\/site\/cicloturismo-e-miniguia-para-pedalar\/#article\",\"isPartOf\":{\"@id\":\"https:\/\/www.notibras.com\/site\/cicloturismo-e-miniguia-para-pedalar\/\"},\"author\":{\"name\":\"Eduardo Mart\u00ednez\",\"@id\":\"https:\/\/www.notibras.com\/site\/#\/schema\/person\/5b7fabf2aedc3ada2105f03b22b4d3dd\"},\"headline\":\"Cicloturismo e miniguia para pedalar\",\"datePublished\":\"2026-01-17T04:15:22+00:00\",\"mainEntityOfPage\":{\"@id\":\"https:\/\/www.notibras.com\/site\/cicloturismo-e-miniguia-para-pedalar\/\"},\"wordCount\":720,\"publisher\":{\"@id\":\"https:\/\/www.notibras.com\/site\/#organization\"},\"image\":{\"@id\":\"https:\/\/www.notibras.com\/site\/cicloturismo-e-miniguia-para-pedalar\/#primaryimage\"},\"thumbnailUrl\":\"https:\/\/www.notibras.com\/site\/wp-content\/uploads\/2026\/01\/WhatsApp-Image-2026-01-16-at-15.51.35-1.jpeg\",\"articleSection\":[\"Quadradinho em Foco\"],\"inLanguage\":\"pt-BR\"},{\"@type\":\"WebPage\",\"@id\":\"https:\/\/www.notibras.com\/site\/cicloturismo-e-miniguia-para-pedalar\/\",\"url\":\"https:\/\/www.notibras.com\/site\/cicloturismo-e-miniguia-para-pedalar\/\",\"name\":\"Cicloturismo e miniguia para pedalar - Notibras\",\"isPartOf\":{\"@id\":\"https:\/\/www.notibras.com\/site\/#website\"},\"primaryImageOfPage\":{\"@id\":\"https:\/\/www.notibras.com\/site\/cicloturismo-e-miniguia-para-pedalar\/#primaryimage\"},\"image\":{\"@id\":\"https:\/\/www.notibras.com\/site\/cicloturismo-e-miniguia-para-pedalar\/#primaryimage\"},\"thumbnailUrl\":\"https:\/\/www.notibras.com\/site\/wp-content\/uploads\/2026\/01\/WhatsApp-Image-2026-01-16-at-15.51.35-1.jpeg\",\"datePublished\":\"2026-01-17T04:15:22+00:00\",\"breadcrumb\":{\"@id\":\"https:\/\/www.notibras.com\/site\/cicloturismo-e-miniguia-para-pedalar\/#breadcrumb\"},\"inLanguage\":\"pt-BR\",\"potentialAction\":[{\"@type\":\"ReadAction\",\"target\":[\"https:\/\/www.notibras.com\/site\/cicloturismo-e-miniguia-para-pedalar\/\"]}]},{\"@type\":\"ImageObject\",\"inLanguage\":\"pt-BR\",\"@id\":\"https:\/\/www.notibras.com\/site\/cicloturismo-e-miniguia-para-pedalar\/#primaryimage\",\"url\":\"https:\/\/www.notibras.com\/site\/wp-content\/uploads\/2026\/01\/WhatsApp-Image-2026-01-16-at-15.51.35-1.jpeg\",\"contentUrl\":\"https:\/\/www.notibras.com\/site\/wp-content\/uploads\/2026\/01\/WhatsApp-Image-2026-01-16-at-15.51.35-1.jpeg\",\"width\":1600,\"height\":953},{\"@type\":\"BreadcrumbList\",\"@id\":\"https:\/\/www.notibras.com\/site\/cicloturismo-e-miniguia-para-pedalar\/#breadcrumb\",\"itemListElement\":[{\"@type\":\"ListItem\",\"position\":1,\"name\":\"In\u00edcio\",\"item\":\"https:\/\/www.notibras.com\/site\/\"},{\"@type\":\"ListItem\",\"position\":2,\"name\":\"Cicloturismo e miniguia para pedalar\"}]},{\"@type\":\"WebSite\",\"@id\":\"https:\/\/www.notibras.com\/site\/#website\",\"url\":\"https:\/\/www.notibras.com\/site\/\",\"name\":\"Notibras\",\"description\":\"Not\u00edcias de Bras\u00edlia, do Brasil e do Mundo\",\"publisher\":{\"@id\":\"https:\/\/www.notibras.com\/site\/#organization\"},\"potentialAction\":[{\"@type\":\"SearchAction\",\"target\":{\"@type\":\"EntryPoint\",\"urlTemplate\":\"https:\/\/www.notibras.com\/site\/?s={search_term_string}\"},\"query-input\":{\"@type\":\"PropertyValueSpecification\",\"valueRequired\":true,\"valueName\":\"search_term_string\"}}],\"inLanguage\":\"pt-BR\"},{\"@type\":\"Organization\",\"@id\":\"https:\/\/www.notibras.com\/site\/#organization\",\"name\":\"Grupo Notibras de Comunica\u00e7\u00e3o\",\"url\":\"https:\/\/www.notibras.com\/site\/\",\"logo\":{\"@type\":\"ImageObject\",\"inLanguage\":\"pt-BR\",\"@id\":\"https:\/\/www.notibras.com\/site\/#\/schema\/logo\/image\/\",\"url\":\"https:\/\/www.notibras.com\/site\/wp-content\/uploads\/2023\/01\/notibras23.png\",\"contentUrl\":\"https:\/\/www.notibras.com\/site\/wp-content\/uploads\/2023\/01\/notibras23.png\",\"width\":350,\"height\":87,\"caption\":\"Grupo Notibras de Comunica\u00e7\u00e3o\"},\"image\":{\"@id\":\"https:\/\/www.notibras.com\/site\/#\/schema\/logo\/image\/\"},\"sameAs\":[\"https:\/\/www.facebook.com\/notibras\/\",\"https:\/\/x.com\/Notibras\",\"https:\/\/www.instagram.com\/notibras\/\"]},{\"@type\":\"Person\",\"@id\":\"https:\/\/www.notibras.com\/site\/#\/schema\/person\/5b7fabf2aedc3ada2105f03b22b4d3dd\",\"name\":\"Eduardo Mart\u00ednez\",\"image\":{\"@type\":\"ImageObject\",\"inLanguage\":\"pt-BR\",\"@id\":\"https:\/\/secure.gravatar.com\/avatar\/7902f906289926289cbcda644b5197c796b893c6ffd7b9a536a42d290f7704a0?s=96&d=mm&r=g\",\"url\":\"https:\/\/secure.gravatar.com\/avatar\/7902f906289926289cbcda644b5197c796b893c6ffd7b9a536a42d290f7704a0?s=96&d=mm&r=g\",\"contentUrl\":\"https:\/\/secure.gravatar.com\/avatar\/7902f906289926289cbcda644b5197c796b893c6ffd7b9a536a42d290f7704a0?s=96&d=mm&r=g\",\"caption\":\"Eduardo Mart\u00ednez\"}}]}<\/script>\n<!-- \/ Yoast SEO plugin. -->","yoast_head_json":{"title":"Cicloturismo e miniguia para pedalar - Notibras","robots":{"index":"index","follow":"follow","max-snippet":"max-snippet:-1","max-image-preview":"max-image-preview:large","max-video-preview":"max-video-preview:-1"},"canonical":"https:\/\/www.notibras.com\/site\/cicloturismo-e-miniguia-para-pedalar\/","og_locale":"pt_BR","og_type":"article","og_title":"Cicloturismo e miniguia para pedalar - Notibras","og_description":"No dia em que a Lei n\u00ba 7.403\/2024, conhecida como Lei do Cicloturismo do Distrito Federal, completa dois anos, a Secretaria de Turismo (Setur-DF) lan\u00e7a oficialmente a Rota do Cicloturismo e o miniguia Para Andar de Bike em Bras\u00edlia. A iniciativa amplia as op\u00e7\u00f5es de lazer e turismo sustent\u00e1vel para moradores e visitantes da capital, [&hellip;]","og_url":"https:\/\/www.notibras.com\/site\/cicloturismo-e-miniguia-para-pedalar\/","og_site_name":"Notibras","article_publisher":"https:\/\/www.facebook.com\/notibras\/","article_published_time":"2026-01-17T04:15:22+00:00","og_image":[{"width":1600,"height":953,"url":"https:\/\/www.notibras.com\/site\/wp-content\/uploads\/2026\/01\/WhatsApp-Image-2026-01-16-at-15.51.35-1.jpeg","type":"image\/jpeg"}],"author":"Eduardo Mart\u00ednez","twitter_card":"summary_large_image","twitter_creator":"@Notibras","twitter_site":"@Notibras","twitter_misc":{"Escrito por":"Eduardo Mart\u00ednez","Est. tempo de leitura":"4 minutos"},"schema":{"@context":"https:\/\/schema.org","@graph":[{"@type":"Article","@id":"https:\/\/www.notibras.com\/site\/cicloturismo-e-miniguia-para-pedalar\/#article","isPartOf":{"@id":"https:\/\/www.notibras.com\/site\/cicloturismo-e-miniguia-para-pedalar\/"},"author":{"name":"Eduardo Mart\u00ednez","@id":"https:\/\/www.notibras.com\/site\/#\/schema\/person\/5b7fabf2aedc3ada2105f03b22b4d3dd"},"headline":"Cicloturismo e miniguia para pedalar","datePublished":"2026-01-17T04:15:22+00:00","mainEntityOfPage":{"@id":"https:\/\/www.notibras.com\/site\/cicloturismo-e-miniguia-para-pedalar\/"},"wordCount":720,"publisher":{"@id":"https:\/\/www.notibras.com\/site\/#organization"},"image":{"@id":"https:\/\/www.notibras.com\/site\/cicloturismo-e-miniguia-para-pedalar\/#primaryimage"},"thumbnailUrl":"https:\/\/www.notibras.com\/site\/wp-content\/uploads\/2026\/01\/WhatsApp-Image-2026-01-16-at-15.51.35-1.jpeg","articleSection":["Quadradinho em Foco"],"inLanguage":"pt-BR"},{"@type":"WebPage","@id":"https:\/\/www.notibras.com\/site\/cicloturismo-e-miniguia-para-pedalar\/","url":"https:\/\/www.notibras.com\/site\/cicloturismo-e-miniguia-para-pedalar\/","name":"Cicloturismo e miniguia para pedalar - Notibras","isPartOf":{"@id":"https:\/\/www.notibras.com\/site\/#website"},"primaryImageOfPage":{"@id":"https:\/\/www.notibras.com\/site\/cicloturismo-e-miniguia-para-pedalar\/#primaryimage"},"image":{"@id":"https:\/\/www.notibras.com\/site\/cicloturismo-e-miniguia-para-pedalar\/#primaryimage"},"thumbnailUrl":"https:\/\/www.notibras.com\/site\/wp-content\/uploads\/2026\/01\/WhatsApp-Image-2026-01-16-at-15.51.35-1.jpeg","datePublished":"2026-01-17T04:15:22+00:00","breadcrumb":{"@id":"https:\/\/www.notibras.com\/site\/cicloturismo-e-miniguia-para-pedalar\/#breadcrumb"},"inLanguage":"pt-BR","potentialAction":[{"@type":"ReadAction","target":["https:\/\/www.notibras.com\/site\/cicloturismo-e-miniguia-para-pedalar\/"]}]},{"@type":"ImageObject","inLanguage":"pt-BR","@id":"https:\/\/www.notibras.com\/site\/cicloturismo-e-miniguia-para-pedalar\/#primaryimage","url":"https:\/\/www.notibras.com\/site\/wp-content\/uploads\/2026\/01\/WhatsApp-Image-2026-01-16-at-15.51.35-1.jpeg","contentUrl":"https:\/\/www.notibras.com\/site\/wp-content\/uploads\/2026\/01\/WhatsApp-Image-2026-01-16-at-15.51.35-1.jpeg","width":1600,"height":953},{"@type":"BreadcrumbList","@id":"https:\/\/www.notibras.com\/site\/cicloturismo-e-miniguia-para-pedalar\/#breadcrumb","itemListElement":[{"@type":"ListItem","position":1,"name":"In\u00edcio","item":"https:\/\/www.notibras.com\/site\/"},{"@type":"ListItem","position":2,"name":"Cicloturismo e miniguia para pedalar"}]},{"@type":"WebSite","@id":"https:\/\/www.notibras.com\/site\/#website","url":"https:\/\/www.notibras.com\/site\/","name":"Notibras","description":"Not\u00edcias de Bras\u00edlia, do Brasil e do Mundo","publisher":{"@id":"https:\/\/www.notibras.com\/site\/#organization"},"potentialAction":[{"@type":"SearchAction","target":{"@type":"EntryPoint","urlTemplate":"https:\/\/www.notibras.com\/site\/?s={search_term_string}"},"query-input":{"@type":"PropertyValueSpecification","valueRequired":true,"valueName":"search_term_string"}}],"inLanguage":"pt-BR"},{"@type":"Organization","@id":"https:\/\/www.notibras.com\/site\/#organization","name":"Grupo Notibras de Comunica\u00e7\u00e3o","url":"https:\/\/www.notibras.com\/site\/","logo":{"@type":"ImageObject","inLanguage":"pt-BR","@id":"https:\/\/www.notibras.com\/site\/#\/schema\/logo\/image\/","url":"https:\/\/www.notibras.com\/site\/wp-content\/uploads\/2023\/01\/notibras23.png","contentUrl":"https:\/\/www.notibras.com\/site\/wp-content\/uploads\/2023\/01\/notibras23.png","width":350,"height":87,"caption":"Grupo Notibras de Comunica\u00e7\u00e3o"},"image":{"@id":"https:\/\/www.notibras.com\/site\/#\/schema\/logo\/image\/"},"sameAs":["https:\/\/www.facebook.com\/notibras\/","https:\/\/x.com\/Notibras","https:\/\/www.instagram.com\/notibras\/"]},{"@type":"Person","@id":"https:\/\/www.notibras.com\/site\/#\/schema\/person\/5b7fabf2aedc3ada2105f03b22b4d3dd","name":"Eduardo Mart\u00ednez","image":{"@type":"ImageObject","inLanguage":"pt-BR","@id":"https:\/\/secure.gravatar.com\/avatar\/7902f906289926289cbcda644b5197c796b893c6ffd7b9a536a42d290f7704a0?s=96&d=mm&r=g","url":"https:\/\/secure.gravatar.com\/avatar\/7902f906289926289cbcda644b5197c796b893c6ffd7b9a536a42d290f7704a0?s=96&d=mm&r=g","contentUrl":"https:\/\/secure.gravatar.com\/avatar\/7902f906289926289cbcda644b5197c796b893c6ffd7b9a536a42d290f7704a0?s=96&d=mm&r=g","caption":"Eduardo Mart\u00ednez"}}]}},"amp_enabled":true,"_links":{"self":[{"href":"https:\/\/www.notibras.com\/site\/wp-json\/wp\/v2\/posts\/379331","targetHints":{"allow":["GET"]}}],"collection":[{"href":"https:\/\/www.notibras.com\/site\/wp-json\/wp\/v2\/posts"}],"about":[{"href":"https:\/\/www.notibras.com\/site\/wp-json\/wp\/v2\/types\/post"}],"author":[{"embeddable":true,"href":"https:\/\/www.notibras.com\/site\/wp-json\/wp\/v2\/users\/21"}],"replies":[{"embeddable":true,"href":"https:\/\/www.notibras.com\/site\/wp-json\/wp\/v2\/comments?post=379331"}],"version-history":[{"count":4,"href":"https:\/\/www.notibras.com\/site\/wp-json\/wp\/v2\/posts\/379331\/revisions"}],"predecessor-version":[{"id":379336,"href":"https:\/\/www.notibras.com\/site\/wp-json\/wp\/v2\/posts\/379331\/revisions\/379336"}],"wp:featuredmedia":[{"embeddable":true,"href":"https:\/\/www.notibras.com\/site\/wp-json\/wp\/v2\/media\/379332"}],"wp:attachment":[{"href":"https:\/\/www.notibras.com\/site\/wp-json\/wp\/v2\/media?parent=379331"}],"wp:term":[{"taxonomy":"category","embeddable":true,"href":"https:\/\/www.notibras.com\/site\/wp-json\/wp\/v2\/categories?post=379331"},{"taxonomy":"post_tag","embeddable":true,"href":"https:\/\/www.notibras.com\/site\/wp-json\/wp\/v2\/tags?post=379331"}],"curies":[{"name":"wp","href":"https:\/\/api.w.org\/{rel}","templated":true}]}}