{"id":379345,"date":"2026-01-17T02:00:22","date_gmt":"2026-01-17T05:00:22","guid":{"rendered":"https:\/\/www.notibras.com\/site\/?p=379345"},"modified":"2026-01-17T00:05:38","modified_gmt":"2026-01-17T03:05:38","slug":"em-ato-de-sabujice-maria-corina-torna-premiacao-ainda-mais-humilhante","status":"publish","type":"post","link":"https:\/\/www.notibras.com\/site\/em-ato-de-sabujice-maria-corina-torna-premiacao-ainda-mais-humilhante\/","title":{"rendered":"Em ato de sabujice, Mar\u00eda Corina torna premia\u00e7\u00e3o ainda mais humilhante"},"content":{"rendered":"<p>Tenho acompanhado o decl\u00ednio da credibilidade do Pr\u00eamio Nobel da Paz nos \u00faltimos anos. Desde que foi criado, ele sempre simbolizou (ou deveria simbolizar) compromissos com a coopera\u00e7\u00e3o internacional, direitos humanos e resolu\u00e7\u00e3o pac\u00edfica de conflitos. Mas h\u00e1 tempos o pr\u00eamio anda longe de refletir esses valores. J\u00e1 vimos escolhas question\u00e1veis, por exemplo, a concess\u00e3o a Barack Obama, que recebeu o pr\u00eamio no in\u00edcio de seu mandato, em grande parte por expectativas e promessas, e n\u00e3o por resultados concretos. \u00c9 um exemplo cl\u00e1ssico de um reconhecimento cuja justificativa sempre foi debatida e criticada.<\/p>\n<p>No entanto, neste ano, vivenciamos algo ainda mais impressionante e, a meu ver, profundamente desmoralizante. Em 2025, o Comit\u00ea Nobel concedeu o Pr\u00eamio Nobel da Paz a Mar\u00eda Corina Machado, l\u00edder da oposi\u00e7\u00e3o venezuelana, oficialmente \u201cpor seu trabalho na promo\u00e7\u00e3o dos direitos democr\u00e1ticos do povo da Venezuela e por sua luta por uma transi\u00e7\u00e3o pac\u00edfica de um regime autorit\u00e1rio\u201d, uma escolha que j\u00e1 dividiu opini\u00f5es desde o an\u00fancio do pr\u00eamio.<\/p>\n<p>Mas a situa\u00e7\u00e3o tomou um rumo que, para mim, ultrapassou qualquer limite de descr\u00e9dito. Ontem, a pr\u00f3pria ganhadora entregou sua medalha do Nobel da Paz ao presidente dos Estados Unidos, Donald Trump, em um encontro na Casa Branca que acabou viralizando e gerando choque internacional.<\/p>\n<p>N\u00e3o vou nem entrar no debate pol\u00edtico sobre premiar algu\u00e9m que defende a interven\u00e7\u00e3o estrangeira no seu pr\u00f3prio pa\u00eds, tema por si s\u00f3 complexo e que muitos j\u00e1 analisaram de m\u00faltiplos \u00e2ngulos. O que me parece imposs\u00edvel de ignorar \u00e9 a cena em si: a vencedora do Nobel da Paz entregando a medalha ao presidente que ordenou uma interven\u00e7\u00e3o militar, bombardeando o seu pr\u00f3prio pa\u00eds. Al\u00e9m disso, Trump n\u00e3o tem feito nada que realmente aproxime a humanidade da paz duradoura que o pr\u00eamio pretende celebrar.<\/p>\n<p>Ver esse gesto foi, sem exagero, uma das cenas mais constrangedoras da pol\u00edtica mundial que j\u00e1 testemunhei. Foi embara\u00e7oso em n\u00edvel internacional. L\u00edderes noruegueses e jornalistas pol\u00edticos j\u00e1 classificaram o ato como \u201cabsurdo\u201d ou mesmo uma ofensa ao pr\u00f3prio significado do pr\u00eamio.<\/p>\n<p>O c\u00famulo dessa subservi\u00eancia, dessa esp\u00e9cie de rever\u00eancia p\u00fablica a uma figura que n\u00e3o representa os ideais de paz que deveriam animar este pr\u00eamio, me faz questionar seriamente o que est\u00e1 por tr\u00e1s desse gesto. Fico imaginando se n\u00e3o h\u00e1, nesse ato, um mecanismo psicol\u00f3gico profundo: algu\u00e9m que, sabendo que n\u00e3o \u00e9 um verdadeiro merecedor do pr\u00eamio, n\u00e3o consegue nem mesmo olhar pra ele e o entrega a outra pessoa.<\/p>\n","protected":false},"excerpt":{"rendered":"<p>Tenho acompanhado o decl\u00ednio da credibilidade do Pr\u00eamio Nobel da Paz nos \u00faltimos anos. Desde que foi criado, ele sempre simbolizou (ou deveria simbolizar) compromissos com a coopera\u00e7\u00e3o internacional, direitos humanos e resolu\u00e7\u00e3o pac\u00edfica de conflitos. Mas h\u00e1 tempos o pr\u00eamio anda longe de refletir esses valores. J\u00e1 vimos escolhas question\u00e1veis, por exemplo, a concess\u00e3o [&hellip;]<\/p>\n","protected":false},"author":21,"featured_media":379346,"comment_status":"closed","ping_status":"closed","sticky":false,"template":"","format":"standard","meta":{"_acf_changed":false,"footnotes":""},"categories":[235],"tags":[],"class_list":["post-379345","post","type-post","status-publish","format-standard","has-post-thumbnail","hentry","category-dona-irene"],"acf":[],"yoast_head":"<!-- This site is optimized with the Yoast SEO plugin v27.2 - https:\/\/yoast.com\/product\/yoast-seo-wordpress\/ -->\n<title>Em ato de sabujice, Mar\u00eda Corina torna premia\u00e7\u00e3o ainda mais humilhante - Notibras<\/title>\n<meta name=\"robots\" content=\"index, follow, max-snippet:-1, max-image-preview:large, max-video-preview:-1\" \/>\n<link rel=\"canonical\" href=\"https:\/\/www.notibras.com\/site\/em-ato-de-sabujice-maria-corina-torna-premiacao-ainda-mais-humilhante\/\" \/>\n<meta property=\"og:locale\" content=\"pt_BR\" \/>\n<meta property=\"og:type\" content=\"article\" \/>\n<meta property=\"og:title\" content=\"Em ato de sabujice, Mar\u00eda Corina torna premia\u00e7\u00e3o ainda mais humilhante - Notibras\" \/>\n<meta property=\"og:description\" content=\"Tenho acompanhado o decl\u00ednio da credibilidade do Pr\u00eamio Nobel da Paz nos \u00faltimos anos. Desde que foi criado, ele sempre simbolizou (ou deveria simbolizar) compromissos com a coopera\u00e7\u00e3o internacional, direitos humanos e resolu\u00e7\u00e3o pac\u00edfica de conflitos. Mas h\u00e1 tempos o pr\u00eamio anda longe de refletir esses valores. J\u00e1 vimos escolhas question\u00e1veis, por exemplo, a concess\u00e3o [&hellip;]\" \/>\n<meta property=\"og:url\" content=\"https:\/\/www.notibras.com\/site\/em-ato-de-sabujice-maria-corina-torna-premiacao-ainda-mais-humilhante\/\" \/>\n<meta property=\"og:site_name\" content=\"Notibras\" \/>\n<meta property=\"article:publisher\" content=\"https:\/\/www.facebook.com\/notibras\/\" \/>\n<meta property=\"article:published_time\" content=\"2026-01-17T05:00:22+00:00\" \/>\n<meta property=\"og:image\" content=\"https:\/\/www.notibras.com\/site\/wp-content\/uploads\/2026\/01\/trump.corina.iraque-720x720-1.jpg\" \/>\n\t<meta property=\"og:image:width\" content=\"720\" \/>\n\t<meta property=\"og:image:height\" content=\"720\" \/>\n\t<meta property=\"og:image:type\" content=\"image\/jpeg\" \/>\n<meta name=\"author\" content=\"Eduardo Mart\u00ednez\" \/>\n<meta name=\"twitter:card\" content=\"summary_large_image\" \/>\n<meta name=\"twitter:creator\" content=\"@Notibras\" \/>\n<meta name=\"twitter:site\" content=\"@Notibras\" \/>\n<meta name=\"twitter:label1\" content=\"Escrito por\" \/>\n\t<meta name=\"twitter:data1\" content=\"Eduardo Mart\u00ednez\" \/>\n\t<meta name=\"twitter:label2\" content=\"Est. tempo de leitura\" \/>\n\t<meta name=\"twitter:data2\" content=\"3 minutos\" \/>\n<script type=\"application\/ld+json\" class=\"yoast-schema-graph\">{\"@context\":\"https:\/\/schema.org\",\"@graph\":[{\"@type\":\"Article\",\"@id\":\"https:\/\/www.notibras.com\/site\/em-ato-de-sabujice-maria-corina-torna-premiacao-ainda-mais-humilhante\/#article\",\"isPartOf\":{\"@id\":\"https:\/\/www.notibras.com\/site\/em-ato-de-sabujice-maria-corina-torna-premiacao-ainda-mais-humilhante\/\"},\"author\":{\"name\":\"Eduardo Mart\u00ednez\",\"@id\":\"https:\/\/www.notibras.com\/site\/#\/schema\/person\/5b7fabf2aedc3ada2105f03b22b4d3dd\"},\"headline\":\"Em ato de sabujice, Mar\u00eda Corina torna premia\u00e7\u00e3o ainda mais humilhante\",\"datePublished\":\"2026-01-17T05:00:22+00:00\",\"mainEntityOfPage\":{\"@id\":\"https:\/\/www.notibras.com\/site\/em-ato-de-sabujice-maria-corina-torna-premiacao-ainda-mais-humilhante\/\"},\"wordCount\":476,\"publisher\":{\"@id\":\"https:\/\/www.notibras.com\/site\/#organization\"},\"image\":{\"@id\":\"https:\/\/www.notibras.com\/site\/em-ato-de-sabujice-maria-corina-torna-premiacao-ainda-mais-humilhante\/#primaryimage\"},\"thumbnailUrl\":\"https:\/\/www.notibras.com\/site\/wp-content\/uploads\/2026\/01\/trump.corina.iraque-720x720-1.jpg\",\"articleSection\":[\"Dona Irene\"],\"inLanguage\":\"pt-BR\"},{\"@type\":\"WebPage\",\"@id\":\"https:\/\/www.notibras.com\/site\/em-ato-de-sabujice-maria-corina-torna-premiacao-ainda-mais-humilhante\/\",\"url\":\"https:\/\/www.notibras.com\/site\/em-ato-de-sabujice-maria-corina-torna-premiacao-ainda-mais-humilhante\/\",\"name\":\"Em ato de sabujice, Mar\u00eda Corina torna premia\u00e7\u00e3o ainda mais humilhante - Notibras\",\"isPartOf\":{\"@id\":\"https:\/\/www.notibras.com\/site\/#website\"},\"primaryImageOfPage\":{\"@id\":\"https:\/\/www.notibras.com\/site\/em-ato-de-sabujice-maria-corina-torna-premiacao-ainda-mais-humilhante\/#primaryimage\"},\"image\":{\"@id\":\"https:\/\/www.notibras.com\/site\/em-ato-de-sabujice-maria-corina-torna-premiacao-ainda-mais-humilhante\/#primaryimage\"},\"thumbnailUrl\":\"https:\/\/www.notibras.com\/site\/wp-content\/uploads\/2026\/01\/trump.corina.iraque-720x720-1.jpg\",\"datePublished\":\"2026-01-17T05:00:22+00:00\",\"breadcrumb\":{\"@id\":\"https:\/\/www.notibras.com\/site\/em-ato-de-sabujice-maria-corina-torna-premiacao-ainda-mais-humilhante\/#breadcrumb\"},\"inLanguage\":\"pt-BR\",\"potentialAction\":[{\"@type\":\"ReadAction\",\"target\":[\"https:\/\/www.notibras.com\/site\/em-ato-de-sabujice-maria-corina-torna-premiacao-ainda-mais-humilhante\/\"]}]},{\"@type\":\"ImageObject\",\"inLanguage\":\"pt-BR\",\"@id\":\"https:\/\/www.notibras.com\/site\/em-ato-de-sabujice-maria-corina-torna-premiacao-ainda-mais-humilhante\/#primaryimage\",\"url\":\"https:\/\/www.notibras.com\/site\/wp-content\/uploads\/2026\/01\/trump.corina.iraque-720x720-1.jpg\",\"contentUrl\":\"https:\/\/www.notibras.com\/site\/wp-content\/uploads\/2026\/01\/trump.corina.iraque-720x720-1.jpg\",\"width\":720,\"height\":720},{\"@type\":\"BreadcrumbList\",\"@id\":\"https:\/\/www.notibras.com\/site\/em-ato-de-sabujice-maria-corina-torna-premiacao-ainda-mais-humilhante\/#breadcrumb\",\"itemListElement\":[{\"@type\":\"ListItem\",\"position\":1,\"name\":\"In\u00edcio\",\"item\":\"https:\/\/www.notibras.com\/site\/\"},{\"@type\":\"ListItem\",\"position\":2,\"name\":\"Em ato de sabujice, Mar\u00eda Corina torna premia\u00e7\u00e3o ainda mais humilhante\"}]},{\"@type\":\"WebSite\",\"@id\":\"https:\/\/www.notibras.com\/site\/#website\",\"url\":\"https:\/\/www.notibras.com\/site\/\",\"name\":\"Notibras\",\"description\":\"Not\u00edcias de Bras\u00edlia, do Brasil e do Mundo\",\"publisher\":{\"@id\":\"https:\/\/www.notibras.com\/site\/#organization\"},\"potentialAction\":[{\"@type\":\"SearchAction\",\"target\":{\"@type\":\"EntryPoint\",\"urlTemplate\":\"https:\/\/www.notibras.com\/site\/?s={search_term_string}\"},\"query-input\":{\"@type\":\"PropertyValueSpecification\",\"valueRequired\":true,\"valueName\":\"search_term_string\"}}],\"inLanguage\":\"pt-BR\"},{\"@type\":\"Organization\",\"@id\":\"https:\/\/www.notibras.com\/site\/#organization\",\"name\":\"Grupo Notibras de Comunica\u00e7\u00e3o\",\"url\":\"https:\/\/www.notibras.com\/site\/\",\"logo\":{\"@type\":\"ImageObject\",\"inLanguage\":\"pt-BR\",\"@id\":\"https:\/\/www.notibras.com\/site\/#\/schema\/logo\/image\/\",\"url\":\"https:\/\/www.notibras.com\/site\/wp-content\/uploads\/2023\/01\/notibras23.png\",\"contentUrl\":\"https:\/\/www.notibras.com\/site\/wp-content\/uploads\/2023\/01\/notibras23.png\",\"width\":350,\"height\":87,\"caption\":\"Grupo Notibras de Comunica\u00e7\u00e3o\"},\"image\":{\"@id\":\"https:\/\/www.notibras.com\/site\/#\/schema\/logo\/image\/\"},\"sameAs\":[\"https:\/\/www.facebook.com\/notibras\/\",\"https:\/\/x.com\/Notibras\",\"https:\/\/www.instagram.com\/notibras\/\"]},{\"@type\":\"Person\",\"@id\":\"https:\/\/www.notibras.com\/site\/#\/schema\/person\/5b7fabf2aedc3ada2105f03b22b4d3dd\",\"name\":\"Eduardo Mart\u00ednez\",\"image\":{\"@type\":\"ImageObject\",\"inLanguage\":\"pt-BR\",\"@id\":\"https:\/\/secure.gravatar.com\/avatar\/7902f906289926289cbcda644b5197c796b893c6ffd7b9a536a42d290f7704a0?s=96&d=mm&r=g\",\"url\":\"https:\/\/secure.gravatar.com\/avatar\/7902f906289926289cbcda644b5197c796b893c6ffd7b9a536a42d290f7704a0?s=96&d=mm&r=g\",\"contentUrl\":\"https:\/\/secure.gravatar.com\/avatar\/7902f906289926289cbcda644b5197c796b893c6ffd7b9a536a42d290f7704a0?s=96&d=mm&r=g\",\"caption\":\"Eduardo Mart\u00ednez\"}}]}<\/script>\n<!-- \/ Yoast SEO plugin. -->","yoast_head_json":{"title":"Em ato de sabujice, Mar\u00eda Corina torna premia\u00e7\u00e3o ainda mais humilhante - Notibras","robots":{"index":"index","follow":"follow","max-snippet":"max-snippet:-1","max-image-preview":"max-image-preview:large","max-video-preview":"max-video-preview:-1"},"canonical":"https:\/\/www.notibras.com\/site\/em-ato-de-sabujice-maria-corina-torna-premiacao-ainda-mais-humilhante\/","og_locale":"pt_BR","og_type":"article","og_title":"Em ato de sabujice, Mar\u00eda Corina torna premia\u00e7\u00e3o ainda mais humilhante - Notibras","og_description":"Tenho acompanhado o decl\u00ednio da credibilidade do Pr\u00eamio Nobel da Paz nos \u00faltimos anos. Desde que foi criado, ele sempre simbolizou (ou deveria simbolizar) compromissos com a coopera\u00e7\u00e3o internacional, direitos humanos e resolu\u00e7\u00e3o pac\u00edfica de conflitos. Mas h\u00e1 tempos o pr\u00eamio anda longe de refletir esses valores. J\u00e1 vimos escolhas question\u00e1veis, por exemplo, a concess\u00e3o [&hellip;]","og_url":"https:\/\/www.notibras.com\/site\/em-ato-de-sabujice-maria-corina-torna-premiacao-ainda-mais-humilhante\/","og_site_name":"Notibras","article_publisher":"https:\/\/www.facebook.com\/notibras\/","article_published_time":"2026-01-17T05:00:22+00:00","og_image":[{"width":720,"height":720,"url":"https:\/\/www.notibras.com\/site\/wp-content\/uploads\/2026\/01\/trump.corina.iraque-720x720-1.jpg","type":"image\/jpeg"}],"author":"Eduardo Mart\u00ednez","twitter_card":"summary_large_image","twitter_creator":"@Notibras","twitter_site":"@Notibras","twitter_misc":{"Escrito por":"Eduardo Mart\u00ednez","Est. tempo de leitura":"3 minutos"},"schema":{"@context":"https:\/\/schema.org","@graph":[{"@type":"Article","@id":"https:\/\/www.notibras.com\/site\/em-ato-de-sabujice-maria-corina-torna-premiacao-ainda-mais-humilhante\/#article","isPartOf":{"@id":"https:\/\/www.notibras.com\/site\/em-ato-de-sabujice-maria-corina-torna-premiacao-ainda-mais-humilhante\/"},"author":{"name":"Eduardo Mart\u00ednez","@id":"https:\/\/www.notibras.com\/site\/#\/schema\/person\/5b7fabf2aedc3ada2105f03b22b4d3dd"},"headline":"Em ato de sabujice, Mar\u00eda Corina torna premia\u00e7\u00e3o ainda mais humilhante","datePublished":"2026-01-17T05:00:22+00:00","mainEntityOfPage":{"@id":"https:\/\/www.notibras.com\/site\/em-ato-de-sabujice-maria-corina-torna-premiacao-ainda-mais-humilhante\/"},"wordCount":476,"publisher":{"@id":"https:\/\/www.notibras.com\/site\/#organization"},"image":{"@id":"https:\/\/www.notibras.com\/site\/em-ato-de-sabujice-maria-corina-torna-premiacao-ainda-mais-humilhante\/#primaryimage"},"thumbnailUrl":"https:\/\/www.notibras.com\/site\/wp-content\/uploads\/2026\/01\/trump.corina.iraque-720x720-1.jpg","articleSection":["Dona Irene"],"inLanguage":"pt-BR"},{"@type":"WebPage","@id":"https:\/\/www.notibras.com\/site\/em-ato-de-sabujice-maria-corina-torna-premiacao-ainda-mais-humilhante\/","url":"https:\/\/www.notibras.com\/site\/em-ato-de-sabujice-maria-corina-torna-premiacao-ainda-mais-humilhante\/","name":"Em ato de sabujice, Mar\u00eda Corina torna premia\u00e7\u00e3o ainda mais humilhante - Notibras","isPartOf":{"@id":"https:\/\/www.notibras.com\/site\/#website"},"primaryImageOfPage":{"@id":"https:\/\/www.notibras.com\/site\/em-ato-de-sabujice-maria-corina-torna-premiacao-ainda-mais-humilhante\/#primaryimage"},"image":{"@id":"https:\/\/www.notibras.com\/site\/em-ato-de-sabujice-maria-corina-torna-premiacao-ainda-mais-humilhante\/#primaryimage"},"thumbnailUrl":"https:\/\/www.notibras.com\/site\/wp-content\/uploads\/2026\/01\/trump.corina.iraque-720x720-1.jpg","datePublished":"2026-01-17T05:00:22+00:00","breadcrumb":{"@id":"https:\/\/www.notibras.com\/site\/em-ato-de-sabujice-maria-corina-torna-premiacao-ainda-mais-humilhante\/#breadcrumb"},"inLanguage":"pt-BR","potentialAction":[{"@type":"ReadAction","target":["https:\/\/www.notibras.com\/site\/em-ato-de-sabujice-maria-corina-torna-premiacao-ainda-mais-humilhante\/"]}]},{"@type":"ImageObject","inLanguage":"pt-BR","@id":"https:\/\/www.notibras.com\/site\/em-ato-de-sabujice-maria-corina-torna-premiacao-ainda-mais-humilhante\/#primaryimage","url":"https:\/\/www.notibras.com\/site\/wp-content\/uploads\/2026\/01\/trump.corina.iraque-720x720-1.jpg","contentUrl":"https:\/\/www.notibras.com\/site\/wp-content\/uploads\/2026\/01\/trump.corina.iraque-720x720-1.jpg","width":720,"height":720},{"@type":"BreadcrumbList","@id":"https:\/\/www.notibras.com\/site\/em-ato-de-sabujice-maria-corina-torna-premiacao-ainda-mais-humilhante\/#breadcrumb","itemListElement":[{"@type":"ListItem","position":1,"name":"In\u00edcio","item":"https:\/\/www.notibras.com\/site\/"},{"@type":"ListItem","position":2,"name":"Em ato de sabujice, Mar\u00eda Corina torna premia\u00e7\u00e3o ainda mais humilhante"}]},{"@type":"WebSite","@id":"https:\/\/www.notibras.com\/site\/#website","url":"https:\/\/www.notibras.com\/site\/","name":"Notibras","description":"Not\u00edcias de Bras\u00edlia, do Brasil e do Mundo","publisher":{"@id":"https:\/\/www.notibras.com\/site\/#organization"},"potentialAction":[{"@type":"SearchAction","target":{"@type":"EntryPoint","urlTemplate":"https:\/\/www.notibras.com\/site\/?s={search_term_string}"},"query-input":{"@type":"PropertyValueSpecification","valueRequired":true,"valueName":"search_term_string"}}],"inLanguage":"pt-BR"},{"@type":"Organization","@id":"https:\/\/www.notibras.com\/site\/#organization","name":"Grupo Notibras de Comunica\u00e7\u00e3o","url":"https:\/\/www.notibras.com\/site\/","logo":{"@type":"ImageObject","inLanguage":"pt-BR","@id":"https:\/\/www.notibras.com\/site\/#\/schema\/logo\/image\/","url":"https:\/\/www.notibras.com\/site\/wp-content\/uploads\/2023\/01\/notibras23.png","contentUrl":"https:\/\/www.notibras.com\/site\/wp-content\/uploads\/2023\/01\/notibras23.png","width":350,"height":87,"caption":"Grupo Notibras de Comunica\u00e7\u00e3o"},"image":{"@id":"https:\/\/www.notibras.com\/site\/#\/schema\/logo\/image\/"},"sameAs":["https:\/\/www.facebook.com\/notibras\/","https:\/\/x.com\/Notibras","https:\/\/www.instagram.com\/notibras\/"]},{"@type":"Person","@id":"https:\/\/www.notibras.com\/site\/#\/schema\/person\/5b7fabf2aedc3ada2105f03b22b4d3dd","name":"Eduardo Mart\u00ednez","image":{"@type":"ImageObject","inLanguage":"pt-BR","@id":"https:\/\/secure.gravatar.com\/avatar\/7902f906289926289cbcda644b5197c796b893c6ffd7b9a536a42d290f7704a0?s=96&d=mm&r=g","url":"https:\/\/secure.gravatar.com\/avatar\/7902f906289926289cbcda644b5197c796b893c6ffd7b9a536a42d290f7704a0?s=96&d=mm&r=g","contentUrl":"https:\/\/secure.gravatar.com\/avatar\/7902f906289926289cbcda644b5197c796b893c6ffd7b9a536a42d290f7704a0?s=96&d=mm&r=g","caption":"Eduardo Mart\u00ednez"}}]}},"amp_enabled":true,"_links":{"self":[{"href":"https:\/\/www.notibras.com\/site\/wp-json\/wp\/v2\/posts\/379345","targetHints":{"allow":["GET"]}}],"collection":[{"href":"https:\/\/www.notibras.com\/site\/wp-json\/wp\/v2\/posts"}],"about":[{"href":"https:\/\/www.notibras.com\/site\/wp-json\/wp\/v2\/types\/post"}],"author":[{"embeddable":true,"href":"https:\/\/www.notibras.com\/site\/wp-json\/wp\/v2\/users\/21"}],"replies":[{"embeddable":true,"href":"https:\/\/www.notibras.com\/site\/wp-json\/wp\/v2\/comments?post=379345"}],"version-history":[{"count":3,"href":"https:\/\/www.notibras.com\/site\/wp-json\/wp\/v2\/posts\/379345\/revisions"}],"predecessor-version":[{"id":379349,"href":"https:\/\/www.notibras.com\/site\/wp-json\/wp\/v2\/posts\/379345\/revisions\/379349"}],"wp:featuredmedia":[{"embeddable":true,"href":"https:\/\/www.notibras.com\/site\/wp-json\/wp\/v2\/media\/379346"}],"wp:attachment":[{"href":"https:\/\/www.notibras.com\/site\/wp-json\/wp\/v2\/media?parent=379345"}],"wp:term":[{"taxonomy":"category","embeddable":true,"href":"https:\/\/www.notibras.com\/site\/wp-json\/wp\/v2\/categories?post=379345"},{"taxonomy":"post_tag","embeddable":true,"href":"https:\/\/www.notibras.com\/site\/wp-json\/wp\/v2\/tags?post=379345"}],"curies":[{"name":"wp","href":"https:\/\/api.w.org\/{rel}","templated":true}]}}