{"id":379350,"date":"2026-01-17T02:00:47","date_gmt":"2026-01-17T05:00:47","guid":{"rendered":"https:\/\/www.notibras.com\/site\/?p=379350"},"modified":"2026-01-17T00:56:24","modified_gmt":"2026-01-17T03:56:24","slug":"os-poetas","status":"publish","type":"post","link":"https:\/\/www.notibras.com\/site\/os-poetas\/","title":{"rendered":"Os poetas"},"content":{"rendered":"<p>Diogo, poeta visceral, n\u00e3o via sentido no rigor formal de m\u00e9tricas parnasianas. Qual a raz\u00e3o de buscar no dicion\u00e1rio os voc\u00e1bulos que se encaixassem perfeitamente em decass\u00edlabos alexandrinos? Com ele, as palavras precisavam carregar sentimentos pr\u00f3prios.<\/p>\n<p>\u00c1lvaro, colega de reparti\u00e7\u00e3o em Bras\u00edlia, discordava do quase rival. E, caso n\u00e3o fosse pela pol\u00edtica de boa vizinhan\u00e7a, as coisas poderiam tomar outro rumo. N\u00e3o duvide da capacidade de um poeta amontoar \u00f3dio no peito. Ou voc\u00ea imagina que sejam todos ajanotados?<\/p>\n<p>A derradeira sexta-feira do m\u00eas era quando os dois e mais cinco ou seis outros fazedores de estrofes se reuniam em um caf\u00e9 na Asa Norte, de propriedade de uma ga\u00facha e uma mineira, h\u00e1 tempos radicadas na capital. E as duas faziam quest\u00e3o de abrir o sarau para declama\u00e7\u00f5es, todas devidamente aplaudidas com entusiasmo, independentemente da qualidade do poema.<\/p>\n<p>\u2014 Voc\u00ea viu, Diogo?<\/p>\n<p>\u2014 O qu\u00ea?<\/p>\n<p>\u2014 Como o p\u00fablico reagiu aos meus versos?<\/p>\n<p>\u2014 Da mesma forma que fazem com todos.<\/p>\n<p>\u2014 Tu t\u00e1 \u00e9 com \u00ednveja, Diogo!<\/p>\n<p>\u2014 Inveja desse seu anti-romantismo?<\/p>\n<p>\u2014 Voc\u00ea acha mesmo?<\/p>\n<p>\u2014 At\u00e9 a matem\u00e1tica tem mais romantismo do que toda essa rigidez.<\/p>\n<p>\u00c1lvaro, apesar de sentir aquelas palavras como punhaladas, n\u00e3o teve \u00e2nimo para discutir com o amigo. Foi para seu pequeno apartamento logo ali. Mal entrou, fitou-se no espelho da sala. Uma mecha dos cabelos castanhos sobre a testa o incomodou. Ajeitou-a, mas, talvez por petul\u00e2ncia daqueles fios, eles lhe ca\u00edram pr\u00f3ximo \u00e0 sobrancelha arqueada.<\/p>\n<p>O sujeito gostou da nova apar\u00eancia. Talvez Diogo estivesse certo. As palavras t\u00eam voz.<\/p>\n<p><strong>\u2026\u2026\u2026\u2026\u2026\u2026\u2026\u2026<\/strong><\/p>\n<p><strong>Eduardo Mart\u00ednez \u00e9 autor do livro \u201957 Contos e Cr\u00f4nicas por um Autor Muito Velho\u2019 (Vencedor do Pr\u00eamio Liter\u00e1rio Clarice Lispector \u2013 2025 na categoria livro de contos).<\/strong><\/p>\n<p><strong>Compre aqui<\/strong><\/p>\n<p><a href=\"https:\/\/www.joanineditora.com.br\/57-contos-e-cronicas-por-um-autor-muito-velho\"><strong>https:\/\/www.joanineditora.com.br\/57-contos-e-cronicas-por-um-autor-muito-velho<\/strong><\/a><\/p>\n","protected":false},"excerpt":{"rendered":"<p>Diogo, poeta visceral, n\u00e3o via sentido no rigor formal de m\u00e9tricas parnasianas. Qual a raz\u00e3o de buscar no dicion\u00e1rio os voc\u00e1bulos que se encaixassem perfeitamente em decass\u00edlabos alexandrinos? Com ele, as palavras precisavam carregar sentimentos pr\u00f3prios. \u00c1lvaro, colega de reparti\u00e7\u00e3o em Bras\u00edlia, discordava do quase rival. E, caso n\u00e3o fosse pela pol\u00edtica de boa vizinhan\u00e7a, [&hellip;]<\/p>\n","protected":false},"author":21,"featured_media":379351,"comment_status":"closed","ping_status":"closed","sticky":false,"template":"","format":"standard","meta":{"_acf_changed":false,"footnotes":""},"categories":[161],"tags":[],"class_list":["post-379350","post","type-post","status-publish","format-standard","has-post-thumbnail","hentry","category-quadradinho-em-foco"],"acf":[],"yoast_head":"<!-- This site is optimized with the Yoast SEO plugin v27.2 - https:\/\/yoast.com\/product\/yoast-seo-wordpress\/ -->\n<title>Os poetas - Notibras<\/title>\n<meta name=\"robots\" content=\"index, follow, max-snippet:-1, max-image-preview:large, max-video-preview:-1\" \/>\n<link rel=\"canonical\" href=\"https:\/\/www.notibras.com\/site\/os-poetas\/\" \/>\n<meta property=\"og:locale\" content=\"pt_BR\" \/>\n<meta property=\"og:type\" content=\"article\" \/>\n<meta property=\"og:title\" content=\"Os poetas - Notibras\" \/>\n<meta property=\"og:description\" content=\"Diogo, poeta visceral, n\u00e3o via sentido no rigor formal de m\u00e9tricas parnasianas. Qual a raz\u00e3o de buscar no dicion\u00e1rio os voc\u00e1bulos que se encaixassem perfeitamente em decass\u00edlabos alexandrinos? Com ele, as palavras precisavam carregar sentimentos pr\u00f3prios. \u00c1lvaro, colega de reparti\u00e7\u00e3o em Bras\u00edlia, discordava do quase rival. E, caso n\u00e3o fosse pela pol\u00edtica de boa vizinhan\u00e7a, [&hellip;]\" \/>\n<meta property=\"og:url\" content=\"https:\/\/www.notibras.com\/site\/os-poetas\/\" \/>\n<meta property=\"og:site_name\" content=\"Notibras\" \/>\n<meta property=\"article:publisher\" content=\"https:\/\/www.facebook.com\/notibras\/\" \/>\n<meta property=\"article:published_time\" content=\"2026-01-17T05:00:47+00:00\" \/>\n<meta property=\"og:image\" content=\"https:\/\/www.notibras.com\/site\/wp-content\/uploads\/2026\/01\/IMG_0378.jpg\" \/>\n\t<meta property=\"og:image:width\" content=\"1023\" \/>\n\t<meta property=\"og:image:height\" content=\"930\" \/>\n\t<meta property=\"og:image:type\" content=\"image\/jpeg\" \/>\n<meta name=\"author\" content=\"Eduardo Mart\u00ednez\" \/>\n<meta name=\"twitter:card\" content=\"summary_large_image\" \/>\n<meta name=\"twitter:creator\" content=\"@Notibras\" \/>\n<meta name=\"twitter:site\" content=\"@Notibras\" \/>\n<meta name=\"twitter:label1\" content=\"Escrito por\" \/>\n\t<meta name=\"twitter:data1\" content=\"Eduardo Mart\u00ednez\" \/>\n\t<meta name=\"twitter:label2\" content=\"Est. tempo de leitura\" \/>\n\t<meta name=\"twitter:data2\" content=\"2 minutos\" \/>\n<script type=\"application\/ld+json\" class=\"yoast-schema-graph\">{\"@context\":\"https:\/\/schema.org\",\"@graph\":[{\"@type\":\"Article\",\"@id\":\"https:\/\/www.notibras.com\/site\/os-poetas\/#article\",\"isPartOf\":{\"@id\":\"https:\/\/www.notibras.com\/site\/os-poetas\/\"},\"author\":{\"name\":\"Eduardo Mart\u00ednez\",\"@id\":\"https:\/\/www.notibras.com\/site\/#\/schema\/person\/5b7fabf2aedc3ada2105f03b22b4d3dd\"},\"headline\":\"Os poetas\",\"datePublished\":\"2026-01-17T05:00:47+00:00\",\"mainEntityOfPage\":{\"@id\":\"https:\/\/www.notibras.com\/site\/os-poetas\/\"},\"wordCount\":311,\"publisher\":{\"@id\":\"https:\/\/www.notibras.com\/site\/#organization\"},\"image\":{\"@id\":\"https:\/\/www.notibras.com\/site\/os-poetas\/#primaryimage\"},\"thumbnailUrl\":\"https:\/\/www.notibras.com\/site\/wp-content\/uploads\/2026\/01\/IMG_0378.jpg\",\"articleSection\":[\"Quadradinho em Foco\"],\"inLanguage\":\"pt-BR\"},{\"@type\":\"WebPage\",\"@id\":\"https:\/\/www.notibras.com\/site\/os-poetas\/\",\"url\":\"https:\/\/www.notibras.com\/site\/os-poetas\/\",\"name\":\"Os poetas - Notibras\",\"isPartOf\":{\"@id\":\"https:\/\/www.notibras.com\/site\/#website\"},\"primaryImageOfPage\":{\"@id\":\"https:\/\/www.notibras.com\/site\/os-poetas\/#primaryimage\"},\"image\":{\"@id\":\"https:\/\/www.notibras.com\/site\/os-poetas\/#primaryimage\"},\"thumbnailUrl\":\"https:\/\/www.notibras.com\/site\/wp-content\/uploads\/2026\/01\/IMG_0378.jpg\",\"datePublished\":\"2026-01-17T05:00:47+00:00\",\"breadcrumb\":{\"@id\":\"https:\/\/www.notibras.com\/site\/os-poetas\/#breadcrumb\"},\"inLanguage\":\"pt-BR\",\"potentialAction\":[{\"@type\":\"ReadAction\",\"target\":[\"https:\/\/www.notibras.com\/site\/os-poetas\/\"]}]},{\"@type\":\"ImageObject\",\"inLanguage\":\"pt-BR\",\"@id\":\"https:\/\/www.notibras.com\/site\/os-poetas\/#primaryimage\",\"url\":\"https:\/\/www.notibras.com\/site\/wp-content\/uploads\/2026\/01\/IMG_0378.jpg\",\"contentUrl\":\"https:\/\/www.notibras.com\/site\/wp-content\/uploads\/2026\/01\/IMG_0378.jpg\",\"width\":1023,\"height\":930},{\"@type\":\"BreadcrumbList\",\"@id\":\"https:\/\/www.notibras.com\/site\/os-poetas\/#breadcrumb\",\"itemListElement\":[{\"@type\":\"ListItem\",\"position\":1,\"name\":\"In\u00edcio\",\"item\":\"https:\/\/www.notibras.com\/site\/\"},{\"@type\":\"ListItem\",\"position\":2,\"name\":\"Os poetas\"}]},{\"@type\":\"WebSite\",\"@id\":\"https:\/\/www.notibras.com\/site\/#website\",\"url\":\"https:\/\/www.notibras.com\/site\/\",\"name\":\"Notibras\",\"description\":\"Not\u00edcias de Bras\u00edlia, do Brasil e do Mundo\",\"publisher\":{\"@id\":\"https:\/\/www.notibras.com\/site\/#organization\"},\"potentialAction\":[{\"@type\":\"SearchAction\",\"target\":{\"@type\":\"EntryPoint\",\"urlTemplate\":\"https:\/\/www.notibras.com\/site\/?s={search_term_string}\"},\"query-input\":{\"@type\":\"PropertyValueSpecification\",\"valueRequired\":true,\"valueName\":\"search_term_string\"}}],\"inLanguage\":\"pt-BR\"},{\"@type\":\"Organization\",\"@id\":\"https:\/\/www.notibras.com\/site\/#organization\",\"name\":\"Grupo Notibras de Comunica\u00e7\u00e3o\",\"url\":\"https:\/\/www.notibras.com\/site\/\",\"logo\":{\"@type\":\"ImageObject\",\"inLanguage\":\"pt-BR\",\"@id\":\"https:\/\/www.notibras.com\/site\/#\/schema\/logo\/image\/\",\"url\":\"https:\/\/www.notibras.com\/site\/wp-content\/uploads\/2023\/01\/notibras23.png\",\"contentUrl\":\"https:\/\/www.notibras.com\/site\/wp-content\/uploads\/2023\/01\/notibras23.png\",\"width\":350,\"height\":87,\"caption\":\"Grupo Notibras de Comunica\u00e7\u00e3o\"},\"image\":{\"@id\":\"https:\/\/www.notibras.com\/site\/#\/schema\/logo\/image\/\"},\"sameAs\":[\"https:\/\/www.facebook.com\/notibras\/\",\"https:\/\/x.com\/Notibras\",\"https:\/\/www.instagram.com\/notibras\/\"]},{\"@type\":\"Person\",\"@id\":\"https:\/\/www.notibras.com\/site\/#\/schema\/person\/5b7fabf2aedc3ada2105f03b22b4d3dd\",\"name\":\"Eduardo Mart\u00ednez\",\"image\":{\"@type\":\"ImageObject\",\"inLanguage\":\"pt-BR\",\"@id\":\"https:\/\/secure.gravatar.com\/avatar\/7902f906289926289cbcda644b5197c796b893c6ffd7b9a536a42d290f7704a0?s=96&d=mm&r=g\",\"url\":\"https:\/\/secure.gravatar.com\/avatar\/7902f906289926289cbcda644b5197c796b893c6ffd7b9a536a42d290f7704a0?s=96&d=mm&r=g\",\"contentUrl\":\"https:\/\/secure.gravatar.com\/avatar\/7902f906289926289cbcda644b5197c796b893c6ffd7b9a536a42d290f7704a0?s=96&d=mm&r=g\",\"caption\":\"Eduardo Mart\u00ednez\"}}]}<\/script>\n<!-- \/ Yoast SEO plugin. -->","yoast_head_json":{"title":"Os poetas - Notibras","robots":{"index":"index","follow":"follow","max-snippet":"max-snippet:-1","max-image-preview":"max-image-preview:large","max-video-preview":"max-video-preview:-1"},"canonical":"https:\/\/www.notibras.com\/site\/os-poetas\/","og_locale":"pt_BR","og_type":"article","og_title":"Os poetas - Notibras","og_description":"Diogo, poeta visceral, n\u00e3o via sentido no rigor formal de m\u00e9tricas parnasianas. Qual a raz\u00e3o de buscar no dicion\u00e1rio os voc\u00e1bulos que se encaixassem perfeitamente em decass\u00edlabos alexandrinos? Com ele, as palavras precisavam carregar sentimentos pr\u00f3prios. \u00c1lvaro, colega de reparti\u00e7\u00e3o em Bras\u00edlia, discordava do quase rival. E, caso n\u00e3o fosse pela pol\u00edtica de boa vizinhan\u00e7a, [&hellip;]","og_url":"https:\/\/www.notibras.com\/site\/os-poetas\/","og_site_name":"Notibras","article_publisher":"https:\/\/www.facebook.com\/notibras\/","article_published_time":"2026-01-17T05:00:47+00:00","og_image":[{"width":1023,"height":930,"url":"https:\/\/www.notibras.com\/site\/wp-content\/uploads\/2026\/01\/IMG_0378.jpg","type":"image\/jpeg"}],"author":"Eduardo Mart\u00ednez","twitter_card":"summary_large_image","twitter_creator":"@Notibras","twitter_site":"@Notibras","twitter_misc":{"Escrito por":"Eduardo Mart\u00ednez","Est. tempo de leitura":"2 minutos"},"schema":{"@context":"https:\/\/schema.org","@graph":[{"@type":"Article","@id":"https:\/\/www.notibras.com\/site\/os-poetas\/#article","isPartOf":{"@id":"https:\/\/www.notibras.com\/site\/os-poetas\/"},"author":{"name":"Eduardo Mart\u00ednez","@id":"https:\/\/www.notibras.com\/site\/#\/schema\/person\/5b7fabf2aedc3ada2105f03b22b4d3dd"},"headline":"Os poetas","datePublished":"2026-01-17T05:00:47+00:00","mainEntityOfPage":{"@id":"https:\/\/www.notibras.com\/site\/os-poetas\/"},"wordCount":311,"publisher":{"@id":"https:\/\/www.notibras.com\/site\/#organization"},"image":{"@id":"https:\/\/www.notibras.com\/site\/os-poetas\/#primaryimage"},"thumbnailUrl":"https:\/\/www.notibras.com\/site\/wp-content\/uploads\/2026\/01\/IMG_0378.jpg","articleSection":["Quadradinho em Foco"],"inLanguage":"pt-BR"},{"@type":"WebPage","@id":"https:\/\/www.notibras.com\/site\/os-poetas\/","url":"https:\/\/www.notibras.com\/site\/os-poetas\/","name":"Os poetas - Notibras","isPartOf":{"@id":"https:\/\/www.notibras.com\/site\/#website"},"primaryImageOfPage":{"@id":"https:\/\/www.notibras.com\/site\/os-poetas\/#primaryimage"},"image":{"@id":"https:\/\/www.notibras.com\/site\/os-poetas\/#primaryimage"},"thumbnailUrl":"https:\/\/www.notibras.com\/site\/wp-content\/uploads\/2026\/01\/IMG_0378.jpg","datePublished":"2026-01-17T05:00:47+00:00","breadcrumb":{"@id":"https:\/\/www.notibras.com\/site\/os-poetas\/#breadcrumb"},"inLanguage":"pt-BR","potentialAction":[{"@type":"ReadAction","target":["https:\/\/www.notibras.com\/site\/os-poetas\/"]}]},{"@type":"ImageObject","inLanguage":"pt-BR","@id":"https:\/\/www.notibras.com\/site\/os-poetas\/#primaryimage","url":"https:\/\/www.notibras.com\/site\/wp-content\/uploads\/2026\/01\/IMG_0378.jpg","contentUrl":"https:\/\/www.notibras.com\/site\/wp-content\/uploads\/2026\/01\/IMG_0378.jpg","width":1023,"height":930},{"@type":"BreadcrumbList","@id":"https:\/\/www.notibras.com\/site\/os-poetas\/#breadcrumb","itemListElement":[{"@type":"ListItem","position":1,"name":"In\u00edcio","item":"https:\/\/www.notibras.com\/site\/"},{"@type":"ListItem","position":2,"name":"Os poetas"}]},{"@type":"WebSite","@id":"https:\/\/www.notibras.com\/site\/#website","url":"https:\/\/www.notibras.com\/site\/","name":"Notibras","description":"Not\u00edcias de Bras\u00edlia, do Brasil e do Mundo","publisher":{"@id":"https:\/\/www.notibras.com\/site\/#organization"},"potentialAction":[{"@type":"SearchAction","target":{"@type":"EntryPoint","urlTemplate":"https:\/\/www.notibras.com\/site\/?s={search_term_string}"},"query-input":{"@type":"PropertyValueSpecification","valueRequired":true,"valueName":"search_term_string"}}],"inLanguage":"pt-BR"},{"@type":"Organization","@id":"https:\/\/www.notibras.com\/site\/#organization","name":"Grupo Notibras de Comunica\u00e7\u00e3o","url":"https:\/\/www.notibras.com\/site\/","logo":{"@type":"ImageObject","inLanguage":"pt-BR","@id":"https:\/\/www.notibras.com\/site\/#\/schema\/logo\/image\/","url":"https:\/\/www.notibras.com\/site\/wp-content\/uploads\/2023\/01\/notibras23.png","contentUrl":"https:\/\/www.notibras.com\/site\/wp-content\/uploads\/2023\/01\/notibras23.png","width":350,"height":87,"caption":"Grupo Notibras de Comunica\u00e7\u00e3o"},"image":{"@id":"https:\/\/www.notibras.com\/site\/#\/schema\/logo\/image\/"},"sameAs":["https:\/\/www.facebook.com\/notibras\/","https:\/\/x.com\/Notibras","https:\/\/www.instagram.com\/notibras\/"]},{"@type":"Person","@id":"https:\/\/www.notibras.com\/site\/#\/schema\/person\/5b7fabf2aedc3ada2105f03b22b4d3dd","name":"Eduardo Mart\u00ednez","image":{"@type":"ImageObject","inLanguage":"pt-BR","@id":"https:\/\/secure.gravatar.com\/avatar\/7902f906289926289cbcda644b5197c796b893c6ffd7b9a536a42d290f7704a0?s=96&d=mm&r=g","url":"https:\/\/secure.gravatar.com\/avatar\/7902f906289926289cbcda644b5197c796b893c6ffd7b9a536a42d290f7704a0?s=96&d=mm&r=g","contentUrl":"https:\/\/secure.gravatar.com\/avatar\/7902f906289926289cbcda644b5197c796b893c6ffd7b9a536a42d290f7704a0?s=96&d=mm&r=g","caption":"Eduardo Mart\u00ednez"}}]}},"amp_enabled":true,"_links":{"self":[{"href":"https:\/\/www.notibras.com\/site\/wp-json\/wp\/v2\/posts\/379350","targetHints":{"allow":["GET"]}}],"collection":[{"href":"https:\/\/www.notibras.com\/site\/wp-json\/wp\/v2\/posts"}],"about":[{"href":"https:\/\/www.notibras.com\/site\/wp-json\/wp\/v2\/types\/post"}],"author":[{"embeddable":true,"href":"https:\/\/www.notibras.com\/site\/wp-json\/wp\/v2\/users\/21"}],"replies":[{"embeddable":true,"href":"https:\/\/www.notibras.com\/site\/wp-json\/wp\/v2\/comments?post=379350"}],"version-history":[{"count":2,"href":"https:\/\/www.notibras.com\/site\/wp-json\/wp\/v2\/posts\/379350\/revisions"}],"predecessor-version":[{"id":379353,"href":"https:\/\/www.notibras.com\/site\/wp-json\/wp\/v2\/posts\/379350\/revisions\/379353"}],"wp:featuredmedia":[{"embeddable":true,"href":"https:\/\/www.notibras.com\/site\/wp-json\/wp\/v2\/media\/379351"}],"wp:attachment":[{"href":"https:\/\/www.notibras.com\/site\/wp-json\/wp\/v2\/media?parent=379350"}],"wp:term":[{"taxonomy":"category","embeddable":true,"href":"https:\/\/www.notibras.com\/site\/wp-json\/wp\/v2\/categories?post=379350"},{"taxonomy":"post_tag","embeddable":true,"href":"https:\/\/www.notibras.com\/site\/wp-json\/wp\/v2\/tags?post=379350"}],"curies":[{"name":"wp","href":"https:\/\/api.w.org\/{rel}","templated":true}]}}