{"id":379354,"date":"2026-01-17T03:49:17","date_gmt":"2026-01-17T06:49:17","guid":{"rendered":"https:\/\/www.notibras.com\/site\/?p=379354"},"modified":"2026-01-17T03:52:00","modified_gmt":"2026-01-17T06:52:00","slug":"putin-reage-a-trump-e-manda-tropa-de-elite-para-defender-artico","status":"publish","type":"post","link":"https:\/\/www.notibras.com\/site\/putin-reage-a-trump-e-manda-tropa-de-elite-para-defender-artico\/","title":{"rendered":"Putin reage a Trump e manda tropa de elite para defender \u00c1rtico"},"content":{"rendered":"<p>A Frota do Norte da R\u00fassia ser\u00e1 ainda mais refor\u00e7ada por unidades m\u00f3veis de mergulhadores, cujo objetivo \u00e9 ajudar a proteger as regi\u00f5es congeladas do \u00c1rtico russo. A informa\u00e7\u00e3o foi prestada pelo Kremlin na madrugada deste s\u00e1bado, 17 (hor\u00e1rio de Bras\u00edlia), ap\u00f3s reuni\u00e3o do presidente Vladimir Putin com o Comando de Defesa da Federa\u00e7\u00e3o Russa.<\/p>\n<p>Diferentemente das equipes de mergulho com postos fixos, essas unidades m\u00f3veis s\u00e3o voltadas para o r\u00e1pido deslocamento, prontas para serem inseridas em uma zona-alvo a qualquer momento e eliminar todas as amea\u00e7as inimigas.<\/p>\n<p>Esses operadores tamb\u00e9m fazem pleno uso de drones e sistemas rob\u00f3ticos, o que amplia consideravelmente suas capacidades de combate em condi\u00e7\u00f5es \u00e1rticas.<\/p>\n<p>A amplia\u00e7\u00e3o das for\u00e7as militares de Moscou na regi\u00e3o \u00e9 uma resposta de Putin a seu hom\u00f3logo norte-americano Donald Trump, que sinaliza, num confronto direto com seus velhos aliados europeus, tomar a Groenl\u00e2ndia, ilha estrat\u00e9gica que faz parte do territ\u00f3rio da Dinamarca. Alemanha, Fran\u00e7a e Reino Unido j\u00e1 sinalizaram que enviar\u00e3o tropas para defender a ilha.<\/p>\n<p>Na Noruega, o embaixador da R\u00fassia em Oslo, Nikolai Korchunov, condenou a pol\u00edtica ocidental de usar a suposta presen\u00e7a amea\u00e7adora da R\u00fassia e da China no \u00c1rtico como pretexto para intimida\u00e7\u00e3o. &#8220;\u00c9 um ato falho, que se volta contra seus (americanos) apoiadores europeus no contexto da Groenl\u00e2ndia. Pequim, por meio do seu Minist\u00e9rio das Rela\u00e7\u00f5es Exteriores, tamb\u00e9m recha\u00e7ou qualquer possibilidade de Washington fazer do \u00c1rtico territ\u00f3rio americano.<\/p>\n<p>Para Korchunov, a pol\u00edtica adotada pelos pa\u00edses ocidentais de intimidar deliberadamente o mundo inteiro com amea\u00e7as russas e chinesas m\u00edticas nas latitudes setentrionais provou ser completamente ineficiente, tendo um efeito contr\u00e1rio aos seus defensores na Europa, no contexto da Groenl\u00e2ndia.<\/p>\n<p>Segundo o diplomata russo, alguns pa\u00edses europeus fora da regi\u00e3o est\u00e3o tentando &#8220;tirar proveito das diverg\u00eancias entre os estados \u00e1rticos&#8221; para &#8220;fortalecer seu papel e posi\u00e7\u00e3o no \u00c1rtico&#8221;. Korchunov enfatizou, em entrevista, que &#8220;os pa\u00edses que n\u00e3o possuem recursos naturais significativos est\u00e3o particularmente interessados \u200b\u200bem compensar essa falta estabelecendo uma presen\u00e7a militar na Groenl\u00e2ndia, inclusive com o objetivo de garantir seus interesses econ\u00f4micos&#8221;.<\/p>\n","protected":false},"excerpt":{"rendered":"<p>A Frota do Norte da R\u00fassia ser\u00e1 ainda mais refor\u00e7ada por unidades m\u00f3veis de mergulhadores, cujo objetivo \u00e9 ajudar a proteger as regi\u00f5es congeladas do \u00c1rtico russo. A informa\u00e7\u00e3o foi prestada pelo Kremlin na madrugada deste s\u00e1bado, 17 (hor\u00e1rio de Bras\u00edlia), ap\u00f3s reuni\u00e3o do presidente Vladimir Putin com o Comando de Defesa da Federa\u00e7\u00e3o Russa. [&hellip;]<\/p>\n","protected":false},"author":2,"featured_media":379355,"comment_status":"closed","ping_status":"closed","sticky":false,"template":"","format":"standard","meta":{"_acf_changed":false,"footnotes":""},"categories":[159],"tags":[95],"class_list":["post-379354","post","type-post","status-publish","format-standard","has-post-thumbnail","hentry","category-apocalipse","tag-capa"],"acf":[],"yoast_head":"<!-- This site is optimized with the Yoast SEO plugin v27.2 - https:\/\/yoast.com\/product\/yoast-seo-wordpress\/ -->\n<title>Putin reage a Trump e manda tropa de elite para defender \u00c1rtico - Notibras<\/title>\n<meta name=\"robots\" content=\"index, follow, max-snippet:-1, max-image-preview:large, max-video-preview:-1\" \/>\n<link rel=\"canonical\" href=\"https:\/\/www.notibras.com\/site\/putin-reage-a-trump-e-manda-tropa-de-elite-para-defender-artico\/\" \/>\n<meta property=\"og:locale\" content=\"pt_BR\" \/>\n<meta property=\"og:type\" content=\"article\" \/>\n<meta property=\"og:title\" content=\"Putin reage a Trump e manda tropa de elite para defender \u00c1rtico - Notibras\" \/>\n<meta property=\"og:description\" content=\"A Frota do Norte da R\u00fassia ser\u00e1 ainda mais refor\u00e7ada por unidades m\u00f3veis de mergulhadores, cujo objetivo \u00e9 ajudar a proteger as regi\u00f5es congeladas do \u00c1rtico russo. A informa\u00e7\u00e3o foi prestada pelo Kremlin na madrugada deste s\u00e1bado, 17 (hor\u00e1rio de Bras\u00edlia), ap\u00f3s reuni\u00e3o do presidente Vladimir Putin com o Comando de Defesa da Federa\u00e7\u00e3o Russa. [&hellip;]\" \/>\n<meta property=\"og:url\" content=\"https:\/\/www.notibras.com\/site\/putin-reage-a-trump-e-manda-tropa-de-elite-para-defender-artico\/\" \/>\n<meta property=\"og:site_name\" content=\"Notibras\" \/>\n<meta property=\"article:publisher\" content=\"https:\/\/www.facebook.com\/notibras\/\" \/>\n<meta property=\"article:published_time\" content=\"2026-01-17T06:49:17+00:00\" \/>\n<meta property=\"article:modified_time\" content=\"2026-01-17T06:52:00+00:00\" \/>\n<meta property=\"og:image\" content=\"https:\/\/www.notibras.com\/site\/wp-content\/uploads\/2026\/01\/14531032.jpg\" \/>\n\t<meta property=\"og:image:width\" content=\"1000\" \/>\n\t<meta property=\"og:image:height\" content=\"525\" \/>\n\t<meta property=\"og:image:type\" content=\"image\/jpeg\" \/>\n<meta name=\"author\" content=\"Reda\u00e7\u00e3o\" \/>\n<meta name=\"twitter:card\" content=\"summary_large_image\" \/>\n<meta name=\"twitter:creator\" content=\"@Notibras\" \/>\n<meta name=\"twitter:site\" content=\"@Notibras\" \/>\n<meta name=\"twitter:label1\" content=\"Escrito por\" \/>\n\t<meta name=\"twitter:data1\" content=\"Reda\u00e7\u00e3o\" \/>\n\t<meta name=\"twitter:label2\" content=\"Est. tempo de leitura\" \/>\n\t<meta name=\"twitter:data2\" content=\"3 minutos\" \/>\n<script type=\"application\/ld+json\" class=\"yoast-schema-graph\">{\"@context\":\"https:\/\/schema.org\",\"@graph\":[{\"@type\":\"Article\",\"@id\":\"https:\/\/www.notibras.com\/site\/putin-reage-a-trump-e-manda-tropa-de-elite-para-defender-artico\/#article\",\"isPartOf\":{\"@id\":\"https:\/\/www.notibras.com\/site\/putin-reage-a-trump-e-manda-tropa-de-elite-para-defender-artico\/\"},\"author\":{\"name\":\"Reda\u00e7\u00e3o\",\"@id\":\"https:\/\/www.notibras.com\/site\/#\/schema\/person\/36ab0979449956132d3e5b517ea76ac8\"},\"headline\":\"Putin reage a Trump e manda tropa de elite para defender \u00c1rtico\",\"datePublished\":\"2026-01-17T06:49:17+00:00\",\"dateModified\":\"2026-01-17T06:52:00+00:00\",\"mainEntityOfPage\":{\"@id\":\"https:\/\/www.notibras.com\/site\/putin-reage-a-trump-e-manda-tropa-de-elite-para-defender-artico\/\"},\"wordCount\":400,\"publisher\":{\"@id\":\"https:\/\/www.notibras.com\/site\/#organization\"},\"image\":{\"@id\":\"https:\/\/www.notibras.com\/site\/putin-reage-a-trump-e-manda-tropa-de-elite-para-defender-artico\/#primaryimage\"},\"thumbnailUrl\":\"https:\/\/www.notibras.com\/site\/wp-content\/uploads\/2026\/01\/14531032.jpg\",\"keywords\":[\"capa\"],\"articleSection\":[\"Apocalipse\"],\"inLanguage\":\"pt-BR\"},{\"@type\":\"WebPage\",\"@id\":\"https:\/\/www.notibras.com\/site\/putin-reage-a-trump-e-manda-tropa-de-elite-para-defender-artico\/\",\"url\":\"https:\/\/www.notibras.com\/site\/putin-reage-a-trump-e-manda-tropa-de-elite-para-defender-artico\/\",\"name\":\"Putin reage a Trump e manda tropa de elite para defender \u00c1rtico - Notibras\",\"isPartOf\":{\"@id\":\"https:\/\/www.notibras.com\/site\/#website\"},\"primaryImageOfPage\":{\"@id\":\"https:\/\/www.notibras.com\/site\/putin-reage-a-trump-e-manda-tropa-de-elite-para-defender-artico\/#primaryimage\"},\"image\":{\"@id\":\"https:\/\/www.notibras.com\/site\/putin-reage-a-trump-e-manda-tropa-de-elite-para-defender-artico\/#primaryimage\"},\"thumbnailUrl\":\"https:\/\/www.notibras.com\/site\/wp-content\/uploads\/2026\/01\/14531032.jpg\",\"datePublished\":\"2026-01-17T06:49:17+00:00\",\"dateModified\":\"2026-01-17T06:52:00+00:00\",\"breadcrumb\":{\"@id\":\"https:\/\/www.notibras.com\/site\/putin-reage-a-trump-e-manda-tropa-de-elite-para-defender-artico\/#breadcrumb\"},\"inLanguage\":\"pt-BR\",\"potentialAction\":[{\"@type\":\"ReadAction\",\"target\":[\"https:\/\/www.notibras.com\/site\/putin-reage-a-trump-e-manda-tropa-de-elite-para-defender-artico\/\"]}]},{\"@type\":\"ImageObject\",\"inLanguage\":\"pt-BR\",\"@id\":\"https:\/\/www.notibras.com\/site\/putin-reage-a-trump-e-manda-tropa-de-elite-para-defender-artico\/#primaryimage\",\"url\":\"https:\/\/www.notibras.com\/site\/wp-content\/uploads\/2026\/01\/14531032.jpg\",\"contentUrl\":\"https:\/\/www.notibras.com\/site\/wp-content\/uploads\/2026\/01\/14531032.jpg\",\"width\":1000,\"height\":525},{\"@type\":\"BreadcrumbList\",\"@id\":\"https:\/\/www.notibras.com\/site\/putin-reage-a-trump-e-manda-tropa-de-elite-para-defender-artico\/#breadcrumb\",\"itemListElement\":[{\"@type\":\"ListItem\",\"position\":1,\"name\":\"In\u00edcio\",\"item\":\"https:\/\/www.notibras.com\/site\/\"},{\"@type\":\"ListItem\",\"position\":2,\"name\":\"Putin reage a Trump e manda tropa de elite para defender \u00c1rtico\"}]},{\"@type\":\"WebSite\",\"@id\":\"https:\/\/www.notibras.com\/site\/#website\",\"url\":\"https:\/\/www.notibras.com\/site\/\",\"name\":\"Notibras\",\"description\":\"Not\u00edcias de Bras\u00edlia, do Brasil e do Mundo\",\"publisher\":{\"@id\":\"https:\/\/www.notibras.com\/site\/#organization\"},\"potentialAction\":[{\"@type\":\"SearchAction\",\"target\":{\"@type\":\"EntryPoint\",\"urlTemplate\":\"https:\/\/www.notibras.com\/site\/?s={search_term_string}\"},\"query-input\":{\"@type\":\"PropertyValueSpecification\",\"valueRequired\":true,\"valueName\":\"search_term_string\"}}],\"inLanguage\":\"pt-BR\"},{\"@type\":\"Organization\",\"@id\":\"https:\/\/www.notibras.com\/site\/#organization\",\"name\":\"Grupo Notibras de Comunica\u00e7\u00e3o\",\"url\":\"https:\/\/www.notibras.com\/site\/\",\"logo\":{\"@type\":\"ImageObject\",\"inLanguage\":\"pt-BR\",\"@id\":\"https:\/\/www.notibras.com\/site\/#\/schema\/logo\/image\/\",\"url\":\"https:\/\/www.notibras.com\/site\/wp-content\/uploads\/2023\/01\/notibras23.png\",\"contentUrl\":\"https:\/\/www.notibras.com\/site\/wp-content\/uploads\/2023\/01\/notibras23.png\",\"width\":350,\"height\":87,\"caption\":\"Grupo Notibras de Comunica\u00e7\u00e3o\"},\"image\":{\"@id\":\"https:\/\/www.notibras.com\/site\/#\/schema\/logo\/image\/\"},\"sameAs\":[\"https:\/\/www.facebook.com\/notibras\/\",\"https:\/\/x.com\/Notibras\",\"https:\/\/www.instagram.com\/notibras\/\"]},{\"@type\":\"Person\",\"@id\":\"https:\/\/www.notibras.com\/site\/#\/schema\/person\/36ab0979449956132d3e5b517ea76ac8\",\"name\":\"Reda\u00e7\u00e3o\",\"image\":{\"@type\":\"ImageObject\",\"inLanguage\":\"pt-BR\",\"@id\":\"https:\/\/secure.gravatar.com\/avatar\/e0a867bdedb85fd243eadf09663511f96fc81e0720a4a42581f334ad4303aa6b?s=96&d=mm&r=g\",\"url\":\"https:\/\/secure.gravatar.com\/avatar\/e0a867bdedb85fd243eadf09663511f96fc81e0720a4a42581f334ad4303aa6b?s=96&d=mm&r=g\",\"contentUrl\":\"https:\/\/secure.gravatar.com\/avatar\/e0a867bdedb85fd243eadf09663511f96fc81e0720a4a42581f334ad4303aa6b?s=96&d=mm&r=g\",\"caption\":\"Reda\u00e7\u00e3o\"}}]}<\/script>\n<!-- \/ Yoast SEO plugin. -->","yoast_head_json":{"title":"Putin reage a Trump e manda tropa de elite para defender \u00c1rtico - Notibras","robots":{"index":"index","follow":"follow","max-snippet":"max-snippet:-1","max-image-preview":"max-image-preview:large","max-video-preview":"max-video-preview:-1"},"canonical":"https:\/\/www.notibras.com\/site\/putin-reage-a-trump-e-manda-tropa-de-elite-para-defender-artico\/","og_locale":"pt_BR","og_type":"article","og_title":"Putin reage a Trump e manda tropa de elite para defender \u00c1rtico - Notibras","og_description":"A Frota do Norte da R\u00fassia ser\u00e1 ainda mais refor\u00e7ada por unidades m\u00f3veis de mergulhadores, cujo objetivo \u00e9 ajudar a proteger as regi\u00f5es congeladas do \u00c1rtico russo. A informa\u00e7\u00e3o foi prestada pelo Kremlin na madrugada deste s\u00e1bado, 17 (hor\u00e1rio de Bras\u00edlia), ap\u00f3s reuni\u00e3o do presidente Vladimir Putin com o Comando de Defesa da Federa\u00e7\u00e3o Russa. [&hellip;]","og_url":"https:\/\/www.notibras.com\/site\/putin-reage-a-trump-e-manda-tropa-de-elite-para-defender-artico\/","og_site_name":"Notibras","article_publisher":"https:\/\/www.facebook.com\/notibras\/","article_published_time":"2026-01-17T06:49:17+00:00","article_modified_time":"2026-01-17T06:52:00+00:00","og_image":[{"width":1000,"height":525,"url":"https:\/\/www.notibras.com\/site\/wp-content\/uploads\/2026\/01\/14531032.jpg","type":"image\/jpeg"}],"author":"Reda\u00e7\u00e3o","twitter_card":"summary_large_image","twitter_creator":"@Notibras","twitter_site":"@Notibras","twitter_misc":{"Escrito por":"Reda\u00e7\u00e3o","Est. tempo de leitura":"3 minutos"},"schema":{"@context":"https:\/\/schema.org","@graph":[{"@type":"Article","@id":"https:\/\/www.notibras.com\/site\/putin-reage-a-trump-e-manda-tropa-de-elite-para-defender-artico\/#article","isPartOf":{"@id":"https:\/\/www.notibras.com\/site\/putin-reage-a-trump-e-manda-tropa-de-elite-para-defender-artico\/"},"author":{"name":"Reda\u00e7\u00e3o","@id":"https:\/\/www.notibras.com\/site\/#\/schema\/person\/36ab0979449956132d3e5b517ea76ac8"},"headline":"Putin reage a Trump e manda tropa de elite para defender \u00c1rtico","datePublished":"2026-01-17T06:49:17+00:00","dateModified":"2026-01-17T06:52:00+00:00","mainEntityOfPage":{"@id":"https:\/\/www.notibras.com\/site\/putin-reage-a-trump-e-manda-tropa-de-elite-para-defender-artico\/"},"wordCount":400,"publisher":{"@id":"https:\/\/www.notibras.com\/site\/#organization"},"image":{"@id":"https:\/\/www.notibras.com\/site\/putin-reage-a-trump-e-manda-tropa-de-elite-para-defender-artico\/#primaryimage"},"thumbnailUrl":"https:\/\/www.notibras.com\/site\/wp-content\/uploads\/2026\/01\/14531032.jpg","keywords":["capa"],"articleSection":["Apocalipse"],"inLanguage":"pt-BR"},{"@type":"WebPage","@id":"https:\/\/www.notibras.com\/site\/putin-reage-a-trump-e-manda-tropa-de-elite-para-defender-artico\/","url":"https:\/\/www.notibras.com\/site\/putin-reage-a-trump-e-manda-tropa-de-elite-para-defender-artico\/","name":"Putin reage a Trump e manda tropa de elite para defender \u00c1rtico - Notibras","isPartOf":{"@id":"https:\/\/www.notibras.com\/site\/#website"},"primaryImageOfPage":{"@id":"https:\/\/www.notibras.com\/site\/putin-reage-a-trump-e-manda-tropa-de-elite-para-defender-artico\/#primaryimage"},"image":{"@id":"https:\/\/www.notibras.com\/site\/putin-reage-a-trump-e-manda-tropa-de-elite-para-defender-artico\/#primaryimage"},"thumbnailUrl":"https:\/\/www.notibras.com\/site\/wp-content\/uploads\/2026\/01\/14531032.jpg","datePublished":"2026-01-17T06:49:17+00:00","dateModified":"2026-01-17T06:52:00+00:00","breadcrumb":{"@id":"https:\/\/www.notibras.com\/site\/putin-reage-a-trump-e-manda-tropa-de-elite-para-defender-artico\/#breadcrumb"},"inLanguage":"pt-BR","potentialAction":[{"@type":"ReadAction","target":["https:\/\/www.notibras.com\/site\/putin-reage-a-trump-e-manda-tropa-de-elite-para-defender-artico\/"]}]},{"@type":"ImageObject","inLanguage":"pt-BR","@id":"https:\/\/www.notibras.com\/site\/putin-reage-a-trump-e-manda-tropa-de-elite-para-defender-artico\/#primaryimage","url":"https:\/\/www.notibras.com\/site\/wp-content\/uploads\/2026\/01\/14531032.jpg","contentUrl":"https:\/\/www.notibras.com\/site\/wp-content\/uploads\/2026\/01\/14531032.jpg","width":1000,"height":525},{"@type":"BreadcrumbList","@id":"https:\/\/www.notibras.com\/site\/putin-reage-a-trump-e-manda-tropa-de-elite-para-defender-artico\/#breadcrumb","itemListElement":[{"@type":"ListItem","position":1,"name":"In\u00edcio","item":"https:\/\/www.notibras.com\/site\/"},{"@type":"ListItem","position":2,"name":"Putin reage a Trump e manda tropa de elite para defender \u00c1rtico"}]},{"@type":"WebSite","@id":"https:\/\/www.notibras.com\/site\/#website","url":"https:\/\/www.notibras.com\/site\/","name":"Notibras","description":"Not\u00edcias de Bras\u00edlia, do Brasil e do Mundo","publisher":{"@id":"https:\/\/www.notibras.com\/site\/#organization"},"potentialAction":[{"@type":"SearchAction","target":{"@type":"EntryPoint","urlTemplate":"https:\/\/www.notibras.com\/site\/?s={search_term_string}"},"query-input":{"@type":"PropertyValueSpecification","valueRequired":true,"valueName":"search_term_string"}}],"inLanguage":"pt-BR"},{"@type":"Organization","@id":"https:\/\/www.notibras.com\/site\/#organization","name":"Grupo Notibras de Comunica\u00e7\u00e3o","url":"https:\/\/www.notibras.com\/site\/","logo":{"@type":"ImageObject","inLanguage":"pt-BR","@id":"https:\/\/www.notibras.com\/site\/#\/schema\/logo\/image\/","url":"https:\/\/www.notibras.com\/site\/wp-content\/uploads\/2023\/01\/notibras23.png","contentUrl":"https:\/\/www.notibras.com\/site\/wp-content\/uploads\/2023\/01\/notibras23.png","width":350,"height":87,"caption":"Grupo Notibras de Comunica\u00e7\u00e3o"},"image":{"@id":"https:\/\/www.notibras.com\/site\/#\/schema\/logo\/image\/"},"sameAs":["https:\/\/www.facebook.com\/notibras\/","https:\/\/x.com\/Notibras","https:\/\/www.instagram.com\/notibras\/"]},{"@type":"Person","@id":"https:\/\/www.notibras.com\/site\/#\/schema\/person\/36ab0979449956132d3e5b517ea76ac8","name":"Reda\u00e7\u00e3o","image":{"@type":"ImageObject","inLanguage":"pt-BR","@id":"https:\/\/secure.gravatar.com\/avatar\/e0a867bdedb85fd243eadf09663511f96fc81e0720a4a42581f334ad4303aa6b?s=96&d=mm&r=g","url":"https:\/\/secure.gravatar.com\/avatar\/e0a867bdedb85fd243eadf09663511f96fc81e0720a4a42581f334ad4303aa6b?s=96&d=mm&r=g","contentUrl":"https:\/\/secure.gravatar.com\/avatar\/e0a867bdedb85fd243eadf09663511f96fc81e0720a4a42581f334ad4303aa6b?s=96&d=mm&r=g","caption":"Reda\u00e7\u00e3o"}}]}},"amp_enabled":true,"_links":{"self":[{"href":"https:\/\/www.notibras.com\/site\/wp-json\/wp\/v2\/posts\/379354","targetHints":{"allow":["GET"]}}],"collection":[{"href":"https:\/\/www.notibras.com\/site\/wp-json\/wp\/v2\/posts"}],"about":[{"href":"https:\/\/www.notibras.com\/site\/wp-json\/wp\/v2\/types\/post"}],"author":[{"embeddable":true,"href":"https:\/\/www.notibras.com\/site\/wp-json\/wp\/v2\/users\/2"}],"replies":[{"embeddable":true,"href":"https:\/\/www.notibras.com\/site\/wp-json\/wp\/v2\/comments?post=379354"}],"version-history":[{"count":3,"href":"https:\/\/www.notibras.com\/site\/wp-json\/wp\/v2\/posts\/379354\/revisions"}],"predecessor-version":[{"id":379358,"href":"https:\/\/www.notibras.com\/site\/wp-json\/wp\/v2\/posts\/379354\/revisions\/379358"}],"wp:featuredmedia":[{"embeddable":true,"href":"https:\/\/www.notibras.com\/site\/wp-json\/wp\/v2\/media\/379355"}],"wp:attachment":[{"href":"https:\/\/www.notibras.com\/site\/wp-json\/wp\/v2\/media?parent=379354"}],"wp:term":[{"taxonomy":"category","embeddable":true,"href":"https:\/\/www.notibras.com\/site\/wp-json\/wp\/v2\/categories?post=379354"},{"taxonomy":"post_tag","embeddable":true,"href":"https:\/\/www.notibras.com\/site\/wp-json\/wp\/v2\/tags?post=379354"}],"curies":[{"name":"wp","href":"https:\/\/api.w.org\/{rel}","templated":true}]}}