{"id":379359,"date":"2026-01-17T03:58:55","date_gmt":"2026-01-17T06:58:55","guid":{"rendered":"https:\/\/www.notibras.com\/site\/?p=379359"},"modified":"2026-01-17T03:58:55","modified_gmt":"2026-01-17T06:58:55","slug":"polarizacao-e-ruim-mas-supera-tirania-golpista","status":"publish","type":"post","link":"https:\/\/www.notibras.com\/site\/polarizacao-e-ruim-mas-supera-tirania-golpista\/","title":{"rendered":"Polariza\u00e7\u00e3o \u00e9 ruim, mas supera tirania golpista"},"content":{"rendered":"<p>Polariza\u00e7\u00e3o \u00e9 a palavra da moda em Bras\u00edlia, S\u00e3o Paulo, Rio de Janeiro e em todas as cidades que respiram pol\u00edtica 24 horas por dia. T\u00e9cnico, pragm\u00e1tico e \u00f3bvio, o significado l\u00f3gico do termo \u00e9 a divis\u00e3o da sociedade em polos, isto \u00e9, limitar a disputa entre dois grupos que se fecham em suas convic\u00e7\u00f5es e n\u00e3o se abrem para o di\u00e1logo com outras vertentes. Naturais dos extremos, esses grupos de pol\u00edticos pouco preocupados com mudan\u00e7as efetivas se alimentam de uma ou de outra dire\u00e7\u00e3o para angariar apoio \u00e0s suas ideias. N\u00e3o h\u00e1 concorr\u00eancia nos debates, tampouco sentimentos advers\u00e1rios.<\/p>\n<p>O que h\u00e1 de concreto \u00e9 uma necessidade visceral de um extremo avaliar o antag\u00f4nico como inimigo perigoso e que precisa ser aniquilado. O pior \u00e9 que as lideran\u00e7as diplomadas e doutoradas na arte da engana\u00e7\u00e3o, carrega multid\u00f5es para seu curral. Exatamente o que acontece hoje no Brasil de v\u00e1rios Brasis, cada um pior com suas idiossincrasias, posicionamentos, dificuldades e cobran\u00e7as. Embora tenha o mesmo peso em uma elei\u00e7\u00e3o, \u00e9 uma cretinice achar que o voto dos eleitores do Sul e do Sudeste tem o mesmo reflexo no dia a dia dos parlamentares.<\/p>\n<p>S\u00e3o pontos de vista conflitantes, mas, com a idiotice da polariza\u00e7\u00e3o, as vis\u00f5es discordantes deixam de ter eco. Viram palavras absurdas e estranhas aos ouvidos dos polarizadores. Na minha humilde opini\u00e3o de analista informal, isso n\u00e3o \u00e9 pol\u00edtica partid\u00e1ria destinada a melhorar a vida do povo. \u00c9 uma guerra fratricida pelo espa\u00e7o alheio. Aquele sujeito me incomoda e, por isso, deve morrer para que eu ocupe o lugar dele. Isso n\u00e3o \u00e9 pol\u00edtica. \u00c9 mil\u00edcia. Portanto, no atual cen\u00e1rio nacional, em lugar de algo salutar, polariza\u00e7\u00e3o \u00e9 uma coisa perniciosa, negativa, fora do contexto brasileiro.<\/p>\n<p>Minha ideologia libert\u00e1ria e amplamente democr\u00e1tica me obriga a escolher o lado menos radical em um pleito polarizado. Foi o que fiz em 2018, 2022. Caso a divis\u00e3o permane\u00e7a, \u00e9 o que farei em outubro deste ano. Assim como, respeitosamente, vejo vida al\u00e9m de Luiz In\u00e1cio e do falecido Jair Bolsonaro, n\u00e3o imagino o Campeonato Carioca sendo disputado exclusivamente pela dupla Fla Flu, muito menos o Brasileir\u00e3o polarizado entre Flamengo e Palmeiras. Viraria uma a\u00e7\u00e3o entre amigos que se acham inimigos, mas com a obriga\u00e7\u00e3o de se engolirem. Longe de querer pensar como bedel pol\u00edtico, vejo o novo normal da pol\u00edtica nacional como a desnecessidade da pr\u00f3pria pol\u00edtica, que, conforme os s\u00e1bios, nasceu em decorr\u00eancia das diferen\u00e7as de opini\u00f5es entre as pessoas.<\/p>\n<p>Obviamente que tudo isso \u00e9 fruto das fac\u00e7\u00f5es que fazem dos extremos o suposto rompimento com o centro. Suposto porque, enquanto os extremistas se matam, os centristas viram fi\u00e9is da balan\u00e7a e enriquecem \u00e0s custas da sustenta\u00e7\u00e3o dos governos extremados. E como enriquecem! Como no Brasil h\u00e1 bobo para tudo, a pr\u00f3pria sociedade que se divide n\u00e3o percebe o imenso abismo existente entre ela, o sistema, os partidos pol\u00edticos e o Congresso Nacional, que sempre converge quando as quest\u00f5es de interesse pessoal falam mais alto do que as preocupa\u00e7\u00f5es da popula\u00e7\u00e3o.<\/p>\n<p>Ou seja, os falsos atritos terminam em convescotes nababescos t\u00e3o logo o governo \u00e0 direita ou \u00e0 esquerda \u00e9 formado. Sem programas, propostas ou ideias, mas com enorme voracidade financeira, as 33 legendas registradas na Justi\u00e7a Eleitoral orbitam em torno do governante que n\u00f3s, os bobalh\u00f5es, imaginamos somente ideol\u00f3gico. O Centr\u00e3o de ontem, de hoje e de amanh\u00e3 \u00e9 o exemplo vivo de que os vendilh\u00f5es n\u00e3o est\u00e3o nem a\u00ed para quem matou ou morreu em nome do presidente. Acho improv\u00e1vel mudan\u00e7as a m\u00e9dio e longo prazos no contexto que abomino. Todavia, pe\u00e7o a Deus que ilumine os eleitores do futuro antes que a polariza\u00e7\u00e3o total nos leve definitivamente para o abismo. Por enquanto, que a democracia enterre de vez a tirania golpista<\/p>\n<p>&#8230;&#8230;&#8230;.<\/p>\n<p><strong>Sonja Tavares \u00e9 Editora Pol\u00edtica de Notibras<\/strong><\/p>\n","protected":false},"excerpt":{"rendered":"<p>Polariza\u00e7\u00e3o \u00e9 a palavra da moda em Bras\u00edlia, S\u00e3o Paulo, Rio de Janeiro e em todas as cidades que respiram pol\u00edtica 24 horas por dia. T\u00e9cnico, pragm\u00e1tico e \u00f3bvio, o significado l\u00f3gico do termo \u00e9 a divis\u00e3o da sociedade em polos, isto \u00e9, limitar a disputa entre dois grupos que se fecham em suas convic\u00e7\u00f5es [&hellip;]<\/p>\n","protected":false},"author":2,"featured_media":238303,"comment_status":"closed","ping_status":"closed","sticky":false,"template":"","format":"standard","meta":{"_acf_changed":false,"footnotes":""},"categories":[16],"tags":[],"class_list":["post-379359","post","type-post","status-publish","format-standard","has-post-thumbnail","hentry","category-brasil"],"acf":[],"yoast_head":"<!-- This site is optimized with the Yoast SEO plugin v27.2 - https:\/\/yoast.com\/product\/yoast-seo-wordpress\/ -->\n<title>Polariza\u00e7\u00e3o \u00e9 ruim, mas supera tirania golpista - Notibras<\/title>\n<meta name=\"robots\" content=\"index, follow, max-snippet:-1, max-image-preview:large, max-video-preview:-1\" \/>\n<link rel=\"canonical\" href=\"https:\/\/www.notibras.com\/site\/polarizacao-e-ruim-mas-supera-tirania-golpista\/\" \/>\n<meta property=\"og:locale\" content=\"pt_BR\" \/>\n<meta property=\"og:type\" content=\"article\" \/>\n<meta property=\"og:title\" content=\"Polariza\u00e7\u00e3o \u00e9 ruim, mas supera tirania golpista - Notibras\" \/>\n<meta property=\"og:description\" content=\"Polariza\u00e7\u00e3o \u00e9 a palavra da moda em Bras\u00edlia, S\u00e3o Paulo, Rio de Janeiro e em todas as cidades que respiram pol\u00edtica 24 horas por dia. T\u00e9cnico, pragm\u00e1tico e \u00f3bvio, o significado l\u00f3gico do termo \u00e9 a divis\u00e3o da sociedade em polos, isto \u00e9, limitar a disputa entre dois grupos que se fecham em suas convic\u00e7\u00f5es [&hellip;]\" \/>\n<meta property=\"og:url\" content=\"https:\/\/www.notibras.com\/site\/polarizacao-e-ruim-mas-supera-tirania-golpista\/\" \/>\n<meta property=\"og:site_name\" content=\"Notibras\" \/>\n<meta property=\"article:publisher\" content=\"https:\/\/www.facebook.com\/notibras\/\" \/>\n<meta property=\"article:published_time\" content=\"2026-01-17T06:58:55+00:00\" \/>\n<meta property=\"og:image\" content=\"https:\/\/www.notibras.com\/site\/wp-content\/uploads\/2020\/08\/antifascistas-manifestacao-1024x643-1.jpg\" \/>\n\t<meta property=\"og:image:width\" content=\"1024\" \/>\n\t<meta property=\"og:image:height\" content=\"643\" \/>\n\t<meta property=\"og:image:type\" content=\"image\/jpeg\" \/>\n<meta name=\"author\" content=\"Reda\u00e7\u00e3o\" \/>\n<meta name=\"twitter:card\" content=\"summary_large_image\" \/>\n<meta name=\"twitter:creator\" content=\"@Notibras\" \/>\n<meta name=\"twitter:site\" content=\"@Notibras\" \/>\n<meta name=\"twitter:label1\" content=\"Escrito por\" \/>\n\t<meta name=\"twitter:data1\" content=\"Reda\u00e7\u00e3o\" \/>\n\t<meta name=\"twitter:label2\" content=\"Est. tempo de leitura\" \/>\n\t<meta name=\"twitter:data2\" content=\"4 minutos\" \/>\n<script type=\"application\/ld+json\" class=\"yoast-schema-graph\">{\"@context\":\"https:\/\/schema.org\",\"@graph\":[{\"@type\":\"Article\",\"@id\":\"https:\/\/www.notibras.com\/site\/polarizacao-e-ruim-mas-supera-tirania-golpista\/#article\",\"isPartOf\":{\"@id\":\"https:\/\/www.notibras.com\/site\/polarizacao-e-ruim-mas-supera-tirania-golpista\/\"},\"author\":{\"name\":\"Reda\u00e7\u00e3o\",\"@id\":\"https:\/\/www.notibras.com\/site\/#\/schema\/person\/36ab0979449956132d3e5b517ea76ac8\"},\"headline\":\"Polariza\u00e7\u00e3o \u00e9 ruim, mas supera tirania golpista\",\"datePublished\":\"2026-01-17T06:58:55+00:00\",\"mainEntityOfPage\":{\"@id\":\"https:\/\/www.notibras.com\/site\/polarizacao-e-ruim-mas-supera-tirania-golpista\/\"},\"wordCount\":695,\"publisher\":{\"@id\":\"https:\/\/www.notibras.com\/site\/#organization\"},\"image\":{\"@id\":\"https:\/\/www.notibras.com\/site\/polarizacao-e-ruim-mas-supera-tirania-golpista\/#primaryimage\"},\"thumbnailUrl\":\"https:\/\/www.notibras.com\/site\/wp-content\/uploads\/2020\/08\/antifascistas-manifestacao-1024x643-1.jpg\",\"articleSection\":[\"Brasil\"],\"inLanguage\":\"pt-BR\"},{\"@type\":\"WebPage\",\"@id\":\"https:\/\/www.notibras.com\/site\/polarizacao-e-ruim-mas-supera-tirania-golpista\/\",\"url\":\"https:\/\/www.notibras.com\/site\/polarizacao-e-ruim-mas-supera-tirania-golpista\/\",\"name\":\"Polariza\u00e7\u00e3o \u00e9 ruim, mas supera tirania golpista - Notibras\",\"isPartOf\":{\"@id\":\"https:\/\/www.notibras.com\/site\/#website\"},\"primaryImageOfPage\":{\"@id\":\"https:\/\/www.notibras.com\/site\/polarizacao-e-ruim-mas-supera-tirania-golpista\/#primaryimage\"},\"image\":{\"@id\":\"https:\/\/www.notibras.com\/site\/polarizacao-e-ruim-mas-supera-tirania-golpista\/#primaryimage\"},\"thumbnailUrl\":\"https:\/\/www.notibras.com\/site\/wp-content\/uploads\/2020\/08\/antifascistas-manifestacao-1024x643-1.jpg\",\"datePublished\":\"2026-01-17T06:58:55+00:00\",\"breadcrumb\":{\"@id\":\"https:\/\/www.notibras.com\/site\/polarizacao-e-ruim-mas-supera-tirania-golpista\/#breadcrumb\"},\"inLanguage\":\"pt-BR\",\"potentialAction\":[{\"@type\":\"ReadAction\",\"target\":[\"https:\/\/www.notibras.com\/site\/polarizacao-e-ruim-mas-supera-tirania-golpista\/\"]}]},{\"@type\":\"ImageObject\",\"inLanguage\":\"pt-BR\",\"@id\":\"https:\/\/www.notibras.com\/site\/polarizacao-e-ruim-mas-supera-tirania-golpista\/#primaryimage\",\"url\":\"https:\/\/www.notibras.com\/site\/wp-content\/uploads\/2020\/08\/antifascistas-manifestacao-1024x643-1.jpg\",\"contentUrl\":\"https:\/\/www.notibras.com\/site\/wp-content\/uploads\/2020\/08\/antifascistas-manifestacao-1024x643-1.jpg\",\"width\":1024,\"height\":643},{\"@type\":\"BreadcrumbList\",\"@id\":\"https:\/\/www.notibras.com\/site\/polarizacao-e-ruim-mas-supera-tirania-golpista\/#breadcrumb\",\"itemListElement\":[{\"@type\":\"ListItem\",\"position\":1,\"name\":\"In\u00edcio\",\"item\":\"https:\/\/www.notibras.com\/site\/\"},{\"@type\":\"ListItem\",\"position\":2,\"name\":\"Polariza\u00e7\u00e3o \u00e9 ruim, mas supera tirania golpista\"}]},{\"@type\":\"WebSite\",\"@id\":\"https:\/\/www.notibras.com\/site\/#website\",\"url\":\"https:\/\/www.notibras.com\/site\/\",\"name\":\"Notibras\",\"description\":\"Not\u00edcias de Bras\u00edlia, do Brasil e do Mundo\",\"publisher\":{\"@id\":\"https:\/\/www.notibras.com\/site\/#organization\"},\"potentialAction\":[{\"@type\":\"SearchAction\",\"target\":{\"@type\":\"EntryPoint\",\"urlTemplate\":\"https:\/\/www.notibras.com\/site\/?s={search_term_string}\"},\"query-input\":{\"@type\":\"PropertyValueSpecification\",\"valueRequired\":true,\"valueName\":\"search_term_string\"}}],\"inLanguage\":\"pt-BR\"},{\"@type\":\"Organization\",\"@id\":\"https:\/\/www.notibras.com\/site\/#organization\",\"name\":\"Grupo Notibras de Comunica\u00e7\u00e3o\",\"url\":\"https:\/\/www.notibras.com\/site\/\",\"logo\":{\"@type\":\"ImageObject\",\"inLanguage\":\"pt-BR\",\"@id\":\"https:\/\/www.notibras.com\/site\/#\/schema\/logo\/image\/\",\"url\":\"https:\/\/www.notibras.com\/site\/wp-content\/uploads\/2023\/01\/notibras23.png\",\"contentUrl\":\"https:\/\/www.notibras.com\/site\/wp-content\/uploads\/2023\/01\/notibras23.png\",\"width\":350,\"height\":87,\"caption\":\"Grupo Notibras de Comunica\u00e7\u00e3o\"},\"image\":{\"@id\":\"https:\/\/www.notibras.com\/site\/#\/schema\/logo\/image\/\"},\"sameAs\":[\"https:\/\/www.facebook.com\/notibras\/\",\"https:\/\/x.com\/Notibras\",\"https:\/\/www.instagram.com\/notibras\/\"]},{\"@type\":\"Person\",\"@id\":\"https:\/\/www.notibras.com\/site\/#\/schema\/person\/36ab0979449956132d3e5b517ea76ac8\",\"name\":\"Reda\u00e7\u00e3o\",\"image\":{\"@type\":\"ImageObject\",\"inLanguage\":\"pt-BR\",\"@id\":\"https:\/\/secure.gravatar.com\/avatar\/e0a867bdedb85fd243eadf09663511f96fc81e0720a4a42581f334ad4303aa6b?s=96&d=mm&r=g\",\"url\":\"https:\/\/secure.gravatar.com\/avatar\/e0a867bdedb85fd243eadf09663511f96fc81e0720a4a42581f334ad4303aa6b?s=96&d=mm&r=g\",\"contentUrl\":\"https:\/\/secure.gravatar.com\/avatar\/e0a867bdedb85fd243eadf09663511f96fc81e0720a4a42581f334ad4303aa6b?s=96&d=mm&r=g\",\"caption\":\"Reda\u00e7\u00e3o\"}}]}<\/script>\n<!-- \/ Yoast SEO plugin. -->","yoast_head_json":{"title":"Polariza\u00e7\u00e3o \u00e9 ruim, mas supera tirania golpista - Notibras","robots":{"index":"index","follow":"follow","max-snippet":"max-snippet:-1","max-image-preview":"max-image-preview:large","max-video-preview":"max-video-preview:-1"},"canonical":"https:\/\/www.notibras.com\/site\/polarizacao-e-ruim-mas-supera-tirania-golpista\/","og_locale":"pt_BR","og_type":"article","og_title":"Polariza\u00e7\u00e3o \u00e9 ruim, mas supera tirania golpista - Notibras","og_description":"Polariza\u00e7\u00e3o \u00e9 a palavra da moda em Bras\u00edlia, S\u00e3o Paulo, Rio de Janeiro e em todas as cidades que respiram pol\u00edtica 24 horas por dia. T\u00e9cnico, pragm\u00e1tico e \u00f3bvio, o significado l\u00f3gico do termo \u00e9 a divis\u00e3o da sociedade em polos, isto \u00e9, limitar a disputa entre dois grupos que se fecham em suas convic\u00e7\u00f5es [&hellip;]","og_url":"https:\/\/www.notibras.com\/site\/polarizacao-e-ruim-mas-supera-tirania-golpista\/","og_site_name":"Notibras","article_publisher":"https:\/\/www.facebook.com\/notibras\/","article_published_time":"2026-01-17T06:58:55+00:00","og_image":[{"width":1024,"height":643,"url":"https:\/\/www.notibras.com\/site\/wp-content\/uploads\/2020\/08\/antifascistas-manifestacao-1024x643-1.jpg","type":"image\/jpeg"}],"author":"Reda\u00e7\u00e3o","twitter_card":"summary_large_image","twitter_creator":"@Notibras","twitter_site":"@Notibras","twitter_misc":{"Escrito por":"Reda\u00e7\u00e3o","Est. tempo de leitura":"4 minutos"},"schema":{"@context":"https:\/\/schema.org","@graph":[{"@type":"Article","@id":"https:\/\/www.notibras.com\/site\/polarizacao-e-ruim-mas-supera-tirania-golpista\/#article","isPartOf":{"@id":"https:\/\/www.notibras.com\/site\/polarizacao-e-ruim-mas-supera-tirania-golpista\/"},"author":{"name":"Reda\u00e7\u00e3o","@id":"https:\/\/www.notibras.com\/site\/#\/schema\/person\/36ab0979449956132d3e5b517ea76ac8"},"headline":"Polariza\u00e7\u00e3o \u00e9 ruim, mas supera tirania golpista","datePublished":"2026-01-17T06:58:55+00:00","mainEntityOfPage":{"@id":"https:\/\/www.notibras.com\/site\/polarizacao-e-ruim-mas-supera-tirania-golpista\/"},"wordCount":695,"publisher":{"@id":"https:\/\/www.notibras.com\/site\/#organization"},"image":{"@id":"https:\/\/www.notibras.com\/site\/polarizacao-e-ruim-mas-supera-tirania-golpista\/#primaryimage"},"thumbnailUrl":"https:\/\/www.notibras.com\/site\/wp-content\/uploads\/2020\/08\/antifascistas-manifestacao-1024x643-1.jpg","articleSection":["Brasil"],"inLanguage":"pt-BR"},{"@type":"WebPage","@id":"https:\/\/www.notibras.com\/site\/polarizacao-e-ruim-mas-supera-tirania-golpista\/","url":"https:\/\/www.notibras.com\/site\/polarizacao-e-ruim-mas-supera-tirania-golpista\/","name":"Polariza\u00e7\u00e3o \u00e9 ruim, mas supera tirania golpista - Notibras","isPartOf":{"@id":"https:\/\/www.notibras.com\/site\/#website"},"primaryImageOfPage":{"@id":"https:\/\/www.notibras.com\/site\/polarizacao-e-ruim-mas-supera-tirania-golpista\/#primaryimage"},"image":{"@id":"https:\/\/www.notibras.com\/site\/polarizacao-e-ruim-mas-supera-tirania-golpista\/#primaryimage"},"thumbnailUrl":"https:\/\/www.notibras.com\/site\/wp-content\/uploads\/2020\/08\/antifascistas-manifestacao-1024x643-1.jpg","datePublished":"2026-01-17T06:58:55+00:00","breadcrumb":{"@id":"https:\/\/www.notibras.com\/site\/polarizacao-e-ruim-mas-supera-tirania-golpista\/#breadcrumb"},"inLanguage":"pt-BR","potentialAction":[{"@type":"ReadAction","target":["https:\/\/www.notibras.com\/site\/polarizacao-e-ruim-mas-supera-tirania-golpista\/"]}]},{"@type":"ImageObject","inLanguage":"pt-BR","@id":"https:\/\/www.notibras.com\/site\/polarizacao-e-ruim-mas-supera-tirania-golpista\/#primaryimage","url":"https:\/\/www.notibras.com\/site\/wp-content\/uploads\/2020\/08\/antifascistas-manifestacao-1024x643-1.jpg","contentUrl":"https:\/\/www.notibras.com\/site\/wp-content\/uploads\/2020\/08\/antifascistas-manifestacao-1024x643-1.jpg","width":1024,"height":643},{"@type":"BreadcrumbList","@id":"https:\/\/www.notibras.com\/site\/polarizacao-e-ruim-mas-supera-tirania-golpista\/#breadcrumb","itemListElement":[{"@type":"ListItem","position":1,"name":"In\u00edcio","item":"https:\/\/www.notibras.com\/site\/"},{"@type":"ListItem","position":2,"name":"Polariza\u00e7\u00e3o \u00e9 ruim, mas supera tirania golpista"}]},{"@type":"WebSite","@id":"https:\/\/www.notibras.com\/site\/#website","url":"https:\/\/www.notibras.com\/site\/","name":"Notibras","description":"Not\u00edcias de Bras\u00edlia, do Brasil e do Mundo","publisher":{"@id":"https:\/\/www.notibras.com\/site\/#organization"},"potentialAction":[{"@type":"SearchAction","target":{"@type":"EntryPoint","urlTemplate":"https:\/\/www.notibras.com\/site\/?s={search_term_string}"},"query-input":{"@type":"PropertyValueSpecification","valueRequired":true,"valueName":"search_term_string"}}],"inLanguage":"pt-BR"},{"@type":"Organization","@id":"https:\/\/www.notibras.com\/site\/#organization","name":"Grupo Notibras de Comunica\u00e7\u00e3o","url":"https:\/\/www.notibras.com\/site\/","logo":{"@type":"ImageObject","inLanguage":"pt-BR","@id":"https:\/\/www.notibras.com\/site\/#\/schema\/logo\/image\/","url":"https:\/\/www.notibras.com\/site\/wp-content\/uploads\/2023\/01\/notibras23.png","contentUrl":"https:\/\/www.notibras.com\/site\/wp-content\/uploads\/2023\/01\/notibras23.png","width":350,"height":87,"caption":"Grupo Notibras de Comunica\u00e7\u00e3o"},"image":{"@id":"https:\/\/www.notibras.com\/site\/#\/schema\/logo\/image\/"},"sameAs":["https:\/\/www.facebook.com\/notibras\/","https:\/\/x.com\/Notibras","https:\/\/www.instagram.com\/notibras\/"]},{"@type":"Person","@id":"https:\/\/www.notibras.com\/site\/#\/schema\/person\/36ab0979449956132d3e5b517ea76ac8","name":"Reda\u00e7\u00e3o","image":{"@type":"ImageObject","inLanguage":"pt-BR","@id":"https:\/\/secure.gravatar.com\/avatar\/e0a867bdedb85fd243eadf09663511f96fc81e0720a4a42581f334ad4303aa6b?s=96&d=mm&r=g","url":"https:\/\/secure.gravatar.com\/avatar\/e0a867bdedb85fd243eadf09663511f96fc81e0720a4a42581f334ad4303aa6b?s=96&d=mm&r=g","contentUrl":"https:\/\/secure.gravatar.com\/avatar\/e0a867bdedb85fd243eadf09663511f96fc81e0720a4a42581f334ad4303aa6b?s=96&d=mm&r=g","caption":"Reda\u00e7\u00e3o"}}]}},"amp_enabled":true,"_links":{"self":[{"href":"https:\/\/www.notibras.com\/site\/wp-json\/wp\/v2\/posts\/379359","targetHints":{"allow":["GET"]}}],"collection":[{"href":"https:\/\/www.notibras.com\/site\/wp-json\/wp\/v2\/posts"}],"about":[{"href":"https:\/\/www.notibras.com\/site\/wp-json\/wp\/v2\/types\/post"}],"author":[{"embeddable":true,"href":"https:\/\/www.notibras.com\/site\/wp-json\/wp\/v2\/users\/2"}],"replies":[{"embeddable":true,"href":"https:\/\/www.notibras.com\/site\/wp-json\/wp\/v2\/comments?post=379359"}],"version-history":[{"count":1,"href":"https:\/\/www.notibras.com\/site\/wp-json\/wp\/v2\/posts\/379359\/revisions"}],"predecessor-version":[{"id":379360,"href":"https:\/\/www.notibras.com\/site\/wp-json\/wp\/v2\/posts\/379359\/revisions\/379360"}],"wp:featuredmedia":[{"embeddable":true,"href":"https:\/\/www.notibras.com\/site\/wp-json\/wp\/v2\/media\/238303"}],"wp:attachment":[{"href":"https:\/\/www.notibras.com\/site\/wp-json\/wp\/v2\/media?parent=379359"}],"wp:term":[{"taxonomy":"category","embeddable":true,"href":"https:\/\/www.notibras.com\/site\/wp-json\/wp\/v2\/categories?post=379359"},{"taxonomy":"post_tag","embeddable":true,"href":"https:\/\/www.notibras.com\/site\/wp-json\/wp\/v2\/tags?post=379359"}],"curies":[{"name":"wp","href":"https:\/\/api.w.org\/{rel}","templated":true}]}}