{"id":379361,"date":"2026-01-17T03:40:53","date_gmt":"2026-01-17T06:40:53","guid":{"rendered":"https:\/\/www.notibras.com\/site\/?p=379361"},"modified":"2026-01-17T04:04:55","modified_gmt":"2026-01-17T07:04:55","slug":"projeto-da-dosimetria-deve-seguir-pelo-ralo-ate-a-papudinha","status":"publish","type":"post","link":"https:\/\/www.notibras.com\/site\/projeto-da-dosimetria-deve-seguir-pelo-ralo-ate-a-papudinha\/","title":{"rendered":"Projeto da dosimetria deve seguir pelo ralo at\u00e9 a Papudinha"},"content":{"rendered":"<p>Antes de fevereiro chegar, o presidente Lula vetou integralmente o projeto que reduz as penas dos condenados por tentativa de golpe de estado. Em outra canetada, Luiz In\u00e1cio sancionou o Or\u00e7amento da Uni\u00e3o para 2026 com veto a R$ 393 milh\u00f5es de emendas parlamentares, todas inseridas em desacordo com a lei. Fez o que tinha de fazer. Em ano de elei\u00e7\u00f5es gerais no Brasil, aposto que poucos ter\u00e3o coragem de peitar o povo e de desdizer o presidente da Rep\u00fablica.<\/p>\n<p>Um dos mais ferrenhos defensores da dosimetria como benef\u00edcio para o presidi\u00e1rio Jair Bolsonaro, o presidente da C\u00e2mara, Hugo Motta (Republicanos-PB), recolheu os flaps. Questionado recentemente sobre o veto \u00e0 proposta que inclui a quase libera\u00e7\u00e3o dos condenados pelos atos do 8 de janeiro, o deputado disse que, logo ap\u00f3s o retorno do recesso parlamentar, tratar\u00e1 do inesgot\u00e1vel tema \u201ccom tranquilidade\u201d. Amigo da hora de Lula da Silva e louco pela reelei\u00e7\u00e3o, Motta deve agir com a parcim\u00f4nia e a pressa de uma pregui\u00e7a no cio.<\/p>\n<p>Embora seja dele a obriga\u00e7\u00e3o de requerer ao Congresso uma reavalia\u00e7\u00e3o da decis\u00e3o do Executivo, a maioria de seus pares j\u00e1 sabe que o tempo de dura\u00e7\u00e3o dessa nova an\u00e1lise deve ser o mesmo dos solu\u00e7os do ex-presidente Jair Bolsonaro. A resposta de Motta ao questionamento foi um libelo \u00e0 paz entre Legislativo e Executivo. \u201cRespeitando o direito e a prerrogativa do presidente de vetar as mat\u00e9rias aprovadas pelo Congresso, o Congresso tamb\u00e9m, na sua prerrogativa, analisar\u00e1 o veto do presidente\u201d. Para quem entende o riscado da pol\u00edtica, um pingo \u00e9 letra. \u00c0s vezes, uma frase inteira.<\/p>\n<p>Por isso, independentemente dos quase 300 favor\u00e1veis \u00e0 anistia geral dos bandoleiros da Pra\u00e7a dos Tr\u00eas Poderes, n\u00e3o ser\u00e1 t\u00e3o f\u00e1cil para a oposi\u00e7\u00e3o impor ao Pal\u00e1cio do Planalto a almejada derrota simb\u00f3lica logo no in\u00edcio do ano legislativo. Para derrubar um veto presidencial, s\u00e3o necess\u00e1rios ao menos 257 votos na C\u00e2mara dos Deputados e 41 votos no Senado Federal. Marco pol\u00edtico e ideol\u00f3gico para os oposicionistas, o projeto de revis\u00e3o de penas dos golpistas condenados \u00e9 o m\u00e9todo mais eficaz e mais r\u00e1pido para tirar criminosos da cadeia.<\/p>\n<p>Caso o veto seja derrubado, cerca de 190 mil bandidos ser\u00e3o soltos. Considerando a proximidade das elei\u00e7\u00f5es gerais, a tarefa \u00e9 das mais ingl\u00f3rias para deputados e senadores, principalmente porque eles sabem que, no fim e ao cabo, o Supremo Tribunal Federal usar\u00e1 a l\u00f3gica jur\u00eddica e invalidar\u00e1 o texto. Diz a m\u00e1xima jur\u00eddica que quem \u00e9 inocente pede justi\u00e7a. Anistia \u00e9 para culpados. A par disso, 11 entre dez eleitores conscientes e com os dois p\u00e9s na democracia avaliam anistia ou dosimetria como impunidade. Nunca como perd\u00e3o.<\/p>\n<p>Voltando a Hugo Motta e incluindo na narrativa o presidente do Senado, Davi Alcolumbre (Uni\u00e3o Brasil-AP), vale lembrar que a aprova\u00e7\u00e3o do projeto na C\u00e2mara e no Senado embutiu um acordo pol\u00edtico com o STF. Eles n\u00e3o contam, mas n\u00e3o tenho d\u00favida de que o acerto incluiu o desacerto constitucional da mat\u00e9ria. Da\u00ed para a derrubada total ser\u00e1 um pulo de um palco para outro. Bastam seis dos atuais dez votos da Corte para acabar com a farra da liberdade para foras da lei. Se querem saber, a resposta dos ministros do STF para deputados e senadores da direita desconectada da realidade ser\u00e1 simples: Errar \u00e9 humano. Persistir no erro \u00e9 burrice. Resumindo, a tend\u00eancia \u00e9 que o projeto des\u00e7a pelo ralo da Esplanada dos Minist\u00e9rios e siga at\u00e9 a Papudinha.<\/p>\n<p>&#8230;&#8230;&#8230;.<\/p>\n<p><strong>Misael Igreja \u00e9 analista de Notibras para assuntos pol\u00edticos, econ\u00f4micos e sociais<\/strong><\/p>\n","protected":false},"excerpt":{"rendered":"<p>Antes de fevereiro chegar, o presidente Lula vetou integralmente o projeto que reduz as penas dos condenados por tentativa de golpe de estado. Em outra canetada, Luiz In\u00e1cio sancionou o Or\u00e7amento da Uni\u00e3o para 2026 com veto a R$ 393 milh\u00f5es de emendas parlamentares, todas inseridas em desacordo com a lei. Fez o que tinha [&hellip;]<\/p>\n","protected":false},"author":2,"featured_media":379362,"comment_status":"closed","ping_status":"closed","sticky":false,"template":"","format":"standard","meta":{"_acf_changed":false,"footnotes":""},"categories":[16],"tags":[],"class_list":["post-379361","post","type-post","status-publish","format-standard","has-post-thumbnail","hentry","category-brasil"],"acf":[],"yoast_head":"<!-- This site is optimized with the Yoast SEO plugin v27.2 - https:\/\/yoast.com\/product\/yoast-seo-wordpress\/ -->\n<title>Projeto da dosimetria deve seguir pelo ralo at\u00e9 a Papudinha - Notibras<\/title>\n<meta name=\"robots\" content=\"index, follow, max-snippet:-1, max-image-preview:large, max-video-preview:-1\" \/>\n<link rel=\"canonical\" href=\"https:\/\/www.notibras.com\/site\/projeto-da-dosimetria-deve-seguir-pelo-ralo-ate-a-papudinha\/\" \/>\n<meta property=\"og:locale\" content=\"pt_BR\" \/>\n<meta property=\"og:type\" content=\"article\" \/>\n<meta property=\"og:title\" content=\"Projeto da dosimetria deve seguir pelo ralo at\u00e9 a Papudinha - Notibras\" \/>\n<meta property=\"og:description\" content=\"Antes de fevereiro chegar, o presidente Lula vetou integralmente o projeto que reduz as penas dos condenados por tentativa de golpe de estado. Em outra canetada, Luiz In\u00e1cio sancionou o Or\u00e7amento da Uni\u00e3o para 2026 com veto a R$ 393 milh\u00f5es de emendas parlamentares, todas inseridas em desacordo com a lei. Fez o que tinha [&hellip;]\" \/>\n<meta property=\"og:url\" content=\"https:\/\/www.notibras.com\/site\/projeto-da-dosimetria-deve-seguir-pelo-ralo-ate-a-papudinha\/\" \/>\n<meta property=\"og:site_name\" content=\"Notibras\" \/>\n<meta property=\"article:publisher\" content=\"https:\/\/www.facebook.com\/notibras\/\" \/>\n<meta property=\"article:published_time\" content=\"2026-01-17T06:40:53+00:00\" \/>\n<meta property=\"article:modified_time\" content=\"2026-01-17T07:04:55+00:00\" \/>\n<meta property=\"og:image\" content=\"https:\/\/www.notibras.com\/site\/wp-content\/uploads\/2026\/01\/0d9a0939-1.webp\" \/>\n\t<meta property=\"og:image:width\" content=\"770\" \/>\n\t<meta property=\"og:image:height\" content=\"522\" \/>\n\t<meta property=\"og:image:type\" content=\"image\/webp\" \/>\n<meta name=\"author\" content=\"Reda\u00e7\u00e3o\" \/>\n<meta name=\"twitter:card\" content=\"summary_large_image\" \/>\n<meta name=\"twitter:creator\" content=\"@Notibras\" \/>\n<meta name=\"twitter:site\" content=\"@Notibras\" \/>\n<meta name=\"twitter:label1\" content=\"Escrito por\" \/>\n\t<meta name=\"twitter:data1\" content=\"Reda\u00e7\u00e3o\" \/>\n\t<meta name=\"twitter:label2\" content=\"Est. tempo de leitura\" \/>\n\t<meta name=\"twitter:data2\" content=\"4 minutos\" \/>\n<script type=\"application\/ld+json\" class=\"yoast-schema-graph\">{\"@context\":\"https:\/\/schema.org\",\"@graph\":[{\"@type\":\"Article\",\"@id\":\"https:\/\/www.notibras.com\/site\/projeto-da-dosimetria-deve-seguir-pelo-ralo-ate-a-papudinha\/#article\",\"isPartOf\":{\"@id\":\"https:\/\/www.notibras.com\/site\/projeto-da-dosimetria-deve-seguir-pelo-ralo-ate-a-papudinha\/\"},\"author\":{\"name\":\"Reda\u00e7\u00e3o\",\"@id\":\"https:\/\/www.notibras.com\/site\/#\/schema\/person\/36ab0979449956132d3e5b517ea76ac8\"},\"headline\":\"Projeto da dosimetria deve seguir pelo ralo at\u00e9 a Papudinha\",\"datePublished\":\"2026-01-17T06:40:53+00:00\",\"dateModified\":\"2026-01-17T07:04:55+00:00\",\"mainEntityOfPage\":{\"@id\":\"https:\/\/www.notibras.com\/site\/projeto-da-dosimetria-deve-seguir-pelo-ralo-ate-a-papudinha\/\"},\"wordCount\":639,\"publisher\":{\"@id\":\"https:\/\/www.notibras.com\/site\/#organization\"},\"image\":{\"@id\":\"https:\/\/www.notibras.com\/site\/projeto-da-dosimetria-deve-seguir-pelo-ralo-ate-a-papudinha\/#primaryimage\"},\"thumbnailUrl\":\"https:\/\/www.notibras.com\/site\/wp-content\/uploads\/2026\/01\/0d9a0939-1.webp\",\"articleSection\":[\"Brasil\"],\"inLanguage\":\"pt-BR\"},{\"@type\":\"WebPage\",\"@id\":\"https:\/\/www.notibras.com\/site\/projeto-da-dosimetria-deve-seguir-pelo-ralo-ate-a-papudinha\/\",\"url\":\"https:\/\/www.notibras.com\/site\/projeto-da-dosimetria-deve-seguir-pelo-ralo-ate-a-papudinha\/\",\"name\":\"Projeto da dosimetria deve seguir pelo ralo at\u00e9 a Papudinha - Notibras\",\"isPartOf\":{\"@id\":\"https:\/\/www.notibras.com\/site\/#website\"},\"primaryImageOfPage\":{\"@id\":\"https:\/\/www.notibras.com\/site\/projeto-da-dosimetria-deve-seguir-pelo-ralo-ate-a-papudinha\/#primaryimage\"},\"image\":{\"@id\":\"https:\/\/www.notibras.com\/site\/projeto-da-dosimetria-deve-seguir-pelo-ralo-ate-a-papudinha\/#primaryimage\"},\"thumbnailUrl\":\"https:\/\/www.notibras.com\/site\/wp-content\/uploads\/2026\/01\/0d9a0939-1.webp\",\"datePublished\":\"2026-01-17T06:40:53+00:00\",\"dateModified\":\"2026-01-17T07:04:55+00:00\",\"breadcrumb\":{\"@id\":\"https:\/\/www.notibras.com\/site\/projeto-da-dosimetria-deve-seguir-pelo-ralo-ate-a-papudinha\/#breadcrumb\"},\"inLanguage\":\"pt-BR\",\"potentialAction\":[{\"@type\":\"ReadAction\",\"target\":[\"https:\/\/www.notibras.com\/site\/projeto-da-dosimetria-deve-seguir-pelo-ralo-ate-a-papudinha\/\"]}]},{\"@type\":\"ImageObject\",\"inLanguage\":\"pt-BR\",\"@id\":\"https:\/\/www.notibras.com\/site\/projeto-da-dosimetria-deve-seguir-pelo-ralo-ate-a-papudinha\/#primaryimage\",\"url\":\"https:\/\/www.notibras.com\/site\/wp-content\/uploads\/2026\/01\/0d9a0939-1.webp\",\"contentUrl\":\"https:\/\/www.notibras.com\/site\/wp-content\/uploads\/2026\/01\/0d9a0939-1.webp\",\"width\":770,\"height\":522},{\"@type\":\"BreadcrumbList\",\"@id\":\"https:\/\/www.notibras.com\/site\/projeto-da-dosimetria-deve-seguir-pelo-ralo-ate-a-papudinha\/#breadcrumb\",\"itemListElement\":[{\"@type\":\"ListItem\",\"position\":1,\"name\":\"In\u00edcio\",\"item\":\"https:\/\/www.notibras.com\/site\/\"},{\"@type\":\"ListItem\",\"position\":2,\"name\":\"Projeto da dosimetria deve seguir pelo ralo at\u00e9 a Papudinha\"}]},{\"@type\":\"WebSite\",\"@id\":\"https:\/\/www.notibras.com\/site\/#website\",\"url\":\"https:\/\/www.notibras.com\/site\/\",\"name\":\"Notibras\",\"description\":\"Not\u00edcias de Bras\u00edlia, do Brasil e do Mundo\",\"publisher\":{\"@id\":\"https:\/\/www.notibras.com\/site\/#organization\"},\"potentialAction\":[{\"@type\":\"SearchAction\",\"target\":{\"@type\":\"EntryPoint\",\"urlTemplate\":\"https:\/\/www.notibras.com\/site\/?s={search_term_string}\"},\"query-input\":{\"@type\":\"PropertyValueSpecification\",\"valueRequired\":true,\"valueName\":\"search_term_string\"}}],\"inLanguage\":\"pt-BR\"},{\"@type\":\"Organization\",\"@id\":\"https:\/\/www.notibras.com\/site\/#organization\",\"name\":\"Grupo Notibras de Comunica\u00e7\u00e3o\",\"url\":\"https:\/\/www.notibras.com\/site\/\",\"logo\":{\"@type\":\"ImageObject\",\"inLanguage\":\"pt-BR\",\"@id\":\"https:\/\/www.notibras.com\/site\/#\/schema\/logo\/image\/\",\"url\":\"https:\/\/www.notibras.com\/site\/wp-content\/uploads\/2023\/01\/notibras23.png\",\"contentUrl\":\"https:\/\/www.notibras.com\/site\/wp-content\/uploads\/2023\/01\/notibras23.png\",\"width\":350,\"height\":87,\"caption\":\"Grupo Notibras de Comunica\u00e7\u00e3o\"},\"image\":{\"@id\":\"https:\/\/www.notibras.com\/site\/#\/schema\/logo\/image\/\"},\"sameAs\":[\"https:\/\/www.facebook.com\/notibras\/\",\"https:\/\/x.com\/Notibras\",\"https:\/\/www.instagram.com\/notibras\/\"]},{\"@type\":\"Person\",\"@id\":\"https:\/\/www.notibras.com\/site\/#\/schema\/person\/36ab0979449956132d3e5b517ea76ac8\",\"name\":\"Reda\u00e7\u00e3o\",\"image\":{\"@type\":\"ImageObject\",\"inLanguage\":\"pt-BR\",\"@id\":\"https:\/\/secure.gravatar.com\/avatar\/e0a867bdedb85fd243eadf09663511f96fc81e0720a4a42581f334ad4303aa6b?s=96&d=mm&r=g\",\"url\":\"https:\/\/secure.gravatar.com\/avatar\/e0a867bdedb85fd243eadf09663511f96fc81e0720a4a42581f334ad4303aa6b?s=96&d=mm&r=g\",\"contentUrl\":\"https:\/\/secure.gravatar.com\/avatar\/e0a867bdedb85fd243eadf09663511f96fc81e0720a4a42581f334ad4303aa6b?s=96&d=mm&r=g\",\"caption\":\"Reda\u00e7\u00e3o\"}}]}<\/script>\n<!-- \/ Yoast SEO plugin. -->","yoast_head_json":{"title":"Projeto da dosimetria deve seguir pelo ralo at\u00e9 a Papudinha - Notibras","robots":{"index":"index","follow":"follow","max-snippet":"max-snippet:-1","max-image-preview":"max-image-preview:large","max-video-preview":"max-video-preview:-1"},"canonical":"https:\/\/www.notibras.com\/site\/projeto-da-dosimetria-deve-seguir-pelo-ralo-ate-a-papudinha\/","og_locale":"pt_BR","og_type":"article","og_title":"Projeto da dosimetria deve seguir pelo ralo at\u00e9 a Papudinha - Notibras","og_description":"Antes de fevereiro chegar, o presidente Lula vetou integralmente o projeto que reduz as penas dos condenados por tentativa de golpe de estado. Em outra canetada, Luiz In\u00e1cio sancionou o Or\u00e7amento da Uni\u00e3o para 2026 com veto a R$ 393 milh\u00f5es de emendas parlamentares, todas inseridas em desacordo com a lei. Fez o que tinha [&hellip;]","og_url":"https:\/\/www.notibras.com\/site\/projeto-da-dosimetria-deve-seguir-pelo-ralo-ate-a-papudinha\/","og_site_name":"Notibras","article_publisher":"https:\/\/www.facebook.com\/notibras\/","article_published_time":"2026-01-17T06:40:53+00:00","article_modified_time":"2026-01-17T07:04:55+00:00","og_image":[{"width":770,"height":522,"url":"https:\/\/www.notibras.com\/site\/wp-content\/uploads\/2026\/01\/0d9a0939-1.webp","type":"image\/webp"}],"author":"Reda\u00e7\u00e3o","twitter_card":"summary_large_image","twitter_creator":"@Notibras","twitter_site":"@Notibras","twitter_misc":{"Escrito por":"Reda\u00e7\u00e3o","Est. tempo de leitura":"4 minutos"},"schema":{"@context":"https:\/\/schema.org","@graph":[{"@type":"Article","@id":"https:\/\/www.notibras.com\/site\/projeto-da-dosimetria-deve-seguir-pelo-ralo-ate-a-papudinha\/#article","isPartOf":{"@id":"https:\/\/www.notibras.com\/site\/projeto-da-dosimetria-deve-seguir-pelo-ralo-ate-a-papudinha\/"},"author":{"name":"Reda\u00e7\u00e3o","@id":"https:\/\/www.notibras.com\/site\/#\/schema\/person\/36ab0979449956132d3e5b517ea76ac8"},"headline":"Projeto da dosimetria deve seguir pelo ralo at\u00e9 a Papudinha","datePublished":"2026-01-17T06:40:53+00:00","dateModified":"2026-01-17T07:04:55+00:00","mainEntityOfPage":{"@id":"https:\/\/www.notibras.com\/site\/projeto-da-dosimetria-deve-seguir-pelo-ralo-ate-a-papudinha\/"},"wordCount":639,"publisher":{"@id":"https:\/\/www.notibras.com\/site\/#organization"},"image":{"@id":"https:\/\/www.notibras.com\/site\/projeto-da-dosimetria-deve-seguir-pelo-ralo-ate-a-papudinha\/#primaryimage"},"thumbnailUrl":"https:\/\/www.notibras.com\/site\/wp-content\/uploads\/2026\/01\/0d9a0939-1.webp","articleSection":["Brasil"],"inLanguage":"pt-BR"},{"@type":"WebPage","@id":"https:\/\/www.notibras.com\/site\/projeto-da-dosimetria-deve-seguir-pelo-ralo-ate-a-papudinha\/","url":"https:\/\/www.notibras.com\/site\/projeto-da-dosimetria-deve-seguir-pelo-ralo-ate-a-papudinha\/","name":"Projeto da dosimetria deve seguir pelo ralo at\u00e9 a Papudinha - Notibras","isPartOf":{"@id":"https:\/\/www.notibras.com\/site\/#website"},"primaryImageOfPage":{"@id":"https:\/\/www.notibras.com\/site\/projeto-da-dosimetria-deve-seguir-pelo-ralo-ate-a-papudinha\/#primaryimage"},"image":{"@id":"https:\/\/www.notibras.com\/site\/projeto-da-dosimetria-deve-seguir-pelo-ralo-ate-a-papudinha\/#primaryimage"},"thumbnailUrl":"https:\/\/www.notibras.com\/site\/wp-content\/uploads\/2026\/01\/0d9a0939-1.webp","datePublished":"2026-01-17T06:40:53+00:00","dateModified":"2026-01-17T07:04:55+00:00","breadcrumb":{"@id":"https:\/\/www.notibras.com\/site\/projeto-da-dosimetria-deve-seguir-pelo-ralo-ate-a-papudinha\/#breadcrumb"},"inLanguage":"pt-BR","potentialAction":[{"@type":"ReadAction","target":["https:\/\/www.notibras.com\/site\/projeto-da-dosimetria-deve-seguir-pelo-ralo-ate-a-papudinha\/"]}]},{"@type":"ImageObject","inLanguage":"pt-BR","@id":"https:\/\/www.notibras.com\/site\/projeto-da-dosimetria-deve-seguir-pelo-ralo-ate-a-papudinha\/#primaryimage","url":"https:\/\/www.notibras.com\/site\/wp-content\/uploads\/2026\/01\/0d9a0939-1.webp","contentUrl":"https:\/\/www.notibras.com\/site\/wp-content\/uploads\/2026\/01\/0d9a0939-1.webp","width":770,"height":522},{"@type":"BreadcrumbList","@id":"https:\/\/www.notibras.com\/site\/projeto-da-dosimetria-deve-seguir-pelo-ralo-ate-a-papudinha\/#breadcrumb","itemListElement":[{"@type":"ListItem","position":1,"name":"In\u00edcio","item":"https:\/\/www.notibras.com\/site\/"},{"@type":"ListItem","position":2,"name":"Projeto da dosimetria deve seguir pelo ralo at\u00e9 a Papudinha"}]},{"@type":"WebSite","@id":"https:\/\/www.notibras.com\/site\/#website","url":"https:\/\/www.notibras.com\/site\/","name":"Notibras","description":"Not\u00edcias de Bras\u00edlia, do Brasil e do Mundo","publisher":{"@id":"https:\/\/www.notibras.com\/site\/#organization"},"potentialAction":[{"@type":"SearchAction","target":{"@type":"EntryPoint","urlTemplate":"https:\/\/www.notibras.com\/site\/?s={search_term_string}"},"query-input":{"@type":"PropertyValueSpecification","valueRequired":true,"valueName":"search_term_string"}}],"inLanguage":"pt-BR"},{"@type":"Organization","@id":"https:\/\/www.notibras.com\/site\/#organization","name":"Grupo Notibras de Comunica\u00e7\u00e3o","url":"https:\/\/www.notibras.com\/site\/","logo":{"@type":"ImageObject","inLanguage":"pt-BR","@id":"https:\/\/www.notibras.com\/site\/#\/schema\/logo\/image\/","url":"https:\/\/www.notibras.com\/site\/wp-content\/uploads\/2023\/01\/notibras23.png","contentUrl":"https:\/\/www.notibras.com\/site\/wp-content\/uploads\/2023\/01\/notibras23.png","width":350,"height":87,"caption":"Grupo Notibras de Comunica\u00e7\u00e3o"},"image":{"@id":"https:\/\/www.notibras.com\/site\/#\/schema\/logo\/image\/"},"sameAs":["https:\/\/www.facebook.com\/notibras\/","https:\/\/x.com\/Notibras","https:\/\/www.instagram.com\/notibras\/"]},{"@type":"Person","@id":"https:\/\/www.notibras.com\/site\/#\/schema\/person\/36ab0979449956132d3e5b517ea76ac8","name":"Reda\u00e7\u00e3o","image":{"@type":"ImageObject","inLanguage":"pt-BR","@id":"https:\/\/secure.gravatar.com\/avatar\/e0a867bdedb85fd243eadf09663511f96fc81e0720a4a42581f334ad4303aa6b?s=96&d=mm&r=g","url":"https:\/\/secure.gravatar.com\/avatar\/e0a867bdedb85fd243eadf09663511f96fc81e0720a4a42581f334ad4303aa6b?s=96&d=mm&r=g","contentUrl":"https:\/\/secure.gravatar.com\/avatar\/e0a867bdedb85fd243eadf09663511f96fc81e0720a4a42581f334ad4303aa6b?s=96&d=mm&r=g","caption":"Reda\u00e7\u00e3o"}}]}},"amp_enabled":true,"_links":{"self":[{"href":"https:\/\/www.notibras.com\/site\/wp-json\/wp\/v2\/posts\/379361","targetHints":{"allow":["GET"]}}],"collection":[{"href":"https:\/\/www.notibras.com\/site\/wp-json\/wp\/v2\/posts"}],"about":[{"href":"https:\/\/www.notibras.com\/site\/wp-json\/wp\/v2\/types\/post"}],"author":[{"embeddable":true,"href":"https:\/\/www.notibras.com\/site\/wp-json\/wp\/v2\/users\/2"}],"replies":[{"embeddable":true,"href":"https:\/\/www.notibras.com\/site\/wp-json\/wp\/v2\/comments?post=379361"}],"version-history":[{"count":1,"href":"https:\/\/www.notibras.com\/site\/wp-json\/wp\/v2\/posts\/379361\/revisions"}],"predecessor-version":[{"id":379363,"href":"https:\/\/www.notibras.com\/site\/wp-json\/wp\/v2\/posts\/379361\/revisions\/379363"}],"wp:featuredmedia":[{"embeddable":true,"href":"https:\/\/www.notibras.com\/site\/wp-json\/wp\/v2\/media\/379362"}],"wp:attachment":[{"href":"https:\/\/www.notibras.com\/site\/wp-json\/wp\/v2\/media?parent=379361"}],"wp:term":[{"taxonomy":"category","embeddable":true,"href":"https:\/\/www.notibras.com\/site\/wp-json\/wp\/v2\/categories?post=379361"},{"taxonomy":"post_tag","embeddable":true,"href":"https:\/\/www.notibras.com\/site\/wp-json\/wp\/v2\/tags?post=379361"}],"curies":[{"name":"wp","href":"https:\/\/api.w.org\/{rel}","templated":true}]}}