{"id":379364,"date":"2026-01-17T00:00:28","date_gmt":"2026-01-17T03:00:28","guid":{"rendered":"https:\/\/www.notibras.com\/site\/?p=379364"},"modified":"2026-01-17T04:31:08","modified_gmt":"2026-01-17T07:31:08","slug":"mortes-por-acao-policial-cresceram-13-em-2025-no-rio","status":"publish","type":"post","link":"https:\/\/www.notibras.com\/site\/mortes-por-acao-policial-cresceram-13-em-2025-no-rio\/","title":{"rendered":"Mortes por a\u00e7\u00e3o policial cresceram 13% em 2025 no Rio"},"content":{"rendered":"<p>Em 2025, 797 pessoas morreram em decorr\u00eancia de interven\u00e7\u00e3o policial em todo o estado do Rio de Janeiro, o que representa um aumento de 13% em rela\u00e7\u00e3o \u00e0s 703 mortes registradas em 2024. Os dados foram divulgados nesta sexta-feira (16) pelo Instituto de Seguran\u00e7a P\u00fablica (ISP) do governo do estado do Rio de Janeiro.<\/p>\n<p>Ao todo, seis policiais civis e 13 policiais militares tamb\u00e9m foram mortos em 2025, n\u00famero superior ao de 2024, quando foram mortos um civil e 11 militares.<\/p>\n<p>Em 2025 ocorreu a maior e mais letal opera\u00e7\u00e3o policial na cidade do Rio, nos complexos do Alem\u00e3o e da Penha, na Zona Norte da cidade, deixando 121 pessoas mortas, entre elas dois policiais militares e dois civis.<\/p>\n<p><strong>Crimes contra a vida<\/strong><br \/>\nAinda segundo os dados divulgados pelo ISP, em 2025, 3.881 pessoas morreram em decorr\u00eancia da viol\u00eancia, 2% a mais que em 2024, quando foram 3.809 v\u00edtimas.<\/p>\n<p>Esse dado inclui homic\u00eddio doloso, les\u00e3o corporal seguida de morte, roubo seguido de morte e tamb\u00e9m as mortes decorrentes de interven\u00e7\u00e3o policial.<\/p>\n<p>O latroc\u00ednio, que \u00e9 o roubo seguido de morte, diminuiu 22% em 2025, quando comparado com 2024. Em 2025 foram 77 v\u00edtimas. Em 2024, 99.<\/p>\n<p>Considerando apenas o m\u00eas de dezembro, a letalidade violenta recuou 8,1% (340 mortes) em compara\u00e7\u00e3o com dezembro de 2024 (370 mortes), e os homic\u00eddios dolosos ca\u00edram 11,7%, registrando o menor n\u00famero de v\u00edtimas para dezembro nos \u00faltimos tr\u00eas anos, 271. Em dezembro de 2024, 307 pessoas foram mortas.<\/p>\n<p>Em todo o ano de 2025, foram registrados ainda 5.867 estupros no estado do Rio de Janeiro, um aumento de 0,8% em rela\u00e7\u00e3o ao ano passado. Em 2024, 5.819 pessoas foram estupradas.<\/p>\n<p><strong>Crimes contra o patrim\u00f4nio <\/strong><br \/>\nNo caso dos roubos de ve\u00edculos, os 25.239 registros representam queda de 18,4% em compara\u00e7\u00e3o 2024 (30.930).<\/p>\n<p>Os roubos de rua tamb\u00e9m ca\u00edram, 2,7%, passando de 58.521 ocorr\u00eancias, em 2024, para 56.937 registros, em 2025.<\/p>\n<p>J\u00e1 o roubo de carga teve 3.114 registros em 2025, queda de 9,4% em compara\u00e7\u00e3o a 2024 (3.437).<\/p>\n<p><strong>Apreens\u00f5es<\/strong><br \/>\nO ano de 2025 registrou tamb\u00e9m apreens\u00e3o recorde de fuzis. Os dados do ISP mostram que as pol\u00edcias Civil e Militar apreenderam, em 2025, 920 fuzis \u2500 um aumento de 25,7% em rela\u00e7\u00e3o a 2024. Este \u00e9 o maior n\u00famero de apreens\u00f5es j\u00e1 registrado desde o in\u00edcio da s\u00e9rie hist\u00f3rica, em 2007.<\/p>\n<p>Segundo a diretora-presidente do ISP, Marcela Ortiz, o aumento da apreens\u00e3o de fuzis e a redu\u00e7\u00e3o dos crimes contra o patrim\u00f4nio \u201cconfirma a efetividade das estrat\u00e9gias de enfrentamento \u00e0 criminalidade, com base em Intelig\u00eancia, an\u00e1lise de dados e evid\u00eancias, al\u00e9m da integra\u00e7\u00e3o entre as corpora\u00e7\u00f5es&#8221;, afirmou em nota.<\/p>\n<p>O governador Cl\u00e1udio Castro destacou os investimentos em tecnologia e intelig\u00eancia, al\u00e9m das opera\u00e7\u00f5es integradas das pol\u00edcias Civil e Militar.<\/p>\n<p>\u201c\u00c9 impressionante que em um estado que n\u00e3o produz fuzis sejam apreendidas tantas armas de guerra. Sigo reafirmando que precisamos da colabora\u00e7\u00e3o de outros entes na fiscaliza\u00e7\u00e3o das fronteiras e de uma legisla\u00e7\u00e3o mais r\u00edgida\u201d, disse.<\/p>\n","protected":false},"excerpt":{"rendered":"<p>Em 2025, 797 pessoas morreram em decorr\u00eancia de interven\u00e7\u00e3o policial em todo o estado do Rio de Janeiro, o que representa um aumento de 13% em rela\u00e7\u00e3o \u00e0s 703 mortes registradas em 2024. Os dados foram divulgados nesta sexta-feira (16) pelo Instituto de Seguran\u00e7a P\u00fablica (ISP) do governo do estado do Rio de Janeiro. Ao [&hellip;]<\/p>\n","protected":false},"author":2,"featured_media":379365,"comment_status":"closed","ping_status":"closed","sticky":false,"template":"","format":"standard","meta":{"_acf_changed":false,"footnotes":""},"categories":[16],"tags":[],"class_list":["post-379364","post","type-post","status-publish","format-standard","has-post-thumbnail","hentry","category-brasil"],"acf":[],"yoast_head":"<!-- This site is optimized with the Yoast SEO plugin v27.2 - https:\/\/yoast.com\/product\/yoast-seo-wordpress\/ -->\n<title>Mortes por a\u00e7\u00e3o policial cresceram 13% em 2025 no Rio - Notibras<\/title>\n<meta name=\"robots\" content=\"index, follow, max-snippet:-1, max-image-preview:large, max-video-preview:-1\" \/>\n<link rel=\"canonical\" href=\"https:\/\/www.notibras.com\/site\/mortes-por-acao-policial-cresceram-13-em-2025-no-rio\/\" \/>\n<meta property=\"og:locale\" content=\"pt_BR\" \/>\n<meta property=\"og:type\" content=\"article\" \/>\n<meta property=\"og:title\" content=\"Mortes por a\u00e7\u00e3o policial cresceram 13% em 2025 no Rio - Notibras\" \/>\n<meta property=\"og:description\" content=\"Em 2025, 797 pessoas morreram em decorr\u00eancia de interven\u00e7\u00e3o policial em todo o estado do Rio de Janeiro, o que representa um aumento de 13% em rela\u00e7\u00e3o \u00e0s 703 mortes registradas em 2024. Os dados foram divulgados nesta sexta-feira (16) pelo Instituto de Seguran\u00e7a P\u00fablica (ISP) do governo do estado do Rio de Janeiro. Ao [&hellip;]\" \/>\n<meta property=\"og:url\" content=\"https:\/\/www.notibras.com\/site\/mortes-por-acao-policial-cresceram-13-em-2025-no-rio\/\" \/>\n<meta property=\"og:site_name\" content=\"Notibras\" \/>\n<meta property=\"article:publisher\" content=\"https:\/\/www.facebook.com\/notibras\/\" \/>\n<meta property=\"article:published_time\" content=\"2026-01-17T03:00:28+00:00\" \/>\n<meta property=\"article:modified_time\" content=\"2026-01-17T07:31:08+00:00\" \/>\n<meta property=\"og:image\" content=\"https:\/\/www.notibras.com\/site\/wp-content\/uploads\/2026\/01\/toms9678-2.webp\" \/>\n\t<meta property=\"og:image:width\" content=\"1170\" \/>\n\t<meta property=\"og:image:height\" content=\"700\" \/>\n\t<meta property=\"og:image:type\" content=\"image\/webp\" \/>\n<meta name=\"author\" content=\"Reda\u00e7\u00e3o\" \/>\n<meta name=\"twitter:card\" content=\"summary_large_image\" \/>\n<meta name=\"twitter:creator\" content=\"@Notibras\" \/>\n<meta name=\"twitter:site\" content=\"@Notibras\" \/>\n<meta name=\"twitter:label1\" content=\"Escrito por\" \/>\n\t<meta name=\"twitter:data1\" content=\"Reda\u00e7\u00e3o\" \/>\n\t<meta name=\"twitter:label2\" content=\"Est. tempo de leitura\" \/>\n\t<meta name=\"twitter:data2\" content=\"3 minutos\" \/>\n<script type=\"application\/ld+json\" class=\"yoast-schema-graph\">{\"@context\":\"https:\/\/schema.org\",\"@graph\":[{\"@type\":\"Article\",\"@id\":\"https:\/\/www.notibras.com\/site\/mortes-por-acao-policial-cresceram-13-em-2025-no-rio\/#article\",\"isPartOf\":{\"@id\":\"https:\/\/www.notibras.com\/site\/mortes-por-acao-policial-cresceram-13-em-2025-no-rio\/\"},\"author\":{\"name\":\"Reda\u00e7\u00e3o\",\"@id\":\"https:\/\/www.notibras.com\/site\/#\/schema\/person\/36ab0979449956132d3e5b517ea76ac8\"},\"headline\":\"Mortes por a\u00e7\u00e3o policial cresceram 13% em 2025 no Rio\",\"datePublished\":\"2026-01-17T03:00:28+00:00\",\"dateModified\":\"2026-01-17T07:31:08+00:00\",\"mainEntityOfPage\":{\"@id\":\"https:\/\/www.notibras.com\/site\/mortes-por-acao-policial-cresceram-13-em-2025-no-rio\/\"},\"wordCount\":500,\"publisher\":{\"@id\":\"https:\/\/www.notibras.com\/site\/#organization\"},\"image\":{\"@id\":\"https:\/\/www.notibras.com\/site\/mortes-por-acao-policial-cresceram-13-em-2025-no-rio\/#primaryimage\"},\"thumbnailUrl\":\"https:\/\/www.notibras.com\/site\/wp-content\/uploads\/2026\/01\/toms9678-2.webp\",\"articleSection\":[\"Brasil\"],\"inLanguage\":\"pt-BR\"},{\"@type\":\"WebPage\",\"@id\":\"https:\/\/www.notibras.com\/site\/mortes-por-acao-policial-cresceram-13-em-2025-no-rio\/\",\"url\":\"https:\/\/www.notibras.com\/site\/mortes-por-acao-policial-cresceram-13-em-2025-no-rio\/\",\"name\":\"Mortes por a\u00e7\u00e3o policial cresceram 13% em 2025 no Rio - Notibras\",\"isPartOf\":{\"@id\":\"https:\/\/www.notibras.com\/site\/#website\"},\"primaryImageOfPage\":{\"@id\":\"https:\/\/www.notibras.com\/site\/mortes-por-acao-policial-cresceram-13-em-2025-no-rio\/#primaryimage\"},\"image\":{\"@id\":\"https:\/\/www.notibras.com\/site\/mortes-por-acao-policial-cresceram-13-em-2025-no-rio\/#primaryimage\"},\"thumbnailUrl\":\"https:\/\/www.notibras.com\/site\/wp-content\/uploads\/2026\/01\/toms9678-2.webp\",\"datePublished\":\"2026-01-17T03:00:28+00:00\",\"dateModified\":\"2026-01-17T07:31:08+00:00\",\"breadcrumb\":{\"@id\":\"https:\/\/www.notibras.com\/site\/mortes-por-acao-policial-cresceram-13-em-2025-no-rio\/#breadcrumb\"},\"inLanguage\":\"pt-BR\",\"potentialAction\":[{\"@type\":\"ReadAction\",\"target\":[\"https:\/\/www.notibras.com\/site\/mortes-por-acao-policial-cresceram-13-em-2025-no-rio\/\"]}]},{\"@type\":\"ImageObject\",\"inLanguage\":\"pt-BR\",\"@id\":\"https:\/\/www.notibras.com\/site\/mortes-por-acao-policial-cresceram-13-em-2025-no-rio\/#primaryimage\",\"url\":\"https:\/\/www.notibras.com\/site\/wp-content\/uploads\/2026\/01\/toms9678-2.webp\",\"contentUrl\":\"https:\/\/www.notibras.com\/site\/wp-content\/uploads\/2026\/01\/toms9678-2.webp\",\"width\":1170,\"height\":700},{\"@type\":\"BreadcrumbList\",\"@id\":\"https:\/\/www.notibras.com\/site\/mortes-por-acao-policial-cresceram-13-em-2025-no-rio\/#breadcrumb\",\"itemListElement\":[{\"@type\":\"ListItem\",\"position\":1,\"name\":\"In\u00edcio\",\"item\":\"https:\/\/www.notibras.com\/site\/\"},{\"@type\":\"ListItem\",\"position\":2,\"name\":\"Mortes por a\u00e7\u00e3o policial cresceram 13% em 2025 no Rio\"}]},{\"@type\":\"WebSite\",\"@id\":\"https:\/\/www.notibras.com\/site\/#website\",\"url\":\"https:\/\/www.notibras.com\/site\/\",\"name\":\"Notibras\",\"description\":\"Not\u00edcias de Bras\u00edlia, do Brasil e do Mundo\",\"publisher\":{\"@id\":\"https:\/\/www.notibras.com\/site\/#organization\"},\"potentialAction\":[{\"@type\":\"SearchAction\",\"target\":{\"@type\":\"EntryPoint\",\"urlTemplate\":\"https:\/\/www.notibras.com\/site\/?s={search_term_string}\"},\"query-input\":{\"@type\":\"PropertyValueSpecification\",\"valueRequired\":true,\"valueName\":\"search_term_string\"}}],\"inLanguage\":\"pt-BR\"},{\"@type\":\"Organization\",\"@id\":\"https:\/\/www.notibras.com\/site\/#organization\",\"name\":\"Grupo Notibras de Comunica\u00e7\u00e3o\",\"url\":\"https:\/\/www.notibras.com\/site\/\",\"logo\":{\"@type\":\"ImageObject\",\"inLanguage\":\"pt-BR\",\"@id\":\"https:\/\/www.notibras.com\/site\/#\/schema\/logo\/image\/\",\"url\":\"https:\/\/www.notibras.com\/site\/wp-content\/uploads\/2023\/01\/notibras23.png\",\"contentUrl\":\"https:\/\/www.notibras.com\/site\/wp-content\/uploads\/2023\/01\/notibras23.png\",\"width\":350,\"height\":87,\"caption\":\"Grupo Notibras de Comunica\u00e7\u00e3o\"},\"image\":{\"@id\":\"https:\/\/www.notibras.com\/site\/#\/schema\/logo\/image\/\"},\"sameAs\":[\"https:\/\/www.facebook.com\/notibras\/\",\"https:\/\/x.com\/Notibras\",\"https:\/\/www.instagram.com\/notibras\/\"]},{\"@type\":\"Person\",\"@id\":\"https:\/\/www.notibras.com\/site\/#\/schema\/person\/36ab0979449956132d3e5b517ea76ac8\",\"name\":\"Reda\u00e7\u00e3o\",\"image\":{\"@type\":\"ImageObject\",\"inLanguage\":\"pt-BR\",\"@id\":\"https:\/\/secure.gravatar.com\/avatar\/e0a867bdedb85fd243eadf09663511f96fc81e0720a4a42581f334ad4303aa6b?s=96&d=mm&r=g\",\"url\":\"https:\/\/secure.gravatar.com\/avatar\/e0a867bdedb85fd243eadf09663511f96fc81e0720a4a42581f334ad4303aa6b?s=96&d=mm&r=g\",\"contentUrl\":\"https:\/\/secure.gravatar.com\/avatar\/e0a867bdedb85fd243eadf09663511f96fc81e0720a4a42581f334ad4303aa6b?s=96&d=mm&r=g\",\"caption\":\"Reda\u00e7\u00e3o\"}}]}<\/script>\n<!-- \/ Yoast SEO plugin. -->","yoast_head_json":{"title":"Mortes por a\u00e7\u00e3o policial cresceram 13% em 2025 no Rio - Notibras","robots":{"index":"index","follow":"follow","max-snippet":"max-snippet:-1","max-image-preview":"max-image-preview:large","max-video-preview":"max-video-preview:-1"},"canonical":"https:\/\/www.notibras.com\/site\/mortes-por-acao-policial-cresceram-13-em-2025-no-rio\/","og_locale":"pt_BR","og_type":"article","og_title":"Mortes por a\u00e7\u00e3o policial cresceram 13% em 2025 no Rio - Notibras","og_description":"Em 2025, 797 pessoas morreram em decorr\u00eancia de interven\u00e7\u00e3o policial em todo o estado do Rio de Janeiro, o que representa um aumento de 13% em rela\u00e7\u00e3o \u00e0s 703 mortes registradas em 2024. Os dados foram divulgados nesta sexta-feira (16) pelo Instituto de Seguran\u00e7a P\u00fablica (ISP) do governo do estado do Rio de Janeiro. Ao [&hellip;]","og_url":"https:\/\/www.notibras.com\/site\/mortes-por-acao-policial-cresceram-13-em-2025-no-rio\/","og_site_name":"Notibras","article_publisher":"https:\/\/www.facebook.com\/notibras\/","article_published_time":"2026-01-17T03:00:28+00:00","article_modified_time":"2026-01-17T07:31:08+00:00","og_image":[{"width":1170,"height":700,"url":"https:\/\/www.notibras.com\/site\/wp-content\/uploads\/2026\/01\/toms9678-2.webp","type":"image\/webp"}],"author":"Reda\u00e7\u00e3o","twitter_card":"summary_large_image","twitter_creator":"@Notibras","twitter_site":"@Notibras","twitter_misc":{"Escrito por":"Reda\u00e7\u00e3o","Est. tempo de leitura":"3 minutos"},"schema":{"@context":"https:\/\/schema.org","@graph":[{"@type":"Article","@id":"https:\/\/www.notibras.com\/site\/mortes-por-acao-policial-cresceram-13-em-2025-no-rio\/#article","isPartOf":{"@id":"https:\/\/www.notibras.com\/site\/mortes-por-acao-policial-cresceram-13-em-2025-no-rio\/"},"author":{"name":"Reda\u00e7\u00e3o","@id":"https:\/\/www.notibras.com\/site\/#\/schema\/person\/36ab0979449956132d3e5b517ea76ac8"},"headline":"Mortes por a\u00e7\u00e3o policial cresceram 13% em 2025 no Rio","datePublished":"2026-01-17T03:00:28+00:00","dateModified":"2026-01-17T07:31:08+00:00","mainEntityOfPage":{"@id":"https:\/\/www.notibras.com\/site\/mortes-por-acao-policial-cresceram-13-em-2025-no-rio\/"},"wordCount":500,"publisher":{"@id":"https:\/\/www.notibras.com\/site\/#organization"},"image":{"@id":"https:\/\/www.notibras.com\/site\/mortes-por-acao-policial-cresceram-13-em-2025-no-rio\/#primaryimage"},"thumbnailUrl":"https:\/\/www.notibras.com\/site\/wp-content\/uploads\/2026\/01\/toms9678-2.webp","articleSection":["Brasil"],"inLanguage":"pt-BR"},{"@type":"WebPage","@id":"https:\/\/www.notibras.com\/site\/mortes-por-acao-policial-cresceram-13-em-2025-no-rio\/","url":"https:\/\/www.notibras.com\/site\/mortes-por-acao-policial-cresceram-13-em-2025-no-rio\/","name":"Mortes por a\u00e7\u00e3o policial cresceram 13% em 2025 no Rio - Notibras","isPartOf":{"@id":"https:\/\/www.notibras.com\/site\/#website"},"primaryImageOfPage":{"@id":"https:\/\/www.notibras.com\/site\/mortes-por-acao-policial-cresceram-13-em-2025-no-rio\/#primaryimage"},"image":{"@id":"https:\/\/www.notibras.com\/site\/mortes-por-acao-policial-cresceram-13-em-2025-no-rio\/#primaryimage"},"thumbnailUrl":"https:\/\/www.notibras.com\/site\/wp-content\/uploads\/2026\/01\/toms9678-2.webp","datePublished":"2026-01-17T03:00:28+00:00","dateModified":"2026-01-17T07:31:08+00:00","breadcrumb":{"@id":"https:\/\/www.notibras.com\/site\/mortes-por-acao-policial-cresceram-13-em-2025-no-rio\/#breadcrumb"},"inLanguage":"pt-BR","potentialAction":[{"@type":"ReadAction","target":["https:\/\/www.notibras.com\/site\/mortes-por-acao-policial-cresceram-13-em-2025-no-rio\/"]}]},{"@type":"ImageObject","inLanguage":"pt-BR","@id":"https:\/\/www.notibras.com\/site\/mortes-por-acao-policial-cresceram-13-em-2025-no-rio\/#primaryimage","url":"https:\/\/www.notibras.com\/site\/wp-content\/uploads\/2026\/01\/toms9678-2.webp","contentUrl":"https:\/\/www.notibras.com\/site\/wp-content\/uploads\/2026\/01\/toms9678-2.webp","width":1170,"height":700},{"@type":"BreadcrumbList","@id":"https:\/\/www.notibras.com\/site\/mortes-por-acao-policial-cresceram-13-em-2025-no-rio\/#breadcrumb","itemListElement":[{"@type":"ListItem","position":1,"name":"In\u00edcio","item":"https:\/\/www.notibras.com\/site\/"},{"@type":"ListItem","position":2,"name":"Mortes por a\u00e7\u00e3o policial cresceram 13% em 2025 no Rio"}]},{"@type":"WebSite","@id":"https:\/\/www.notibras.com\/site\/#website","url":"https:\/\/www.notibras.com\/site\/","name":"Notibras","description":"Not\u00edcias de Bras\u00edlia, do Brasil e do Mundo","publisher":{"@id":"https:\/\/www.notibras.com\/site\/#organization"},"potentialAction":[{"@type":"SearchAction","target":{"@type":"EntryPoint","urlTemplate":"https:\/\/www.notibras.com\/site\/?s={search_term_string}"},"query-input":{"@type":"PropertyValueSpecification","valueRequired":true,"valueName":"search_term_string"}}],"inLanguage":"pt-BR"},{"@type":"Organization","@id":"https:\/\/www.notibras.com\/site\/#organization","name":"Grupo Notibras de Comunica\u00e7\u00e3o","url":"https:\/\/www.notibras.com\/site\/","logo":{"@type":"ImageObject","inLanguage":"pt-BR","@id":"https:\/\/www.notibras.com\/site\/#\/schema\/logo\/image\/","url":"https:\/\/www.notibras.com\/site\/wp-content\/uploads\/2023\/01\/notibras23.png","contentUrl":"https:\/\/www.notibras.com\/site\/wp-content\/uploads\/2023\/01\/notibras23.png","width":350,"height":87,"caption":"Grupo Notibras de Comunica\u00e7\u00e3o"},"image":{"@id":"https:\/\/www.notibras.com\/site\/#\/schema\/logo\/image\/"},"sameAs":["https:\/\/www.facebook.com\/notibras\/","https:\/\/x.com\/Notibras","https:\/\/www.instagram.com\/notibras\/"]},{"@type":"Person","@id":"https:\/\/www.notibras.com\/site\/#\/schema\/person\/36ab0979449956132d3e5b517ea76ac8","name":"Reda\u00e7\u00e3o","image":{"@type":"ImageObject","inLanguage":"pt-BR","@id":"https:\/\/secure.gravatar.com\/avatar\/e0a867bdedb85fd243eadf09663511f96fc81e0720a4a42581f334ad4303aa6b?s=96&d=mm&r=g","url":"https:\/\/secure.gravatar.com\/avatar\/e0a867bdedb85fd243eadf09663511f96fc81e0720a4a42581f334ad4303aa6b?s=96&d=mm&r=g","contentUrl":"https:\/\/secure.gravatar.com\/avatar\/e0a867bdedb85fd243eadf09663511f96fc81e0720a4a42581f334ad4303aa6b?s=96&d=mm&r=g","caption":"Reda\u00e7\u00e3o"}}]}},"amp_enabled":true,"_links":{"self":[{"href":"https:\/\/www.notibras.com\/site\/wp-json\/wp\/v2\/posts\/379364","targetHints":{"allow":["GET"]}}],"collection":[{"href":"https:\/\/www.notibras.com\/site\/wp-json\/wp\/v2\/posts"}],"about":[{"href":"https:\/\/www.notibras.com\/site\/wp-json\/wp\/v2\/types\/post"}],"author":[{"embeddable":true,"href":"https:\/\/www.notibras.com\/site\/wp-json\/wp\/v2\/users\/2"}],"replies":[{"embeddable":true,"href":"https:\/\/www.notibras.com\/site\/wp-json\/wp\/v2\/comments?post=379364"}],"version-history":[{"count":1,"href":"https:\/\/www.notibras.com\/site\/wp-json\/wp\/v2\/posts\/379364\/revisions"}],"predecessor-version":[{"id":379366,"href":"https:\/\/www.notibras.com\/site\/wp-json\/wp\/v2\/posts\/379364\/revisions\/379366"}],"wp:featuredmedia":[{"embeddable":true,"href":"https:\/\/www.notibras.com\/site\/wp-json\/wp\/v2\/media\/379365"}],"wp:attachment":[{"href":"https:\/\/www.notibras.com\/site\/wp-json\/wp\/v2\/media?parent=379364"}],"wp:term":[{"taxonomy":"category","embeddable":true,"href":"https:\/\/www.notibras.com\/site\/wp-json\/wp\/v2\/categories?post=379364"},{"taxonomy":"post_tag","embeddable":true,"href":"https:\/\/www.notibras.com\/site\/wp-json\/wp\/v2\/tags?post=379364"}],"curies":[{"name":"wp","href":"https:\/\/api.w.org\/{rel}","templated":true}]}}