{"id":379367,"date":"2026-01-17T00:00:25","date_gmt":"2026-01-17T03:00:25","guid":{"rendered":"https:\/\/www.notibras.com\/site\/?p=379367"},"modified":"2026-01-17T04:35:06","modified_gmt":"2026-01-17T07:35:06","slug":"chuvas-abaixo-da-media-agravam-seca-e-esvaziam-reservatorios","status":"publish","type":"post","link":"https:\/\/www.notibras.com\/site\/chuvas-abaixo-da-media-agravam-seca-e-esvaziam-reservatorios\/","title":{"rendered":"Chuvas abaixo da m\u00e9dia agravam seca e esvaziam reservat\u00f3rios"},"content":{"rendered":"<p>A m\u00e9dia de chuvas em praticamente todas as esta\u00e7\u00f5es de medi\u00e7\u00e3o da regi\u00e3o metropolitana de S\u00e3o Paulo est\u00e1 abaixo da m\u00e9dia hist\u00f3rica para janeiro e tende a se manter assim durante todo o primeiro trimestre do ano, com exce\u00e7\u00e3o do posto de medi\u00e7\u00e3o do Mirante de Santana, na zona norte da capital, que j\u00e1 superou a m\u00e9dia para janeiro.<\/p>\n<p>A situa\u00e7\u00e3o se deve \u00e0 dificuldade de avan\u00e7o de frentes frias, vindas do Sul, e da umidade vinda pelo Oeste, originada do Atl\u00e2ntico e da Amaz\u00f4nia, condi\u00e7\u00f5es que t\u00eam rela\u00e7\u00e3o com a alta an\u00f4mala causada pela persist\u00eancia do fen\u00f4meno La Ni\u00f1a no Oceano Pac\u00edfico.<\/p>\n<p>Com a influ\u00eancia do La Ni\u00f1a, confirmada pelo Instituto Nacional de Meteorologia (Inmet), a condi\u00e7\u00e3o de seca em todo o estado de S\u00e3o Paulo se agrava. O estado j\u00e1 est\u00e1 em condi\u00e7\u00e3o de seca severa ou extrema desde janeiro de 2024, com exce\u00e7\u00e3o do norte, com seca severa nos \u00faltimos 12 meses. As demais regi\u00f5es do estado s\u00e3o consideradas pelo Inmet como em condi\u00e7\u00e3o de seca extrema nos \u00faltimos 12 meses.<\/p>\n<p>O ano de 2025 j\u00e1 foi considerado seco pelo \u00f3rg\u00e3o, uma vez que as chuvas de ver\u00e3o (2024-2025) n\u00e3o foram suficientes para repor o estoque de \u00e1gua no solo.<\/p>\n<p>&#8220;No primeiro trimestre teremos chuva abaixo da m\u00e9dia em toda a regi\u00e3o entre a sul da mesorregi\u00e3o de Bauru, regi\u00e3o de Itapetininga e regi\u00e3o metropolitana&#8221;, disse o meteorologista Leydson Dantas, do Inmet. Ele esclarece ainda que h\u00e1 possibilidade de melhora a partir do segundo semestre, com o enfraquecimento do fen\u00f4meno, condi\u00e7\u00e3o considerada 75% prov\u00e1vel pelo National Oceanic and Atmospheric Administration (Noaa), \u00f3rg\u00e3o do governo dos Estados Unidos que monitora as \u00e1guas do Pac\u00edfico e sua influ\u00eancia no clima mundial.<\/p>\n<p>Tamb\u00e9m \u00e9 esperado, segundo o pesquisador, uma concentra\u00e7\u00e3o excepcional de chuvas na Regi\u00e3o Sul do pa\u00eds, incluindo o litoral paranaense, Santa Catarina e principalmente o Rio Grande do Sul, al\u00e9m dos vizinhos Argentina e Uruguai, enquanto o La Ni\u00f1a mantiver for\u00e7a.<\/p>\n<p>A situa\u00e7\u00e3o de escassez h\u00eddrica j\u00e1 tem impactos de curto prazo em todo o estado de S\u00e3o Paulo e de longo prazo nas por\u00e7\u00f5es noroeste e leste, segundo o monitoramento mensal da Ag\u00eancia Nacional de \u00c1guas (ANA).<\/p>\n<p>Os reservat\u00f3rios que abastecem a capital e os demais munic\u00edpios da regi\u00e3o metropolitana est\u00e3o em n\u00edveis cr\u00edticos. Na medi\u00e7\u00e3o desta sexta-feira (16), o Sistema Integrado Metropolitano, monitorado pela Sabesp, estava com 27,7% de sua capacidade, mesma quantidade de 16 de janeiro de 2016, quando se recuperava da seca hist\u00f3rica de 2015, e superior ao volume de 16 de janeiro de 2014.<\/p>\n<p>O monitoramento da ANA no sistema Cantareira, com 19,39% do volume de seus reservat\u00f3rios, \u00e9 o maior manancial da regi\u00e3o, sendo respons\u00e1vel por mais de 40% do volume total do sistema. O reservat\u00f3rio de Jaguari-Jacare\u00ed, que por sua vez det\u00e9m em torno de 85% do pr\u00f3prio Cantareira, est\u00e1 com apenas 16,89% de sua capacidade.<\/p>\n<p>Segundo a Sabesp, o enfrentamento da crise est\u00e1 acontecendo com a amplia\u00e7\u00e3o da capta\u00e7\u00e3o, que aumentou no sistema Alto Tiet\u00ea, que somou \u00e0s suas \u00e1guas o volume captado do Rio Itapanha\u00fa, e investimentos em moderniza\u00e7\u00e3o de equipamentos e medidas para diminuir o desperd\u00edcio do sistema, como tubula\u00e7\u00f5es, esta\u00e7\u00f5es de tratamento e uma esta\u00e7\u00e3o de bombeamento.<\/p>\n<p>A companhia informou que tem diminu\u00eddo ou cessado o abastecimento na regi\u00e3o durante o per\u00edodo noturno desde o final de agosto de 2025.<\/p>\n<p>Os investimentos, por sua vez, n\u00e3o diminuem a gravidade do momento. Segundo a pr\u00f3pria Sabesp, em nota, &#8220;a regi\u00e3o metropolitana de S\u00e3o Paulo enfrenta uma situa\u00e7\u00e3o h\u00eddrica historicamente desafiadora\u201d.<\/p>\n<p>\u201cA disponibilidade h\u00eddrica per capita local \u00e9 extremamente baixa, em torno de 149 m\u00b3 por habitante ao ano, compar\u00e1vel a regi\u00f5es semi\u00e1ridas e muito abaixo do recomendado internacionalmente. Esse quadro se deve \u00e0 grande concentra\u00e7\u00e3o populacional e \u00e0 limitada oferta natural de \u00e1gua na bacia\u201d, explica a Sabesp.<\/p>\n<p>Ainda segundo a empresa, \u201cem 2025, a regi\u00e3o atravessou uma das piores estiagens em 10 anos, com \u00edndices de chuva entre 40% e 70% abaixo da m\u00e9dia e vaz\u00f5es afluentes drasticamente reduzidas\u201d.<\/p>\n<p>De acordo com a Sabesp, \u201cos efeitos das mudan\u00e7as clim\u00e1ticas j\u00e1 s\u00e3o evidentes, com chuvas cada vez mais irregulares, ondas de calor mais frequentes e demanda elevada agravam a escassez h\u00eddrica&#8221;.<\/p>\n","protected":false},"excerpt":{"rendered":"<p>A m\u00e9dia de chuvas em praticamente todas as esta\u00e7\u00f5es de medi\u00e7\u00e3o da regi\u00e3o metropolitana de S\u00e3o Paulo est\u00e1 abaixo da m\u00e9dia hist\u00f3rica para janeiro e tende a se manter assim durante todo o primeiro trimestre do ano, com exce\u00e7\u00e3o do posto de medi\u00e7\u00e3o do Mirante de Santana, na zona norte da capital, que j\u00e1 superou [&hellip;]<\/p>\n","protected":false},"author":2,"featured_media":379368,"comment_status":"closed","ping_status":"closed","sticky":false,"template":"","format":"standard","meta":{"_acf_changed":false,"footnotes":""},"categories":[16],"tags":[],"class_list":["post-379367","post","type-post","status-publish","format-standard","has-post-thumbnail","hentry","category-brasil"],"acf":[],"yoast_head":"<!-- This site is optimized with the Yoast SEO plugin v27.2 - https:\/\/yoast.com\/product\/yoast-seo-wordpress\/ -->\n<title>Chuvas abaixo da m\u00e9dia agravam seca e esvaziam reservat\u00f3rios - Notibras<\/title>\n<meta name=\"robots\" content=\"index, follow, max-snippet:-1, max-image-preview:large, max-video-preview:-1\" \/>\n<link rel=\"canonical\" href=\"https:\/\/www.notibras.com\/site\/chuvas-abaixo-da-media-agravam-seca-e-esvaziam-reservatorios\/\" \/>\n<meta property=\"og:locale\" content=\"pt_BR\" \/>\n<meta property=\"og:type\" content=\"article\" \/>\n<meta property=\"og:title\" content=\"Chuvas abaixo da m\u00e9dia agravam seca e esvaziam reservat\u00f3rios - Notibras\" \/>\n<meta property=\"og:description\" content=\"A m\u00e9dia de chuvas em praticamente todas as esta\u00e7\u00f5es de medi\u00e7\u00e3o da regi\u00e3o metropolitana de S\u00e3o Paulo est\u00e1 abaixo da m\u00e9dia hist\u00f3rica para janeiro e tende a se manter assim durante todo o primeiro trimestre do ano, com exce\u00e7\u00e3o do posto de medi\u00e7\u00e3o do Mirante de Santana, na zona norte da capital, que j\u00e1 superou [&hellip;]\" \/>\n<meta property=\"og:url\" content=\"https:\/\/www.notibras.com\/site\/chuvas-abaixo-da-media-agravam-seca-e-esvaziam-reservatorios\/\" \/>\n<meta property=\"og:site_name\" content=\"Notibras\" \/>\n<meta property=\"article:publisher\" content=\"https:\/\/www.facebook.com\/notibras\/\" \/>\n<meta property=\"article:published_time\" content=\"2026-01-17T03:00:25+00:00\" \/>\n<meta property=\"article:modified_time\" content=\"2026-01-17T07:35:06+00:00\" \/>\n<meta property=\"og:image\" content=\"https:\/\/www.notibras.com\/site\/wp-content\/uploads\/2026\/01\/o-chamado-volume-morto-do-sistema-cantareira-comeca-a-ser-usado-divulgacao-sabesp.webp\" \/>\n\t<meta property=\"og:image:width\" content=\"1170\" \/>\n\t<meta property=\"og:image:height\" content=\"700\" \/>\n\t<meta property=\"og:image:type\" content=\"image\/webp\" \/>\n<meta name=\"author\" content=\"Reda\u00e7\u00e3o\" \/>\n<meta name=\"twitter:card\" content=\"summary_large_image\" \/>\n<meta name=\"twitter:creator\" content=\"@Notibras\" \/>\n<meta name=\"twitter:site\" content=\"@Notibras\" \/>\n<meta name=\"twitter:label1\" content=\"Escrito por\" \/>\n\t<meta name=\"twitter:data1\" content=\"Reda\u00e7\u00e3o\" \/>\n\t<meta name=\"twitter:label2\" content=\"Est. tempo de leitura\" \/>\n\t<meta name=\"twitter:data2\" content=\"5 minutos\" \/>\n<script type=\"application\/ld+json\" class=\"yoast-schema-graph\">{\"@context\":\"https:\/\/schema.org\",\"@graph\":[{\"@type\":\"Article\",\"@id\":\"https:\/\/www.notibras.com\/site\/chuvas-abaixo-da-media-agravam-seca-e-esvaziam-reservatorios\/#article\",\"isPartOf\":{\"@id\":\"https:\/\/www.notibras.com\/site\/chuvas-abaixo-da-media-agravam-seca-e-esvaziam-reservatorios\/\"},\"author\":{\"name\":\"Reda\u00e7\u00e3o\",\"@id\":\"https:\/\/www.notibras.com\/site\/#\/schema\/person\/36ab0979449956132d3e5b517ea76ac8\"},\"headline\":\"Chuvas abaixo da m\u00e9dia agravam seca e esvaziam reservat\u00f3rios\",\"datePublished\":\"2026-01-17T03:00:25+00:00\",\"dateModified\":\"2026-01-17T07:35:06+00:00\",\"mainEntityOfPage\":{\"@id\":\"https:\/\/www.notibras.com\/site\/chuvas-abaixo-da-media-agravam-seca-e-esvaziam-reservatorios\/\"},\"wordCount\":775,\"publisher\":{\"@id\":\"https:\/\/www.notibras.com\/site\/#organization\"},\"image\":{\"@id\":\"https:\/\/www.notibras.com\/site\/chuvas-abaixo-da-media-agravam-seca-e-esvaziam-reservatorios\/#primaryimage\"},\"thumbnailUrl\":\"https:\/\/www.notibras.com\/site\/wp-content\/uploads\/2026\/01\/o-chamado-volume-morto-do-sistema-cantareira-comeca-a-ser-usado-divulgacao-sabesp.webp\",\"articleSection\":[\"Brasil\"],\"inLanguage\":\"pt-BR\"},{\"@type\":\"WebPage\",\"@id\":\"https:\/\/www.notibras.com\/site\/chuvas-abaixo-da-media-agravam-seca-e-esvaziam-reservatorios\/\",\"url\":\"https:\/\/www.notibras.com\/site\/chuvas-abaixo-da-media-agravam-seca-e-esvaziam-reservatorios\/\",\"name\":\"Chuvas abaixo da m\u00e9dia agravam seca e esvaziam reservat\u00f3rios - Notibras\",\"isPartOf\":{\"@id\":\"https:\/\/www.notibras.com\/site\/#website\"},\"primaryImageOfPage\":{\"@id\":\"https:\/\/www.notibras.com\/site\/chuvas-abaixo-da-media-agravam-seca-e-esvaziam-reservatorios\/#primaryimage\"},\"image\":{\"@id\":\"https:\/\/www.notibras.com\/site\/chuvas-abaixo-da-media-agravam-seca-e-esvaziam-reservatorios\/#primaryimage\"},\"thumbnailUrl\":\"https:\/\/www.notibras.com\/site\/wp-content\/uploads\/2026\/01\/o-chamado-volume-morto-do-sistema-cantareira-comeca-a-ser-usado-divulgacao-sabesp.webp\",\"datePublished\":\"2026-01-17T03:00:25+00:00\",\"dateModified\":\"2026-01-17T07:35:06+00:00\",\"breadcrumb\":{\"@id\":\"https:\/\/www.notibras.com\/site\/chuvas-abaixo-da-media-agravam-seca-e-esvaziam-reservatorios\/#breadcrumb\"},\"inLanguage\":\"pt-BR\",\"potentialAction\":[{\"@type\":\"ReadAction\",\"target\":[\"https:\/\/www.notibras.com\/site\/chuvas-abaixo-da-media-agravam-seca-e-esvaziam-reservatorios\/\"]}]},{\"@type\":\"ImageObject\",\"inLanguage\":\"pt-BR\",\"@id\":\"https:\/\/www.notibras.com\/site\/chuvas-abaixo-da-media-agravam-seca-e-esvaziam-reservatorios\/#primaryimage\",\"url\":\"https:\/\/www.notibras.com\/site\/wp-content\/uploads\/2026\/01\/o-chamado-volume-morto-do-sistema-cantareira-comeca-a-ser-usado-divulgacao-sabesp.webp\",\"contentUrl\":\"https:\/\/www.notibras.com\/site\/wp-content\/uploads\/2026\/01\/o-chamado-volume-morto-do-sistema-cantareira-comeca-a-ser-usado-divulgacao-sabesp.webp\",\"width\":1170,\"height\":700},{\"@type\":\"BreadcrumbList\",\"@id\":\"https:\/\/www.notibras.com\/site\/chuvas-abaixo-da-media-agravam-seca-e-esvaziam-reservatorios\/#breadcrumb\",\"itemListElement\":[{\"@type\":\"ListItem\",\"position\":1,\"name\":\"In\u00edcio\",\"item\":\"https:\/\/www.notibras.com\/site\/\"},{\"@type\":\"ListItem\",\"position\":2,\"name\":\"Chuvas abaixo da m\u00e9dia agravam seca e esvaziam reservat\u00f3rios\"}]},{\"@type\":\"WebSite\",\"@id\":\"https:\/\/www.notibras.com\/site\/#website\",\"url\":\"https:\/\/www.notibras.com\/site\/\",\"name\":\"Notibras\",\"description\":\"Not\u00edcias de Bras\u00edlia, do Brasil e do Mundo\",\"publisher\":{\"@id\":\"https:\/\/www.notibras.com\/site\/#organization\"},\"potentialAction\":[{\"@type\":\"SearchAction\",\"target\":{\"@type\":\"EntryPoint\",\"urlTemplate\":\"https:\/\/www.notibras.com\/site\/?s={search_term_string}\"},\"query-input\":{\"@type\":\"PropertyValueSpecification\",\"valueRequired\":true,\"valueName\":\"search_term_string\"}}],\"inLanguage\":\"pt-BR\"},{\"@type\":\"Organization\",\"@id\":\"https:\/\/www.notibras.com\/site\/#organization\",\"name\":\"Grupo Notibras de Comunica\u00e7\u00e3o\",\"url\":\"https:\/\/www.notibras.com\/site\/\",\"logo\":{\"@type\":\"ImageObject\",\"inLanguage\":\"pt-BR\",\"@id\":\"https:\/\/www.notibras.com\/site\/#\/schema\/logo\/image\/\",\"url\":\"https:\/\/www.notibras.com\/site\/wp-content\/uploads\/2023\/01\/notibras23.png\",\"contentUrl\":\"https:\/\/www.notibras.com\/site\/wp-content\/uploads\/2023\/01\/notibras23.png\",\"width\":350,\"height\":87,\"caption\":\"Grupo Notibras de Comunica\u00e7\u00e3o\"},\"image\":{\"@id\":\"https:\/\/www.notibras.com\/site\/#\/schema\/logo\/image\/\"},\"sameAs\":[\"https:\/\/www.facebook.com\/notibras\/\",\"https:\/\/x.com\/Notibras\",\"https:\/\/www.instagram.com\/notibras\/\"]},{\"@type\":\"Person\",\"@id\":\"https:\/\/www.notibras.com\/site\/#\/schema\/person\/36ab0979449956132d3e5b517ea76ac8\",\"name\":\"Reda\u00e7\u00e3o\",\"image\":{\"@type\":\"ImageObject\",\"inLanguage\":\"pt-BR\",\"@id\":\"https:\/\/secure.gravatar.com\/avatar\/e0a867bdedb85fd243eadf09663511f96fc81e0720a4a42581f334ad4303aa6b?s=96&d=mm&r=g\",\"url\":\"https:\/\/secure.gravatar.com\/avatar\/e0a867bdedb85fd243eadf09663511f96fc81e0720a4a42581f334ad4303aa6b?s=96&d=mm&r=g\",\"contentUrl\":\"https:\/\/secure.gravatar.com\/avatar\/e0a867bdedb85fd243eadf09663511f96fc81e0720a4a42581f334ad4303aa6b?s=96&d=mm&r=g\",\"caption\":\"Reda\u00e7\u00e3o\"}}]}<\/script>\n<!-- \/ Yoast SEO plugin. -->","yoast_head_json":{"title":"Chuvas abaixo da m\u00e9dia agravam seca e esvaziam reservat\u00f3rios - Notibras","robots":{"index":"index","follow":"follow","max-snippet":"max-snippet:-1","max-image-preview":"max-image-preview:large","max-video-preview":"max-video-preview:-1"},"canonical":"https:\/\/www.notibras.com\/site\/chuvas-abaixo-da-media-agravam-seca-e-esvaziam-reservatorios\/","og_locale":"pt_BR","og_type":"article","og_title":"Chuvas abaixo da m\u00e9dia agravam seca e esvaziam reservat\u00f3rios - Notibras","og_description":"A m\u00e9dia de chuvas em praticamente todas as esta\u00e7\u00f5es de medi\u00e7\u00e3o da regi\u00e3o metropolitana de S\u00e3o Paulo est\u00e1 abaixo da m\u00e9dia hist\u00f3rica para janeiro e tende a se manter assim durante todo o primeiro trimestre do ano, com exce\u00e7\u00e3o do posto de medi\u00e7\u00e3o do Mirante de Santana, na zona norte da capital, que j\u00e1 superou [&hellip;]","og_url":"https:\/\/www.notibras.com\/site\/chuvas-abaixo-da-media-agravam-seca-e-esvaziam-reservatorios\/","og_site_name":"Notibras","article_publisher":"https:\/\/www.facebook.com\/notibras\/","article_published_time":"2026-01-17T03:00:25+00:00","article_modified_time":"2026-01-17T07:35:06+00:00","og_image":[{"width":1170,"height":700,"url":"https:\/\/www.notibras.com\/site\/wp-content\/uploads\/2026\/01\/o-chamado-volume-morto-do-sistema-cantareira-comeca-a-ser-usado-divulgacao-sabesp.webp","type":"image\/webp"}],"author":"Reda\u00e7\u00e3o","twitter_card":"summary_large_image","twitter_creator":"@Notibras","twitter_site":"@Notibras","twitter_misc":{"Escrito por":"Reda\u00e7\u00e3o","Est. tempo de leitura":"5 minutos"},"schema":{"@context":"https:\/\/schema.org","@graph":[{"@type":"Article","@id":"https:\/\/www.notibras.com\/site\/chuvas-abaixo-da-media-agravam-seca-e-esvaziam-reservatorios\/#article","isPartOf":{"@id":"https:\/\/www.notibras.com\/site\/chuvas-abaixo-da-media-agravam-seca-e-esvaziam-reservatorios\/"},"author":{"name":"Reda\u00e7\u00e3o","@id":"https:\/\/www.notibras.com\/site\/#\/schema\/person\/36ab0979449956132d3e5b517ea76ac8"},"headline":"Chuvas abaixo da m\u00e9dia agravam seca e esvaziam reservat\u00f3rios","datePublished":"2026-01-17T03:00:25+00:00","dateModified":"2026-01-17T07:35:06+00:00","mainEntityOfPage":{"@id":"https:\/\/www.notibras.com\/site\/chuvas-abaixo-da-media-agravam-seca-e-esvaziam-reservatorios\/"},"wordCount":775,"publisher":{"@id":"https:\/\/www.notibras.com\/site\/#organization"},"image":{"@id":"https:\/\/www.notibras.com\/site\/chuvas-abaixo-da-media-agravam-seca-e-esvaziam-reservatorios\/#primaryimage"},"thumbnailUrl":"https:\/\/www.notibras.com\/site\/wp-content\/uploads\/2026\/01\/o-chamado-volume-morto-do-sistema-cantareira-comeca-a-ser-usado-divulgacao-sabesp.webp","articleSection":["Brasil"],"inLanguage":"pt-BR"},{"@type":"WebPage","@id":"https:\/\/www.notibras.com\/site\/chuvas-abaixo-da-media-agravam-seca-e-esvaziam-reservatorios\/","url":"https:\/\/www.notibras.com\/site\/chuvas-abaixo-da-media-agravam-seca-e-esvaziam-reservatorios\/","name":"Chuvas abaixo da m\u00e9dia agravam seca e esvaziam reservat\u00f3rios - Notibras","isPartOf":{"@id":"https:\/\/www.notibras.com\/site\/#website"},"primaryImageOfPage":{"@id":"https:\/\/www.notibras.com\/site\/chuvas-abaixo-da-media-agravam-seca-e-esvaziam-reservatorios\/#primaryimage"},"image":{"@id":"https:\/\/www.notibras.com\/site\/chuvas-abaixo-da-media-agravam-seca-e-esvaziam-reservatorios\/#primaryimage"},"thumbnailUrl":"https:\/\/www.notibras.com\/site\/wp-content\/uploads\/2026\/01\/o-chamado-volume-morto-do-sistema-cantareira-comeca-a-ser-usado-divulgacao-sabesp.webp","datePublished":"2026-01-17T03:00:25+00:00","dateModified":"2026-01-17T07:35:06+00:00","breadcrumb":{"@id":"https:\/\/www.notibras.com\/site\/chuvas-abaixo-da-media-agravam-seca-e-esvaziam-reservatorios\/#breadcrumb"},"inLanguage":"pt-BR","potentialAction":[{"@type":"ReadAction","target":["https:\/\/www.notibras.com\/site\/chuvas-abaixo-da-media-agravam-seca-e-esvaziam-reservatorios\/"]}]},{"@type":"ImageObject","inLanguage":"pt-BR","@id":"https:\/\/www.notibras.com\/site\/chuvas-abaixo-da-media-agravam-seca-e-esvaziam-reservatorios\/#primaryimage","url":"https:\/\/www.notibras.com\/site\/wp-content\/uploads\/2026\/01\/o-chamado-volume-morto-do-sistema-cantareira-comeca-a-ser-usado-divulgacao-sabesp.webp","contentUrl":"https:\/\/www.notibras.com\/site\/wp-content\/uploads\/2026\/01\/o-chamado-volume-morto-do-sistema-cantareira-comeca-a-ser-usado-divulgacao-sabesp.webp","width":1170,"height":700},{"@type":"BreadcrumbList","@id":"https:\/\/www.notibras.com\/site\/chuvas-abaixo-da-media-agravam-seca-e-esvaziam-reservatorios\/#breadcrumb","itemListElement":[{"@type":"ListItem","position":1,"name":"In\u00edcio","item":"https:\/\/www.notibras.com\/site\/"},{"@type":"ListItem","position":2,"name":"Chuvas abaixo da m\u00e9dia agravam seca e esvaziam reservat\u00f3rios"}]},{"@type":"WebSite","@id":"https:\/\/www.notibras.com\/site\/#website","url":"https:\/\/www.notibras.com\/site\/","name":"Notibras","description":"Not\u00edcias de Bras\u00edlia, do Brasil e do Mundo","publisher":{"@id":"https:\/\/www.notibras.com\/site\/#organization"},"potentialAction":[{"@type":"SearchAction","target":{"@type":"EntryPoint","urlTemplate":"https:\/\/www.notibras.com\/site\/?s={search_term_string}"},"query-input":{"@type":"PropertyValueSpecification","valueRequired":true,"valueName":"search_term_string"}}],"inLanguage":"pt-BR"},{"@type":"Organization","@id":"https:\/\/www.notibras.com\/site\/#organization","name":"Grupo Notibras de Comunica\u00e7\u00e3o","url":"https:\/\/www.notibras.com\/site\/","logo":{"@type":"ImageObject","inLanguage":"pt-BR","@id":"https:\/\/www.notibras.com\/site\/#\/schema\/logo\/image\/","url":"https:\/\/www.notibras.com\/site\/wp-content\/uploads\/2023\/01\/notibras23.png","contentUrl":"https:\/\/www.notibras.com\/site\/wp-content\/uploads\/2023\/01\/notibras23.png","width":350,"height":87,"caption":"Grupo Notibras de Comunica\u00e7\u00e3o"},"image":{"@id":"https:\/\/www.notibras.com\/site\/#\/schema\/logo\/image\/"},"sameAs":["https:\/\/www.facebook.com\/notibras\/","https:\/\/x.com\/Notibras","https:\/\/www.instagram.com\/notibras\/"]},{"@type":"Person","@id":"https:\/\/www.notibras.com\/site\/#\/schema\/person\/36ab0979449956132d3e5b517ea76ac8","name":"Reda\u00e7\u00e3o","image":{"@type":"ImageObject","inLanguage":"pt-BR","@id":"https:\/\/secure.gravatar.com\/avatar\/e0a867bdedb85fd243eadf09663511f96fc81e0720a4a42581f334ad4303aa6b?s=96&d=mm&r=g","url":"https:\/\/secure.gravatar.com\/avatar\/e0a867bdedb85fd243eadf09663511f96fc81e0720a4a42581f334ad4303aa6b?s=96&d=mm&r=g","contentUrl":"https:\/\/secure.gravatar.com\/avatar\/e0a867bdedb85fd243eadf09663511f96fc81e0720a4a42581f334ad4303aa6b?s=96&d=mm&r=g","caption":"Reda\u00e7\u00e3o"}}]}},"amp_enabled":true,"_links":{"self":[{"href":"https:\/\/www.notibras.com\/site\/wp-json\/wp\/v2\/posts\/379367","targetHints":{"allow":["GET"]}}],"collection":[{"href":"https:\/\/www.notibras.com\/site\/wp-json\/wp\/v2\/posts"}],"about":[{"href":"https:\/\/www.notibras.com\/site\/wp-json\/wp\/v2\/types\/post"}],"author":[{"embeddable":true,"href":"https:\/\/www.notibras.com\/site\/wp-json\/wp\/v2\/users\/2"}],"replies":[{"embeddable":true,"href":"https:\/\/www.notibras.com\/site\/wp-json\/wp\/v2\/comments?post=379367"}],"version-history":[{"count":1,"href":"https:\/\/www.notibras.com\/site\/wp-json\/wp\/v2\/posts\/379367\/revisions"}],"predecessor-version":[{"id":379369,"href":"https:\/\/www.notibras.com\/site\/wp-json\/wp\/v2\/posts\/379367\/revisions\/379369"}],"wp:featuredmedia":[{"embeddable":true,"href":"https:\/\/www.notibras.com\/site\/wp-json\/wp\/v2\/media\/379368"}],"wp:attachment":[{"href":"https:\/\/www.notibras.com\/site\/wp-json\/wp\/v2\/media?parent=379367"}],"wp:term":[{"taxonomy":"category","embeddable":true,"href":"https:\/\/www.notibras.com\/site\/wp-json\/wp\/v2\/categories?post=379367"},{"taxonomy":"post_tag","embeddable":true,"href":"https:\/\/www.notibras.com\/site\/wp-json\/wp\/v2\/tags?post=379367"}],"curies":[{"name":"wp","href":"https:\/\/api.w.org\/{rel}","templated":true}]}}