{"id":379381,"date":"2026-01-17T00:00:31","date_gmt":"2026-01-17T03:00:31","guid":{"rendered":"https:\/\/www.notibras.com\/site\/?p=379381"},"modified":"2026-01-17T09:29:56","modified_gmt":"2026-01-17T12:29:56","slug":"febre-do-patinete-vira-epidemia-na-capital-potiguar","status":"publish","type":"post","link":"https:\/\/www.notibras.com\/site\/febre-do-patinete-vira-epidemia-na-capital-potiguar\/","title":{"rendered":"Febre do patinete vira epidemia na capital potiguar"},"content":{"rendered":"<p>Natal registrou 339,2 mil viagens de patinetes el\u00e9tricos desde o in\u00edcio da opera\u00e7\u00e3o na cidade, em setembro do ano passado. Os dados foram compartilhados pela JET, empresa respons\u00e1vel pelos equipamentos.<\/p>\n<p>&#8220;Observamos que nos primeiros dois meses houve um &#8216;boom&#8217;, o que \u00e9 natural enquanto novidade. Com o tempo, mant\u00e9m-se agora uma constante de usu\u00e1rios como p\u00fablico fidelizado&#8221;, avalia o assessor da JET, Lincoln Silva.<\/p>\n<p>De acordo com a empresa, o servi\u00e7o registrou mais de 12 milh\u00f5es de viagens em todo o Brasil em 2025, sendo Natal respons\u00e1vel por 4% desse total.<\/p>\n<p>Segundo Lincoln Silva, ap\u00f3s o frenesi inicial, as viagens passaram a se tratar cada vez mais daquelas conduzidas por assinantes, sendo, no geral, um perfil de pessoas que utilizam o servi\u00e7o no dia a dia do trabalho.<\/p>\n<p>As viagens em dezembro tiveram, em m\u00e9dia, 2,1 quil\u00f4metros de dist\u00e2ncia percorrida e 18 minutos de uso.<\/p>\n","protected":false},"excerpt":{"rendered":"<p>Natal registrou 339,2 mil viagens de patinetes el\u00e9tricos desde o in\u00edcio da opera\u00e7\u00e3o na cidade, em setembro do ano passado. Os dados foram compartilhados pela JET, empresa respons\u00e1vel pelos equipamentos. &#8220;Observamos que nos primeiros dois meses houve um &#8216;boom&#8217;, o que \u00e9 natural enquanto novidade. Com o tempo, mant\u00e9m-se agora uma constante de usu\u00e1rios como [&hellip;]<\/p>\n","protected":false},"author":2,"featured_media":379382,"comment_status":"closed","ping_status":"closed","sticky":false,"template":"","format":"standard","meta":{"_acf_changed":false,"footnotes":""},"categories":[165],"tags":[],"class_list":["post-379381","post","type-post","status-publish","format-standard","has-post-thumbnail","hentry","category-nordeste"],"acf":[],"yoast_head":"<!-- This site is optimized with the Yoast SEO plugin v27.2 - https:\/\/yoast.com\/product\/yoast-seo-wordpress\/ -->\n<title>Febre do patinete vira epidemia na capital potiguar - Notibras<\/title>\n<meta name=\"robots\" content=\"index, follow, max-snippet:-1, max-image-preview:large, max-video-preview:-1\" \/>\n<link rel=\"canonical\" href=\"https:\/\/www.notibras.com\/site\/febre-do-patinete-vira-epidemia-na-capital-potiguar\/\" \/>\n<meta property=\"og:locale\" content=\"pt_BR\" \/>\n<meta property=\"og:type\" content=\"article\" \/>\n<meta property=\"og:title\" content=\"Febre do patinete vira epidemia na capital potiguar - Notibras\" \/>\n<meta property=\"og:description\" content=\"Natal registrou 339,2 mil viagens de patinetes el\u00e9tricos desde o in\u00edcio da opera\u00e7\u00e3o na cidade, em setembro do ano passado. Os dados foram compartilhados pela JET, empresa respons\u00e1vel pelos equipamentos. &#8220;Observamos que nos primeiros dois meses houve um &#8216;boom&#8217;, o que \u00e9 natural enquanto novidade. Com o tempo, mant\u00e9m-se agora uma constante de usu\u00e1rios como [&hellip;]\" \/>\n<meta property=\"og:url\" content=\"https:\/\/www.notibras.com\/site\/febre-do-patinete-vira-epidemia-na-capital-potiguar\/\" \/>\n<meta property=\"og:site_name\" content=\"Notibras\" \/>\n<meta property=\"article:publisher\" content=\"https:\/\/www.facebook.com\/notibras\/\" \/>\n<meta property=\"article:published_time\" content=\"2026-01-17T03:00:31+00:00\" \/>\n<meta property=\"article:modified_time\" content=\"2026-01-17T12:29:56+00:00\" \/>\n<meta property=\"og:image\" content=\"https:\/\/www.notibras.com\/site\/wp-content\/uploads\/2026\/01\/0abb106f-6663-4221-884a-eefc0c1ed89b.jpg\" \/>\n\t<meta property=\"og:image:width\" content=\"984\" \/>\n\t<meta property=\"og:image:height\" content=\"738\" \/>\n\t<meta property=\"og:image:type\" content=\"image\/jpeg\" \/>\n<meta name=\"author\" content=\"Reda\u00e7\u00e3o\" \/>\n<meta name=\"twitter:card\" content=\"summary_large_image\" \/>\n<meta name=\"twitter:creator\" content=\"@Notibras\" \/>\n<meta name=\"twitter:site\" content=\"@Notibras\" \/>\n<meta name=\"twitter:label1\" content=\"Escrito por\" \/>\n\t<meta name=\"twitter:data1\" content=\"Reda\u00e7\u00e3o\" \/>\n\t<meta name=\"twitter:label2\" content=\"Est. tempo de leitura\" \/>\n\t<meta name=\"twitter:data2\" content=\"2 minutos\" \/>\n<script type=\"application\/ld+json\" class=\"yoast-schema-graph\">{\"@context\":\"https:\/\/schema.org\",\"@graph\":[{\"@type\":\"Article\",\"@id\":\"https:\/\/www.notibras.com\/site\/febre-do-patinete-vira-epidemia-na-capital-potiguar\/#article\",\"isPartOf\":{\"@id\":\"https:\/\/www.notibras.com\/site\/febre-do-patinete-vira-epidemia-na-capital-potiguar\/\"},\"author\":{\"name\":\"Reda\u00e7\u00e3o\",\"@id\":\"https:\/\/www.notibras.com\/site\/#\/schema\/person\/36ab0979449956132d3e5b517ea76ac8\"},\"headline\":\"Febre do patinete vira epidemia na capital potiguar\",\"datePublished\":\"2026-01-17T03:00:31+00:00\",\"dateModified\":\"2026-01-17T12:29:56+00:00\",\"mainEntityOfPage\":{\"@id\":\"https:\/\/www.notibras.com\/site\/febre-do-patinete-vira-epidemia-na-capital-potiguar\/\"},\"wordCount\":161,\"publisher\":{\"@id\":\"https:\/\/www.notibras.com\/site\/#organization\"},\"image\":{\"@id\":\"https:\/\/www.notibras.com\/site\/febre-do-patinete-vira-epidemia-na-capital-potiguar\/#primaryimage\"},\"thumbnailUrl\":\"https:\/\/www.notibras.com\/site\/wp-content\/uploads\/2026\/01\/0abb106f-6663-4221-884a-eefc0c1ed89b.jpg\",\"articleSection\":[\"Nordeste\"],\"inLanguage\":\"pt-BR\"},{\"@type\":\"WebPage\",\"@id\":\"https:\/\/www.notibras.com\/site\/febre-do-patinete-vira-epidemia-na-capital-potiguar\/\",\"url\":\"https:\/\/www.notibras.com\/site\/febre-do-patinete-vira-epidemia-na-capital-potiguar\/\",\"name\":\"Febre do patinete vira epidemia na capital potiguar - Notibras\",\"isPartOf\":{\"@id\":\"https:\/\/www.notibras.com\/site\/#website\"},\"primaryImageOfPage\":{\"@id\":\"https:\/\/www.notibras.com\/site\/febre-do-patinete-vira-epidemia-na-capital-potiguar\/#primaryimage\"},\"image\":{\"@id\":\"https:\/\/www.notibras.com\/site\/febre-do-patinete-vira-epidemia-na-capital-potiguar\/#primaryimage\"},\"thumbnailUrl\":\"https:\/\/www.notibras.com\/site\/wp-content\/uploads\/2026\/01\/0abb106f-6663-4221-884a-eefc0c1ed89b.jpg\",\"datePublished\":\"2026-01-17T03:00:31+00:00\",\"dateModified\":\"2026-01-17T12:29:56+00:00\",\"breadcrumb\":{\"@id\":\"https:\/\/www.notibras.com\/site\/febre-do-patinete-vira-epidemia-na-capital-potiguar\/#breadcrumb\"},\"inLanguage\":\"pt-BR\",\"potentialAction\":[{\"@type\":\"ReadAction\",\"target\":[\"https:\/\/www.notibras.com\/site\/febre-do-patinete-vira-epidemia-na-capital-potiguar\/\"]}]},{\"@type\":\"ImageObject\",\"inLanguage\":\"pt-BR\",\"@id\":\"https:\/\/www.notibras.com\/site\/febre-do-patinete-vira-epidemia-na-capital-potiguar\/#primaryimage\",\"url\":\"https:\/\/www.notibras.com\/site\/wp-content\/uploads\/2026\/01\/0abb106f-6663-4221-884a-eefc0c1ed89b.jpg\",\"contentUrl\":\"https:\/\/www.notibras.com\/site\/wp-content\/uploads\/2026\/01\/0abb106f-6663-4221-884a-eefc0c1ed89b.jpg\",\"width\":984,\"height\":738},{\"@type\":\"BreadcrumbList\",\"@id\":\"https:\/\/www.notibras.com\/site\/febre-do-patinete-vira-epidemia-na-capital-potiguar\/#breadcrumb\",\"itemListElement\":[{\"@type\":\"ListItem\",\"position\":1,\"name\":\"In\u00edcio\",\"item\":\"https:\/\/www.notibras.com\/site\/\"},{\"@type\":\"ListItem\",\"position\":2,\"name\":\"Febre do patinete vira epidemia na capital potiguar\"}]},{\"@type\":\"WebSite\",\"@id\":\"https:\/\/www.notibras.com\/site\/#website\",\"url\":\"https:\/\/www.notibras.com\/site\/\",\"name\":\"Notibras\",\"description\":\"Not\u00edcias de Bras\u00edlia, do Brasil e do Mundo\",\"publisher\":{\"@id\":\"https:\/\/www.notibras.com\/site\/#organization\"},\"potentialAction\":[{\"@type\":\"SearchAction\",\"target\":{\"@type\":\"EntryPoint\",\"urlTemplate\":\"https:\/\/www.notibras.com\/site\/?s={search_term_string}\"},\"query-input\":{\"@type\":\"PropertyValueSpecification\",\"valueRequired\":true,\"valueName\":\"search_term_string\"}}],\"inLanguage\":\"pt-BR\"},{\"@type\":\"Organization\",\"@id\":\"https:\/\/www.notibras.com\/site\/#organization\",\"name\":\"Grupo Notibras de Comunica\u00e7\u00e3o\",\"url\":\"https:\/\/www.notibras.com\/site\/\",\"logo\":{\"@type\":\"ImageObject\",\"inLanguage\":\"pt-BR\",\"@id\":\"https:\/\/www.notibras.com\/site\/#\/schema\/logo\/image\/\",\"url\":\"https:\/\/www.notibras.com\/site\/wp-content\/uploads\/2023\/01\/notibras23.png\",\"contentUrl\":\"https:\/\/www.notibras.com\/site\/wp-content\/uploads\/2023\/01\/notibras23.png\",\"width\":350,\"height\":87,\"caption\":\"Grupo Notibras de Comunica\u00e7\u00e3o\"},\"image\":{\"@id\":\"https:\/\/www.notibras.com\/site\/#\/schema\/logo\/image\/\"},\"sameAs\":[\"https:\/\/www.facebook.com\/notibras\/\",\"https:\/\/x.com\/Notibras\",\"https:\/\/www.instagram.com\/notibras\/\"]},{\"@type\":\"Person\",\"@id\":\"https:\/\/www.notibras.com\/site\/#\/schema\/person\/36ab0979449956132d3e5b517ea76ac8\",\"name\":\"Reda\u00e7\u00e3o\",\"image\":{\"@type\":\"ImageObject\",\"inLanguage\":\"pt-BR\",\"@id\":\"https:\/\/secure.gravatar.com\/avatar\/e0a867bdedb85fd243eadf09663511f96fc81e0720a4a42581f334ad4303aa6b?s=96&d=mm&r=g\",\"url\":\"https:\/\/secure.gravatar.com\/avatar\/e0a867bdedb85fd243eadf09663511f96fc81e0720a4a42581f334ad4303aa6b?s=96&d=mm&r=g\",\"contentUrl\":\"https:\/\/secure.gravatar.com\/avatar\/e0a867bdedb85fd243eadf09663511f96fc81e0720a4a42581f334ad4303aa6b?s=96&d=mm&r=g\",\"caption\":\"Reda\u00e7\u00e3o\"}}]}<\/script>\n<!-- \/ Yoast SEO plugin. -->","yoast_head_json":{"title":"Febre do patinete vira epidemia na capital potiguar - Notibras","robots":{"index":"index","follow":"follow","max-snippet":"max-snippet:-1","max-image-preview":"max-image-preview:large","max-video-preview":"max-video-preview:-1"},"canonical":"https:\/\/www.notibras.com\/site\/febre-do-patinete-vira-epidemia-na-capital-potiguar\/","og_locale":"pt_BR","og_type":"article","og_title":"Febre do patinete vira epidemia na capital potiguar - Notibras","og_description":"Natal registrou 339,2 mil viagens de patinetes el\u00e9tricos desde o in\u00edcio da opera\u00e7\u00e3o na cidade, em setembro do ano passado. Os dados foram compartilhados pela JET, empresa respons\u00e1vel pelos equipamentos. &#8220;Observamos que nos primeiros dois meses houve um &#8216;boom&#8217;, o que \u00e9 natural enquanto novidade. Com o tempo, mant\u00e9m-se agora uma constante de usu\u00e1rios como [&hellip;]","og_url":"https:\/\/www.notibras.com\/site\/febre-do-patinete-vira-epidemia-na-capital-potiguar\/","og_site_name":"Notibras","article_publisher":"https:\/\/www.facebook.com\/notibras\/","article_published_time":"2026-01-17T03:00:31+00:00","article_modified_time":"2026-01-17T12:29:56+00:00","og_image":[{"width":984,"height":738,"url":"https:\/\/www.notibras.com\/site\/wp-content\/uploads\/2026\/01\/0abb106f-6663-4221-884a-eefc0c1ed89b.jpg","type":"image\/jpeg"}],"author":"Reda\u00e7\u00e3o","twitter_card":"summary_large_image","twitter_creator":"@Notibras","twitter_site":"@Notibras","twitter_misc":{"Escrito por":"Reda\u00e7\u00e3o","Est. tempo de leitura":"2 minutos"},"schema":{"@context":"https:\/\/schema.org","@graph":[{"@type":"Article","@id":"https:\/\/www.notibras.com\/site\/febre-do-patinete-vira-epidemia-na-capital-potiguar\/#article","isPartOf":{"@id":"https:\/\/www.notibras.com\/site\/febre-do-patinete-vira-epidemia-na-capital-potiguar\/"},"author":{"name":"Reda\u00e7\u00e3o","@id":"https:\/\/www.notibras.com\/site\/#\/schema\/person\/36ab0979449956132d3e5b517ea76ac8"},"headline":"Febre do patinete vira epidemia na capital potiguar","datePublished":"2026-01-17T03:00:31+00:00","dateModified":"2026-01-17T12:29:56+00:00","mainEntityOfPage":{"@id":"https:\/\/www.notibras.com\/site\/febre-do-patinete-vira-epidemia-na-capital-potiguar\/"},"wordCount":161,"publisher":{"@id":"https:\/\/www.notibras.com\/site\/#organization"},"image":{"@id":"https:\/\/www.notibras.com\/site\/febre-do-patinete-vira-epidemia-na-capital-potiguar\/#primaryimage"},"thumbnailUrl":"https:\/\/www.notibras.com\/site\/wp-content\/uploads\/2026\/01\/0abb106f-6663-4221-884a-eefc0c1ed89b.jpg","articleSection":["Nordeste"],"inLanguage":"pt-BR"},{"@type":"WebPage","@id":"https:\/\/www.notibras.com\/site\/febre-do-patinete-vira-epidemia-na-capital-potiguar\/","url":"https:\/\/www.notibras.com\/site\/febre-do-patinete-vira-epidemia-na-capital-potiguar\/","name":"Febre do patinete vira epidemia na capital potiguar - Notibras","isPartOf":{"@id":"https:\/\/www.notibras.com\/site\/#website"},"primaryImageOfPage":{"@id":"https:\/\/www.notibras.com\/site\/febre-do-patinete-vira-epidemia-na-capital-potiguar\/#primaryimage"},"image":{"@id":"https:\/\/www.notibras.com\/site\/febre-do-patinete-vira-epidemia-na-capital-potiguar\/#primaryimage"},"thumbnailUrl":"https:\/\/www.notibras.com\/site\/wp-content\/uploads\/2026\/01\/0abb106f-6663-4221-884a-eefc0c1ed89b.jpg","datePublished":"2026-01-17T03:00:31+00:00","dateModified":"2026-01-17T12:29:56+00:00","breadcrumb":{"@id":"https:\/\/www.notibras.com\/site\/febre-do-patinete-vira-epidemia-na-capital-potiguar\/#breadcrumb"},"inLanguage":"pt-BR","potentialAction":[{"@type":"ReadAction","target":["https:\/\/www.notibras.com\/site\/febre-do-patinete-vira-epidemia-na-capital-potiguar\/"]}]},{"@type":"ImageObject","inLanguage":"pt-BR","@id":"https:\/\/www.notibras.com\/site\/febre-do-patinete-vira-epidemia-na-capital-potiguar\/#primaryimage","url":"https:\/\/www.notibras.com\/site\/wp-content\/uploads\/2026\/01\/0abb106f-6663-4221-884a-eefc0c1ed89b.jpg","contentUrl":"https:\/\/www.notibras.com\/site\/wp-content\/uploads\/2026\/01\/0abb106f-6663-4221-884a-eefc0c1ed89b.jpg","width":984,"height":738},{"@type":"BreadcrumbList","@id":"https:\/\/www.notibras.com\/site\/febre-do-patinete-vira-epidemia-na-capital-potiguar\/#breadcrumb","itemListElement":[{"@type":"ListItem","position":1,"name":"In\u00edcio","item":"https:\/\/www.notibras.com\/site\/"},{"@type":"ListItem","position":2,"name":"Febre do patinete vira epidemia na capital potiguar"}]},{"@type":"WebSite","@id":"https:\/\/www.notibras.com\/site\/#website","url":"https:\/\/www.notibras.com\/site\/","name":"Notibras","description":"Not\u00edcias de Bras\u00edlia, do Brasil e do Mundo","publisher":{"@id":"https:\/\/www.notibras.com\/site\/#organization"},"potentialAction":[{"@type":"SearchAction","target":{"@type":"EntryPoint","urlTemplate":"https:\/\/www.notibras.com\/site\/?s={search_term_string}"},"query-input":{"@type":"PropertyValueSpecification","valueRequired":true,"valueName":"search_term_string"}}],"inLanguage":"pt-BR"},{"@type":"Organization","@id":"https:\/\/www.notibras.com\/site\/#organization","name":"Grupo Notibras de Comunica\u00e7\u00e3o","url":"https:\/\/www.notibras.com\/site\/","logo":{"@type":"ImageObject","inLanguage":"pt-BR","@id":"https:\/\/www.notibras.com\/site\/#\/schema\/logo\/image\/","url":"https:\/\/www.notibras.com\/site\/wp-content\/uploads\/2023\/01\/notibras23.png","contentUrl":"https:\/\/www.notibras.com\/site\/wp-content\/uploads\/2023\/01\/notibras23.png","width":350,"height":87,"caption":"Grupo Notibras de Comunica\u00e7\u00e3o"},"image":{"@id":"https:\/\/www.notibras.com\/site\/#\/schema\/logo\/image\/"},"sameAs":["https:\/\/www.facebook.com\/notibras\/","https:\/\/x.com\/Notibras","https:\/\/www.instagram.com\/notibras\/"]},{"@type":"Person","@id":"https:\/\/www.notibras.com\/site\/#\/schema\/person\/36ab0979449956132d3e5b517ea76ac8","name":"Reda\u00e7\u00e3o","image":{"@type":"ImageObject","inLanguage":"pt-BR","@id":"https:\/\/secure.gravatar.com\/avatar\/e0a867bdedb85fd243eadf09663511f96fc81e0720a4a42581f334ad4303aa6b?s=96&d=mm&r=g","url":"https:\/\/secure.gravatar.com\/avatar\/e0a867bdedb85fd243eadf09663511f96fc81e0720a4a42581f334ad4303aa6b?s=96&d=mm&r=g","contentUrl":"https:\/\/secure.gravatar.com\/avatar\/e0a867bdedb85fd243eadf09663511f96fc81e0720a4a42581f334ad4303aa6b?s=96&d=mm&r=g","caption":"Reda\u00e7\u00e3o"}}]}},"amp_enabled":true,"_links":{"self":[{"href":"https:\/\/www.notibras.com\/site\/wp-json\/wp\/v2\/posts\/379381","targetHints":{"allow":["GET"]}}],"collection":[{"href":"https:\/\/www.notibras.com\/site\/wp-json\/wp\/v2\/posts"}],"about":[{"href":"https:\/\/www.notibras.com\/site\/wp-json\/wp\/v2\/types\/post"}],"author":[{"embeddable":true,"href":"https:\/\/www.notibras.com\/site\/wp-json\/wp\/v2\/users\/2"}],"replies":[{"embeddable":true,"href":"https:\/\/www.notibras.com\/site\/wp-json\/wp\/v2\/comments?post=379381"}],"version-history":[{"count":1,"href":"https:\/\/www.notibras.com\/site\/wp-json\/wp\/v2\/posts\/379381\/revisions"}],"predecessor-version":[{"id":379383,"href":"https:\/\/www.notibras.com\/site\/wp-json\/wp\/v2\/posts\/379381\/revisions\/379383"}],"wp:featuredmedia":[{"embeddable":true,"href":"https:\/\/www.notibras.com\/site\/wp-json\/wp\/v2\/media\/379382"}],"wp:attachment":[{"href":"https:\/\/www.notibras.com\/site\/wp-json\/wp\/v2\/media?parent=379381"}],"wp:term":[{"taxonomy":"category","embeddable":true,"href":"https:\/\/www.notibras.com\/site\/wp-json\/wp\/v2\/categories?post=379381"},{"taxonomy":"post_tag","embeddable":true,"href":"https:\/\/www.notibras.com\/site\/wp-json\/wp\/v2\/tags?post=379381"}],"curies":[{"name":"wp","href":"https:\/\/api.w.org\/{rel}","templated":true}]}}