{"id":379384,"date":"2026-01-17T00:00:21","date_gmt":"2026-01-17T03:00:21","guid":{"rendered":"https:\/\/www.notibras.com\/site\/?p=379384"},"modified":"2026-01-17T09:34:24","modified_gmt":"2026-01-17T12:34:24","slug":"nordestino-enfrenta-pior-estiagem-em-seis-anos","status":"publish","type":"post","link":"https:\/\/www.notibras.com\/site\/nordestino-enfrenta-pior-estiagem-em-seis-anos\/","title":{"rendered":"Nordestino enfrenta pior estiagem em seis anos"},"content":{"rendered":"<p>O ch\u00e3o estala antes mesmo do sol nascer. A terra, rachada como pele cansada, guarda em sil\u00eancio a mem\u00f3ria da \u00faltima chuva. No Nordeste, a pior estiagem em seis anos n\u00e3o chega de repente \u2014 ela se anuncia devagar, no a\u00e7ude que baixa um palmo por semana, no milho que n\u00e3o vinga, no gado que emagrece junto com a esperan\u00e7a. Ainda assim, o dia amanhece, e com ele o nordestino se levanta.<\/p>\n<p>A seca n\u00e3o \u00e9 novidade. \u00c9 velha conhecida, dessas que entram sem pedir licen\u00e7a e se sentam \u00e0 mesa. Mas cada visita d\u00f3i de um jeito diferente. Desta vez, o calor parece mais impaciente, o vento mais \u00e1spero, e a espera mais longa. A \u00e1gua virou c\u00e1lculo: quantos baldes hoje, quantos amanh\u00e3. Banho curto, panela limpa com cuidado, roupa reaproveitada. O essencial vira regra; o sup\u00e9rfluo, lembran\u00e7a.<\/p>\n<p>No sert\u00e3o, a vida segue em modo de resist\u00eancia. H\u00e1 quem acorde antes do sol para caminhar quil\u00f4metros em busca de \u00e1gua salobra. H\u00e1 quem reinvente o plantio, apostando em sementes mais fortes, em t\u00e9cnicas antigas misturadas a solu\u00e7\u00f5es novas. Barraginhas, cisternas, reuso \u2014 a criatividade brota onde a chuva n\u00e3o vem. O saber passado de av\u00f4 para neto se soma \u00e0 ci\u00eancia que chega pela m\u00e3o de t\u00e9cnicos e projetos comunit\u00e1rios. \u00c9 a tradi\u00e7\u00e3o conversando com o futuro.<\/p>\n<p>Mas a seca n\u00e3o castiga s\u00f3 o corpo; ela testa o esp\u00edrito. O medo mora na dispensa vazia e no c\u00e9u sem nuvens. Mesmo assim, a dignidade n\u00e3o seca. O sorriso resiste, a conversa na cal\u00e7ada acontece, a f\u00e9 encontra caminhos. Na feira, a troca \u00e9 mais do que mercadoria: \u00e9 not\u00edcia, \u00e9 consolo, \u00e9 pacto silencioso de seguir em frente juntos.<\/p>\n<p>Quando a noite cai, o calor ainda insiste. Sob o c\u00e9u estrelado, algu\u00e9m lembra que o Nordeste j\u00e1 atravessou piores travessias. Lembra que a chuva volta \u2014 pode demorar, mas volta. E enquanto n\u00e3o vem, a vida se organiza no poss\u00edvel. A seca ensina a dureza, mas tamb\u00e9m revela a grandeza de um povo que n\u00e3o se curva.<\/p>\n<p>Nesta estiagem severa, o Nordeste mostra, mais uma vez, que sua for\u00e7a n\u00e3o depende do c\u00e9u. Depende das m\u00e3os calejadas, da solidariedade cotidiana e da coragem teimosa de acreditar. Porque aqui, mesmo quando a \u00e1gua falta, a esperan\u00e7a n\u00e3o evapora.<\/p>\n","protected":false},"excerpt":{"rendered":"<p>O ch\u00e3o estala antes mesmo do sol nascer. A terra, rachada como pele cansada, guarda em sil\u00eancio a mem\u00f3ria da \u00faltima chuva. No Nordeste, a pior estiagem em seis anos n\u00e3o chega de repente \u2014 ela se anuncia devagar, no a\u00e7ude que baixa um palmo por semana, no milho que n\u00e3o vinga, no gado que [&hellip;]<\/p>\n","protected":false},"author":2,"featured_media":379385,"comment_status":"closed","ping_status":"closed","sticky":false,"template":"","format":"standard","meta":{"_acf_changed":false,"footnotes":""},"categories":[165],"tags":[],"class_list":["post-379384","post","type-post","status-publish","format-standard","has-post-thumbnail","hentry","category-nordeste"],"acf":[],"yoast_head":"<!-- This site is optimized with the Yoast SEO plugin v27.2 - https:\/\/yoast.com\/product\/yoast-seo-wordpress\/ -->\n<title>Nordestino enfrenta pior estiagem em seis anos - Notibras<\/title>\n<meta name=\"robots\" content=\"index, follow, max-snippet:-1, max-image-preview:large, max-video-preview:-1\" \/>\n<link rel=\"canonical\" href=\"https:\/\/www.notibras.com\/site\/nordestino-enfrenta-pior-estiagem-em-seis-anos\/\" \/>\n<meta property=\"og:locale\" content=\"pt_BR\" \/>\n<meta property=\"og:type\" content=\"article\" \/>\n<meta property=\"og:title\" content=\"Nordestino enfrenta pior estiagem em seis anos - Notibras\" \/>\n<meta property=\"og:description\" content=\"O ch\u00e3o estala antes mesmo do sol nascer. A terra, rachada como pele cansada, guarda em sil\u00eancio a mem\u00f3ria da \u00faltima chuva. No Nordeste, a pior estiagem em seis anos n\u00e3o chega de repente \u2014 ela se anuncia devagar, no a\u00e7ude que baixa um palmo por semana, no milho que n\u00e3o vinga, no gado que [&hellip;]\" \/>\n<meta property=\"og:url\" content=\"https:\/\/www.notibras.com\/site\/nordestino-enfrenta-pior-estiagem-em-seis-anos\/\" \/>\n<meta property=\"og:site_name\" content=\"Notibras\" \/>\n<meta property=\"article:publisher\" content=\"https:\/\/www.facebook.com\/notibras\/\" \/>\n<meta property=\"article:published_time\" content=\"2026-01-17T03:00:21+00:00\" \/>\n<meta property=\"article:modified_time\" content=\"2026-01-17T12:34:24+00:00\" \/>\n<meta property=\"og:image\" content=\"https:\/\/www.notibras.com\/site\/wp-content\/uploads\/2026\/01\/d38b0ea9-4779-437b-9394-4a18682dbc0b.jpg\" \/>\n\t<meta property=\"og:image:width\" content=\"720\" \/>\n\t<meta property=\"og:image:height\" content=\"478\" \/>\n\t<meta property=\"og:image:type\" content=\"image\/jpeg\" \/>\n<meta name=\"author\" content=\"Reda\u00e7\u00e3o\" \/>\n<meta name=\"twitter:card\" content=\"summary_large_image\" \/>\n<meta name=\"twitter:creator\" content=\"@Notibras\" \/>\n<meta name=\"twitter:site\" content=\"@Notibras\" \/>\n<meta name=\"twitter:label1\" content=\"Escrito por\" \/>\n\t<meta name=\"twitter:data1\" content=\"Reda\u00e7\u00e3o\" \/>\n\t<meta name=\"twitter:label2\" content=\"Est. tempo de leitura\" \/>\n\t<meta name=\"twitter:data2\" content=\"3 minutos\" \/>\n<script type=\"application\/ld+json\" class=\"yoast-schema-graph\">{\"@context\":\"https:\/\/schema.org\",\"@graph\":[{\"@type\":\"Article\",\"@id\":\"https:\/\/www.notibras.com\/site\/nordestino-enfrenta-pior-estiagem-em-seis-anos\/#article\",\"isPartOf\":{\"@id\":\"https:\/\/www.notibras.com\/site\/nordestino-enfrenta-pior-estiagem-em-seis-anos\/\"},\"author\":{\"name\":\"Reda\u00e7\u00e3o\",\"@id\":\"https:\/\/www.notibras.com\/site\/#\/schema\/person\/36ab0979449956132d3e5b517ea76ac8\"},\"headline\":\"Nordestino enfrenta pior estiagem em seis anos\",\"datePublished\":\"2026-01-17T03:00:21+00:00\",\"dateModified\":\"2026-01-17T12:34:24+00:00\",\"mainEntityOfPage\":{\"@id\":\"https:\/\/www.notibras.com\/site\/nordestino-enfrenta-pior-estiagem-em-seis-anos\/\"},\"wordCount\":415,\"publisher\":{\"@id\":\"https:\/\/www.notibras.com\/site\/#organization\"},\"image\":{\"@id\":\"https:\/\/www.notibras.com\/site\/nordestino-enfrenta-pior-estiagem-em-seis-anos\/#primaryimage\"},\"thumbnailUrl\":\"https:\/\/www.notibras.com\/site\/wp-content\/uploads\/2026\/01\/d38b0ea9-4779-437b-9394-4a18682dbc0b.jpg\",\"articleSection\":[\"Nordeste\"],\"inLanguage\":\"pt-BR\"},{\"@type\":\"WebPage\",\"@id\":\"https:\/\/www.notibras.com\/site\/nordestino-enfrenta-pior-estiagem-em-seis-anos\/\",\"url\":\"https:\/\/www.notibras.com\/site\/nordestino-enfrenta-pior-estiagem-em-seis-anos\/\",\"name\":\"Nordestino enfrenta pior estiagem em seis anos - Notibras\",\"isPartOf\":{\"@id\":\"https:\/\/www.notibras.com\/site\/#website\"},\"primaryImageOfPage\":{\"@id\":\"https:\/\/www.notibras.com\/site\/nordestino-enfrenta-pior-estiagem-em-seis-anos\/#primaryimage\"},\"image\":{\"@id\":\"https:\/\/www.notibras.com\/site\/nordestino-enfrenta-pior-estiagem-em-seis-anos\/#primaryimage\"},\"thumbnailUrl\":\"https:\/\/www.notibras.com\/site\/wp-content\/uploads\/2026\/01\/d38b0ea9-4779-437b-9394-4a18682dbc0b.jpg\",\"datePublished\":\"2026-01-17T03:00:21+00:00\",\"dateModified\":\"2026-01-17T12:34:24+00:00\",\"breadcrumb\":{\"@id\":\"https:\/\/www.notibras.com\/site\/nordestino-enfrenta-pior-estiagem-em-seis-anos\/#breadcrumb\"},\"inLanguage\":\"pt-BR\",\"potentialAction\":[{\"@type\":\"ReadAction\",\"target\":[\"https:\/\/www.notibras.com\/site\/nordestino-enfrenta-pior-estiagem-em-seis-anos\/\"]}]},{\"@type\":\"ImageObject\",\"inLanguage\":\"pt-BR\",\"@id\":\"https:\/\/www.notibras.com\/site\/nordestino-enfrenta-pior-estiagem-em-seis-anos\/#primaryimage\",\"url\":\"https:\/\/www.notibras.com\/site\/wp-content\/uploads\/2026\/01\/d38b0ea9-4779-437b-9394-4a18682dbc0b.jpg\",\"contentUrl\":\"https:\/\/www.notibras.com\/site\/wp-content\/uploads\/2026\/01\/d38b0ea9-4779-437b-9394-4a18682dbc0b.jpg\",\"width\":720,\"height\":478},{\"@type\":\"BreadcrumbList\",\"@id\":\"https:\/\/www.notibras.com\/site\/nordestino-enfrenta-pior-estiagem-em-seis-anos\/#breadcrumb\",\"itemListElement\":[{\"@type\":\"ListItem\",\"position\":1,\"name\":\"In\u00edcio\",\"item\":\"https:\/\/www.notibras.com\/site\/\"},{\"@type\":\"ListItem\",\"position\":2,\"name\":\"Nordestino enfrenta pior estiagem em seis anos\"}]},{\"@type\":\"WebSite\",\"@id\":\"https:\/\/www.notibras.com\/site\/#website\",\"url\":\"https:\/\/www.notibras.com\/site\/\",\"name\":\"Notibras\",\"description\":\"Not\u00edcias de Bras\u00edlia, do Brasil e do Mundo\",\"publisher\":{\"@id\":\"https:\/\/www.notibras.com\/site\/#organization\"},\"potentialAction\":[{\"@type\":\"SearchAction\",\"target\":{\"@type\":\"EntryPoint\",\"urlTemplate\":\"https:\/\/www.notibras.com\/site\/?s={search_term_string}\"},\"query-input\":{\"@type\":\"PropertyValueSpecification\",\"valueRequired\":true,\"valueName\":\"search_term_string\"}}],\"inLanguage\":\"pt-BR\"},{\"@type\":\"Organization\",\"@id\":\"https:\/\/www.notibras.com\/site\/#organization\",\"name\":\"Grupo Notibras de Comunica\u00e7\u00e3o\",\"url\":\"https:\/\/www.notibras.com\/site\/\",\"logo\":{\"@type\":\"ImageObject\",\"inLanguage\":\"pt-BR\",\"@id\":\"https:\/\/www.notibras.com\/site\/#\/schema\/logo\/image\/\",\"url\":\"https:\/\/www.notibras.com\/site\/wp-content\/uploads\/2023\/01\/notibras23.png\",\"contentUrl\":\"https:\/\/www.notibras.com\/site\/wp-content\/uploads\/2023\/01\/notibras23.png\",\"width\":350,\"height\":87,\"caption\":\"Grupo Notibras de Comunica\u00e7\u00e3o\"},\"image\":{\"@id\":\"https:\/\/www.notibras.com\/site\/#\/schema\/logo\/image\/\"},\"sameAs\":[\"https:\/\/www.facebook.com\/notibras\/\",\"https:\/\/x.com\/Notibras\",\"https:\/\/www.instagram.com\/notibras\/\"]},{\"@type\":\"Person\",\"@id\":\"https:\/\/www.notibras.com\/site\/#\/schema\/person\/36ab0979449956132d3e5b517ea76ac8\",\"name\":\"Reda\u00e7\u00e3o\",\"image\":{\"@type\":\"ImageObject\",\"inLanguage\":\"pt-BR\",\"@id\":\"https:\/\/secure.gravatar.com\/avatar\/e0a867bdedb85fd243eadf09663511f96fc81e0720a4a42581f334ad4303aa6b?s=96&d=mm&r=g\",\"url\":\"https:\/\/secure.gravatar.com\/avatar\/e0a867bdedb85fd243eadf09663511f96fc81e0720a4a42581f334ad4303aa6b?s=96&d=mm&r=g\",\"contentUrl\":\"https:\/\/secure.gravatar.com\/avatar\/e0a867bdedb85fd243eadf09663511f96fc81e0720a4a42581f334ad4303aa6b?s=96&d=mm&r=g\",\"caption\":\"Reda\u00e7\u00e3o\"}}]}<\/script>\n<!-- \/ Yoast SEO plugin. -->","yoast_head_json":{"title":"Nordestino enfrenta pior estiagem em seis anos - Notibras","robots":{"index":"index","follow":"follow","max-snippet":"max-snippet:-1","max-image-preview":"max-image-preview:large","max-video-preview":"max-video-preview:-1"},"canonical":"https:\/\/www.notibras.com\/site\/nordestino-enfrenta-pior-estiagem-em-seis-anos\/","og_locale":"pt_BR","og_type":"article","og_title":"Nordestino enfrenta pior estiagem em seis anos - Notibras","og_description":"O ch\u00e3o estala antes mesmo do sol nascer. A terra, rachada como pele cansada, guarda em sil\u00eancio a mem\u00f3ria da \u00faltima chuva. No Nordeste, a pior estiagem em seis anos n\u00e3o chega de repente \u2014 ela se anuncia devagar, no a\u00e7ude que baixa um palmo por semana, no milho que n\u00e3o vinga, no gado que [&hellip;]","og_url":"https:\/\/www.notibras.com\/site\/nordestino-enfrenta-pior-estiagem-em-seis-anos\/","og_site_name":"Notibras","article_publisher":"https:\/\/www.facebook.com\/notibras\/","article_published_time":"2026-01-17T03:00:21+00:00","article_modified_time":"2026-01-17T12:34:24+00:00","og_image":[{"width":720,"height":478,"url":"https:\/\/www.notibras.com\/site\/wp-content\/uploads\/2026\/01\/d38b0ea9-4779-437b-9394-4a18682dbc0b.jpg","type":"image\/jpeg"}],"author":"Reda\u00e7\u00e3o","twitter_card":"summary_large_image","twitter_creator":"@Notibras","twitter_site":"@Notibras","twitter_misc":{"Escrito por":"Reda\u00e7\u00e3o","Est. tempo de leitura":"3 minutos"},"schema":{"@context":"https:\/\/schema.org","@graph":[{"@type":"Article","@id":"https:\/\/www.notibras.com\/site\/nordestino-enfrenta-pior-estiagem-em-seis-anos\/#article","isPartOf":{"@id":"https:\/\/www.notibras.com\/site\/nordestino-enfrenta-pior-estiagem-em-seis-anos\/"},"author":{"name":"Reda\u00e7\u00e3o","@id":"https:\/\/www.notibras.com\/site\/#\/schema\/person\/36ab0979449956132d3e5b517ea76ac8"},"headline":"Nordestino enfrenta pior estiagem em seis anos","datePublished":"2026-01-17T03:00:21+00:00","dateModified":"2026-01-17T12:34:24+00:00","mainEntityOfPage":{"@id":"https:\/\/www.notibras.com\/site\/nordestino-enfrenta-pior-estiagem-em-seis-anos\/"},"wordCount":415,"publisher":{"@id":"https:\/\/www.notibras.com\/site\/#organization"},"image":{"@id":"https:\/\/www.notibras.com\/site\/nordestino-enfrenta-pior-estiagem-em-seis-anos\/#primaryimage"},"thumbnailUrl":"https:\/\/www.notibras.com\/site\/wp-content\/uploads\/2026\/01\/d38b0ea9-4779-437b-9394-4a18682dbc0b.jpg","articleSection":["Nordeste"],"inLanguage":"pt-BR"},{"@type":"WebPage","@id":"https:\/\/www.notibras.com\/site\/nordestino-enfrenta-pior-estiagem-em-seis-anos\/","url":"https:\/\/www.notibras.com\/site\/nordestino-enfrenta-pior-estiagem-em-seis-anos\/","name":"Nordestino enfrenta pior estiagem em seis anos - Notibras","isPartOf":{"@id":"https:\/\/www.notibras.com\/site\/#website"},"primaryImageOfPage":{"@id":"https:\/\/www.notibras.com\/site\/nordestino-enfrenta-pior-estiagem-em-seis-anos\/#primaryimage"},"image":{"@id":"https:\/\/www.notibras.com\/site\/nordestino-enfrenta-pior-estiagem-em-seis-anos\/#primaryimage"},"thumbnailUrl":"https:\/\/www.notibras.com\/site\/wp-content\/uploads\/2026\/01\/d38b0ea9-4779-437b-9394-4a18682dbc0b.jpg","datePublished":"2026-01-17T03:00:21+00:00","dateModified":"2026-01-17T12:34:24+00:00","breadcrumb":{"@id":"https:\/\/www.notibras.com\/site\/nordestino-enfrenta-pior-estiagem-em-seis-anos\/#breadcrumb"},"inLanguage":"pt-BR","potentialAction":[{"@type":"ReadAction","target":["https:\/\/www.notibras.com\/site\/nordestino-enfrenta-pior-estiagem-em-seis-anos\/"]}]},{"@type":"ImageObject","inLanguage":"pt-BR","@id":"https:\/\/www.notibras.com\/site\/nordestino-enfrenta-pior-estiagem-em-seis-anos\/#primaryimage","url":"https:\/\/www.notibras.com\/site\/wp-content\/uploads\/2026\/01\/d38b0ea9-4779-437b-9394-4a18682dbc0b.jpg","contentUrl":"https:\/\/www.notibras.com\/site\/wp-content\/uploads\/2026\/01\/d38b0ea9-4779-437b-9394-4a18682dbc0b.jpg","width":720,"height":478},{"@type":"BreadcrumbList","@id":"https:\/\/www.notibras.com\/site\/nordestino-enfrenta-pior-estiagem-em-seis-anos\/#breadcrumb","itemListElement":[{"@type":"ListItem","position":1,"name":"In\u00edcio","item":"https:\/\/www.notibras.com\/site\/"},{"@type":"ListItem","position":2,"name":"Nordestino enfrenta pior estiagem em seis anos"}]},{"@type":"WebSite","@id":"https:\/\/www.notibras.com\/site\/#website","url":"https:\/\/www.notibras.com\/site\/","name":"Notibras","description":"Not\u00edcias de Bras\u00edlia, do Brasil e do Mundo","publisher":{"@id":"https:\/\/www.notibras.com\/site\/#organization"},"potentialAction":[{"@type":"SearchAction","target":{"@type":"EntryPoint","urlTemplate":"https:\/\/www.notibras.com\/site\/?s={search_term_string}"},"query-input":{"@type":"PropertyValueSpecification","valueRequired":true,"valueName":"search_term_string"}}],"inLanguage":"pt-BR"},{"@type":"Organization","@id":"https:\/\/www.notibras.com\/site\/#organization","name":"Grupo Notibras de Comunica\u00e7\u00e3o","url":"https:\/\/www.notibras.com\/site\/","logo":{"@type":"ImageObject","inLanguage":"pt-BR","@id":"https:\/\/www.notibras.com\/site\/#\/schema\/logo\/image\/","url":"https:\/\/www.notibras.com\/site\/wp-content\/uploads\/2023\/01\/notibras23.png","contentUrl":"https:\/\/www.notibras.com\/site\/wp-content\/uploads\/2023\/01\/notibras23.png","width":350,"height":87,"caption":"Grupo Notibras de Comunica\u00e7\u00e3o"},"image":{"@id":"https:\/\/www.notibras.com\/site\/#\/schema\/logo\/image\/"},"sameAs":["https:\/\/www.facebook.com\/notibras\/","https:\/\/x.com\/Notibras","https:\/\/www.instagram.com\/notibras\/"]},{"@type":"Person","@id":"https:\/\/www.notibras.com\/site\/#\/schema\/person\/36ab0979449956132d3e5b517ea76ac8","name":"Reda\u00e7\u00e3o","image":{"@type":"ImageObject","inLanguage":"pt-BR","@id":"https:\/\/secure.gravatar.com\/avatar\/e0a867bdedb85fd243eadf09663511f96fc81e0720a4a42581f334ad4303aa6b?s=96&d=mm&r=g","url":"https:\/\/secure.gravatar.com\/avatar\/e0a867bdedb85fd243eadf09663511f96fc81e0720a4a42581f334ad4303aa6b?s=96&d=mm&r=g","contentUrl":"https:\/\/secure.gravatar.com\/avatar\/e0a867bdedb85fd243eadf09663511f96fc81e0720a4a42581f334ad4303aa6b?s=96&d=mm&r=g","caption":"Reda\u00e7\u00e3o"}}]}},"amp_enabled":true,"_links":{"self":[{"href":"https:\/\/www.notibras.com\/site\/wp-json\/wp\/v2\/posts\/379384","targetHints":{"allow":["GET"]}}],"collection":[{"href":"https:\/\/www.notibras.com\/site\/wp-json\/wp\/v2\/posts"}],"about":[{"href":"https:\/\/www.notibras.com\/site\/wp-json\/wp\/v2\/types\/post"}],"author":[{"embeddable":true,"href":"https:\/\/www.notibras.com\/site\/wp-json\/wp\/v2\/users\/2"}],"replies":[{"embeddable":true,"href":"https:\/\/www.notibras.com\/site\/wp-json\/wp\/v2\/comments?post=379384"}],"version-history":[{"count":1,"href":"https:\/\/www.notibras.com\/site\/wp-json\/wp\/v2\/posts\/379384\/revisions"}],"predecessor-version":[{"id":379386,"href":"https:\/\/www.notibras.com\/site\/wp-json\/wp\/v2\/posts\/379384\/revisions\/379386"}],"wp:featuredmedia":[{"embeddable":true,"href":"https:\/\/www.notibras.com\/site\/wp-json\/wp\/v2\/media\/379385"}],"wp:attachment":[{"href":"https:\/\/www.notibras.com\/site\/wp-json\/wp\/v2\/media?parent=379384"}],"wp:term":[{"taxonomy":"category","embeddable":true,"href":"https:\/\/www.notibras.com\/site\/wp-json\/wp\/v2\/categories?post=379384"},{"taxonomy":"post_tag","embeddable":true,"href":"https:\/\/www.notibras.com\/site\/wp-json\/wp\/v2\/tags?post=379384"}],"curies":[{"name":"wp","href":"https:\/\/api.w.org\/{rel}","templated":true}]}}