{"id":37939,"date":"2015-02-23T10:33:53","date_gmt":"2015-02-23T13:33:53","guid":{"rendered":"http:\/\/www.notibras.com\/site\/?p=37939"},"modified":"2015-02-23T10:33:53","modified_gmt":"2015-02-23T13:33:53","slug":"inflacao-da-um-freio-na-terceira-previa-do-mes","status":"publish","type":"post","link":"https:\/\/www.notibras.com\/site\/inflacao-da-um-freio-na-terceira-previa-do-mes\/","title":{"rendered":"Infla\u00e7\u00e3o d\u00e1 um freio na terceira pr\u00e9via do m\u00eas"},"content":{"rendered":"<div class=\"content\">\n<p>O \u00cdndice de Pre\u00e7os ao Consumidor Semanal (IPC-S) atingiu alta de 1,08%, na terceira pr\u00e9via do m\u00eas, resultado 0,19 ponto percentual menor do que o da segunda apura\u00e7\u00e3o de fevereiro (1,27%). O levantamento, feito pelo Instituto Brasileiro de Economia da Funda\u00e7\u00e3o Getulio Vargas (Ibre\/FGV), indica que sete dos oito grupos pesquisados apresentaram decr\u00e9scimo nas taxas.<\/p>\n<p>A pesquisa refere-se aos pre\u00e7os coletados entre os dias 23 de janeiro e 22 de fevereiro comparados aos do per\u00edodo de 23 de dezembro a 22 de janeiro. Os dados englobam sete capitais: Recife, Salvador, Rio de Janeiro, S\u00e3o Paulo, Belo Horizonte, Bras\u00edlia e Porto Alegre.<\/p>\n<blockquote><p>O peso inflacion\u00e1rio foi atenuado, principalmente, pelo grupo educa\u00e7\u00e3o, leitura e recrea\u00e7\u00e3o, que registrou alta de 0,58%, bem abaixo da taxa da medi\u00e7\u00e3o anterior (1,46%). Em habita\u00e7\u00e3o, o \u00edndice passou de 1,38% para 1,11%, com destaque para a tarifa de eletricidade residencial (de 4,85% para 2,88%).<\/p><\/blockquote>\n<p>No grupo alimenta\u00e7\u00e3o, a infla\u00e7\u00e3o atingiu 0,95%, ligeiramente inferior \u00e0 do levantamento anterior (1,1%). Entre os principais impactos est\u00e1 a redu\u00e7\u00e3o da taxa de hortali\u00e7as e legumes (de 6,93% para 5,09%). Em transportes, o IPC-S teve varia\u00e7\u00e3o de 2,46%, um pouco abaixo da verificada na segunda pr\u00e9via do m\u00eas (2,56%), sob o efeito da tarifa de \u00f4nibus urbano (de 5,90% para 3,55%).<\/p>\n<p>Em despesas diversas, tamb\u00e9m houve diminui\u00e7\u00e3o da taxa, que passou de 1,58% para 1,43%. Nessa classe de despesas, o resultado foi influenciado pelos pre\u00e7os dos cigarros (de 2,81% para 2,33%).<\/p>\n<p>No grupo comunica\u00e7\u00e3o, foi constatada queda no ritmo de corre\u00e7\u00f5es, com varia\u00e7\u00e3o de 0,32%. Na apura\u00e7\u00e3o da segunda pr\u00e9via do m\u00eas, esse grupo havia apresentado alta de 0,36%. Os pre\u00e7os dos pacotes de telefonia fixa e internet ca\u00edram 0,05%. No levantamento anterior, havia sido constatada eleva\u00e7\u00e3o de 0,28%.<\/p>\n<p>O grupo vestu\u00e1rio, que havia registrado estabilidade na taxa, apresentou recuo de 0,02% nessa pesquisa. A queda reflete a corre\u00e7\u00e3o menor dos cal\u00e7ados (de 0,42% para 0,23%).<\/p>\n<p>O \u00fanico grupo com aumento superior ao da apura\u00e7\u00e3o passada foi sa\u00fade e cuidados pessoais (de 0,33% para 0,37%). Entre os itens pesquisados, destacam-se os artigos de higiene e cuidado pessoal (de -0,87% para -0,67%).<\/p>\n<p>Os cinco itens de maior press\u00e3o inflacion\u00e1ria foram: gasolina (5,09%), tarifa de \u00f4nibus urbano (3,55%), refei\u00e7\u00f5es em bares e restaurantes (1,32%), tarifa de eletricidade residencial (2,88%) e autom\u00f3vel novo (1,67%). J\u00e1 os cinco que mais contribu\u00edram para diminuir a for\u00e7a do \u00edndice foram passagem a\u00e9rea (-22,51%), leite do tipo longa vida (-3,55%), perfume (-1,23%), <em>show<\/em> musical (-2,07%) e blusa feminina (-1,53%).<\/p>\n<p><strong>Marli Moreira, ABr<\/strong><\/p>\n<\/div>\n","protected":false},"excerpt":{"rendered":"<p>O \u00cdndice de Pre\u00e7os ao Consumidor Semanal (IPC-S) atingiu alta de 1,08%, na terceira pr\u00e9via do m\u00eas, resultado 0,19 ponto percentual menor do que o da segunda apura\u00e7\u00e3o de fevereiro (1,27%). O levantamento, feito pelo Instituto Brasileiro de Economia da Funda\u00e7\u00e3o Getulio Vargas (Ibre\/FGV), indica que sete dos oito grupos pesquisados apresentaram decr\u00e9scimo nas taxas. [&hellip;]<\/p>\n","protected":false},"author":2,"featured_media":37940,"comment_status":"open","ping_status":"closed","sticky":false,"template":"","format":"standard","meta":{"_acf_changed":false,"footnotes":""},"categories":[16],"tags":[],"class_list":["post-37939","post","type-post","status-publish","format-standard","has-post-thumbnail","hentry","category-brasil"],"acf":[],"yoast_head":"<!-- This site is optimized with the Yoast SEO plugin v27.2 - https:\/\/yoast.com\/product\/yoast-seo-wordpress\/ -->\n<title>Infla\u00e7\u00e3o d\u00e1 um freio na terceira pr\u00e9via do m\u00eas - Notibras<\/title>\n<meta name=\"robots\" content=\"index, follow, max-snippet:-1, max-image-preview:large, max-video-preview:-1\" \/>\n<link rel=\"canonical\" href=\"https:\/\/www.notibras.com\/site\/inflacao-da-um-freio-na-terceira-previa-do-mes\/\" \/>\n<meta property=\"og:locale\" content=\"pt_BR\" \/>\n<meta property=\"og:type\" content=\"article\" \/>\n<meta property=\"og:title\" content=\"Infla\u00e7\u00e3o d\u00e1 um freio na terceira pr\u00e9via do m\u00eas - Notibras\" \/>\n<meta property=\"og:description\" content=\"O \u00cdndice de Pre\u00e7os ao Consumidor Semanal (IPC-S) atingiu alta de 1,08%, na terceira pr\u00e9via do m\u00eas, resultado 0,19 ponto percentual menor do que o da segunda apura\u00e7\u00e3o de fevereiro (1,27%). O levantamento, feito pelo Instituto Brasileiro de Economia da Funda\u00e7\u00e3o Getulio Vargas (Ibre\/FGV), indica que sete dos oito grupos pesquisados apresentaram decr\u00e9scimo nas taxas. [&hellip;]\" \/>\n<meta property=\"og:url\" content=\"https:\/\/www.notibras.com\/site\/inflacao-da-um-freio-na-terceira-previa-do-mes\/\" \/>\n<meta property=\"og:site_name\" content=\"Notibras\" \/>\n<meta property=\"article:publisher\" content=\"https:\/\/www.facebook.com\/notibras\/\" \/>\n<meta property=\"article:published_time\" content=\"2015-02-23T13:33:53+00:00\" \/>\n<meta property=\"og:image\" content=\"https:\/\/www.notibras.com\/site\/wp-content\/uploads\/2015\/02\/in3.jpg\" \/>\n\t<meta property=\"og:image:width\" content=\"590\" \/>\n\t<meta property=\"og:image:height\" content=\"443\" \/>\n\t<meta property=\"og:image:type\" content=\"image\/jpeg\" \/>\n<meta name=\"author\" content=\"Reda\u00e7\u00e3o\" \/>\n<meta name=\"twitter:card\" content=\"summary_large_image\" \/>\n<meta name=\"twitter:creator\" content=\"@Notibras\" \/>\n<meta name=\"twitter:site\" content=\"@Notibras\" \/>\n<meta name=\"twitter:label1\" content=\"Escrito por\" \/>\n\t<meta name=\"twitter:data1\" content=\"Reda\u00e7\u00e3o\" \/>\n\t<meta name=\"twitter:label2\" content=\"Est. tempo de leitura\" \/>\n\t<meta name=\"twitter:data2\" content=\"2 minutos\" \/>\n<script type=\"application\/ld+json\" class=\"yoast-schema-graph\">{\"@context\":\"https:\/\/schema.org\",\"@graph\":[{\"@type\":\"Article\",\"@id\":\"https:\/\/www.notibras.com\/site\/inflacao-da-um-freio-na-terceira-previa-do-mes\/#article\",\"isPartOf\":{\"@id\":\"https:\/\/www.notibras.com\/site\/inflacao-da-um-freio-na-terceira-previa-do-mes\/\"},\"author\":{\"name\":\"Reda\u00e7\u00e3o\",\"@id\":\"https:\/\/www.notibras.com\/site\/#\/schema\/person\/36ab0979449956132d3e5b517ea76ac8\"},\"headline\":\"Infla\u00e7\u00e3o d\u00e1 um freio na terceira pr\u00e9via do m\u00eas\",\"datePublished\":\"2015-02-23T13:33:53+00:00\",\"mainEntityOfPage\":{\"@id\":\"https:\/\/www.notibras.com\/site\/inflacao-da-um-freio-na-terceira-previa-do-mes\/\"},\"wordCount\":432,\"commentCount\":0,\"publisher\":{\"@id\":\"https:\/\/www.notibras.com\/site\/#organization\"},\"image\":{\"@id\":\"https:\/\/www.notibras.com\/site\/inflacao-da-um-freio-na-terceira-previa-do-mes\/#primaryimage\"},\"thumbnailUrl\":\"https:\/\/www.notibras.com\/site\/wp-content\/uploads\/2015\/02\/in3.jpg\",\"articleSection\":[\"Brasil\"],\"inLanguage\":\"pt-BR\",\"potentialAction\":[{\"@type\":\"CommentAction\",\"name\":\"Comment\",\"target\":[\"https:\/\/www.notibras.com\/site\/inflacao-da-um-freio-na-terceira-previa-do-mes\/#respond\"]}]},{\"@type\":\"WebPage\",\"@id\":\"https:\/\/www.notibras.com\/site\/inflacao-da-um-freio-na-terceira-previa-do-mes\/\",\"url\":\"https:\/\/www.notibras.com\/site\/inflacao-da-um-freio-na-terceira-previa-do-mes\/\",\"name\":\"Infla\u00e7\u00e3o d\u00e1 um freio na terceira pr\u00e9via do m\u00eas - Notibras\",\"isPartOf\":{\"@id\":\"https:\/\/www.notibras.com\/site\/#website\"},\"primaryImageOfPage\":{\"@id\":\"https:\/\/www.notibras.com\/site\/inflacao-da-um-freio-na-terceira-previa-do-mes\/#primaryimage\"},\"image\":{\"@id\":\"https:\/\/www.notibras.com\/site\/inflacao-da-um-freio-na-terceira-previa-do-mes\/#primaryimage\"},\"thumbnailUrl\":\"https:\/\/www.notibras.com\/site\/wp-content\/uploads\/2015\/02\/in3.jpg\",\"datePublished\":\"2015-02-23T13:33:53+00:00\",\"breadcrumb\":{\"@id\":\"https:\/\/www.notibras.com\/site\/inflacao-da-um-freio-na-terceira-previa-do-mes\/#breadcrumb\"},\"inLanguage\":\"pt-BR\",\"potentialAction\":[{\"@type\":\"ReadAction\",\"target\":[\"https:\/\/www.notibras.com\/site\/inflacao-da-um-freio-na-terceira-previa-do-mes\/\"]}]},{\"@type\":\"ImageObject\",\"inLanguage\":\"pt-BR\",\"@id\":\"https:\/\/www.notibras.com\/site\/inflacao-da-um-freio-na-terceira-previa-do-mes\/#primaryimage\",\"url\":\"https:\/\/www.notibras.com\/site\/wp-content\/uploads\/2015\/02\/in3.jpg\",\"contentUrl\":\"https:\/\/www.notibras.com\/site\/wp-content\/uploads\/2015\/02\/in3.jpg\",\"width\":590,\"height\":443},{\"@type\":\"BreadcrumbList\",\"@id\":\"https:\/\/www.notibras.com\/site\/inflacao-da-um-freio-na-terceira-previa-do-mes\/#breadcrumb\",\"itemListElement\":[{\"@type\":\"ListItem\",\"position\":1,\"name\":\"In\u00edcio\",\"item\":\"https:\/\/www.notibras.com\/site\/\"},{\"@type\":\"ListItem\",\"position\":2,\"name\":\"Infla\u00e7\u00e3o d\u00e1 um freio na terceira pr\u00e9via do m\u00eas\"}]},{\"@type\":\"WebSite\",\"@id\":\"https:\/\/www.notibras.com\/site\/#website\",\"url\":\"https:\/\/www.notibras.com\/site\/\",\"name\":\"Notibras\",\"description\":\"Not\u00edcias de Bras\u00edlia, do Brasil e do Mundo\",\"publisher\":{\"@id\":\"https:\/\/www.notibras.com\/site\/#organization\"},\"potentialAction\":[{\"@type\":\"SearchAction\",\"target\":{\"@type\":\"EntryPoint\",\"urlTemplate\":\"https:\/\/www.notibras.com\/site\/?s={search_term_string}\"},\"query-input\":{\"@type\":\"PropertyValueSpecification\",\"valueRequired\":true,\"valueName\":\"search_term_string\"}}],\"inLanguage\":\"pt-BR\"},{\"@type\":\"Organization\",\"@id\":\"https:\/\/www.notibras.com\/site\/#organization\",\"name\":\"Grupo Notibras de Comunica\u00e7\u00e3o\",\"url\":\"https:\/\/www.notibras.com\/site\/\",\"logo\":{\"@type\":\"ImageObject\",\"inLanguage\":\"pt-BR\",\"@id\":\"https:\/\/www.notibras.com\/site\/#\/schema\/logo\/image\/\",\"url\":\"https:\/\/www.notibras.com\/site\/wp-content\/uploads\/2023\/01\/notibras23.png\",\"contentUrl\":\"https:\/\/www.notibras.com\/site\/wp-content\/uploads\/2023\/01\/notibras23.png\",\"width\":350,\"height\":87,\"caption\":\"Grupo Notibras de Comunica\u00e7\u00e3o\"},\"image\":{\"@id\":\"https:\/\/www.notibras.com\/site\/#\/schema\/logo\/image\/\"},\"sameAs\":[\"https:\/\/www.facebook.com\/notibras\/\",\"https:\/\/x.com\/Notibras\",\"https:\/\/www.instagram.com\/notibras\/\"]},{\"@type\":\"Person\",\"@id\":\"https:\/\/www.notibras.com\/site\/#\/schema\/person\/36ab0979449956132d3e5b517ea76ac8\",\"name\":\"Reda\u00e7\u00e3o\",\"image\":{\"@type\":\"ImageObject\",\"inLanguage\":\"pt-BR\",\"@id\":\"https:\/\/secure.gravatar.com\/avatar\/e0a867bdedb85fd243eadf09663511f96fc81e0720a4a42581f334ad4303aa6b?s=96&d=mm&r=g\",\"url\":\"https:\/\/secure.gravatar.com\/avatar\/e0a867bdedb85fd243eadf09663511f96fc81e0720a4a42581f334ad4303aa6b?s=96&d=mm&r=g\",\"contentUrl\":\"https:\/\/secure.gravatar.com\/avatar\/e0a867bdedb85fd243eadf09663511f96fc81e0720a4a42581f334ad4303aa6b?s=96&d=mm&r=g\",\"caption\":\"Reda\u00e7\u00e3o\"}}]}<\/script>\n<!-- \/ Yoast SEO plugin. -->","yoast_head_json":{"title":"Infla\u00e7\u00e3o d\u00e1 um freio na terceira pr\u00e9via do m\u00eas - Notibras","robots":{"index":"index","follow":"follow","max-snippet":"max-snippet:-1","max-image-preview":"max-image-preview:large","max-video-preview":"max-video-preview:-1"},"canonical":"https:\/\/www.notibras.com\/site\/inflacao-da-um-freio-na-terceira-previa-do-mes\/","og_locale":"pt_BR","og_type":"article","og_title":"Infla\u00e7\u00e3o d\u00e1 um freio na terceira pr\u00e9via do m\u00eas - Notibras","og_description":"O \u00cdndice de Pre\u00e7os ao Consumidor Semanal (IPC-S) atingiu alta de 1,08%, na terceira pr\u00e9via do m\u00eas, resultado 0,19 ponto percentual menor do que o da segunda apura\u00e7\u00e3o de fevereiro (1,27%). O levantamento, feito pelo Instituto Brasileiro de Economia da Funda\u00e7\u00e3o Getulio Vargas (Ibre\/FGV), indica que sete dos oito grupos pesquisados apresentaram decr\u00e9scimo nas taxas. [&hellip;]","og_url":"https:\/\/www.notibras.com\/site\/inflacao-da-um-freio-na-terceira-previa-do-mes\/","og_site_name":"Notibras","article_publisher":"https:\/\/www.facebook.com\/notibras\/","article_published_time":"2015-02-23T13:33:53+00:00","og_image":[{"width":590,"height":443,"url":"https:\/\/www.notibras.com\/site\/wp-content\/uploads\/2015\/02\/in3.jpg","type":"image\/jpeg"}],"author":"Reda\u00e7\u00e3o","twitter_card":"summary_large_image","twitter_creator":"@Notibras","twitter_site":"@Notibras","twitter_misc":{"Escrito por":"Reda\u00e7\u00e3o","Est. tempo de leitura":"2 minutos"},"schema":{"@context":"https:\/\/schema.org","@graph":[{"@type":"Article","@id":"https:\/\/www.notibras.com\/site\/inflacao-da-um-freio-na-terceira-previa-do-mes\/#article","isPartOf":{"@id":"https:\/\/www.notibras.com\/site\/inflacao-da-um-freio-na-terceira-previa-do-mes\/"},"author":{"name":"Reda\u00e7\u00e3o","@id":"https:\/\/www.notibras.com\/site\/#\/schema\/person\/36ab0979449956132d3e5b517ea76ac8"},"headline":"Infla\u00e7\u00e3o d\u00e1 um freio na terceira pr\u00e9via do m\u00eas","datePublished":"2015-02-23T13:33:53+00:00","mainEntityOfPage":{"@id":"https:\/\/www.notibras.com\/site\/inflacao-da-um-freio-na-terceira-previa-do-mes\/"},"wordCount":432,"commentCount":0,"publisher":{"@id":"https:\/\/www.notibras.com\/site\/#organization"},"image":{"@id":"https:\/\/www.notibras.com\/site\/inflacao-da-um-freio-na-terceira-previa-do-mes\/#primaryimage"},"thumbnailUrl":"https:\/\/www.notibras.com\/site\/wp-content\/uploads\/2015\/02\/in3.jpg","articleSection":["Brasil"],"inLanguage":"pt-BR","potentialAction":[{"@type":"CommentAction","name":"Comment","target":["https:\/\/www.notibras.com\/site\/inflacao-da-um-freio-na-terceira-previa-do-mes\/#respond"]}]},{"@type":"WebPage","@id":"https:\/\/www.notibras.com\/site\/inflacao-da-um-freio-na-terceira-previa-do-mes\/","url":"https:\/\/www.notibras.com\/site\/inflacao-da-um-freio-na-terceira-previa-do-mes\/","name":"Infla\u00e7\u00e3o d\u00e1 um freio na terceira pr\u00e9via do m\u00eas - Notibras","isPartOf":{"@id":"https:\/\/www.notibras.com\/site\/#website"},"primaryImageOfPage":{"@id":"https:\/\/www.notibras.com\/site\/inflacao-da-um-freio-na-terceira-previa-do-mes\/#primaryimage"},"image":{"@id":"https:\/\/www.notibras.com\/site\/inflacao-da-um-freio-na-terceira-previa-do-mes\/#primaryimage"},"thumbnailUrl":"https:\/\/www.notibras.com\/site\/wp-content\/uploads\/2015\/02\/in3.jpg","datePublished":"2015-02-23T13:33:53+00:00","breadcrumb":{"@id":"https:\/\/www.notibras.com\/site\/inflacao-da-um-freio-na-terceira-previa-do-mes\/#breadcrumb"},"inLanguage":"pt-BR","potentialAction":[{"@type":"ReadAction","target":["https:\/\/www.notibras.com\/site\/inflacao-da-um-freio-na-terceira-previa-do-mes\/"]}]},{"@type":"ImageObject","inLanguage":"pt-BR","@id":"https:\/\/www.notibras.com\/site\/inflacao-da-um-freio-na-terceira-previa-do-mes\/#primaryimage","url":"https:\/\/www.notibras.com\/site\/wp-content\/uploads\/2015\/02\/in3.jpg","contentUrl":"https:\/\/www.notibras.com\/site\/wp-content\/uploads\/2015\/02\/in3.jpg","width":590,"height":443},{"@type":"BreadcrumbList","@id":"https:\/\/www.notibras.com\/site\/inflacao-da-um-freio-na-terceira-previa-do-mes\/#breadcrumb","itemListElement":[{"@type":"ListItem","position":1,"name":"In\u00edcio","item":"https:\/\/www.notibras.com\/site\/"},{"@type":"ListItem","position":2,"name":"Infla\u00e7\u00e3o d\u00e1 um freio na terceira pr\u00e9via do m\u00eas"}]},{"@type":"WebSite","@id":"https:\/\/www.notibras.com\/site\/#website","url":"https:\/\/www.notibras.com\/site\/","name":"Notibras","description":"Not\u00edcias de Bras\u00edlia, do Brasil e do Mundo","publisher":{"@id":"https:\/\/www.notibras.com\/site\/#organization"},"potentialAction":[{"@type":"SearchAction","target":{"@type":"EntryPoint","urlTemplate":"https:\/\/www.notibras.com\/site\/?s={search_term_string}"},"query-input":{"@type":"PropertyValueSpecification","valueRequired":true,"valueName":"search_term_string"}}],"inLanguage":"pt-BR"},{"@type":"Organization","@id":"https:\/\/www.notibras.com\/site\/#organization","name":"Grupo Notibras de Comunica\u00e7\u00e3o","url":"https:\/\/www.notibras.com\/site\/","logo":{"@type":"ImageObject","inLanguage":"pt-BR","@id":"https:\/\/www.notibras.com\/site\/#\/schema\/logo\/image\/","url":"https:\/\/www.notibras.com\/site\/wp-content\/uploads\/2023\/01\/notibras23.png","contentUrl":"https:\/\/www.notibras.com\/site\/wp-content\/uploads\/2023\/01\/notibras23.png","width":350,"height":87,"caption":"Grupo Notibras de Comunica\u00e7\u00e3o"},"image":{"@id":"https:\/\/www.notibras.com\/site\/#\/schema\/logo\/image\/"},"sameAs":["https:\/\/www.facebook.com\/notibras\/","https:\/\/x.com\/Notibras","https:\/\/www.instagram.com\/notibras\/"]},{"@type":"Person","@id":"https:\/\/www.notibras.com\/site\/#\/schema\/person\/36ab0979449956132d3e5b517ea76ac8","name":"Reda\u00e7\u00e3o","image":{"@type":"ImageObject","inLanguage":"pt-BR","@id":"https:\/\/secure.gravatar.com\/avatar\/e0a867bdedb85fd243eadf09663511f96fc81e0720a4a42581f334ad4303aa6b?s=96&d=mm&r=g","url":"https:\/\/secure.gravatar.com\/avatar\/e0a867bdedb85fd243eadf09663511f96fc81e0720a4a42581f334ad4303aa6b?s=96&d=mm&r=g","contentUrl":"https:\/\/secure.gravatar.com\/avatar\/e0a867bdedb85fd243eadf09663511f96fc81e0720a4a42581f334ad4303aa6b?s=96&d=mm&r=g","caption":"Reda\u00e7\u00e3o"}}]}},"amp_enabled":true,"_links":{"self":[{"href":"https:\/\/www.notibras.com\/site\/wp-json\/wp\/v2\/posts\/37939","targetHints":{"allow":["GET"]}}],"collection":[{"href":"https:\/\/www.notibras.com\/site\/wp-json\/wp\/v2\/posts"}],"about":[{"href":"https:\/\/www.notibras.com\/site\/wp-json\/wp\/v2\/types\/post"}],"author":[{"embeddable":true,"href":"https:\/\/www.notibras.com\/site\/wp-json\/wp\/v2\/users\/2"}],"replies":[{"embeddable":true,"href":"https:\/\/www.notibras.com\/site\/wp-json\/wp\/v2\/comments?post=37939"}],"version-history":[{"count":0,"href":"https:\/\/www.notibras.com\/site\/wp-json\/wp\/v2\/posts\/37939\/revisions"}],"wp:featuredmedia":[{"embeddable":true,"href":"https:\/\/www.notibras.com\/site\/wp-json\/wp\/v2\/media\/37940"}],"wp:attachment":[{"href":"https:\/\/www.notibras.com\/site\/wp-json\/wp\/v2\/media?parent=37939"}],"wp:term":[{"taxonomy":"category","embeddable":true,"href":"https:\/\/www.notibras.com\/site\/wp-json\/wp\/v2\/categories?post=37939"},{"taxonomy":"post_tag","embeddable":true,"href":"https:\/\/www.notibras.com\/site\/wp-json\/wp\/v2\/tags?post=37939"}],"curies":[{"name":"wp","href":"https:\/\/api.w.org\/{rel}","templated":true}]}}