{"id":379398,"date":"2026-01-17T00:00:54","date_gmt":"2026-01-17T03:00:54","guid":{"rendered":"https:\/\/www.notibras.com\/site\/?p=379398"},"modified":"2026-01-17T10:44:25","modified_gmt":"2026-01-17T13:44:25","slug":"projecao-e-produto-da-historia-do-imperio","status":"publish","type":"post","link":"https:\/\/www.notibras.com\/site\/projecao-e-produto-da-historia-do-imperio\/","title":{"rendered":"Proje\u00e7\u00e3o e produto da hist\u00f3ria do &#8216;imp\u00e9rio&#8217;"},"content":{"rendered":"<p>Nada do que estamos assistindo \u00e9 estranho \u00e0 hist\u00f3ria da forma\u00e7\u00e3o da sociedade estadunidense, marcada pela viol\u00eancia da coloniza\u00e7\u00e3o, que \u00e9 a semente de suas rela\u00e7\u00f5es com o mundo, dos tempos ingleses e espanh\u00f3is dos primeiros aventureiros at\u00e9 aqui: <i>animus<\/i>\u00a0de beliger\u00e2ncia \u00e0 beira da barb\u00e1rie sem descanso, que, aos olhos da humanidade de hoje, apenas se aprofunda, pragmaticamente desapartada de limites \u00e9ticos ou de cuidados sem\u00e2nticos, aposentado o vencido cinismo liberal do discurso &#8220;politicamente correto&#8221;.<\/p>\n<p>O\u00a0<i>big stick<\/i>\u00a0permanece a postos; vari\u00e1vel \u00e9 t\u00e3o-s\u00f3 a fala.<\/p>\n<p>O\u00a0<i>far west<\/i>\u00a0n\u00e3o \u00e9 um s\u00f3 momento da saga dos pioneiros. \u00c9 uma ideologia de expans\u00e3o e dom\u00ednio. \u00c9 o direito (ou a for\u00e7a que se transforma em direito) que se legitima pela efetividade. Ou, para usar termos mais amenos, que se efetiva\u00a0pela\u00a0sua\u00a0<i>naturaliza\u00e7\u00e3o<\/i>. Frantz Fanon j\u00e1 nos falou sobre a aliena\u00e7\u00e3o do colonizado, reproduzindo como seus os interesses do colonizador. H\u00e1\u00a0pouco nos foi dado conhecer as incurs\u00f5es mais ou menos bem-sucedidas de pol\u00edticos brasileiros de extrema-direita obrando junto \u00e0 Casa Branca contra interesses nacionais. Igualmente s\u00e3o p\u00fablicas as\u00a0tratativas de plantadores de soja e exportadores de carne negociando, em nosso nome, em\u00a0Washington,\u00a0o\u00a0<i>tarifa\u00e7o<\/i>\u00a0de Trump.<\/p>\n<p>O direito das gentes \u00e9 a for\u00e7a que se faz valer e respeitar, como antes se faziam respeitar as legi\u00f5es romanas, como hoje os\u00a0<i>marines<\/i>\u00a0(com o arsenal at\u00f4mico de Washington em seus espadares) ditam a &#8220;nova ordem mundial&#8221;. Trag\u00e9dia ou farsa, a &#8220;Conquista do Oeste&#8221; \u00e9 a conquista do mundo, uma saga que come\u00e7ou quando os primeiros homin\u00eddeos desceram das \u00e1rvores.<\/p>\n<p>O\u00a0<i>far west<\/i>\u00a0n\u00e3o \u00e9 um momento passado, vencido ou superado. \u00c9 uma pol\u00edtica vigente.<\/p>\n<p>A viol\u00eancia, insisto \u2013 porque est\u00e1 no eixo explicador da hist\u00f3ria presente \u2013 \u00e9 o tra\u00e7o formador da alma dos EUA: a ocupa\u00e7\u00e3o do vasto territ\u00f3rio; a conquista do Oeste; a deliberada destrui\u00e7\u00e3o das civiliza\u00e7\u00f5es nativas; a escravid\u00e3o luciferina; o racismo levado ao paroxismo; o macarthismo no s\u00e9culo XX; e, em pleno s\u00e9culo XXI, a viol\u00eancia contra imigrantes em pa\u00eds constru\u00eddo por imigrantes, e a sobreviv\u00eancia da inomin\u00e1vel Ku Klux Klan. As muitas guerras, nenhuma em defesa de seu territ\u00f3rio (jamais amea\u00e7ado); todas elas guerras de agress\u00e3o, quase todas guerras de conquista territorial, de que \u00e9 exemplar a guerra contra o M\u00e9xico (1848) e a usurpa\u00e7\u00e3o de nada menos do que 55% de seu territ\u00f3rio original.<\/p>\n<p>N\u00e3o h\u00e1, pois, por que cuidar do trumpismo \u2014\u00a0ainda que sua viol\u00eancia espante at\u00e9 os s\u00faditos mais fi\u00e9is\u00a0 \u2014 como um fen\u00f4meno pr\u00f3prio. Jamais um surto pananoide.<\/p>\n<p>Como dizia Ernest Renan, &#8220;a na\u00e7\u00e3o \u00e9 uma alma, um princ\u00edpio espiritual&#8221;. A &#8220;alma estadunidense&#8221; \u00e9 filha e m\u00e3e de sua hist\u00f3ria. E nada mais estadunidense do que a \u00edndole do imperialismo \u2014 desnaturado ainda pela explos\u00e3o do capitalismo monopolista, desnaturado por necessidade de expans\u00e3o sem freios. O capitalismo \u00e9 um Leviat\u00e3 que n\u00e3o pode parar de crescer, de expandir-se;\u00a0romper limites \u00e9 o determinismo de sua pantagru\u00e9lica fome cosmol\u00f3gica.<\/p>\n<p>L\u00eanin, escrevendo em 1916\u00a0(<i>&#8220;Imperialismo: fase superior do capitalismo&#8221;<\/i>),\u00a0ditava que &#8220;<i>o imperialismo \u00e9 o capitalismo em sua fase superior, caracterizado pela domina\u00e7\u00e3o dos monop\u00f3lios e do capital financeiro, pela exporta\u00e7\u00e3o de capitais, pela partilha do mundo entre os grandes trustes internacionais e pela conclus\u00e3o da partilha territorial do globo entre as grandes pot\u00eancias capitalistas<\/i>&#8220;. N\u00e3o foi lido pelos estrategistas brasileiros. \u00c9pena, pois ainda \u00e9 preciso\u00a0dizer-se que\u00a0imperialismo n\u00e3o \u00e9 apenas pol\u00edtica externa, mas uma estrutura hist\u00f3rica do capitalismo, resultante da fus\u00e3o entre capital banc\u00e1rio e industrial e da necessidade sist\u00eamica de expans\u00e3o, a que, antes, se referiu Marx: o capitalismo depende de sua expans\u00e3o, e esta expans\u00e3o depende da conquista permanente de mercados, da conquista de territ\u00f3rios e de riquezas, de mat\u00e9rias-primas e insumos e,\u00a0sempre\u00a0\u00a0de mercado consumidor.<\/p>\n<p>Para tudo isso, vale-se ainda da conquista ideol\u00f3gica do dom\u00ednio da narrativa que construir\u00e1 o real.<\/p>\n<p>O imperialismo norte-americano, este de que cuidamos, come\u00e7a a tomar o corpo contempor\u00e2neo no encontro da explos\u00e3o de seu alto desenvolvimento capitalista com a decad\u00eancia da Europa, despreparada para o fim da explora\u00e7\u00e3o colonial (a irremov\u00edvel decad\u00eancia c\u00edclica dos imp\u00e9rios).<\/p>\n<p>A autodepreda\u00e7\u00e3o da I Guerra Mundial semeia o terreno para a emerg\u00eancia\u00a0de fen\u00f4menos siameses: a crise econ\u00f4mica continental; a recupera\u00e7\u00e3o econ\u00f4mico-militar da Alemanha; o nazifascismo; o Eixo; a guerra; e, com a guerra, a segunda morte da Europa. Os vitoriosos, ant\u00edpodas, s\u00e3o os EUA e a URSS, que,\u00a0aos\u00a0trancos e barrancos, arrega\u00e7am as mangas para construir o &#8220;novo&#8221; mundo em\u00a0disputa, ora fatiado, ora ceifado ao meio expondo os espa\u00e7os nos quais as pot\u00eancias nucleares v\u00e3o exercer, sem peias, seu dom\u00ednio.<\/p>\n<p>Eram\u00a0os tempos da polaridade militar-ideol\u00f3gica entre capitalismo e socialismo. Cada um cuida do seu quinh\u00e3o, de sua \u00e1rea de influ\u00eancia. Sabe-se como tudo terminou.<\/p>\n<p>Os EUA, os grandes vitoriosos \u2014 campe\u00f5es em todas as frentes: militar, econ\u00f4mica e pol\u00edtico-ideol\u00f3gica \u2014, s\u00e3o o novo regente, guia e tutor do Ocidente. Cuidam de arrumar\u00a0a casa&#8230; para si (arrumar a casa \u00e9 reorganizar o mundo segundo seus interesses como l\u00edderes planet\u00e1rios).<\/p>\n<p>Na Confer\u00eancia de Bretton Woods (1944, portanto antes da rendi\u00e7\u00e3o da Alemanha e das bombas at\u00f4micas sobre o Jap\u00e3o, em 1945), reuniram delegados de 44 pa\u00edses aliados para definir o novo sistema monet\u00e1rio e financeiro. Estabeleceu-se uma nova ordem monet\u00e1ria internacional, tornando o d\u00f3lar a moeda central da economia global, moeda de refer\u00eancia internacional, que os EUA\u00a0poderiam\u00a0emitir, e podem at\u00e9 hoje, e emitem livremente, seguindo apenas como par\u00e2metro interesses pol\u00edticos, econ\u00f4micos ou estrat\u00e9gico-militares.<\/p>\n<p>Para seu suporte e intervencionismos sem conta, s\u00e3o criadas institui\u00e7\u00f5es de atua\u00e7\u00e3o global como o BIRD, o FMI e o Banco Mundial e, em 1947, o GATT (semente da hoje escanteada OMC). Passados 82 anos da hist\u00f3rica c\u00fapula capitalista num buc\u00f3lico vilarejo nas montanhas de New Hampshire, esta \u00e9 ainda a base estrutural-financeira da hegemonia do imperialismo, a base material do que se chamou de &#8220;s\u00e9culo americano&#8221;, que igualmente se aplica \u00e0s primeiras d\u00e9cadas deste ind\u00f3cil s\u00e9culo XXI.<\/p>\n<p>Permanecem globais e onipotentes as institui\u00e7\u00f5es inventadas para controlar e estabilizar o sistema financeiro, que, controlando os grandes capitais, os grandes investimentos e os grandes fluxos, transformam-se tamb\u00e9m em instrumentos de reprodu\u00e7\u00e3o da depend\u00eancia.<br \/>\nMesmo perdendo for\u00e7a (coisa que os senhores da guerra n\u00e3o ignoram), o d\u00f3lar segue como principal moeda de reserva, e os EUA conservam o poder de financiar seus d\u00e9ficits em sua pr\u00f3pria moeda. Caso \u00fanico.<\/p>\n<p>Seguiram-se os muitos anos de disputa entre o imp\u00e9rio americano e a URSS de ent\u00e3o, emergente e vitoriosa, inclusive militarmente. No contrapelo surge a &#8220;Cortina de Ferro&#8221;; s\u00e3o os ventos da Guerra Fria, timbrados tamb\u00e9m pelos frustrados esfor\u00e7os sovi\u00e9ticos tanto de concorr\u00eancia quanto de &#8220;conviv\u00eancia pac\u00edfica&#8221;, afinal sepultados com o fracasso da\u00a0<i>Perestroika<\/i>.<\/p>\n<p>A polaridade Ocidente-Oriente, EUA-URSS, capitalismo-socialismo dissolve-se como neve no ver\u00e3o com a simbologia da queda do Muro de Berlim (1989), mensageiro da fal\u00eancia militar, pol\u00edtica, econ\u00f4mica e ideol\u00f3gica do projeto sovi\u00e9tico, esgotamento pol\u00edtico que traria consigo a frustra\u00e7\u00e3o da experi\u00eancia socialista, que \u00e0 humanidade n\u00e3o foi dado conhecer.<\/p>\n<p>A polaridade \u00e9 substitu\u00edda pela hegemonia do capitalismo monopolista, esta de hoje, determinante do car\u00e1ter do imperialismo dos EUA, sua locomotiva, seu ar\u00edete, seu benefici\u00e1rio.<\/p>\n<p>Entra em cena um terceiro\u00a0personagem.<\/p>\n<p>A China \u00e9 ator que construiu quase monop\u00f3lios em terras raras: segundo dados dispon\u00edveis, det\u00e9m 25 mil patentes sobre esses elementos; garantiu acesso preferencial a minerais na \u00c1frica e na Am\u00e9rica Latina; articulou financiamento, infraestrutura e suprimento via a Nova Rota da Seda. Mas n\u00e3o s\u00f3. Avan\u00e7ou extraordinariamente em educa\u00e7\u00e3o, ci\u00eancia, tecnologia e inova\u00e7\u00e3o,\u00a0e\u00a0hoje \u00e9 a segunda pot\u00eancia econ\u00f4mica do globo,\u00a0<i>vis-\u00e0-vis<\/i>\u00a0a economia dos EUA, da qual se aproxima. Por for\u00e7a desse desenvolvimento, tornou-se a &#8220;f\u00e1brica do mundo&#8221;.<\/p>\n<p>Este \u00e9 seu poder, mas pode ser, igualmente, seu calcanhar de Aquiles: seus produtos precisam ser vendidos (transformados em receita, divisas), o que depende de mercados. Estudos desenvolvidos nos EUA indicam a concorr\u00eancia econ\u00f4mica e tecnol\u00f3gica com a China, apontando a supera\u00e7\u00e3o dos EUA em algo como vinte anos.<\/p>\n<p>Esta prospec\u00e7\u00e3o n\u00e3o est\u00e1, como n\u00e3o poderia estar, ausente dos gabinetes civis e militares de estudos estrat\u00e9gicos em todo o mundo. O\u00a0poderio militar dos EUA continua de p\u00e9, e \u00e9 nele que os avan\u00e7os da pol\u00edtica se assentam.<\/p>\n<p>Mas o poderio econ\u00f4mico dos EUA \u2014 nada obstante a evid\u00eancia de serem ainda hoje a maior pot\u00eancia do mundo \u2014 d\u00e1 sinais, sen\u00e3o de esgotamento, de cansa\u00e7o, sugerindo a impossibilidade de manter a lideran\u00e7a mundial\u00a0frente ao\u00a0avan\u00e7o chin\u00eas, que, at\u00e9 aqui, parece n\u00e3o conhecer trope\u00e7os. O palp\u00e1vel \u00e9 que a China prossiga no desenvolvimento, prote\u00e7\u00e3o e sustenta\u00e7\u00e3o de sua malha comercial mundial, que inclui a Rota da Seda e seus investimentos de toda ordem, mas inclui igualmente o mercado norte-americano. Como inclui o mercado europeu e o latino-americano. N\u00e3o estamos fora disso.<\/p>\n<p>A tradi\u00e7\u00e3o milenar do Imp\u00e9rio do Meio ensinou-lhe a consci\u00eancia da grandeza territorial e o\u00a0isolamento (o auto bastar-se), que\u00a0tamb\u00e9m o apartou da necessidade de expansionismo. Isto est\u00e1 presente na geopol\u00edtica de hoje, mesmo considerando a pol\u00edtica de hostilidade dos EUA. Seu cintur\u00e3o de seguran\u00e7a n\u00e3o \u00e9 o mundo, mas seu entorno, nomeadamente Taiwan e o Mar do Jap\u00e3o.<\/p>\n<p>A recupera\u00e7\u00e3o da antiga Formosa, prov\u00edncia desgarrada por\u00a0Chiang Kai-Shek,\u00a0em sua \u00a0fuga ao perder\u00a0o confronto com as tropas de\u00a0Mao Zedong, \u00a0pode ser transformada, por\u00e9m, em necessidade de guerra e, ao lado de tudo isso e por tudo isso, em necessidade de consolida\u00e7\u00e3o estrat\u00e9gica, industrial e de seguran\u00e7a, em face de seu alto desenvolvimento tecnol\u00f3gico, nomeadamente em\u00a0<i>chips<\/i>.<\/p>\n<p>Afora\u00a0esse n\u00edvel de conting\u00eancia, a China n\u00e3o se deslocar\u00e1 da China.<\/p>\n<p>A R\u00fassia, sem d\u00favida o segundo arsenal at\u00f4mico do mundo, n\u00e3o tem por que pensar nas dores do mundo: cuida de sua soberania, e sua prioridade \u00f3bvia \u00e9 a guerra contra a Ucr\u00e2nia e o enfrentamento \u00e0s amea\u00e7as da OTAN, que visa \u00e0 sua sufoca\u00e7\u00e3o. S\u00e3o \u00f3bvias suas prioridades, e \u00e9 \u00f3bvia a necessidade de manter o canal de interlocu\u00e7\u00e3o com os EUA, onde, por sem d\u00favida, se negociam interesses. A China, por\u00e9m, com seu com\u00e9rcio mundializado, e assim muito\u00a0quedada na\u00a0depend\u00eancia do desdobrar da pol\u00edtica americana\u00a0\u2014\u00a0aquela que se discute entre o Departamento de Estado e o Pent\u00e1gono &#8212; ,\u00a0\u00a0pode ser levada a rever sua estrat\u00e9gia militar, hoje defensiva.<\/p>\n<p>\u00c0\u00a0aus\u00eancia de contendores de seu peso, os EUA permanecer\u00e3o no centro da arena como digladiador, a um tempo \u00fanico e imbat\u00edvel.<\/p>\n<p>A hist\u00f3ria caminha suas pegadas. Sustentado pela mais poderosa m\u00e1quina militar jamais conhecida pela humanidade, e tanto onipresente no mundo de hoje quanto as legi\u00f5es romanas no pequeno mundo daquele ent\u00e3o, permanentemente em busca da conquista de mais espa\u00e7os de presen\u00e7a, como de sempre na Europa, com a ocidentaliza\u00e7\u00e3o e a\u00a0<i>otaniza\u00e7\u00e3o<\/i>\u00a0das antigas rep\u00fablicas sovi\u00e9ticas; no Oriente, como na S\u00edria, como na L\u00edbia, como no Ir\u00e3, como na Palestina; como na Groenl\u00e2ndia; como na Am\u00e9rica Latina, o grande &#8220;quintal&#8221; a ser preservado. Nele, talvez constituindo sua por\u00e7\u00e3o\u00a0mais estrat\u00e9gica, entre o Caribe, a\u00a0Amaz\u00f4nia e os Pampas, entre o Pac\u00edfico e um Atl\u00e2ntico vast\u00edssimo, a rota livre do Ocidente. E\u00a0sobre as\u00a0riquezas naturais do subcontinente, que n\u00e3o se esgotam no petr\u00f3leo confiscado da Venezuela.<\/p>\n<p>O mundo, visto de hoje, \u00e9 a &#8220;Am\u00e9rica&#8221; dos EUA. Mas a hist\u00f3ria n\u00e3o \u00e9 um fato dado ,completo, morno, acabado;\u00a0\u00a0nos seus alicerces, quase sempre muito profundos, o processo social \u00e9 senhor de bara\u00e7o e cutelo, sempre protegido de nossas especula\u00e7\u00f5es, porque os cientistas pol\u00edticos carecem de instrumentos objetivos de capta\u00e7\u00e3o do fato antes que\u00a0 ele salte \u00e0 realidade.<\/p>\n<p>A cr\u00f4nica conta o di\u00e1logo entre dois s\u00e1bios: Magalh\u00e3es Pinto e Jos\u00e9 Maria Alkmin contemplavam os c\u00e9us das alterosas e filosofavam sobre a pol\u00edtica mineira: \u00a0os fatos, como as nuvens, mudavam de rumo e de forma \u00e0 merc\u00ea dos ventos.<\/p>\n<p>&#8230;&#8230;&#8230;&#8230;&#8230;&#8230;..<\/p>\n<p><strong>Roberto Amaral foi ministro da Ci\u00eancia e Tecnologia com Lula 1<\/strong><\/p>\n","protected":false},"excerpt":{"rendered":"<p>Nada do que estamos assistindo \u00e9 estranho \u00e0 hist\u00f3ria da forma\u00e7\u00e3o da sociedade estadunidense, marcada pela viol\u00eancia da coloniza\u00e7\u00e3o, que \u00e9 a semente de suas rela\u00e7\u00f5es com o mundo, dos tempos ingleses e espanh\u00f3is dos primeiros aventureiros at\u00e9 aqui: animus\u00a0de beliger\u00e2ncia \u00e0 beira da barb\u00e1rie sem descanso, que, aos olhos da humanidade de hoje, apenas [&hellip;]<\/p>\n","protected":false},"author":2,"featured_media":222834,"comment_status":"closed","ping_status":"closed","sticky":false,"template":"","format":"standard","meta":{"_acf_changed":false,"footnotes":""},"categories":[159],"tags":[],"class_list":["post-379398","post","type-post","status-publish","format-standard","has-post-thumbnail","hentry","category-apocalipse"],"acf":[],"yoast_head":"<!-- This site is optimized with the Yoast SEO plugin v27.2 - https:\/\/yoast.com\/product\/yoast-seo-wordpress\/ -->\n<title>Proje\u00e7\u00e3o e produto da hist\u00f3ria do &#039;imp\u00e9rio&#039; - Notibras<\/title>\n<meta name=\"robots\" content=\"index, follow, max-snippet:-1, max-image-preview:large, max-video-preview:-1\" \/>\n<link rel=\"canonical\" href=\"https:\/\/www.notibras.com\/site\/projecao-e-produto-da-historia-do-imperio\/\" \/>\n<meta property=\"og:locale\" content=\"pt_BR\" \/>\n<meta property=\"og:type\" content=\"article\" \/>\n<meta property=\"og:title\" content=\"Proje\u00e7\u00e3o e produto da hist\u00f3ria do &#039;imp\u00e9rio&#039; - Notibras\" \/>\n<meta property=\"og:description\" content=\"Nada do que estamos assistindo \u00e9 estranho \u00e0 hist\u00f3ria da forma\u00e7\u00e3o da sociedade estadunidense, marcada pela viol\u00eancia da coloniza\u00e7\u00e3o, que \u00e9 a semente de suas rela\u00e7\u00f5es com o mundo, dos tempos ingleses e espanh\u00f3is dos primeiros aventureiros at\u00e9 aqui: animus\u00a0de beliger\u00e2ncia \u00e0 beira da barb\u00e1rie sem descanso, que, aos olhos da humanidade de hoje, apenas [&hellip;]\" \/>\n<meta property=\"og:url\" content=\"https:\/\/www.notibras.com\/site\/projecao-e-produto-da-historia-do-imperio\/\" \/>\n<meta property=\"og:site_name\" content=\"Notibras\" \/>\n<meta property=\"article:publisher\" content=\"https:\/\/www.facebook.com\/notibras\/\" \/>\n<meta property=\"article:published_time\" content=\"2026-01-17T03:00:54+00:00\" \/>\n<meta property=\"article:modified_time\" content=\"2026-01-17T13:44:25+00:00\" \/>\n<meta property=\"og:image\" content=\"https:\/\/www.notibras.com\/site\/wp-content\/uploads\/2020\/01\/trump-guerra.jpg\" \/>\n\t<meta property=\"og:image:width\" content=\"992\" \/>\n\t<meta property=\"og:image:height\" content=\"558\" \/>\n\t<meta property=\"og:image:type\" content=\"image\/jpeg\" \/>\n<meta name=\"author\" content=\"Reda\u00e7\u00e3o\" \/>\n<meta name=\"twitter:card\" content=\"summary_large_image\" \/>\n<meta name=\"twitter:creator\" content=\"@Notibras\" \/>\n<meta name=\"twitter:site\" content=\"@Notibras\" \/>\n<meta name=\"twitter:label1\" content=\"Escrito por\" \/>\n\t<meta name=\"twitter:data1\" content=\"Reda\u00e7\u00e3o\" \/>\n\t<meta name=\"twitter:label2\" content=\"Est. tempo de leitura\" \/>\n\t<meta name=\"twitter:data2\" content=\"11 minutos\" \/>\n<script type=\"application\/ld+json\" class=\"yoast-schema-graph\">{\"@context\":\"https:\/\/schema.org\",\"@graph\":[{\"@type\":\"Article\",\"@id\":\"https:\/\/www.notibras.com\/site\/projecao-e-produto-da-historia-do-imperio\/#article\",\"isPartOf\":{\"@id\":\"https:\/\/www.notibras.com\/site\/projecao-e-produto-da-historia-do-imperio\/\"},\"author\":{\"name\":\"Reda\u00e7\u00e3o\",\"@id\":\"https:\/\/www.notibras.com\/site\/#\/schema\/person\/36ab0979449956132d3e5b517ea76ac8\"},\"headline\":\"Proje\u00e7\u00e3o e produto da hist\u00f3ria do &#8216;imp\u00e9rio&#8217;\",\"datePublished\":\"2026-01-17T03:00:54+00:00\",\"dateModified\":\"2026-01-17T13:44:25+00:00\",\"mainEntityOfPage\":{\"@id\":\"https:\/\/www.notibras.com\/site\/projecao-e-produto-da-historia-do-imperio\/\"},\"wordCount\":2184,\"publisher\":{\"@id\":\"https:\/\/www.notibras.com\/site\/#organization\"},\"image\":{\"@id\":\"https:\/\/www.notibras.com\/site\/projecao-e-produto-da-historia-do-imperio\/#primaryimage\"},\"thumbnailUrl\":\"https:\/\/www.notibras.com\/site\/wp-content\/uploads\/2020\/01\/trump-guerra.jpg\",\"articleSection\":[\"Apocalipse\"],\"inLanguage\":\"pt-BR\"},{\"@type\":\"WebPage\",\"@id\":\"https:\/\/www.notibras.com\/site\/projecao-e-produto-da-historia-do-imperio\/\",\"url\":\"https:\/\/www.notibras.com\/site\/projecao-e-produto-da-historia-do-imperio\/\",\"name\":\"Proje\u00e7\u00e3o e produto da hist\u00f3ria do 'imp\u00e9rio' - Notibras\",\"isPartOf\":{\"@id\":\"https:\/\/www.notibras.com\/site\/#website\"},\"primaryImageOfPage\":{\"@id\":\"https:\/\/www.notibras.com\/site\/projecao-e-produto-da-historia-do-imperio\/#primaryimage\"},\"image\":{\"@id\":\"https:\/\/www.notibras.com\/site\/projecao-e-produto-da-historia-do-imperio\/#primaryimage\"},\"thumbnailUrl\":\"https:\/\/www.notibras.com\/site\/wp-content\/uploads\/2020\/01\/trump-guerra.jpg\",\"datePublished\":\"2026-01-17T03:00:54+00:00\",\"dateModified\":\"2026-01-17T13:44:25+00:00\",\"breadcrumb\":{\"@id\":\"https:\/\/www.notibras.com\/site\/projecao-e-produto-da-historia-do-imperio\/#breadcrumb\"},\"inLanguage\":\"pt-BR\",\"potentialAction\":[{\"@type\":\"ReadAction\",\"target\":[\"https:\/\/www.notibras.com\/site\/projecao-e-produto-da-historia-do-imperio\/\"]}]},{\"@type\":\"ImageObject\",\"inLanguage\":\"pt-BR\",\"@id\":\"https:\/\/www.notibras.com\/site\/projecao-e-produto-da-historia-do-imperio\/#primaryimage\",\"url\":\"https:\/\/www.notibras.com\/site\/wp-content\/uploads\/2020\/01\/trump-guerra.jpg\",\"contentUrl\":\"https:\/\/www.notibras.com\/site\/wp-content\/uploads\/2020\/01\/trump-guerra.jpg\",\"width\":992,\"height\":558},{\"@type\":\"BreadcrumbList\",\"@id\":\"https:\/\/www.notibras.com\/site\/projecao-e-produto-da-historia-do-imperio\/#breadcrumb\",\"itemListElement\":[{\"@type\":\"ListItem\",\"position\":1,\"name\":\"In\u00edcio\",\"item\":\"https:\/\/www.notibras.com\/site\/\"},{\"@type\":\"ListItem\",\"position\":2,\"name\":\"Proje\u00e7\u00e3o e produto da hist\u00f3ria do &#8216;imp\u00e9rio&#8217;\"}]},{\"@type\":\"WebSite\",\"@id\":\"https:\/\/www.notibras.com\/site\/#website\",\"url\":\"https:\/\/www.notibras.com\/site\/\",\"name\":\"Notibras\",\"description\":\"Not\u00edcias de Bras\u00edlia, do Brasil e do Mundo\",\"publisher\":{\"@id\":\"https:\/\/www.notibras.com\/site\/#organization\"},\"potentialAction\":[{\"@type\":\"SearchAction\",\"target\":{\"@type\":\"EntryPoint\",\"urlTemplate\":\"https:\/\/www.notibras.com\/site\/?s={search_term_string}\"},\"query-input\":{\"@type\":\"PropertyValueSpecification\",\"valueRequired\":true,\"valueName\":\"search_term_string\"}}],\"inLanguage\":\"pt-BR\"},{\"@type\":\"Organization\",\"@id\":\"https:\/\/www.notibras.com\/site\/#organization\",\"name\":\"Grupo Notibras de Comunica\u00e7\u00e3o\",\"url\":\"https:\/\/www.notibras.com\/site\/\",\"logo\":{\"@type\":\"ImageObject\",\"inLanguage\":\"pt-BR\",\"@id\":\"https:\/\/www.notibras.com\/site\/#\/schema\/logo\/image\/\",\"url\":\"https:\/\/www.notibras.com\/site\/wp-content\/uploads\/2023\/01\/notibras23.png\",\"contentUrl\":\"https:\/\/www.notibras.com\/site\/wp-content\/uploads\/2023\/01\/notibras23.png\",\"width\":350,\"height\":87,\"caption\":\"Grupo Notibras de Comunica\u00e7\u00e3o\"},\"image\":{\"@id\":\"https:\/\/www.notibras.com\/site\/#\/schema\/logo\/image\/\"},\"sameAs\":[\"https:\/\/www.facebook.com\/notibras\/\",\"https:\/\/x.com\/Notibras\",\"https:\/\/www.instagram.com\/notibras\/\"]},{\"@type\":\"Person\",\"@id\":\"https:\/\/www.notibras.com\/site\/#\/schema\/person\/36ab0979449956132d3e5b517ea76ac8\",\"name\":\"Reda\u00e7\u00e3o\",\"image\":{\"@type\":\"ImageObject\",\"inLanguage\":\"pt-BR\",\"@id\":\"https:\/\/secure.gravatar.com\/avatar\/e0a867bdedb85fd243eadf09663511f96fc81e0720a4a42581f334ad4303aa6b?s=96&d=mm&r=g\",\"url\":\"https:\/\/secure.gravatar.com\/avatar\/e0a867bdedb85fd243eadf09663511f96fc81e0720a4a42581f334ad4303aa6b?s=96&d=mm&r=g\",\"contentUrl\":\"https:\/\/secure.gravatar.com\/avatar\/e0a867bdedb85fd243eadf09663511f96fc81e0720a4a42581f334ad4303aa6b?s=96&d=mm&r=g\",\"caption\":\"Reda\u00e7\u00e3o\"}}]}<\/script>\n<!-- \/ Yoast SEO plugin. -->","yoast_head_json":{"title":"Proje\u00e7\u00e3o e produto da hist\u00f3ria do 'imp\u00e9rio' - Notibras","robots":{"index":"index","follow":"follow","max-snippet":"max-snippet:-1","max-image-preview":"max-image-preview:large","max-video-preview":"max-video-preview:-1"},"canonical":"https:\/\/www.notibras.com\/site\/projecao-e-produto-da-historia-do-imperio\/","og_locale":"pt_BR","og_type":"article","og_title":"Proje\u00e7\u00e3o e produto da hist\u00f3ria do 'imp\u00e9rio' - Notibras","og_description":"Nada do que estamos assistindo \u00e9 estranho \u00e0 hist\u00f3ria da forma\u00e7\u00e3o da sociedade estadunidense, marcada pela viol\u00eancia da coloniza\u00e7\u00e3o, que \u00e9 a semente de suas rela\u00e7\u00f5es com o mundo, dos tempos ingleses e espanh\u00f3is dos primeiros aventureiros at\u00e9 aqui: animus\u00a0de beliger\u00e2ncia \u00e0 beira da barb\u00e1rie sem descanso, que, aos olhos da humanidade de hoje, apenas [&hellip;]","og_url":"https:\/\/www.notibras.com\/site\/projecao-e-produto-da-historia-do-imperio\/","og_site_name":"Notibras","article_publisher":"https:\/\/www.facebook.com\/notibras\/","article_published_time":"2026-01-17T03:00:54+00:00","article_modified_time":"2026-01-17T13:44:25+00:00","og_image":[{"width":992,"height":558,"url":"https:\/\/www.notibras.com\/site\/wp-content\/uploads\/2020\/01\/trump-guerra.jpg","type":"image\/jpeg"}],"author":"Reda\u00e7\u00e3o","twitter_card":"summary_large_image","twitter_creator":"@Notibras","twitter_site":"@Notibras","twitter_misc":{"Escrito por":"Reda\u00e7\u00e3o","Est. tempo de leitura":"11 minutos"},"schema":{"@context":"https:\/\/schema.org","@graph":[{"@type":"Article","@id":"https:\/\/www.notibras.com\/site\/projecao-e-produto-da-historia-do-imperio\/#article","isPartOf":{"@id":"https:\/\/www.notibras.com\/site\/projecao-e-produto-da-historia-do-imperio\/"},"author":{"name":"Reda\u00e7\u00e3o","@id":"https:\/\/www.notibras.com\/site\/#\/schema\/person\/36ab0979449956132d3e5b517ea76ac8"},"headline":"Proje\u00e7\u00e3o e produto da hist\u00f3ria do &#8216;imp\u00e9rio&#8217;","datePublished":"2026-01-17T03:00:54+00:00","dateModified":"2026-01-17T13:44:25+00:00","mainEntityOfPage":{"@id":"https:\/\/www.notibras.com\/site\/projecao-e-produto-da-historia-do-imperio\/"},"wordCount":2184,"publisher":{"@id":"https:\/\/www.notibras.com\/site\/#organization"},"image":{"@id":"https:\/\/www.notibras.com\/site\/projecao-e-produto-da-historia-do-imperio\/#primaryimage"},"thumbnailUrl":"https:\/\/www.notibras.com\/site\/wp-content\/uploads\/2020\/01\/trump-guerra.jpg","articleSection":["Apocalipse"],"inLanguage":"pt-BR"},{"@type":"WebPage","@id":"https:\/\/www.notibras.com\/site\/projecao-e-produto-da-historia-do-imperio\/","url":"https:\/\/www.notibras.com\/site\/projecao-e-produto-da-historia-do-imperio\/","name":"Proje\u00e7\u00e3o e produto da hist\u00f3ria do 'imp\u00e9rio' - Notibras","isPartOf":{"@id":"https:\/\/www.notibras.com\/site\/#website"},"primaryImageOfPage":{"@id":"https:\/\/www.notibras.com\/site\/projecao-e-produto-da-historia-do-imperio\/#primaryimage"},"image":{"@id":"https:\/\/www.notibras.com\/site\/projecao-e-produto-da-historia-do-imperio\/#primaryimage"},"thumbnailUrl":"https:\/\/www.notibras.com\/site\/wp-content\/uploads\/2020\/01\/trump-guerra.jpg","datePublished":"2026-01-17T03:00:54+00:00","dateModified":"2026-01-17T13:44:25+00:00","breadcrumb":{"@id":"https:\/\/www.notibras.com\/site\/projecao-e-produto-da-historia-do-imperio\/#breadcrumb"},"inLanguage":"pt-BR","potentialAction":[{"@type":"ReadAction","target":["https:\/\/www.notibras.com\/site\/projecao-e-produto-da-historia-do-imperio\/"]}]},{"@type":"ImageObject","inLanguage":"pt-BR","@id":"https:\/\/www.notibras.com\/site\/projecao-e-produto-da-historia-do-imperio\/#primaryimage","url":"https:\/\/www.notibras.com\/site\/wp-content\/uploads\/2020\/01\/trump-guerra.jpg","contentUrl":"https:\/\/www.notibras.com\/site\/wp-content\/uploads\/2020\/01\/trump-guerra.jpg","width":992,"height":558},{"@type":"BreadcrumbList","@id":"https:\/\/www.notibras.com\/site\/projecao-e-produto-da-historia-do-imperio\/#breadcrumb","itemListElement":[{"@type":"ListItem","position":1,"name":"In\u00edcio","item":"https:\/\/www.notibras.com\/site\/"},{"@type":"ListItem","position":2,"name":"Proje\u00e7\u00e3o e produto da hist\u00f3ria do &#8216;imp\u00e9rio&#8217;"}]},{"@type":"WebSite","@id":"https:\/\/www.notibras.com\/site\/#website","url":"https:\/\/www.notibras.com\/site\/","name":"Notibras","description":"Not\u00edcias de Bras\u00edlia, do Brasil e do Mundo","publisher":{"@id":"https:\/\/www.notibras.com\/site\/#organization"},"potentialAction":[{"@type":"SearchAction","target":{"@type":"EntryPoint","urlTemplate":"https:\/\/www.notibras.com\/site\/?s={search_term_string}"},"query-input":{"@type":"PropertyValueSpecification","valueRequired":true,"valueName":"search_term_string"}}],"inLanguage":"pt-BR"},{"@type":"Organization","@id":"https:\/\/www.notibras.com\/site\/#organization","name":"Grupo Notibras de Comunica\u00e7\u00e3o","url":"https:\/\/www.notibras.com\/site\/","logo":{"@type":"ImageObject","inLanguage":"pt-BR","@id":"https:\/\/www.notibras.com\/site\/#\/schema\/logo\/image\/","url":"https:\/\/www.notibras.com\/site\/wp-content\/uploads\/2023\/01\/notibras23.png","contentUrl":"https:\/\/www.notibras.com\/site\/wp-content\/uploads\/2023\/01\/notibras23.png","width":350,"height":87,"caption":"Grupo Notibras de Comunica\u00e7\u00e3o"},"image":{"@id":"https:\/\/www.notibras.com\/site\/#\/schema\/logo\/image\/"},"sameAs":["https:\/\/www.facebook.com\/notibras\/","https:\/\/x.com\/Notibras","https:\/\/www.instagram.com\/notibras\/"]},{"@type":"Person","@id":"https:\/\/www.notibras.com\/site\/#\/schema\/person\/36ab0979449956132d3e5b517ea76ac8","name":"Reda\u00e7\u00e3o","image":{"@type":"ImageObject","inLanguage":"pt-BR","@id":"https:\/\/secure.gravatar.com\/avatar\/e0a867bdedb85fd243eadf09663511f96fc81e0720a4a42581f334ad4303aa6b?s=96&d=mm&r=g","url":"https:\/\/secure.gravatar.com\/avatar\/e0a867bdedb85fd243eadf09663511f96fc81e0720a4a42581f334ad4303aa6b?s=96&d=mm&r=g","contentUrl":"https:\/\/secure.gravatar.com\/avatar\/e0a867bdedb85fd243eadf09663511f96fc81e0720a4a42581f334ad4303aa6b?s=96&d=mm&r=g","caption":"Reda\u00e7\u00e3o"}}]}},"amp_enabled":true,"_links":{"self":[{"href":"https:\/\/www.notibras.com\/site\/wp-json\/wp\/v2\/posts\/379398","targetHints":{"allow":["GET"]}}],"collection":[{"href":"https:\/\/www.notibras.com\/site\/wp-json\/wp\/v2\/posts"}],"about":[{"href":"https:\/\/www.notibras.com\/site\/wp-json\/wp\/v2\/types\/post"}],"author":[{"embeddable":true,"href":"https:\/\/www.notibras.com\/site\/wp-json\/wp\/v2\/users\/2"}],"replies":[{"embeddable":true,"href":"https:\/\/www.notibras.com\/site\/wp-json\/wp\/v2\/comments?post=379398"}],"version-history":[{"count":1,"href":"https:\/\/www.notibras.com\/site\/wp-json\/wp\/v2\/posts\/379398\/revisions"}],"predecessor-version":[{"id":379399,"href":"https:\/\/www.notibras.com\/site\/wp-json\/wp\/v2\/posts\/379398\/revisions\/379399"}],"wp:featuredmedia":[{"embeddable":true,"href":"https:\/\/www.notibras.com\/site\/wp-json\/wp\/v2\/media\/222834"}],"wp:attachment":[{"href":"https:\/\/www.notibras.com\/site\/wp-json\/wp\/v2\/media?parent=379398"}],"wp:term":[{"taxonomy":"category","embeddable":true,"href":"https:\/\/www.notibras.com\/site\/wp-json\/wp\/v2\/categories?post=379398"},{"taxonomy":"post_tag","embeddable":true,"href":"https:\/\/www.notibras.com\/site\/wp-json\/wp\/v2\/tags?post=379398"}],"curies":[{"name":"wp","href":"https:\/\/api.w.org\/{rel}","templated":true}]}}