{"id":379400,"date":"2026-01-17T13:54:39","date_gmt":"2026-01-17T16:54:39","guid":{"rendered":"https:\/\/www.notibras.com\/site\/?p=379400"},"modified":"2026-01-17T14:57:55","modified_gmt":"2026-01-17T17:57:55","slug":"acordo-do-mercosul-com-europa-cria-maior-area-de-livre-comercio","status":"publish","type":"post","link":"https:\/\/www.notibras.com\/site\/acordo-do-mercosul-com-europa-cria-maior-area-de-livre-comercio\/","title":{"rendered":"Acordo do Mercosul com Europa cria maior \u00e1rea de livre com\u00e9rcio"},"content":{"rendered":"<p>Autoridades sul-americanas e europeias aproveitaram a cerim\u00f4nia de assinatura do acordo de livre com\u00e9rcio entre o Mercosul e a Uni\u00e3o Europeia, neste s\u00e1bado (17), no Paraguai, para defender o multilateralismo e o livre com\u00e9rcio como motores de desenvolvimento econ\u00f4mico.<\/p>\n<p>Em seu discurso, o presidente do Conselho Europeu, Ant\u00f3nio Costa, afirmou que a assinatura do tratado negociado ao longo dos \u00faltimos 26 anos reafirma a cren\u00e7a dos Estados-Membros dos dois blocos regionais no com\u00e9rcio justo e no multilateralismo.<\/p>\n<p>&#8220;Com este acordo enviamos uma mensagem clara ao mundo, em defesa do com\u00e9rcio livre baseado em regras, e [a favor] do multilateralismo e do direito internacional como base das rela\u00e7\u00f5es entre pa\u00edses e regi\u00f5es\u201d, afirmou o presidente do conselho<\/p>\n<p>Costa ponderou que, ainda que tenha demorado, o tratado \u201cchega em um momento oportuno\u201d. \u201cPorque este acordo \u00e9 uma aposta na abertura, no interc\u00e2mbio e na coopera\u00e7\u00e3o, frente a [amea\u00e7as de] isolamento e do uso do com\u00e9rcio como arma geopol\u00edtica. [\u2026] Com ele, n\u00e3o aspiramos a criar esferas de influ\u00eancia, mas sim a esferas de prosperidade compartilhada, baseadas na confian\u00e7a, na coopera\u00e7\u00e3o e no respeito \u00e0 soberania de nossas democracias. N\u00e3o pretendemos nem dominar, nem impor, mas sim promover e refor\u00e7ar os v\u00ednculos entre nossos cidad\u00e3os e nossas empresas para, assim, criarmos riquezas de forma sustent\u00e1vel, protegendo o meio ambiente e os direitos ambientais.&#8221;<\/p>\n<p>A presidenta da Comiss\u00e3o Europeia, Ursula von der Leyen, refor\u00e7ou a avalia\u00e7\u00e3o de Costa ao dizer que o ato tem potencial de conectar continentes e criar a maior \u00e1rea de livre com\u00e9rcio do mundo, com um mercado de 700 milh\u00f5es de pessoas.<\/p>\n<p>&#8220;Escolhemos o com\u00e9rcio justo em vez de tarifas. Escolhemos parcerias de longo prazo em vez de isolamento&#8221;, disse Ursula.<\/p>\n<p>Anfitri\u00e3o do evento, o presidente do Paraguai, Santiago Pe\u00f1a, destacou o pragmatismo diplom\u00e1tico necess\u00e1rio para superar 26 anos de impasses.<\/p>\n<p>\u201cEstamos diante de um dia verdadeiramente hist\u00f3rico, muito esperado por nossos povos, [capaz de] unir dois dos mais importantes mercados globais, e que demonstra que o caminho do di\u00e1logo, da coopera\u00e7\u00e3o e da fraternidade \u00e9 o \u00fanico caminho\u201d, ressaltou Pe\u00f1a.<\/p>\n<p>Ele destacou o empenhos do presidente do Brasil, Luiz In\u00e1cio Lula da Silva \u2013 que, por quest\u00f5es de agenda, n\u00e3o p\u00f4de viajar a Assun\u00e7\u00e3o \u2013 e de Ursula von der Leyen para o sucesso das negocia\u00e7\u00f5es. \u201cSem o presidente Lula, talvez n\u00e3o tiv\u00e9ssemos chegado a este dia. Ele foi um dos respons\u00e1veis fundamentais deste processo.\u201d<\/p>\n<p>J\u00e1 o presidente da Argentina, Javier Milei, destacou que o acordo constitui um ponto de partida para a explora\u00e7\u00e3o de novas oportunidades comerciais e base para uma maior integra\u00e7\u00e3o regional, fundamentada no livre com\u00e9rcio. Segundo o mandat\u00e1rio argentino, a promo\u00e7\u00e3o da estabilidade macroecon\u00f4mica e da previsibilidade jur\u00eddica s\u00e3o condi\u00e7\u00f5es indispens\u00e1veis para a prosperidade e a justi\u00e7a social.<\/p>\n<p>\u201cMas, para isso, \u00e9 fundamental que, durante a etapa de implementa\u00e7\u00e3o do acordo, o esp\u00edrito do que foi acertado seja preservado. A [eventual] incorpora\u00e7\u00e3o de mecanismos restritivas, como cotas, salvaguardas ou medidas equivalentes, reduziria significativamente o impacto econ\u00f4mico do acordo, atentando contra o objetivo essencial do mesmo\u201d, ponderou Milei, incentivando os pa\u00edses sul-americanos e europeus signat\u00e1rios do acordo a seguirem avan\u00e7ando em novas frentes de abertura comercial.<\/p>\n<p>Mandat\u00e1rio do Uruguai, Yamand\u00fa Orsi classificou o acordo como uma \u201cassocia\u00e7\u00e3o estrat\u00e9gica\u201d, capaz de melhorar a vida da popula\u00e7\u00e3o dos pa\u00edses signat\u00e1rios com oportunidades reais. \u201cEm um mundo atravessado por tens\u00f5es e pela eros\u00e3o de certezas que ordenaram a pol\u00edtica e o com\u00e9rcio global por d\u00e9cadas, este tratado adquire uma relev\u00e2ncia particular. N\u00e3o s\u00f3 porque constitui a maior associa\u00e7\u00e3o comercial do mundo, mas tamb\u00e9m porque representa uma decis\u00e3o clara: apostar nas regras em tempos de volatilidade e mudan\u00e7as permanentes\u201d, disse Orsi, sustentando que a integra\u00e7\u00e3o comercial, para o Uruguai, \u00e9 uma \u201ccondi\u00e7\u00e3o indispens\u00e1vel para o desenvolvimento\u201d, al\u00e9m de constituir uma plataforma de enfrentamento \u201ca amea\u00e7as que n\u00e3o reconhecem fronteiras, como o narcotr\u00e1fico e outras pr\u00e1ticas il\u00edcitas transnacionais&#8221;.<\/p>\n<p>Representando o Brasil, o ministro das Rela\u00e7\u00f5es Exteriores, Mauro Vieira, repetiu a declara\u00e7\u00e3o de Lula, para quem o acordo comercial entre Mercosul e Uni\u00e3o Europeia \u00e9 uma prova da for\u00e7a do mundo democr\u00e1tico e uma demonstra\u00e7\u00e3o com o multilateralismo.<\/p>\n<p>\u201cO acordo estabelece, de fato, uma parceria entre nossas regi\u00f5es, com enorme potencial econ\u00f4mico para nossas sociedades e profundo sentido geopol\u00edtico para nossos pa\u00edses [\u2026] Ele propiciar\u00e1 ganhos tang\u00edveis, mais empregos e investimentos, maior integra\u00e7\u00e3o produtiva, acesso ampliado a bens e servi\u00e7os de qualidade, inova\u00e7\u00e3o tecnol\u00f3gica e crescimento econ\u00f4mico com inclus\u00e3o social [\u2026] diante de um mundo batido pela imprevisibilidade, protecionismo e pela coer\u00e7\u00e3o.\u201d<\/p>\n<p>Ap\u00f3s a assinatura, o texto ser\u00e1 submetido \u00e0 ratifica\u00e7\u00e3o do Parlamento Europeu e dos congressos nacionais de cada pa\u00eds integrante do Mercosul. A entrada em vigor da parte comercial do acordo depende da aprova\u00e7\u00e3o legislativa, com previs\u00e3o de implementa\u00e7\u00e3o gradual ao longo dos pr\u00f3ximos anos.<\/p>\n","protected":false},"excerpt":{"rendered":"<p>Autoridades sul-americanas e europeias aproveitaram a cerim\u00f4nia de assinatura do acordo de livre com\u00e9rcio entre o Mercosul e a Uni\u00e3o Europeia, neste s\u00e1bado (17), no Paraguai, para defender o multilateralismo e o livre com\u00e9rcio como motores de desenvolvimento econ\u00f4mico. Em seu discurso, o presidente do Conselho Europeu, Ant\u00f3nio Costa, afirmou que a assinatura do tratado [&hellip;]<\/p>\n","protected":false},"author":2,"featured_media":379401,"comment_status":"closed","ping_status":"closed","sticky":false,"template":"","format":"standard","meta":{"_acf_changed":false,"footnotes":""},"categories":[16],"tags":[95],"class_list":["post-379400","post","type-post","status-publish","format-standard","has-post-thumbnail","hentry","category-brasil","tag-capa"],"acf":[],"yoast_head":"<!-- This site is optimized with the Yoast SEO plugin v27.2 - https:\/\/yoast.com\/product\/yoast-seo-wordpress\/ -->\n<title>Acordo do Mercosul com Europa cria maior \u00e1rea de livre com\u00e9rcio - Notibras<\/title>\n<meta name=\"robots\" content=\"index, follow, max-snippet:-1, max-image-preview:large, max-video-preview:-1\" \/>\n<link rel=\"canonical\" href=\"https:\/\/www.notibras.com\/site\/acordo-do-mercosul-com-europa-cria-maior-area-de-livre-comercio\/\" \/>\n<meta property=\"og:locale\" content=\"pt_BR\" \/>\n<meta property=\"og:type\" content=\"article\" \/>\n<meta property=\"og:title\" content=\"Acordo do Mercosul com Europa cria maior \u00e1rea de livre com\u00e9rcio - Notibras\" \/>\n<meta property=\"og:description\" content=\"Autoridades sul-americanas e europeias aproveitaram a cerim\u00f4nia de assinatura do acordo de livre com\u00e9rcio entre o Mercosul e a Uni\u00e3o Europeia, neste s\u00e1bado (17), no Paraguai, para defender o multilateralismo e o livre com\u00e9rcio como motores de desenvolvimento econ\u00f4mico. Em seu discurso, o presidente do Conselho Europeu, Ant\u00f3nio Costa, afirmou que a assinatura do tratado [&hellip;]\" \/>\n<meta property=\"og:url\" content=\"https:\/\/www.notibras.com\/site\/acordo-do-mercosul-com-europa-cria-maior-area-de-livre-comercio\/\" \/>\n<meta property=\"og:site_name\" content=\"Notibras\" \/>\n<meta property=\"article:publisher\" content=\"https:\/\/www.facebook.com\/notibras\/\" \/>\n<meta property=\"article:published_time\" content=\"2026-01-17T16:54:39+00:00\" \/>\n<meta property=\"article:modified_time\" content=\"2026-01-17T17:57:55+00:00\" \/>\n<meta property=\"og:image\" content=\"https:\/\/www.notibras.com\/site\/wp-content\/uploads\/2026\/01\/2026-01-17t170727z_898636325_rc203jaszvop_rtrmadp_3_eu-mercosur-paraguay.webp\" \/>\n\t<meta property=\"og:image:width\" content=\"1170\" \/>\n\t<meta property=\"og:image:height\" content=\"700\" \/>\n\t<meta property=\"og:image:type\" content=\"image\/webp\" \/>\n<meta name=\"author\" content=\"Reda\u00e7\u00e3o\" \/>\n<meta name=\"twitter:card\" content=\"summary_large_image\" \/>\n<meta name=\"twitter:creator\" content=\"@Notibras\" \/>\n<meta name=\"twitter:site\" content=\"@Notibras\" \/>\n<meta name=\"twitter:label1\" content=\"Escrito por\" \/>\n\t<meta name=\"twitter:data1\" content=\"Reda\u00e7\u00e3o\" \/>\n\t<meta name=\"twitter:label2\" content=\"Est. tempo de leitura\" \/>\n\t<meta name=\"twitter:data2\" content=\"5 minutos\" \/>\n<script type=\"application\/ld+json\" class=\"yoast-schema-graph\">{\"@context\":\"https:\/\/schema.org\",\"@graph\":[{\"@type\":\"Article\",\"@id\":\"https:\/\/www.notibras.com\/site\/acordo-do-mercosul-com-europa-cria-maior-area-de-livre-comercio\/#article\",\"isPartOf\":{\"@id\":\"https:\/\/www.notibras.com\/site\/acordo-do-mercosul-com-europa-cria-maior-area-de-livre-comercio\/\"},\"author\":{\"name\":\"Reda\u00e7\u00e3o\",\"@id\":\"https:\/\/www.notibras.com\/site\/#\/schema\/person\/36ab0979449956132d3e5b517ea76ac8\"},\"headline\":\"Acordo do Mercosul com Europa cria maior \u00e1rea de livre com\u00e9rcio\",\"datePublished\":\"2026-01-17T16:54:39+00:00\",\"dateModified\":\"2026-01-17T17:57:55+00:00\",\"mainEntityOfPage\":{\"@id\":\"https:\/\/www.notibras.com\/site\/acordo-do-mercosul-com-europa-cria-maior-area-de-livre-comercio\/\"},\"wordCount\":900,\"publisher\":{\"@id\":\"https:\/\/www.notibras.com\/site\/#organization\"},\"image\":{\"@id\":\"https:\/\/www.notibras.com\/site\/acordo-do-mercosul-com-europa-cria-maior-area-de-livre-comercio\/#primaryimage\"},\"thumbnailUrl\":\"https:\/\/www.notibras.com\/site\/wp-content\/uploads\/2026\/01\/2026-01-17t170727z_898636325_rc203jaszvop_rtrmadp_3_eu-mercosur-paraguay.webp\",\"keywords\":[\"capa\"],\"articleSection\":[\"Brasil\"],\"inLanguage\":\"pt-BR\"},{\"@type\":\"WebPage\",\"@id\":\"https:\/\/www.notibras.com\/site\/acordo-do-mercosul-com-europa-cria-maior-area-de-livre-comercio\/\",\"url\":\"https:\/\/www.notibras.com\/site\/acordo-do-mercosul-com-europa-cria-maior-area-de-livre-comercio\/\",\"name\":\"Acordo do Mercosul com Europa cria maior \u00e1rea de livre com\u00e9rcio - Notibras\",\"isPartOf\":{\"@id\":\"https:\/\/www.notibras.com\/site\/#website\"},\"primaryImageOfPage\":{\"@id\":\"https:\/\/www.notibras.com\/site\/acordo-do-mercosul-com-europa-cria-maior-area-de-livre-comercio\/#primaryimage\"},\"image\":{\"@id\":\"https:\/\/www.notibras.com\/site\/acordo-do-mercosul-com-europa-cria-maior-area-de-livre-comercio\/#primaryimage\"},\"thumbnailUrl\":\"https:\/\/www.notibras.com\/site\/wp-content\/uploads\/2026\/01\/2026-01-17t170727z_898636325_rc203jaszvop_rtrmadp_3_eu-mercosur-paraguay.webp\",\"datePublished\":\"2026-01-17T16:54:39+00:00\",\"dateModified\":\"2026-01-17T17:57:55+00:00\",\"breadcrumb\":{\"@id\":\"https:\/\/www.notibras.com\/site\/acordo-do-mercosul-com-europa-cria-maior-area-de-livre-comercio\/#breadcrumb\"},\"inLanguage\":\"pt-BR\",\"potentialAction\":[{\"@type\":\"ReadAction\",\"target\":[\"https:\/\/www.notibras.com\/site\/acordo-do-mercosul-com-europa-cria-maior-area-de-livre-comercio\/\"]}]},{\"@type\":\"ImageObject\",\"inLanguage\":\"pt-BR\",\"@id\":\"https:\/\/www.notibras.com\/site\/acordo-do-mercosul-com-europa-cria-maior-area-de-livre-comercio\/#primaryimage\",\"url\":\"https:\/\/www.notibras.com\/site\/wp-content\/uploads\/2026\/01\/2026-01-17t170727z_898636325_rc203jaszvop_rtrmadp_3_eu-mercosur-paraguay.webp\",\"contentUrl\":\"https:\/\/www.notibras.com\/site\/wp-content\/uploads\/2026\/01\/2026-01-17t170727z_898636325_rc203jaszvop_rtrmadp_3_eu-mercosur-paraguay.webp\",\"width\":1170,\"height\":700},{\"@type\":\"BreadcrumbList\",\"@id\":\"https:\/\/www.notibras.com\/site\/acordo-do-mercosul-com-europa-cria-maior-area-de-livre-comercio\/#breadcrumb\",\"itemListElement\":[{\"@type\":\"ListItem\",\"position\":1,\"name\":\"In\u00edcio\",\"item\":\"https:\/\/www.notibras.com\/site\/\"},{\"@type\":\"ListItem\",\"position\":2,\"name\":\"Acordo do Mercosul com Europa cria maior \u00e1rea de livre com\u00e9rcio\"}]},{\"@type\":\"WebSite\",\"@id\":\"https:\/\/www.notibras.com\/site\/#website\",\"url\":\"https:\/\/www.notibras.com\/site\/\",\"name\":\"Notibras\",\"description\":\"Not\u00edcias de Bras\u00edlia, do Brasil e do Mundo\",\"publisher\":{\"@id\":\"https:\/\/www.notibras.com\/site\/#organization\"},\"potentialAction\":[{\"@type\":\"SearchAction\",\"target\":{\"@type\":\"EntryPoint\",\"urlTemplate\":\"https:\/\/www.notibras.com\/site\/?s={search_term_string}\"},\"query-input\":{\"@type\":\"PropertyValueSpecification\",\"valueRequired\":true,\"valueName\":\"search_term_string\"}}],\"inLanguage\":\"pt-BR\"},{\"@type\":\"Organization\",\"@id\":\"https:\/\/www.notibras.com\/site\/#organization\",\"name\":\"Grupo Notibras de Comunica\u00e7\u00e3o\",\"url\":\"https:\/\/www.notibras.com\/site\/\",\"logo\":{\"@type\":\"ImageObject\",\"inLanguage\":\"pt-BR\",\"@id\":\"https:\/\/www.notibras.com\/site\/#\/schema\/logo\/image\/\",\"url\":\"https:\/\/www.notibras.com\/site\/wp-content\/uploads\/2023\/01\/notibras23.png\",\"contentUrl\":\"https:\/\/www.notibras.com\/site\/wp-content\/uploads\/2023\/01\/notibras23.png\",\"width\":350,\"height\":87,\"caption\":\"Grupo Notibras de Comunica\u00e7\u00e3o\"},\"image\":{\"@id\":\"https:\/\/www.notibras.com\/site\/#\/schema\/logo\/image\/\"},\"sameAs\":[\"https:\/\/www.facebook.com\/notibras\/\",\"https:\/\/x.com\/Notibras\",\"https:\/\/www.instagram.com\/notibras\/\"]},{\"@type\":\"Person\",\"@id\":\"https:\/\/www.notibras.com\/site\/#\/schema\/person\/36ab0979449956132d3e5b517ea76ac8\",\"name\":\"Reda\u00e7\u00e3o\",\"image\":{\"@type\":\"ImageObject\",\"inLanguage\":\"pt-BR\",\"@id\":\"https:\/\/secure.gravatar.com\/avatar\/e0a867bdedb85fd243eadf09663511f96fc81e0720a4a42581f334ad4303aa6b?s=96&d=mm&r=g\",\"url\":\"https:\/\/secure.gravatar.com\/avatar\/e0a867bdedb85fd243eadf09663511f96fc81e0720a4a42581f334ad4303aa6b?s=96&d=mm&r=g\",\"contentUrl\":\"https:\/\/secure.gravatar.com\/avatar\/e0a867bdedb85fd243eadf09663511f96fc81e0720a4a42581f334ad4303aa6b?s=96&d=mm&r=g\",\"caption\":\"Reda\u00e7\u00e3o\"}}]}<\/script>\n<!-- \/ Yoast SEO plugin. -->","yoast_head_json":{"title":"Acordo do Mercosul com Europa cria maior \u00e1rea de livre com\u00e9rcio - Notibras","robots":{"index":"index","follow":"follow","max-snippet":"max-snippet:-1","max-image-preview":"max-image-preview:large","max-video-preview":"max-video-preview:-1"},"canonical":"https:\/\/www.notibras.com\/site\/acordo-do-mercosul-com-europa-cria-maior-area-de-livre-comercio\/","og_locale":"pt_BR","og_type":"article","og_title":"Acordo do Mercosul com Europa cria maior \u00e1rea de livre com\u00e9rcio - Notibras","og_description":"Autoridades sul-americanas e europeias aproveitaram a cerim\u00f4nia de assinatura do acordo de livre com\u00e9rcio entre o Mercosul e a Uni\u00e3o Europeia, neste s\u00e1bado (17), no Paraguai, para defender o multilateralismo e o livre com\u00e9rcio como motores de desenvolvimento econ\u00f4mico. Em seu discurso, o presidente do Conselho Europeu, Ant\u00f3nio Costa, afirmou que a assinatura do tratado [&hellip;]","og_url":"https:\/\/www.notibras.com\/site\/acordo-do-mercosul-com-europa-cria-maior-area-de-livre-comercio\/","og_site_name":"Notibras","article_publisher":"https:\/\/www.facebook.com\/notibras\/","article_published_time":"2026-01-17T16:54:39+00:00","article_modified_time":"2026-01-17T17:57:55+00:00","og_image":[{"width":1170,"height":700,"url":"https:\/\/www.notibras.com\/site\/wp-content\/uploads\/2026\/01\/2026-01-17t170727z_898636325_rc203jaszvop_rtrmadp_3_eu-mercosur-paraguay.webp","type":"image\/webp"}],"author":"Reda\u00e7\u00e3o","twitter_card":"summary_large_image","twitter_creator":"@Notibras","twitter_site":"@Notibras","twitter_misc":{"Escrito por":"Reda\u00e7\u00e3o","Est. tempo de leitura":"5 minutos"},"schema":{"@context":"https:\/\/schema.org","@graph":[{"@type":"Article","@id":"https:\/\/www.notibras.com\/site\/acordo-do-mercosul-com-europa-cria-maior-area-de-livre-comercio\/#article","isPartOf":{"@id":"https:\/\/www.notibras.com\/site\/acordo-do-mercosul-com-europa-cria-maior-area-de-livre-comercio\/"},"author":{"name":"Reda\u00e7\u00e3o","@id":"https:\/\/www.notibras.com\/site\/#\/schema\/person\/36ab0979449956132d3e5b517ea76ac8"},"headline":"Acordo do Mercosul com Europa cria maior \u00e1rea de livre com\u00e9rcio","datePublished":"2026-01-17T16:54:39+00:00","dateModified":"2026-01-17T17:57:55+00:00","mainEntityOfPage":{"@id":"https:\/\/www.notibras.com\/site\/acordo-do-mercosul-com-europa-cria-maior-area-de-livre-comercio\/"},"wordCount":900,"publisher":{"@id":"https:\/\/www.notibras.com\/site\/#organization"},"image":{"@id":"https:\/\/www.notibras.com\/site\/acordo-do-mercosul-com-europa-cria-maior-area-de-livre-comercio\/#primaryimage"},"thumbnailUrl":"https:\/\/www.notibras.com\/site\/wp-content\/uploads\/2026\/01\/2026-01-17t170727z_898636325_rc203jaszvop_rtrmadp_3_eu-mercosur-paraguay.webp","keywords":["capa"],"articleSection":["Brasil"],"inLanguage":"pt-BR"},{"@type":"WebPage","@id":"https:\/\/www.notibras.com\/site\/acordo-do-mercosul-com-europa-cria-maior-area-de-livre-comercio\/","url":"https:\/\/www.notibras.com\/site\/acordo-do-mercosul-com-europa-cria-maior-area-de-livre-comercio\/","name":"Acordo do Mercosul com Europa cria maior \u00e1rea de livre com\u00e9rcio - Notibras","isPartOf":{"@id":"https:\/\/www.notibras.com\/site\/#website"},"primaryImageOfPage":{"@id":"https:\/\/www.notibras.com\/site\/acordo-do-mercosul-com-europa-cria-maior-area-de-livre-comercio\/#primaryimage"},"image":{"@id":"https:\/\/www.notibras.com\/site\/acordo-do-mercosul-com-europa-cria-maior-area-de-livre-comercio\/#primaryimage"},"thumbnailUrl":"https:\/\/www.notibras.com\/site\/wp-content\/uploads\/2026\/01\/2026-01-17t170727z_898636325_rc203jaszvop_rtrmadp_3_eu-mercosur-paraguay.webp","datePublished":"2026-01-17T16:54:39+00:00","dateModified":"2026-01-17T17:57:55+00:00","breadcrumb":{"@id":"https:\/\/www.notibras.com\/site\/acordo-do-mercosul-com-europa-cria-maior-area-de-livre-comercio\/#breadcrumb"},"inLanguage":"pt-BR","potentialAction":[{"@type":"ReadAction","target":["https:\/\/www.notibras.com\/site\/acordo-do-mercosul-com-europa-cria-maior-area-de-livre-comercio\/"]}]},{"@type":"ImageObject","inLanguage":"pt-BR","@id":"https:\/\/www.notibras.com\/site\/acordo-do-mercosul-com-europa-cria-maior-area-de-livre-comercio\/#primaryimage","url":"https:\/\/www.notibras.com\/site\/wp-content\/uploads\/2026\/01\/2026-01-17t170727z_898636325_rc203jaszvop_rtrmadp_3_eu-mercosur-paraguay.webp","contentUrl":"https:\/\/www.notibras.com\/site\/wp-content\/uploads\/2026\/01\/2026-01-17t170727z_898636325_rc203jaszvop_rtrmadp_3_eu-mercosur-paraguay.webp","width":1170,"height":700},{"@type":"BreadcrumbList","@id":"https:\/\/www.notibras.com\/site\/acordo-do-mercosul-com-europa-cria-maior-area-de-livre-comercio\/#breadcrumb","itemListElement":[{"@type":"ListItem","position":1,"name":"In\u00edcio","item":"https:\/\/www.notibras.com\/site\/"},{"@type":"ListItem","position":2,"name":"Acordo do Mercosul com Europa cria maior \u00e1rea de livre com\u00e9rcio"}]},{"@type":"WebSite","@id":"https:\/\/www.notibras.com\/site\/#website","url":"https:\/\/www.notibras.com\/site\/","name":"Notibras","description":"Not\u00edcias de Bras\u00edlia, do Brasil e do Mundo","publisher":{"@id":"https:\/\/www.notibras.com\/site\/#organization"},"potentialAction":[{"@type":"SearchAction","target":{"@type":"EntryPoint","urlTemplate":"https:\/\/www.notibras.com\/site\/?s={search_term_string}"},"query-input":{"@type":"PropertyValueSpecification","valueRequired":true,"valueName":"search_term_string"}}],"inLanguage":"pt-BR"},{"@type":"Organization","@id":"https:\/\/www.notibras.com\/site\/#organization","name":"Grupo Notibras de Comunica\u00e7\u00e3o","url":"https:\/\/www.notibras.com\/site\/","logo":{"@type":"ImageObject","inLanguage":"pt-BR","@id":"https:\/\/www.notibras.com\/site\/#\/schema\/logo\/image\/","url":"https:\/\/www.notibras.com\/site\/wp-content\/uploads\/2023\/01\/notibras23.png","contentUrl":"https:\/\/www.notibras.com\/site\/wp-content\/uploads\/2023\/01\/notibras23.png","width":350,"height":87,"caption":"Grupo Notibras de Comunica\u00e7\u00e3o"},"image":{"@id":"https:\/\/www.notibras.com\/site\/#\/schema\/logo\/image\/"},"sameAs":["https:\/\/www.facebook.com\/notibras\/","https:\/\/x.com\/Notibras","https:\/\/www.instagram.com\/notibras\/"]},{"@type":"Person","@id":"https:\/\/www.notibras.com\/site\/#\/schema\/person\/36ab0979449956132d3e5b517ea76ac8","name":"Reda\u00e7\u00e3o","image":{"@type":"ImageObject","inLanguage":"pt-BR","@id":"https:\/\/secure.gravatar.com\/avatar\/e0a867bdedb85fd243eadf09663511f96fc81e0720a4a42581f334ad4303aa6b?s=96&d=mm&r=g","url":"https:\/\/secure.gravatar.com\/avatar\/e0a867bdedb85fd243eadf09663511f96fc81e0720a4a42581f334ad4303aa6b?s=96&d=mm&r=g","contentUrl":"https:\/\/secure.gravatar.com\/avatar\/e0a867bdedb85fd243eadf09663511f96fc81e0720a4a42581f334ad4303aa6b?s=96&d=mm&r=g","caption":"Reda\u00e7\u00e3o"}}]}},"amp_enabled":true,"_links":{"self":[{"href":"https:\/\/www.notibras.com\/site\/wp-json\/wp\/v2\/posts\/379400","targetHints":{"allow":["GET"]}}],"collection":[{"href":"https:\/\/www.notibras.com\/site\/wp-json\/wp\/v2\/posts"}],"about":[{"href":"https:\/\/www.notibras.com\/site\/wp-json\/wp\/v2\/types\/post"}],"author":[{"embeddable":true,"href":"https:\/\/www.notibras.com\/site\/wp-json\/wp\/v2\/users\/2"}],"replies":[{"embeddable":true,"href":"https:\/\/www.notibras.com\/site\/wp-json\/wp\/v2\/comments?post=379400"}],"version-history":[{"count":2,"href":"https:\/\/www.notibras.com\/site\/wp-json\/wp\/v2\/posts\/379400\/revisions"}],"predecessor-version":[{"id":379403,"href":"https:\/\/www.notibras.com\/site\/wp-json\/wp\/v2\/posts\/379400\/revisions\/379403"}],"wp:featuredmedia":[{"embeddable":true,"href":"https:\/\/www.notibras.com\/site\/wp-json\/wp\/v2\/media\/379401"}],"wp:attachment":[{"href":"https:\/\/www.notibras.com\/site\/wp-json\/wp\/v2\/media?parent=379400"}],"wp:term":[{"taxonomy":"category","embeddable":true,"href":"https:\/\/www.notibras.com\/site\/wp-json\/wp\/v2\/categories?post=379400"},{"taxonomy":"post_tag","embeddable":true,"href":"https:\/\/www.notibras.com\/site\/wp-json\/wp\/v2\/tags?post=379400"}],"curies":[{"name":"wp","href":"https:\/\/api.w.org\/{rel}","templated":true}]}}