{"id":379419,"date":"2026-01-18T00:45:00","date_gmt":"2026-01-18T03:45:00","guid":{"rendered":"https:\/\/www.notibras.com\/site\/?p=379419"},"modified":"2026-01-17T22:55:02","modified_gmt":"2026-01-18T01:55:02","slug":"pesquisa-demonstra-eficacia-de-fita-antimicrobiana-em-ambiente-hospitalar","status":"publish","type":"post","link":"https:\/\/www.notibras.com\/site\/pesquisa-demonstra-eficacia-de-fita-antimicrobiana-em-ambiente-hospitalar\/","title":{"rendered":"Pesquisa demonstra efic\u00e1cia de fita antimicrobiana em ambiente hospitalar"},"content":{"rendered":"<p>Uma pesquisa apoiada pela Funda\u00e7\u00e3o de Apoio \u00e0 Pesquisa do Distrito Federal (FAPDF) alcan\u00e7ou repercuss\u00e3o internacional ao validar, em condi\u00e7\u00f5es cl\u00ednicas reais, a efic\u00e1cia de uma fita antimicrobiana \u00e0 base de cobre para o controle da contamina\u00e7\u00e3o em superf\u00edcies hospitalares. Os resultados foram publicados em dezembro de 2025 no <a href=\"https:\/\/www.mdpi.com\/2079-6382\/14\/12\/1262\">Antibiotics<\/a>, peri\u00f3dico cient\u00edfico internacional refer\u00eancia na \u00e1rea de controle de infec\u00e7\u00f5es e resist\u00eancia microbiana.<\/p>\n<p>O estudo Atividade antimicrobiana e caracteriza\u00e7\u00e3o de uma fita polim\u00e9rica complexada com cobre validada para aplica\u00e7\u00f5es em desinfec\u00e7\u00e3o de superf\u00edcies \u00e9 coordenado pela pesquisadora Andreanne Vasconcelos, biom\u00e9dica, doutora em Ci\u00eancias M\u00e9dicas pela Universidade de Bras\u00edlia (UnB) e pesquisadora da University of Lincoln, no Reino Unido. Ela tamb\u00e9m atua como CEO da empresa People&amp;Science Pesquisa, Desenvolvimento e Inova\u00e7\u00e3o, sediada na UnB, e cumpre trajet\u00f3ria acad\u00eamica dedicada \u00e0 prospec\u00e7\u00e3o de subst\u00e2ncias bioativas e ao desenvolvimento de tecnologias aplicadas \u00e0 sa\u00fade, com foco em doen\u00e7as infecciosas e inflamat\u00f3rias. Andreanne foi vencedora do Pr\u00eamio FAPDF 2025 na categoria Startup Inovadora \u2014 N\u00e3o Acelerada.<\/p>\n<p>O apoio concedido pela funda\u00e7\u00e3o possibilitou a valida\u00e7\u00e3o da atividade antimicrobiana tanto em laborat\u00f3rio quanto em ambiente hospitalar real, por meio do edital Demanda Espont\u00e2nea, garantindo rigor cient\u00edfico e infraestrutura adequada. O fomento tamb\u00e9m impulsionou a colabora\u00e7\u00e3o internacional e a forma\u00e7\u00e3o de recursos humanos qualificados, viabilizando a visita t\u00e9cnica da pesquisadora \u00e0 University of Lincoln, no Reino Unido, por meio do edital FAPDF Participa.<\/p>\n<p>A pesquisa avaliou a atua\u00e7\u00e3o cont\u00ednua da tecnologia em superf\u00edcies de alto toque, como torneiras, corrim\u00e3os, ma\u00e7anetas e bra\u00e7os de cadeiras, demonstrando redu\u00e7\u00e3o significativa da carga microbiana ao longo de 19 semanas de uso em um hospital universit\u00e1rio brasileiro. O trabalho envolveu colabora\u00e7\u00e3o entre institui\u00e7\u00f5es do Brasil e do Reino Unido, fortalecendo a inser\u00e7\u00e3o da ci\u00eancia produzida no Distrito Federal no cen\u00e1rio cient\u00edfico internacional.<\/p>\n<p>O apoio da FAPDF foi fundamental para a realiza\u00e7\u00e3o e a consolida\u00e7\u00e3o da pesquisa, viabilizando desde os testes laboratoriais at\u00e9 a valida\u00e7\u00e3o em ambiente hospitalar real e a coopera\u00e7\u00e3o internacional. O estudo contou com recursos do edital Demanda Espont\u00e2nea e do edital FAPDF Participa, que possibilitou a visita t\u00e9cnica \u00e0 institui\u00e7\u00e3o brit\u00e2nica.<\/p>\n<p>\u201cEsse fomento foi essencial n\u00e3o apenas para a realiza\u00e7\u00e3o do projeto, mas tamb\u00e9m para minha trajet\u00f3ria como jovem pesquisadora. Fortaleceu minha forma\u00e7\u00e3o, ampliou minhas oportunidades de colabora\u00e7\u00e3o internacional e aumentou meu compromisso em seguir produzindo ci\u00eancia de impacto no Brasil\u201d, ressalta Andreanne.<\/p>\n<p>A partir dos resultados alcan\u00e7ados, a pesquisa avan\u00e7a, agora, para novas etapas, que incluem a amplia\u00e7\u00e3o dos estudos para outros ambientes de grande circula\u00e7\u00e3o, como transporte p\u00fablico e institui\u00e7\u00f5es de ensino, al\u00e9m da busca pelo registro da tecnologia junto \u00e0 Ag\u00eancia Nacional de Vigil\u00e2ncia Sanit\u00e1ria (Anvisa). A equipe tamb\u00e9m pretende trabalhar em articula\u00e7\u00e3o com o poder p\u00fablico para viabilizar, futuramente, a incorpora\u00e7\u00e3o da solu\u00e7\u00e3o no Sistema \u00danico de Sa\u00fade (SUS).<\/p>\n<p>\u201cQuando uma pesquisa apoiada pela FAPDF alcan\u00e7a reconhecimento internacional, isso demonstra que o investimento p\u00fablico em ci\u00eancia gera resultados concretos e relevantes para a sociedade. Esse estudo mostra a capacidade dos nossos pesquisadores de atuar em redes internacionais, produzir conhecimento de alto n\u00edvel e transformar ci\u00eancia em solu\u00e7\u00f5es aplic\u00e1veis, especialmente em \u00e1reas sens\u00edveis como a sa\u00fade p\u00fablica. A FAPDF tem o compromisso de fortalecer esse ecossistema, ampliando oportunidades para que a ci\u00eancia produzida no Distrito Federal dialogue com o mundo e retorne em benef\u00edcios diretos para a popula\u00e7\u00e3o\u201d, afirma o presidente da funda\u00e7\u00e3o, Leonardo Reisman.<\/p>\n<p><strong>Tecnologia simples, impacto permanente<\/strong><\/p>\n<p>Apesar da apar\u00eancia simples, a fita antimicrobiana representa uma solu\u00e7\u00e3o tecnol\u00f3gica sofisticada para um dos grandes desafios da sa\u00fade p\u00fablica: o controle da contamina\u00e7\u00e3o em superf\u00edcies de alto toque. A tecnologia consiste em um revestimento adesivo flex\u00edvel, no qual o cobre \u2014 metal reconhecido por sua a\u00e7\u00e3o antimicrobiana natural \u2014 est\u00e1 incorporado a uma matriz polim\u00e9rica, ou seja, uma base flex\u00edvel de material pl\u00e1stico que sustenta e distribui o cobre, permitindo sua aplica\u00e7\u00e3o em superf\u00edcies j\u00e1 existentes, sem a necessidade de reformas estruturais.<\/p>\n<p>Segundo a coordenadora do estudo, a principal vantagem da solu\u00e7\u00e3o est\u00e1 em sua atua\u00e7\u00e3o cont\u00ednua e passiva. \u201cDiferentemente dos m\u00e9todos tradicionais, que dependem de limpezas frequentes com produtos qu\u00edmicos e da mudan\u00e7a de comportamento das pessoas, a fita atua o tempo todo, eliminando microrganismos sempre que entram em contato com a superf\u00edcie\u201d, explica a pesquisadora.<\/p>\n<p>Na pr\u00e1tica, isso significa que a superf\u00edcie revestida passa a se \u201cautodesinfectar\u201d de forma permanente, reduzindo significativamente a sobreviv\u00eancia e a multiplica\u00e7\u00e3o de bact\u00e9rias e fungos. Essa caracter\u00edstica \u00e9 especialmente relevante em ambientes hospitalares, onde superf\u00edcies como torneiras, corrim\u00e3os, ma\u00e7anetas e bra\u00e7os de cadeiras s\u00e3o constantemente tocadas e rapidamente recontaminadas, mesmo ap\u00f3s procedimentos de higieniza\u00e7\u00e3o.<\/p>\n<p>Embora o foco inicial seja o ambiente hospitalar, a tecnologia abre perspectivas para futuras aplica\u00e7\u00f5es em outros locais de grande circula\u00e7\u00e3o, como escolas, transportes coletivos, aeroportos, reparti\u00e7\u00f5es p\u00fablicas e estabelecimentos comerciais, a serem investigadas em etapas posteriores da pesquisa.<\/p>\n<p><strong>Valida\u00e7\u00e3o em ambiente hospitalar brasileiro<\/strong><\/p>\n<p>Al\u00e9m dos testes laboratoriais, o estudo se destaca por ter sido conduzido em um ambiente hospitalar real, o que permitiu avaliar a tecnologia diante de vari\u00e1veis como umidade, fluxo intenso de pessoas e recontamina\u00e7\u00e3o constante das superf\u00edcies. Os resultados indicaram elimina\u00e7\u00e3o praticamente completa de bact\u00e9rias relevantes para a sa\u00fade p\u00fablica em ensaios controlados e redu\u00e7\u00e3o sustentada da carga microbiana em condi\u00e7\u00f5es cl\u00ednicas reais.<\/p>\n<p>Segundo a pesquisadora, essa etapa \u00e9 fundamental para garantir a aplicabilidade da solu\u00e7\u00e3o. \u201cMuitas tecnologias funcionam bem em laborat\u00f3rio, mas precisam ser testadas em cen\u00e1rios reais, especialmente em regi\u00f5es tropicais, onde fatores ambientais influenciam diretamente o desempenho dos materiais\u201d, destaca.<\/p>\n<p><strong>Alcance internacional e colabora\u00e7\u00e3o cient\u00edfica<\/strong><\/p>\n<p>A pesquisa integra uma ampla rede de colabora\u00e7\u00e3o cient\u00edfica internacional, envolvendo institui\u00e7\u00f5es do Brasil, da Europa e pesquisadores de diferentes \u00e1reas do conhecimento. O estudo contou com a participa\u00e7\u00e3o do The Bridge e da University of Lincoln, fortalecendo o interc\u00e2mbio acad\u00eamico e cient\u00edfico entre o Brasil e o Reino Unido.<br \/>\nA parceria internacional permitiu o acesso a metodologias avan\u00e7adas, equipamentos especializados e \u00e0 troca de conhecimentos t\u00e9cnicos e cient\u00edficos, ampliando a robustez dos resultados obtidos. Al\u00e9m disso, o estudo avaliou, em territ\u00f3rio brasileiro, uma tecnologia desenvolvida originalmente na Fran\u00e7a, conferindo ao trabalho um car\u00e1ter global ao testar sua efic\u00e1cia em diferentes contextos geogr\u00e1ficos, clim\u00e1ticos e epidemiol\u00f3gicos.<\/p>\n<p>Para a pesquisadora, levar os resultados ao cen\u00e1rio cient\u00edfico internacional \u00e9 essencial n\u00e3o apenas para dar visibilidade \u00e0 ci\u00eancia produzida no Brasil, mas tamb\u00e9m para contribuir com solu\u00e7\u00f5es aplic\u00e1veis a desafios globais de sa\u00fade p\u00fablica. \u201cA ci\u00eancia \u00e9, por natureza, colaborativa. Avaliar uma tecnologia europeia em um hospital brasileiro, em parceria com grupos do Reino Unido, gera evid\u00eancias mais robustas e relevantes para diferentes realidades\u201d, afirma.<\/p>\n","protected":false},"excerpt":{"rendered":"<p>Uma pesquisa apoiada pela Funda\u00e7\u00e3o de Apoio \u00e0 Pesquisa do Distrito Federal (FAPDF) alcan\u00e7ou repercuss\u00e3o internacional ao validar, em condi\u00e7\u00f5es cl\u00ednicas reais, a efic\u00e1cia de uma fita antimicrobiana \u00e0 base de cobre para o controle da contamina\u00e7\u00e3o em superf\u00edcies hospitalares. Os resultados foram publicados em dezembro de 2025 no Antibiotics, peri\u00f3dico cient\u00edfico internacional refer\u00eancia na [&hellip;]<\/p>\n","protected":false},"author":21,"featured_media":379420,"comment_status":"closed","ping_status":"closed","sticky":false,"template":"","format":"standard","meta":{"_acf_changed":false,"footnotes":""},"categories":[161],"tags":[],"class_list":["post-379419","post","type-post","status-publish","format-standard","has-post-thumbnail","hentry","category-quadradinho-em-foco"],"acf":[],"yoast_head":"<!-- This site is optimized with the Yoast SEO plugin v27.2 - https:\/\/yoast.com\/product\/yoast-seo-wordpress\/ -->\n<title>Pesquisa demonstra efic\u00e1cia de fita antimicrobiana em ambiente hospitalar - Notibras<\/title>\n<meta name=\"robots\" content=\"index, follow, max-snippet:-1, max-image-preview:large, max-video-preview:-1\" \/>\n<link rel=\"canonical\" href=\"https:\/\/www.notibras.com\/site\/pesquisa-demonstra-eficacia-de-fita-antimicrobiana-em-ambiente-hospitalar\/\" \/>\n<meta property=\"og:locale\" content=\"pt_BR\" \/>\n<meta property=\"og:type\" content=\"article\" \/>\n<meta property=\"og:title\" content=\"Pesquisa demonstra efic\u00e1cia de fita antimicrobiana em ambiente hospitalar - Notibras\" \/>\n<meta property=\"og:description\" content=\"Uma pesquisa apoiada pela Funda\u00e7\u00e3o de Apoio \u00e0 Pesquisa do Distrito Federal (FAPDF) alcan\u00e7ou repercuss\u00e3o internacional ao validar, em condi\u00e7\u00f5es cl\u00ednicas reais, a efic\u00e1cia de uma fita antimicrobiana \u00e0 base de cobre para o controle da contamina\u00e7\u00e3o em superf\u00edcies hospitalares. Os resultados foram publicados em dezembro de 2025 no Antibiotics, peri\u00f3dico cient\u00edfico internacional refer\u00eancia na [&hellip;]\" \/>\n<meta property=\"og:url\" content=\"https:\/\/www.notibras.com\/site\/pesquisa-demonstra-eficacia-de-fita-antimicrobiana-em-ambiente-hospitalar\/\" \/>\n<meta property=\"og:site_name\" content=\"Notibras\" \/>\n<meta property=\"article:publisher\" content=\"https:\/\/www.facebook.com\/notibras\/\" \/>\n<meta property=\"article:published_time\" content=\"2026-01-18T03:45:00+00:00\" \/>\n<meta property=\"og:image\" content=\"https:\/\/www.notibras.com\/site\/wp-content\/uploads\/2026\/01\/image-32.jpeg\" \/>\n\t<meta property=\"og:image:width\" content=\"867\" \/>\n\t<meta property=\"og:image:height\" content=\"1156\" \/>\n\t<meta property=\"og:image:type\" content=\"image\/jpeg\" \/>\n<meta name=\"author\" content=\"Eduardo Mart\u00ednez\" \/>\n<meta name=\"twitter:card\" content=\"summary_large_image\" \/>\n<meta name=\"twitter:creator\" content=\"@Notibras\" \/>\n<meta name=\"twitter:site\" content=\"@Notibras\" \/>\n<meta name=\"twitter:label1\" content=\"Escrito por\" \/>\n\t<meta name=\"twitter:data1\" content=\"Eduardo Mart\u00ednez\" \/>\n\t<meta name=\"twitter:label2\" content=\"Est. tempo de leitura\" \/>\n\t<meta name=\"twitter:data2\" content=\"7 minutos\" \/>\n<script type=\"application\/ld+json\" class=\"yoast-schema-graph\">{\"@context\":\"https:\/\/schema.org\",\"@graph\":[{\"@type\":\"Article\",\"@id\":\"https:\/\/www.notibras.com\/site\/pesquisa-demonstra-eficacia-de-fita-antimicrobiana-em-ambiente-hospitalar\/#article\",\"isPartOf\":{\"@id\":\"https:\/\/www.notibras.com\/site\/pesquisa-demonstra-eficacia-de-fita-antimicrobiana-em-ambiente-hospitalar\/\"},\"author\":{\"name\":\"Eduardo Mart\u00ednez\",\"@id\":\"https:\/\/www.notibras.com\/site\/#\/schema\/person\/5b7fabf2aedc3ada2105f03b22b4d3dd\"},\"headline\":\"Pesquisa demonstra efic\u00e1cia de fita antimicrobiana em ambiente hospitalar\",\"datePublished\":\"2026-01-18T03:45:00+00:00\",\"mainEntityOfPage\":{\"@id\":\"https:\/\/www.notibras.com\/site\/pesquisa-demonstra-eficacia-de-fita-antimicrobiana-em-ambiente-hospitalar\/\"},\"wordCount\":1248,\"publisher\":{\"@id\":\"https:\/\/www.notibras.com\/site\/#organization\"},\"image\":{\"@id\":\"https:\/\/www.notibras.com\/site\/pesquisa-demonstra-eficacia-de-fita-antimicrobiana-em-ambiente-hospitalar\/#primaryimage\"},\"thumbnailUrl\":\"https:\/\/www.notibras.com\/site\/wp-content\/uploads\/2026\/01\/image-32.jpeg\",\"articleSection\":[\"Quadradinho em Foco\"],\"inLanguage\":\"pt-BR\"},{\"@type\":\"WebPage\",\"@id\":\"https:\/\/www.notibras.com\/site\/pesquisa-demonstra-eficacia-de-fita-antimicrobiana-em-ambiente-hospitalar\/\",\"url\":\"https:\/\/www.notibras.com\/site\/pesquisa-demonstra-eficacia-de-fita-antimicrobiana-em-ambiente-hospitalar\/\",\"name\":\"Pesquisa demonstra efic\u00e1cia de fita antimicrobiana em ambiente hospitalar - Notibras\",\"isPartOf\":{\"@id\":\"https:\/\/www.notibras.com\/site\/#website\"},\"primaryImageOfPage\":{\"@id\":\"https:\/\/www.notibras.com\/site\/pesquisa-demonstra-eficacia-de-fita-antimicrobiana-em-ambiente-hospitalar\/#primaryimage\"},\"image\":{\"@id\":\"https:\/\/www.notibras.com\/site\/pesquisa-demonstra-eficacia-de-fita-antimicrobiana-em-ambiente-hospitalar\/#primaryimage\"},\"thumbnailUrl\":\"https:\/\/www.notibras.com\/site\/wp-content\/uploads\/2026\/01\/image-32.jpeg\",\"datePublished\":\"2026-01-18T03:45:00+00:00\",\"breadcrumb\":{\"@id\":\"https:\/\/www.notibras.com\/site\/pesquisa-demonstra-eficacia-de-fita-antimicrobiana-em-ambiente-hospitalar\/#breadcrumb\"},\"inLanguage\":\"pt-BR\",\"potentialAction\":[{\"@type\":\"ReadAction\",\"target\":[\"https:\/\/www.notibras.com\/site\/pesquisa-demonstra-eficacia-de-fita-antimicrobiana-em-ambiente-hospitalar\/\"]}]},{\"@type\":\"ImageObject\",\"inLanguage\":\"pt-BR\",\"@id\":\"https:\/\/www.notibras.com\/site\/pesquisa-demonstra-eficacia-de-fita-antimicrobiana-em-ambiente-hospitalar\/#primaryimage\",\"url\":\"https:\/\/www.notibras.com\/site\/wp-content\/uploads\/2026\/01\/image-32.jpeg\",\"contentUrl\":\"https:\/\/www.notibras.com\/site\/wp-content\/uploads\/2026\/01\/image-32.jpeg\",\"width\":867,\"height\":1156},{\"@type\":\"BreadcrumbList\",\"@id\":\"https:\/\/www.notibras.com\/site\/pesquisa-demonstra-eficacia-de-fita-antimicrobiana-em-ambiente-hospitalar\/#breadcrumb\",\"itemListElement\":[{\"@type\":\"ListItem\",\"position\":1,\"name\":\"In\u00edcio\",\"item\":\"https:\/\/www.notibras.com\/site\/\"},{\"@type\":\"ListItem\",\"position\":2,\"name\":\"Pesquisa demonstra efic\u00e1cia de fita antimicrobiana em ambiente hospitalar\"}]},{\"@type\":\"WebSite\",\"@id\":\"https:\/\/www.notibras.com\/site\/#website\",\"url\":\"https:\/\/www.notibras.com\/site\/\",\"name\":\"Notibras\",\"description\":\"Not\u00edcias de Bras\u00edlia, do Brasil e do Mundo\",\"publisher\":{\"@id\":\"https:\/\/www.notibras.com\/site\/#organization\"},\"potentialAction\":[{\"@type\":\"SearchAction\",\"target\":{\"@type\":\"EntryPoint\",\"urlTemplate\":\"https:\/\/www.notibras.com\/site\/?s={search_term_string}\"},\"query-input\":{\"@type\":\"PropertyValueSpecification\",\"valueRequired\":true,\"valueName\":\"search_term_string\"}}],\"inLanguage\":\"pt-BR\"},{\"@type\":\"Organization\",\"@id\":\"https:\/\/www.notibras.com\/site\/#organization\",\"name\":\"Grupo Notibras de Comunica\u00e7\u00e3o\",\"url\":\"https:\/\/www.notibras.com\/site\/\",\"logo\":{\"@type\":\"ImageObject\",\"inLanguage\":\"pt-BR\",\"@id\":\"https:\/\/www.notibras.com\/site\/#\/schema\/logo\/image\/\",\"url\":\"https:\/\/www.notibras.com\/site\/wp-content\/uploads\/2023\/01\/notibras23.png\",\"contentUrl\":\"https:\/\/www.notibras.com\/site\/wp-content\/uploads\/2023\/01\/notibras23.png\",\"width\":350,\"height\":87,\"caption\":\"Grupo Notibras de Comunica\u00e7\u00e3o\"},\"image\":{\"@id\":\"https:\/\/www.notibras.com\/site\/#\/schema\/logo\/image\/\"},\"sameAs\":[\"https:\/\/www.facebook.com\/notibras\/\",\"https:\/\/x.com\/Notibras\",\"https:\/\/www.instagram.com\/notibras\/\"]},{\"@type\":\"Person\",\"@id\":\"https:\/\/www.notibras.com\/site\/#\/schema\/person\/5b7fabf2aedc3ada2105f03b22b4d3dd\",\"name\":\"Eduardo Mart\u00ednez\",\"image\":{\"@type\":\"ImageObject\",\"inLanguage\":\"pt-BR\",\"@id\":\"https:\/\/secure.gravatar.com\/avatar\/7902f906289926289cbcda644b5197c796b893c6ffd7b9a536a42d290f7704a0?s=96&d=mm&r=g\",\"url\":\"https:\/\/secure.gravatar.com\/avatar\/7902f906289926289cbcda644b5197c796b893c6ffd7b9a536a42d290f7704a0?s=96&d=mm&r=g\",\"contentUrl\":\"https:\/\/secure.gravatar.com\/avatar\/7902f906289926289cbcda644b5197c796b893c6ffd7b9a536a42d290f7704a0?s=96&d=mm&r=g\",\"caption\":\"Eduardo Mart\u00ednez\"}}]}<\/script>\n<!-- \/ Yoast SEO plugin. -->","yoast_head_json":{"title":"Pesquisa demonstra efic\u00e1cia de fita antimicrobiana em ambiente hospitalar - Notibras","robots":{"index":"index","follow":"follow","max-snippet":"max-snippet:-1","max-image-preview":"max-image-preview:large","max-video-preview":"max-video-preview:-1"},"canonical":"https:\/\/www.notibras.com\/site\/pesquisa-demonstra-eficacia-de-fita-antimicrobiana-em-ambiente-hospitalar\/","og_locale":"pt_BR","og_type":"article","og_title":"Pesquisa demonstra efic\u00e1cia de fita antimicrobiana em ambiente hospitalar - Notibras","og_description":"Uma pesquisa apoiada pela Funda\u00e7\u00e3o de Apoio \u00e0 Pesquisa do Distrito Federal (FAPDF) alcan\u00e7ou repercuss\u00e3o internacional ao validar, em condi\u00e7\u00f5es cl\u00ednicas reais, a efic\u00e1cia de uma fita antimicrobiana \u00e0 base de cobre para o controle da contamina\u00e7\u00e3o em superf\u00edcies hospitalares. Os resultados foram publicados em dezembro de 2025 no Antibiotics, peri\u00f3dico cient\u00edfico internacional refer\u00eancia na [&hellip;]","og_url":"https:\/\/www.notibras.com\/site\/pesquisa-demonstra-eficacia-de-fita-antimicrobiana-em-ambiente-hospitalar\/","og_site_name":"Notibras","article_publisher":"https:\/\/www.facebook.com\/notibras\/","article_published_time":"2026-01-18T03:45:00+00:00","og_image":[{"width":867,"height":1156,"url":"https:\/\/www.notibras.com\/site\/wp-content\/uploads\/2026\/01\/image-32.jpeg","type":"image\/jpeg"}],"author":"Eduardo Mart\u00ednez","twitter_card":"summary_large_image","twitter_creator":"@Notibras","twitter_site":"@Notibras","twitter_misc":{"Escrito por":"Eduardo Mart\u00ednez","Est. tempo de leitura":"7 minutos"},"schema":{"@context":"https:\/\/schema.org","@graph":[{"@type":"Article","@id":"https:\/\/www.notibras.com\/site\/pesquisa-demonstra-eficacia-de-fita-antimicrobiana-em-ambiente-hospitalar\/#article","isPartOf":{"@id":"https:\/\/www.notibras.com\/site\/pesquisa-demonstra-eficacia-de-fita-antimicrobiana-em-ambiente-hospitalar\/"},"author":{"name":"Eduardo Mart\u00ednez","@id":"https:\/\/www.notibras.com\/site\/#\/schema\/person\/5b7fabf2aedc3ada2105f03b22b4d3dd"},"headline":"Pesquisa demonstra efic\u00e1cia de fita antimicrobiana em ambiente hospitalar","datePublished":"2026-01-18T03:45:00+00:00","mainEntityOfPage":{"@id":"https:\/\/www.notibras.com\/site\/pesquisa-demonstra-eficacia-de-fita-antimicrobiana-em-ambiente-hospitalar\/"},"wordCount":1248,"publisher":{"@id":"https:\/\/www.notibras.com\/site\/#organization"},"image":{"@id":"https:\/\/www.notibras.com\/site\/pesquisa-demonstra-eficacia-de-fita-antimicrobiana-em-ambiente-hospitalar\/#primaryimage"},"thumbnailUrl":"https:\/\/www.notibras.com\/site\/wp-content\/uploads\/2026\/01\/image-32.jpeg","articleSection":["Quadradinho em Foco"],"inLanguage":"pt-BR"},{"@type":"WebPage","@id":"https:\/\/www.notibras.com\/site\/pesquisa-demonstra-eficacia-de-fita-antimicrobiana-em-ambiente-hospitalar\/","url":"https:\/\/www.notibras.com\/site\/pesquisa-demonstra-eficacia-de-fita-antimicrobiana-em-ambiente-hospitalar\/","name":"Pesquisa demonstra efic\u00e1cia de fita antimicrobiana em ambiente hospitalar - Notibras","isPartOf":{"@id":"https:\/\/www.notibras.com\/site\/#website"},"primaryImageOfPage":{"@id":"https:\/\/www.notibras.com\/site\/pesquisa-demonstra-eficacia-de-fita-antimicrobiana-em-ambiente-hospitalar\/#primaryimage"},"image":{"@id":"https:\/\/www.notibras.com\/site\/pesquisa-demonstra-eficacia-de-fita-antimicrobiana-em-ambiente-hospitalar\/#primaryimage"},"thumbnailUrl":"https:\/\/www.notibras.com\/site\/wp-content\/uploads\/2026\/01\/image-32.jpeg","datePublished":"2026-01-18T03:45:00+00:00","breadcrumb":{"@id":"https:\/\/www.notibras.com\/site\/pesquisa-demonstra-eficacia-de-fita-antimicrobiana-em-ambiente-hospitalar\/#breadcrumb"},"inLanguage":"pt-BR","potentialAction":[{"@type":"ReadAction","target":["https:\/\/www.notibras.com\/site\/pesquisa-demonstra-eficacia-de-fita-antimicrobiana-em-ambiente-hospitalar\/"]}]},{"@type":"ImageObject","inLanguage":"pt-BR","@id":"https:\/\/www.notibras.com\/site\/pesquisa-demonstra-eficacia-de-fita-antimicrobiana-em-ambiente-hospitalar\/#primaryimage","url":"https:\/\/www.notibras.com\/site\/wp-content\/uploads\/2026\/01\/image-32.jpeg","contentUrl":"https:\/\/www.notibras.com\/site\/wp-content\/uploads\/2026\/01\/image-32.jpeg","width":867,"height":1156},{"@type":"BreadcrumbList","@id":"https:\/\/www.notibras.com\/site\/pesquisa-demonstra-eficacia-de-fita-antimicrobiana-em-ambiente-hospitalar\/#breadcrumb","itemListElement":[{"@type":"ListItem","position":1,"name":"In\u00edcio","item":"https:\/\/www.notibras.com\/site\/"},{"@type":"ListItem","position":2,"name":"Pesquisa demonstra efic\u00e1cia de fita antimicrobiana em ambiente hospitalar"}]},{"@type":"WebSite","@id":"https:\/\/www.notibras.com\/site\/#website","url":"https:\/\/www.notibras.com\/site\/","name":"Notibras","description":"Not\u00edcias de Bras\u00edlia, do Brasil e do Mundo","publisher":{"@id":"https:\/\/www.notibras.com\/site\/#organization"},"potentialAction":[{"@type":"SearchAction","target":{"@type":"EntryPoint","urlTemplate":"https:\/\/www.notibras.com\/site\/?s={search_term_string}"},"query-input":{"@type":"PropertyValueSpecification","valueRequired":true,"valueName":"search_term_string"}}],"inLanguage":"pt-BR"},{"@type":"Organization","@id":"https:\/\/www.notibras.com\/site\/#organization","name":"Grupo Notibras de Comunica\u00e7\u00e3o","url":"https:\/\/www.notibras.com\/site\/","logo":{"@type":"ImageObject","inLanguage":"pt-BR","@id":"https:\/\/www.notibras.com\/site\/#\/schema\/logo\/image\/","url":"https:\/\/www.notibras.com\/site\/wp-content\/uploads\/2023\/01\/notibras23.png","contentUrl":"https:\/\/www.notibras.com\/site\/wp-content\/uploads\/2023\/01\/notibras23.png","width":350,"height":87,"caption":"Grupo Notibras de Comunica\u00e7\u00e3o"},"image":{"@id":"https:\/\/www.notibras.com\/site\/#\/schema\/logo\/image\/"},"sameAs":["https:\/\/www.facebook.com\/notibras\/","https:\/\/x.com\/Notibras","https:\/\/www.instagram.com\/notibras\/"]},{"@type":"Person","@id":"https:\/\/www.notibras.com\/site\/#\/schema\/person\/5b7fabf2aedc3ada2105f03b22b4d3dd","name":"Eduardo Mart\u00ednez","image":{"@type":"ImageObject","inLanguage":"pt-BR","@id":"https:\/\/secure.gravatar.com\/avatar\/7902f906289926289cbcda644b5197c796b893c6ffd7b9a536a42d290f7704a0?s=96&d=mm&r=g","url":"https:\/\/secure.gravatar.com\/avatar\/7902f906289926289cbcda644b5197c796b893c6ffd7b9a536a42d290f7704a0?s=96&d=mm&r=g","contentUrl":"https:\/\/secure.gravatar.com\/avatar\/7902f906289926289cbcda644b5197c796b893c6ffd7b9a536a42d290f7704a0?s=96&d=mm&r=g","caption":"Eduardo Mart\u00ednez"}}]}},"amp_enabled":true,"_links":{"self":[{"href":"https:\/\/www.notibras.com\/site\/wp-json\/wp\/v2\/posts\/379419","targetHints":{"allow":["GET"]}}],"collection":[{"href":"https:\/\/www.notibras.com\/site\/wp-json\/wp\/v2\/posts"}],"about":[{"href":"https:\/\/www.notibras.com\/site\/wp-json\/wp\/v2\/types\/post"}],"author":[{"embeddable":true,"href":"https:\/\/www.notibras.com\/site\/wp-json\/wp\/v2\/users\/21"}],"replies":[{"embeddable":true,"href":"https:\/\/www.notibras.com\/site\/wp-json\/wp\/v2\/comments?post=379419"}],"version-history":[{"count":4,"href":"https:\/\/www.notibras.com\/site\/wp-json\/wp\/v2\/posts\/379419\/revisions"}],"predecessor-version":[{"id":379424,"href":"https:\/\/www.notibras.com\/site\/wp-json\/wp\/v2\/posts\/379419\/revisions\/379424"}],"wp:featuredmedia":[{"embeddable":true,"href":"https:\/\/www.notibras.com\/site\/wp-json\/wp\/v2\/media\/379420"}],"wp:attachment":[{"href":"https:\/\/www.notibras.com\/site\/wp-json\/wp\/v2\/media?parent=379419"}],"wp:term":[{"taxonomy":"category","embeddable":true,"href":"https:\/\/www.notibras.com\/site\/wp-json\/wp\/v2\/categories?post=379419"},{"taxonomy":"post_tag","embeddable":true,"href":"https:\/\/www.notibras.com\/site\/wp-json\/wp\/v2\/tags?post=379419"}],"curies":[{"name":"wp","href":"https:\/\/api.w.org\/{rel}","templated":true}]}}