{"id":379425,"date":"2026-01-18T01:00:52","date_gmt":"2026-01-18T04:00:52","guid":{"rendered":"https:\/\/www.notibras.com\/site\/?p=379425"},"modified":"2026-01-17T23:07:42","modified_gmt":"2026-01-18T02:07:42","slug":"obras-da-upa-ja-entraram-em-fase-de-concretagem","status":"publish","type":"post","link":"https:\/\/www.notibras.com\/site\/obras-da-upa-ja-entraram-em-fase-de-concretagem\/","title":{"rendered":"Obras da UPA j\u00e1 entraram em fase de concretagem"},"content":{"rendered":"<p>O Distrito Federal conta atualmente com 13 unidades de pronto atendimento (UPAs) em funcionamento e prev\u00ea a entrega de mais sete novas unidades, entre elas a UPA do Guar\u00e1. As obras est\u00e3o na fase de concretagem da laje, com in\u00edcio do levantamento das paredes e da alvenaria previsto para a pr\u00f3xima etapa. De porte 3, a UPA do Guar\u00e1 est\u00e1 sendo projetada dentro dos mais modernos padr\u00f5es de engenharia e tecnologia e contar\u00e1 com 65 leitos, dos quais 32 ser\u00e3o destinados ao atendimento pedi\u00e1trico. O investimento \u00e9 superior a R$\u202f17,2 milh\u00f5es.<\/p>\n<p>De acordo com o diretor de Infraestrutura e Log\u00edstica do Instituto de Gest\u00e3o Estrat\u00e9gica de Sa\u00fade (IgesDF), Marcos Dutra Vargas, a implanta\u00e7\u00e3o da unidade na regi\u00e3o \u00e9 de fundamental import\u00e2ncia para a amplia\u00e7\u00e3o do atendimento de urg\u00eancia e emerg\u00eancia no DF. \u201cA obra est\u00e1 bem avan\u00e7ada. O Guar\u00e1 j\u00e1 \u00e9 contemplado com um hospital, e a chegada de uma UPA vem para agregar o atendimento inicial \u00e0 popula\u00e7\u00e3o. A nossa expectativa \u00e9 oferecer um servi\u00e7o de excel\u00eancia aos moradores da regi\u00e3o\u201d, destacou.<\/p>\n<p>Com \u00e1rea constru\u00edda de 2.632 metros quadrados, a unidade contar\u00e1 com 65 leitos, sendo 33 destinados ao p\u00fablico adulto e 32 ao atendimento pedi\u00e1trico. Desse total, dois leitos ser\u00e3o voltados especificamente a urg\u00eancia e emerg\u00eancia. O diretor ressalta que o padr\u00e3o nas novas UPAs do DF \u00e9 contemplar tamb\u00e9m o atendimento pedi\u00e1trico.<\/p>\n<p>Atualmente, quatro UPAs no Distrito Federal oferecem atendimento pedi\u00e1trico: Sobradinho, Ceil\u00e2ndia, S\u00e3o Sebasti\u00e3o e Recanto das Emas. Com a entrega das sete novas unidades, essa realidade deve mudar. \u201c\u00c9 uma novidade que realmente traz um grande destaque e refor\u00e7a o compromisso com a amplia\u00e7\u00e3o e a qualifica\u00e7\u00e3o do atendimento \u00e0 popula\u00e7\u00e3o\u201d, concluiu o gestor.<\/p>\n<p><strong>Popula\u00e7\u00e3o comemora<\/strong><\/p>\n<p>A nova UPA, localizada no Guar\u00e1 II, na QI 23, Lote 1, pr\u00f3xima \u00e0 esta\u00e7\u00e3o de metr\u00f4, contar\u00e1 com consult\u00f3rios m\u00e9dicos, salas de estabiliza\u00e7\u00e3o, isolamento e curativos, al\u00e9m de laborat\u00f3rio, brinquedoteca, farm\u00e1cia, servi\u00e7o de diagn\u00f3stico por imagem, refeit\u00f3rio e \u00e1reas de apoio aos profissionais de sa\u00fade.<\/p>\n<p>\u201cA gente n\u00e3o tinha uma UPA, era carente disso, e agora vai suprir essa car\u00eancia. \u00c9 muito importante para a regi\u00e3o. O Guar\u00e1 precisava desse atendimento\u201d, afirmou Daniel Abreu Filho, de 61 anos, morador da regi\u00e3o. Ele tamb\u00e9m ressaltou que a nova unidade deve ajudar a reduzir a sobrecarga do Hospital do Guar\u00e1. \u201cHoje a gente acaba sobrecarregando bastante o hospital, e isso vai dar condi\u00e7\u00f5es para que ele atenda melhor a popula\u00e7\u00e3o\u201d, completou.<\/p>\n<p>A comerciante Rayssa Silva, de 21 anos, moradora de Ceil\u00e2ndia que trabalha pr\u00f3ximo \u00e0 nova unidade, avalia a implanta\u00e7\u00e3o da UPA como um refor\u00e7o importante para a popula\u00e7\u00e3o. \u201cEu acho que \u00e9 um apoio melhor, principalmente para os moradores. \u00c9 mais perto, tem f\u00e1cil acesso, fica pr\u00f3ximo ao metr\u00f4. \u00c9 mais uma ajuda, porque hoje em dia a gente depende muito do hospital, e est\u00e1 muito dif\u00edcil conseguir atendimento\u201d, relatou.<\/p>\n<p>Ela tamb\u00e9m destacou a import\u00e2ncia do investimento do Governo do Distrito Federal em obras como essa: \u201cCom certeza \u00e9 importante. A gente trabalha e paga imposto justamente para ter algo melhor para os moradores, um apoio melhor\u201d.<\/p>\n<p><strong>Investimento<\/strong><\/p>\n<p>Para a constru\u00e7\u00e3o das sete novas UPAs , o investimento total do Governo do Distrito Federal (GDF), em parceria com o IgesDF, \u00e9 de R$ 118,78 milh\u00f5es, com recursos pr\u00f3prios do DF. Os contratos foram firmados em junho de 2025.<\/p>\n<p><strong>As obras j\u00e1 est\u00e3o em andamento nas seguintes localidades:<\/strong><\/p>\n<p>UPA do Guar\u00e1 \u2014 investimento de R$\u202f17.230.000;<br \/>\nUPA do J\u00f3quei (Estrutural) \u2014 investimento de R$ 17.200.000;<br \/>\nUPA de \u00c1guas Claras \u2014 investimento de R$ 17.000.000;<br \/>\nUPA de \u00c1gua Quente \u2014 investimento de R$ 16.740.000;<br \/>\nUPA do Sol Nascente \u2014 investimento de R$ 16.900.000;<br \/>\nUPA de Arapoanga \u2014 investimento de R$ 16.260.000;<br \/>\nUPA de Taguatinga \u2014 investimento de R$ 17.450.000.<\/p>\n","protected":false},"excerpt":{"rendered":"<p>O Distrito Federal conta atualmente com 13 unidades de pronto atendimento (UPAs) em funcionamento e prev\u00ea a entrega de mais sete novas unidades, entre elas a UPA do Guar\u00e1. As obras est\u00e3o na fase de concretagem da laje, com in\u00edcio do levantamento das paredes e da alvenaria previsto para a pr\u00f3xima etapa. De porte 3, [&hellip;]<\/p>\n","protected":false},"author":21,"featured_media":379431,"comment_status":"closed","ping_status":"closed","sticky":false,"template":"","format":"standard","meta":{"_acf_changed":false,"footnotes":""},"categories":[161],"tags":[],"class_list":["post-379425","post","type-post","status-publish","format-standard","has-post-thumbnail","hentry","category-quadradinho-em-foco"],"acf":[],"yoast_head":"<!-- This site is optimized with the Yoast SEO plugin v27.2 - https:\/\/yoast.com\/product\/yoast-seo-wordpress\/ -->\n<title>Obras da UPA j\u00e1 entraram em fase de concretagem - Notibras<\/title>\n<meta name=\"robots\" content=\"index, follow, max-snippet:-1, max-image-preview:large, max-video-preview:-1\" \/>\n<link rel=\"canonical\" href=\"https:\/\/www.notibras.com\/site\/obras-da-upa-ja-entraram-em-fase-de-concretagem\/\" \/>\n<meta property=\"og:locale\" content=\"pt_BR\" \/>\n<meta property=\"og:type\" content=\"article\" \/>\n<meta property=\"og:title\" content=\"Obras da UPA j\u00e1 entraram em fase de concretagem - Notibras\" \/>\n<meta property=\"og:description\" content=\"O Distrito Federal conta atualmente com 13 unidades de pronto atendimento (UPAs) em funcionamento e prev\u00ea a entrega de mais sete novas unidades, entre elas a UPA do Guar\u00e1. As obras est\u00e3o na fase de concretagem da laje, com in\u00edcio do levantamento das paredes e da alvenaria previsto para a pr\u00f3xima etapa. De porte 3, [&hellip;]\" \/>\n<meta property=\"og:url\" content=\"https:\/\/www.notibras.com\/site\/obras-da-upa-ja-entraram-em-fase-de-concretagem\/\" \/>\n<meta property=\"og:site_name\" content=\"Notibras\" \/>\n<meta property=\"article:publisher\" content=\"https:\/\/www.facebook.com\/notibras\/\" \/>\n<meta property=\"article:published_time\" content=\"2026-01-18T04:00:52+00:00\" \/>\n<meta property=\"og:image\" content=\"https:\/\/www.notibras.com\/site\/wp-content\/uploads\/2026\/01\/dentro-3_1-7.jpg\" \/>\n\t<meta property=\"og:image:width\" content=\"1920\" \/>\n\t<meta property=\"og:image:height\" content=\"1280\" \/>\n\t<meta property=\"og:image:type\" content=\"image\/jpeg\" \/>\n<meta name=\"author\" content=\"Eduardo Mart\u00ednez\" \/>\n<meta name=\"twitter:card\" content=\"summary_large_image\" \/>\n<meta name=\"twitter:creator\" content=\"@Notibras\" \/>\n<meta name=\"twitter:site\" content=\"@Notibras\" \/>\n<meta name=\"twitter:label1\" content=\"Escrito por\" \/>\n\t<meta name=\"twitter:data1\" content=\"Eduardo Mart\u00ednez\" \/>\n\t<meta name=\"twitter:label2\" content=\"Est. tempo de leitura\" \/>\n\t<meta name=\"twitter:data2\" content=\"4 minutos\" \/>\n<script type=\"application\/ld+json\" class=\"yoast-schema-graph\">{\"@context\":\"https:\/\/schema.org\",\"@graph\":[{\"@type\":\"Article\",\"@id\":\"https:\/\/www.notibras.com\/site\/obras-da-upa-ja-entraram-em-fase-de-concretagem\/#article\",\"isPartOf\":{\"@id\":\"https:\/\/www.notibras.com\/site\/obras-da-upa-ja-entraram-em-fase-de-concretagem\/\"},\"author\":{\"name\":\"Eduardo Mart\u00ednez\",\"@id\":\"https:\/\/www.notibras.com\/site\/#\/schema\/person\/5b7fabf2aedc3ada2105f03b22b4d3dd\"},\"headline\":\"Obras da UPA j\u00e1 entraram em fase de concretagem\",\"datePublished\":\"2026-01-18T04:00:52+00:00\",\"mainEntityOfPage\":{\"@id\":\"https:\/\/www.notibras.com\/site\/obras-da-upa-ja-entraram-em-fase-de-concretagem\/\"},\"wordCount\":656,\"publisher\":{\"@id\":\"https:\/\/www.notibras.com\/site\/#organization\"},\"image\":{\"@id\":\"https:\/\/www.notibras.com\/site\/obras-da-upa-ja-entraram-em-fase-de-concretagem\/#primaryimage\"},\"thumbnailUrl\":\"https:\/\/www.notibras.com\/site\/wp-content\/uploads\/2026\/01\/dentro-3_1-7.jpg\",\"articleSection\":[\"Quadradinho em Foco\"],\"inLanguage\":\"pt-BR\"},{\"@type\":\"WebPage\",\"@id\":\"https:\/\/www.notibras.com\/site\/obras-da-upa-ja-entraram-em-fase-de-concretagem\/\",\"url\":\"https:\/\/www.notibras.com\/site\/obras-da-upa-ja-entraram-em-fase-de-concretagem\/\",\"name\":\"Obras da UPA j\u00e1 entraram em fase de concretagem - Notibras\",\"isPartOf\":{\"@id\":\"https:\/\/www.notibras.com\/site\/#website\"},\"primaryImageOfPage\":{\"@id\":\"https:\/\/www.notibras.com\/site\/obras-da-upa-ja-entraram-em-fase-de-concretagem\/#primaryimage\"},\"image\":{\"@id\":\"https:\/\/www.notibras.com\/site\/obras-da-upa-ja-entraram-em-fase-de-concretagem\/#primaryimage\"},\"thumbnailUrl\":\"https:\/\/www.notibras.com\/site\/wp-content\/uploads\/2026\/01\/dentro-3_1-7.jpg\",\"datePublished\":\"2026-01-18T04:00:52+00:00\",\"breadcrumb\":{\"@id\":\"https:\/\/www.notibras.com\/site\/obras-da-upa-ja-entraram-em-fase-de-concretagem\/#breadcrumb\"},\"inLanguage\":\"pt-BR\",\"potentialAction\":[{\"@type\":\"ReadAction\",\"target\":[\"https:\/\/www.notibras.com\/site\/obras-da-upa-ja-entraram-em-fase-de-concretagem\/\"]}]},{\"@type\":\"ImageObject\",\"inLanguage\":\"pt-BR\",\"@id\":\"https:\/\/www.notibras.com\/site\/obras-da-upa-ja-entraram-em-fase-de-concretagem\/#primaryimage\",\"url\":\"https:\/\/www.notibras.com\/site\/wp-content\/uploads\/2026\/01\/dentro-3_1-7.jpg\",\"contentUrl\":\"https:\/\/www.notibras.com\/site\/wp-content\/uploads\/2026\/01\/dentro-3_1-7.jpg\",\"width\":1920,\"height\":1280},{\"@type\":\"BreadcrumbList\",\"@id\":\"https:\/\/www.notibras.com\/site\/obras-da-upa-ja-entraram-em-fase-de-concretagem\/#breadcrumb\",\"itemListElement\":[{\"@type\":\"ListItem\",\"position\":1,\"name\":\"In\u00edcio\",\"item\":\"https:\/\/www.notibras.com\/site\/\"},{\"@type\":\"ListItem\",\"position\":2,\"name\":\"Obras da UPA j\u00e1 entraram em fase de concretagem\"}]},{\"@type\":\"WebSite\",\"@id\":\"https:\/\/www.notibras.com\/site\/#website\",\"url\":\"https:\/\/www.notibras.com\/site\/\",\"name\":\"Notibras\",\"description\":\"Not\u00edcias de Bras\u00edlia, do Brasil e do Mundo\",\"publisher\":{\"@id\":\"https:\/\/www.notibras.com\/site\/#organization\"},\"potentialAction\":[{\"@type\":\"SearchAction\",\"target\":{\"@type\":\"EntryPoint\",\"urlTemplate\":\"https:\/\/www.notibras.com\/site\/?s={search_term_string}\"},\"query-input\":{\"@type\":\"PropertyValueSpecification\",\"valueRequired\":true,\"valueName\":\"search_term_string\"}}],\"inLanguage\":\"pt-BR\"},{\"@type\":\"Organization\",\"@id\":\"https:\/\/www.notibras.com\/site\/#organization\",\"name\":\"Grupo Notibras de Comunica\u00e7\u00e3o\",\"url\":\"https:\/\/www.notibras.com\/site\/\",\"logo\":{\"@type\":\"ImageObject\",\"inLanguage\":\"pt-BR\",\"@id\":\"https:\/\/www.notibras.com\/site\/#\/schema\/logo\/image\/\",\"url\":\"https:\/\/www.notibras.com\/site\/wp-content\/uploads\/2023\/01\/notibras23.png\",\"contentUrl\":\"https:\/\/www.notibras.com\/site\/wp-content\/uploads\/2023\/01\/notibras23.png\",\"width\":350,\"height\":87,\"caption\":\"Grupo Notibras de Comunica\u00e7\u00e3o\"},\"image\":{\"@id\":\"https:\/\/www.notibras.com\/site\/#\/schema\/logo\/image\/\"},\"sameAs\":[\"https:\/\/www.facebook.com\/notibras\/\",\"https:\/\/x.com\/Notibras\",\"https:\/\/www.instagram.com\/notibras\/\"]},{\"@type\":\"Person\",\"@id\":\"https:\/\/www.notibras.com\/site\/#\/schema\/person\/5b7fabf2aedc3ada2105f03b22b4d3dd\",\"name\":\"Eduardo Mart\u00ednez\",\"image\":{\"@type\":\"ImageObject\",\"inLanguage\":\"pt-BR\",\"@id\":\"https:\/\/secure.gravatar.com\/avatar\/7902f906289926289cbcda644b5197c796b893c6ffd7b9a536a42d290f7704a0?s=96&d=mm&r=g\",\"url\":\"https:\/\/secure.gravatar.com\/avatar\/7902f906289926289cbcda644b5197c796b893c6ffd7b9a536a42d290f7704a0?s=96&d=mm&r=g\",\"contentUrl\":\"https:\/\/secure.gravatar.com\/avatar\/7902f906289926289cbcda644b5197c796b893c6ffd7b9a536a42d290f7704a0?s=96&d=mm&r=g\",\"caption\":\"Eduardo Mart\u00ednez\"}}]}<\/script>\n<!-- \/ Yoast SEO plugin. -->","yoast_head_json":{"title":"Obras da UPA j\u00e1 entraram em fase de concretagem - Notibras","robots":{"index":"index","follow":"follow","max-snippet":"max-snippet:-1","max-image-preview":"max-image-preview:large","max-video-preview":"max-video-preview:-1"},"canonical":"https:\/\/www.notibras.com\/site\/obras-da-upa-ja-entraram-em-fase-de-concretagem\/","og_locale":"pt_BR","og_type":"article","og_title":"Obras da UPA j\u00e1 entraram em fase de concretagem - Notibras","og_description":"O Distrito Federal conta atualmente com 13 unidades de pronto atendimento (UPAs) em funcionamento e prev\u00ea a entrega de mais sete novas unidades, entre elas a UPA do Guar\u00e1. As obras est\u00e3o na fase de concretagem da laje, com in\u00edcio do levantamento das paredes e da alvenaria previsto para a pr\u00f3xima etapa. De porte 3, [&hellip;]","og_url":"https:\/\/www.notibras.com\/site\/obras-da-upa-ja-entraram-em-fase-de-concretagem\/","og_site_name":"Notibras","article_publisher":"https:\/\/www.facebook.com\/notibras\/","article_published_time":"2026-01-18T04:00:52+00:00","og_image":[{"width":1920,"height":1280,"url":"https:\/\/www.notibras.com\/site\/wp-content\/uploads\/2026\/01\/dentro-3_1-7.jpg","type":"image\/jpeg"}],"author":"Eduardo Mart\u00ednez","twitter_card":"summary_large_image","twitter_creator":"@Notibras","twitter_site":"@Notibras","twitter_misc":{"Escrito por":"Eduardo Mart\u00ednez","Est. tempo de leitura":"4 minutos"},"schema":{"@context":"https:\/\/schema.org","@graph":[{"@type":"Article","@id":"https:\/\/www.notibras.com\/site\/obras-da-upa-ja-entraram-em-fase-de-concretagem\/#article","isPartOf":{"@id":"https:\/\/www.notibras.com\/site\/obras-da-upa-ja-entraram-em-fase-de-concretagem\/"},"author":{"name":"Eduardo Mart\u00ednez","@id":"https:\/\/www.notibras.com\/site\/#\/schema\/person\/5b7fabf2aedc3ada2105f03b22b4d3dd"},"headline":"Obras da UPA j\u00e1 entraram em fase de concretagem","datePublished":"2026-01-18T04:00:52+00:00","mainEntityOfPage":{"@id":"https:\/\/www.notibras.com\/site\/obras-da-upa-ja-entraram-em-fase-de-concretagem\/"},"wordCount":656,"publisher":{"@id":"https:\/\/www.notibras.com\/site\/#organization"},"image":{"@id":"https:\/\/www.notibras.com\/site\/obras-da-upa-ja-entraram-em-fase-de-concretagem\/#primaryimage"},"thumbnailUrl":"https:\/\/www.notibras.com\/site\/wp-content\/uploads\/2026\/01\/dentro-3_1-7.jpg","articleSection":["Quadradinho em Foco"],"inLanguage":"pt-BR"},{"@type":"WebPage","@id":"https:\/\/www.notibras.com\/site\/obras-da-upa-ja-entraram-em-fase-de-concretagem\/","url":"https:\/\/www.notibras.com\/site\/obras-da-upa-ja-entraram-em-fase-de-concretagem\/","name":"Obras da UPA j\u00e1 entraram em fase de concretagem - Notibras","isPartOf":{"@id":"https:\/\/www.notibras.com\/site\/#website"},"primaryImageOfPage":{"@id":"https:\/\/www.notibras.com\/site\/obras-da-upa-ja-entraram-em-fase-de-concretagem\/#primaryimage"},"image":{"@id":"https:\/\/www.notibras.com\/site\/obras-da-upa-ja-entraram-em-fase-de-concretagem\/#primaryimage"},"thumbnailUrl":"https:\/\/www.notibras.com\/site\/wp-content\/uploads\/2026\/01\/dentro-3_1-7.jpg","datePublished":"2026-01-18T04:00:52+00:00","breadcrumb":{"@id":"https:\/\/www.notibras.com\/site\/obras-da-upa-ja-entraram-em-fase-de-concretagem\/#breadcrumb"},"inLanguage":"pt-BR","potentialAction":[{"@type":"ReadAction","target":["https:\/\/www.notibras.com\/site\/obras-da-upa-ja-entraram-em-fase-de-concretagem\/"]}]},{"@type":"ImageObject","inLanguage":"pt-BR","@id":"https:\/\/www.notibras.com\/site\/obras-da-upa-ja-entraram-em-fase-de-concretagem\/#primaryimage","url":"https:\/\/www.notibras.com\/site\/wp-content\/uploads\/2026\/01\/dentro-3_1-7.jpg","contentUrl":"https:\/\/www.notibras.com\/site\/wp-content\/uploads\/2026\/01\/dentro-3_1-7.jpg","width":1920,"height":1280},{"@type":"BreadcrumbList","@id":"https:\/\/www.notibras.com\/site\/obras-da-upa-ja-entraram-em-fase-de-concretagem\/#breadcrumb","itemListElement":[{"@type":"ListItem","position":1,"name":"In\u00edcio","item":"https:\/\/www.notibras.com\/site\/"},{"@type":"ListItem","position":2,"name":"Obras da UPA j\u00e1 entraram em fase de concretagem"}]},{"@type":"WebSite","@id":"https:\/\/www.notibras.com\/site\/#website","url":"https:\/\/www.notibras.com\/site\/","name":"Notibras","description":"Not\u00edcias de Bras\u00edlia, do Brasil e do Mundo","publisher":{"@id":"https:\/\/www.notibras.com\/site\/#organization"},"potentialAction":[{"@type":"SearchAction","target":{"@type":"EntryPoint","urlTemplate":"https:\/\/www.notibras.com\/site\/?s={search_term_string}"},"query-input":{"@type":"PropertyValueSpecification","valueRequired":true,"valueName":"search_term_string"}}],"inLanguage":"pt-BR"},{"@type":"Organization","@id":"https:\/\/www.notibras.com\/site\/#organization","name":"Grupo Notibras de Comunica\u00e7\u00e3o","url":"https:\/\/www.notibras.com\/site\/","logo":{"@type":"ImageObject","inLanguage":"pt-BR","@id":"https:\/\/www.notibras.com\/site\/#\/schema\/logo\/image\/","url":"https:\/\/www.notibras.com\/site\/wp-content\/uploads\/2023\/01\/notibras23.png","contentUrl":"https:\/\/www.notibras.com\/site\/wp-content\/uploads\/2023\/01\/notibras23.png","width":350,"height":87,"caption":"Grupo Notibras de Comunica\u00e7\u00e3o"},"image":{"@id":"https:\/\/www.notibras.com\/site\/#\/schema\/logo\/image\/"},"sameAs":["https:\/\/www.facebook.com\/notibras\/","https:\/\/x.com\/Notibras","https:\/\/www.instagram.com\/notibras\/"]},{"@type":"Person","@id":"https:\/\/www.notibras.com\/site\/#\/schema\/person\/5b7fabf2aedc3ada2105f03b22b4d3dd","name":"Eduardo Mart\u00ednez","image":{"@type":"ImageObject","inLanguage":"pt-BR","@id":"https:\/\/secure.gravatar.com\/avatar\/7902f906289926289cbcda644b5197c796b893c6ffd7b9a536a42d290f7704a0?s=96&d=mm&r=g","url":"https:\/\/secure.gravatar.com\/avatar\/7902f906289926289cbcda644b5197c796b893c6ffd7b9a536a42d290f7704a0?s=96&d=mm&r=g","contentUrl":"https:\/\/secure.gravatar.com\/avatar\/7902f906289926289cbcda644b5197c796b893c6ffd7b9a536a42d290f7704a0?s=96&d=mm&r=g","caption":"Eduardo Mart\u00ednez"}}]}},"amp_enabled":true,"_links":{"self":[{"href":"https:\/\/www.notibras.com\/site\/wp-json\/wp\/v2\/posts\/379425","targetHints":{"allow":["GET"]}}],"collection":[{"href":"https:\/\/www.notibras.com\/site\/wp-json\/wp\/v2\/posts"}],"about":[{"href":"https:\/\/www.notibras.com\/site\/wp-json\/wp\/v2\/types\/post"}],"author":[{"embeddable":true,"href":"https:\/\/www.notibras.com\/site\/wp-json\/wp\/v2\/users\/21"}],"replies":[{"embeddable":true,"href":"https:\/\/www.notibras.com\/site\/wp-json\/wp\/v2\/comments?post=379425"}],"version-history":[{"count":7,"href":"https:\/\/www.notibras.com\/site\/wp-json\/wp\/v2\/posts\/379425\/revisions"}],"predecessor-version":[{"id":379433,"href":"https:\/\/www.notibras.com\/site\/wp-json\/wp\/v2\/posts\/379425\/revisions\/379433"}],"wp:featuredmedia":[{"embeddable":true,"href":"https:\/\/www.notibras.com\/site\/wp-json\/wp\/v2\/media\/379431"}],"wp:attachment":[{"href":"https:\/\/www.notibras.com\/site\/wp-json\/wp\/v2\/media?parent=379425"}],"wp:term":[{"taxonomy":"category","embeddable":true,"href":"https:\/\/www.notibras.com\/site\/wp-json\/wp\/v2\/categories?post=379425"},{"taxonomy":"post_tag","embeddable":true,"href":"https:\/\/www.notibras.com\/site\/wp-json\/wp\/v2\/tags?post=379425"}],"curies":[{"name":"wp","href":"https:\/\/api.w.org\/{rel}","templated":true}]}}