{"id":379434,"date":"2026-01-18T01:15:43","date_gmt":"2026-01-18T04:15:43","guid":{"rendered":"https:\/\/www.notibras.com\/site\/?p=379434"},"modified":"2026-01-18T05:10:31","modified_gmt":"2026-01-18T08:10:31","slug":"gdf-mais-perto-do-cidadao-abre-o-ano-com-mais-de-3-mil-atendimentos","status":"publish","type":"post","link":"https:\/\/www.notibras.com\/site\/gdf-mais-perto-do-cidadao-abre-o-ano-com-mais-de-3-mil-atendimentos\/","title":{"rendered":"GDF Mais Perto do Cidad\u00e3o abre o ano com mais de 3 mil atendimentos"},"content":{"rendered":"<p>A 67\u00aa edi\u00e7\u00e3o do GDF Mais Perto do Cidad\u00e3o, iniciativa da Secretaria de Justi\u00e7a e Cidadania (Sejus-DF), abriu oficialmente o calend\u00e1rio de a\u00e7\u00f5es de 2026 levando cidadania, cuidado e servi\u00e7os essenciais diretamente \u00e0 popula\u00e7\u00e3o de Ceil\u00e2ndia. Realizado nesta sexta-feira e s\u00e1bado, no estacionamento ao lado do CepiI Capim Dourado, no Setor O (EQNO 8\/10), o evento reuniu mais de 3 mil pessoas.<\/p>\n<p>Entre quem aproveitou a estrutura montada pertinho de casa estava a dona de casa Maria Aninha Sousa Viana, de 65 anos, moradora da expans\u00e3o do Setor O. Ela levou a gata Maya e o cachorro Bob para atualizar a vacina\u00e7\u00e3o e tamb\u00e9m fez o cadastro dos dois para castra\u00e7\u00e3o. Ao todo, 168 c\u00e3es e gatos foram cadastrados durante o evento, por meio da parceria com a Secretaria Extraordin\u00e1ria de Prote\u00e7\u00e3o Animal (Sepan-DF), que disponibilizou um trailer para vacina\u00e7\u00e3o e servi\u00e7os de sa\u00fade animal.<\/p>\n<p>\u201cTem muitas atividades, servi\u00e7os importantes e divers\u00e3o para toda a fam\u00edlia; a gente est\u00e1 adorando\u201d, relatou Maria Aninha, que levou ainda a neta Maria Sofia Barcelos, 8, para se divertir nas atra\u00e7\u00f5es infantis, como pula-pula, quadriciclo e teatro educativo do Detran, al\u00e9m de saborear pipoca e algod\u00e3o-doce.<\/p>\n<p><strong>Casamento Comunit\u00e1rio<\/strong><\/p>\n<p>O evento tamb\u00e9m foi cen\u00e1rio para hist\u00f3rias marcadas por afeto e novos come\u00e7os. Arissa Chagas, 30, e Damon Luiz Gomes, 26, decidiram oficializar a uni\u00e3o ap\u00f3s verem o espa\u00e7o dedicado \u00e0 inscri\u00e7\u00e3o da primeira edi\u00e7\u00e3o de 2026 do Casamento Comunit\u00e1rio, marcada para 22 de mar\u00e7o. \u201cFiquei apreensiva, mas muito feliz com a oportunidade de dar esse passo t\u00e3o importante na nossa vida\u201d, disse Arissa, que, ao lado da pequena Chandu Naiana, filha do casal, recebeu de surpresa o pedido de casamento de Damon.<\/p>\n<p>Outro morador que aproveitou a proximidade dos servi\u00e7os foi o aposentado Gilmar Gomes, 66. Ele levou o neto Vinicius Gabriel, 9, para emitir a nova Carteira de Identidade Nacional, na carreta da Pol\u00edcia Civil. Enquanto a crian\u00e7a se divertia com os minigames e computadores acess\u00edveis do espa\u00e7o da Secretaria de Ci\u00eancia, Tecnologia e Inova\u00e7\u00e3o (Secti-DF), Gilmar cortou os cabelos com os profissionais participantes do programa Voluntariado em A\u00e7\u00e3o e resolveu pend\u00eancias na carreta do Na Hora. \u201cDei um trato no visual, resolvi o que estava pendente e deixei meus meninos brincando felizes\u201d, contou. \u201cTodo mundo saiu satisfeito, e eu ainda fiquei mais bonito\u201d.<\/p>\n<p><strong>Sa\u00fade em dia<\/strong><\/p>\n<p>A sa\u00fade tamb\u00e9m teve espa\u00e7o garantido. A popula\u00e7\u00e3o teve acesso a exames laboratoriais gratuitos, avalia\u00e7\u00f5es de fisioterapia e outros atendimentos prestados tanto por equipes da Secretaria de Sa\u00fade (SES-DF) quanto por institui\u00e7\u00f5es e profissionais volunt\u00e1rios. A moradora Maria Lucena Silva, 49, aproveitou a oportunidade para aferir a press\u00e3o arterial e fazer o teste de glicose, ambos com resultados alterados. \u201cFoi muito importante\u201d, disse. \u201cNunca tenho tempo de procurar atendimento m\u00e9dico, mas agora estou consciente de que preciso me cuidar. Ter esse servi\u00e7o aqui perto fez toda a diferen\u00e7a\u201d.<\/p>\n<p>David Pereira, 62, deixou o cachorro na cl\u00ednica veterin\u00e1ria e foi atualizar seu cart\u00e3o de vacina\u00e7\u00e3o. Recebeu doses contra hepatite B e difteria e t\u00e9tano e, por acr\u00e9scimo, fez testes r\u00e1pidos para detec\u00e7\u00e3o de infec\u00e7\u00f5es sexualmente transmiss\u00edvel (ISTs) e voltou para casa satisfeito e duplamente protegido.<\/p>\n<p>\u201cA gente tem que se cuidar\u201d, enfatizou. \u201cMuito f\u00e1cil, atendimento muito r\u00e1pido, pessoal muito prestativo; o GDF est\u00e1 de parab\u00e9ns por essa iniciativa\u201d. O GDF Mais Perto do Cidad\u00e3o foi um dos <a href=\"https:\/\/www.saude.df.gov.br\/w\/df-ter%C3%A1-vacina%C3%A7%C3%A3o-gratuita-contra-gripe-neste-s%C3%A1bado-17-\">52 locais de vacina\u00e7\u00e3o<\/a> disponibilizados pela Secretaria de Sa\u00fade neste s\u00e1bado (17), que ofereceu op\u00e7\u00f5es em 20 regi\u00f5es administrativas.<\/p>\n<p><strong>Capacita\u00e7\u00e3o para gestantes<\/strong><\/p>\n<p>Na manh\u00e3 de sexta-feira, o evento tamb\u00e9m recebeu a 25\u00aa edi\u00e7\u00e3o do programa Nasce Uma Estrela, que reuniu mais de 100 participantes. A capacita\u00e7\u00e3o contou com doulas, t\u00e9cnicas de enfermagem, bombeiros militares e a participa\u00e7\u00e3o especial do m\u00e9dico Ricardo Fonseca, conhecido como \u201csuperpediatra\u201d. Foram abordados temas como amamenta\u00e7\u00e3o, recupera\u00e7\u00e3o p\u00f3s-parto e primeiros socorros com beb\u00eas.<\/p>\n<p>Ao final do curso, as participantes receberam uma bolsa com roupas, manta e itens essenciais para o beb\u00ea, al\u00e9m de participarem de sorteios de brindes, como slings e pe\u00e7as de enxoval. As bolsas e as pe\u00e7as infantis s\u00e3o confeccionadas e adaptadas por homens e mulheres privados de liberdade, capacitados em corte e costura pela Funda\u00e7\u00e3o de Amparo ao Trabalhador Preso do DF (Funap).<\/p>\n<p>Entre as participantes estava Fernanda Ferreira, 20, gr\u00e1vida de seis meses de Valentyna. Em sua primeira gesta\u00e7\u00e3o, ela saiu emocionada com os aprendizados: \u201cEssas orienta\u00e7\u00f5es s\u00e3o fundamentais. Ajudam muito a diminuir o medo e a inseguran\u00e7a de quem est\u00e1 vivendo tudo isso pela primeira vez\u201d.<\/p>\n<p><strong>Servi\u00e7os que transformam realidades<\/strong><\/p>\n<p>No somat\u00f3rio, o GDF Mais Perto do Cidad\u00e3o ofereceu uma ampla rede de servi\u00e7os de cidadania, sa\u00fade, assist\u00eancia e lazer, com atendimentos do Na Hora, da Pol\u00edcia Civil, orienta\u00e7\u00f5es jur\u00eddicas, oficinas culturais e programa\u00e7\u00e3o art\u00edstica para todas as idades.<\/p>\n<p>\u201cLevar servi\u00e7os essenciais e a\u00e7\u00f5es de bem-estar para perto da casa das pessoas transforma realidades, fortalece v\u00ednculos e garante cidadania\u201d, declarou a secret\u00e1ria de Justi\u00e7a e Cidadania, Marcela Passamani. Desde fevereiro de 2023, o programa j\u00e1 soma mais de 500 mil atendimentos em todas as regi\u00f5es administrativas do Distrito Federal. Somente em 2025, foram 23 edi\u00e7\u00f5es, que totalizaram mais de 160 mil atendimentos, reafirmando o impacto da iniciativa na vida da popula\u00e7\u00e3o.<\/p>\n","protected":false},"excerpt":{"rendered":"<p>A 67\u00aa edi\u00e7\u00e3o do GDF Mais Perto do Cidad\u00e3o, iniciativa da Secretaria de Justi\u00e7a e Cidadania (Sejus-DF), abriu oficialmente o calend\u00e1rio de a\u00e7\u00f5es de 2026 levando cidadania, cuidado e servi\u00e7os essenciais diretamente \u00e0 popula\u00e7\u00e3o de Ceil\u00e2ndia. Realizado nesta sexta-feira e s\u00e1bado, no estacionamento ao lado do CepiI Capim Dourado, no Setor O (EQNO 8\/10), o [&hellip;]<\/p>\n","protected":false},"author":21,"featured_media":379435,"comment_status":"closed","ping_status":"closed","sticky":false,"template":"","format":"standard","meta":{"_acf_changed":false,"footnotes":""},"categories":[161],"tags":[],"class_list":["post-379434","post","type-post","status-publish","format-standard","has-post-thumbnail","hentry","category-quadradinho-em-foco"],"acf":[],"yoast_head":"<!-- This site is optimized with the Yoast SEO plugin v27.2 - https:\/\/yoast.com\/product\/yoast-seo-wordpress\/ -->\n<title>GDF Mais Perto do Cidad\u00e3o abre o ano com mais de 3 mil atendimentos - Notibras<\/title>\n<meta name=\"robots\" content=\"index, follow, max-snippet:-1, max-image-preview:large, max-video-preview:-1\" \/>\n<link rel=\"canonical\" href=\"https:\/\/www.notibras.com\/site\/gdf-mais-perto-do-cidadao-abre-o-ano-com-mais-de-3-mil-atendimentos\/\" \/>\n<meta property=\"og:locale\" content=\"pt_BR\" \/>\n<meta property=\"og:type\" content=\"article\" \/>\n<meta property=\"og:title\" content=\"GDF Mais Perto do Cidad\u00e3o abre o ano com mais de 3 mil atendimentos - Notibras\" \/>\n<meta property=\"og:description\" content=\"A 67\u00aa edi\u00e7\u00e3o do GDF Mais Perto do Cidad\u00e3o, iniciativa da Secretaria de Justi\u00e7a e Cidadania (Sejus-DF), abriu oficialmente o calend\u00e1rio de a\u00e7\u00f5es de 2026 levando cidadania, cuidado e servi\u00e7os essenciais diretamente \u00e0 popula\u00e7\u00e3o de Ceil\u00e2ndia. Realizado nesta sexta-feira e s\u00e1bado, no estacionamento ao lado do CepiI Capim Dourado, no Setor O (EQNO 8\/10), o [&hellip;]\" \/>\n<meta property=\"og:url\" content=\"https:\/\/www.notibras.com\/site\/gdf-mais-perto-do-cidadao-abre-o-ano-com-mais-de-3-mil-atendimentos\/\" \/>\n<meta property=\"og:site_name\" content=\"Notibras\" \/>\n<meta property=\"article:publisher\" content=\"https:\/\/www.facebook.com\/notibras\/\" \/>\n<meta property=\"article:published_time\" content=\"2026-01-18T04:15:43+00:00\" \/>\n<meta property=\"article:modified_time\" content=\"2026-01-18T08:10:31+00:00\" \/>\n<meta property=\"og:image\" content=\"https:\/\/www.notibras.com\/site\/wp-content\/uploads\/2026\/01\/17.1.-GDF-Mais-Perto-do-Cidadao.-Foto-Jhonatan-Vieira-Sejus-DF-Arissa-Xandu-e-Damon.jpeg\" \/>\n\t<meta property=\"og:image:width\" content=\"1280\" \/>\n\t<meta property=\"og:image:height\" content=\"909\" \/>\n\t<meta property=\"og:image:type\" content=\"image\/jpeg\" \/>\n<meta name=\"author\" content=\"Eduardo Mart\u00ednez\" \/>\n<meta name=\"twitter:card\" content=\"summary_large_image\" \/>\n<meta name=\"twitter:creator\" content=\"@Notibras\" \/>\n<meta name=\"twitter:site\" content=\"@Notibras\" \/>\n<meta name=\"twitter:label1\" content=\"Escrito por\" \/>\n\t<meta name=\"twitter:data1\" content=\"Eduardo Mart\u00ednez\" \/>\n\t<meta name=\"twitter:label2\" content=\"Est. tempo de leitura\" \/>\n\t<meta name=\"twitter:data2\" content=\"5 minutos\" \/>\n<script type=\"application\/ld+json\" class=\"yoast-schema-graph\">{\"@context\":\"https:\/\/schema.org\",\"@graph\":[{\"@type\":\"Article\",\"@id\":\"https:\/\/www.notibras.com\/site\/gdf-mais-perto-do-cidadao-abre-o-ano-com-mais-de-3-mil-atendimentos\/#article\",\"isPartOf\":{\"@id\":\"https:\/\/www.notibras.com\/site\/gdf-mais-perto-do-cidadao-abre-o-ano-com-mais-de-3-mil-atendimentos\/\"},\"author\":{\"name\":\"Eduardo Mart\u00ednez\",\"@id\":\"https:\/\/www.notibras.com\/site\/#\/schema\/person\/5b7fabf2aedc3ada2105f03b22b4d3dd\"},\"headline\":\"GDF Mais Perto do Cidad\u00e3o abre o ano com mais de 3 mil atendimentos\",\"datePublished\":\"2026-01-18T04:15:43+00:00\",\"dateModified\":\"2026-01-18T08:10:31+00:00\",\"mainEntityOfPage\":{\"@id\":\"https:\/\/www.notibras.com\/site\/gdf-mais-perto-do-cidadao-abre-o-ano-com-mais-de-3-mil-atendimentos\/\"},\"wordCount\":954,\"publisher\":{\"@id\":\"https:\/\/www.notibras.com\/site\/#organization\"},\"image\":{\"@id\":\"https:\/\/www.notibras.com\/site\/gdf-mais-perto-do-cidadao-abre-o-ano-com-mais-de-3-mil-atendimentos\/#primaryimage\"},\"thumbnailUrl\":\"https:\/\/www.notibras.com\/site\/wp-content\/uploads\/2026\/01\/17.1.-GDF-Mais-Perto-do-Cidadao.-Foto-Jhonatan-Vieira-Sejus-DF-Arissa-Xandu-e-Damon.jpeg\",\"articleSection\":[\"Quadradinho em Foco\"],\"inLanguage\":\"pt-BR\"},{\"@type\":\"WebPage\",\"@id\":\"https:\/\/www.notibras.com\/site\/gdf-mais-perto-do-cidadao-abre-o-ano-com-mais-de-3-mil-atendimentos\/\",\"url\":\"https:\/\/www.notibras.com\/site\/gdf-mais-perto-do-cidadao-abre-o-ano-com-mais-de-3-mil-atendimentos\/\",\"name\":\"GDF Mais Perto do Cidad\u00e3o abre o ano com mais de 3 mil atendimentos - Notibras\",\"isPartOf\":{\"@id\":\"https:\/\/www.notibras.com\/site\/#website\"},\"primaryImageOfPage\":{\"@id\":\"https:\/\/www.notibras.com\/site\/gdf-mais-perto-do-cidadao-abre-o-ano-com-mais-de-3-mil-atendimentos\/#primaryimage\"},\"image\":{\"@id\":\"https:\/\/www.notibras.com\/site\/gdf-mais-perto-do-cidadao-abre-o-ano-com-mais-de-3-mil-atendimentos\/#primaryimage\"},\"thumbnailUrl\":\"https:\/\/www.notibras.com\/site\/wp-content\/uploads\/2026\/01\/17.1.-GDF-Mais-Perto-do-Cidadao.-Foto-Jhonatan-Vieira-Sejus-DF-Arissa-Xandu-e-Damon.jpeg\",\"datePublished\":\"2026-01-18T04:15:43+00:00\",\"dateModified\":\"2026-01-18T08:10:31+00:00\",\"breadcrumb\":{\"@id\":\"https:\/\/www.notibras.com\/site\/gdf-mais-perto-do-cidadao-abre-o-ano-com-mais-de-3-mil-atendimentos\/#breadcrumb\"},\"inLanguage\":\"pt-BR\",\"potentialAction\":[{\"@type\":\"ReadAction\",\"target\":[\"https:\/\/www.notibras.com\/site\/gdf-mais-perto-do-cidadao-abre-o-ano-com-mais-de-3-mil-atendimentos\/\"]}]},{\"@type\":\"ImageObject\",\"inLanguage\":\"pt-BR\",\"@id\":\"https:\/\/www.notibras.com\/site\/gdf-mais-perto-do-cidadao-abre-o-ano-com-mais-de-3-mil-atendimentos\/#primaryimage\",\"url\":\"https:\/\/www.notibras.com\/site\/wp-content\/uploads\/2026\/01\/17.1.-GDF-Mais-Perto-do-Cidadao.-Foto-Jhonatan-Vieira-Sejus-DF-Arissa-Xandu-e-Damon.jpeg\",\"contentUrl\":\"https:\/\/www.notibras.com\/site\/wp-content\/uploads\/2026\/01\/17.1.-GDF-Mais-Perto-do-Cidadao.-Foto-Jhonatan-Vieira-Sejus-DF-Arissa-Xandu-e-Damon.jpeg\",\"width\":1280,\"height\":909},{\"@type\":\"BreadcrumbList\",\"@id\":\"https:\/\/www.notibras.com\/site\/gdf-mais-perto-do-cidadao-abre-o-ano-com-mais-de-3-mil-atendimentos\/#breadcrumb\",\"itemListElement\":[{\"@type\":\"ListItem\",\"position\":1,\"name\":\"In\u00edcio\",\"item\":\"https:\/\/www.notibras.com\/site\/\"},{\"@type\":\"ListItem\",\"position\":2,\"name\":\"GDF Mais Perto do Cidad\u00e3o abre o ano com mais de 3 mil atendimentos\"}]},{\"@type\":\"WebSite\",\"@id\":\"https:\/\/www.notibras.com\/site\/#website\",\"url\":\"https:\/\/www.notibras.com\/site\/\",\"name\":\"Notibras\",\"description\":\"Not\u00edcias de Bras\u00edlia, do Brasil e do Mundo\",\"publisher\":{\"@id\":\"https:\/\/www.notibras.com\/site\/#organization\"},\"potentialAction\":[{\"@type\":\"SearchAction\",\"target\":{\"@type\":\"EntryPoint\",\"urlTemplate\":\"https:\/\/www.notibras.com\/site\/?s={search_term_string}\"},\"query-input\":{\"@type\":\"PropertyValueSpecification\",\"valueRequired\":true,\"valueName\":\"search_term_string\"}}],\"inLanguage\":\"pt-BR\"},{\"@type\":\"Organization\",\"@id\":\"https:\/\/www.notibras.com\/site\/#organization\",\"name\":\"Grupo Notibras de Comunica\u00e7\u00e3o\",\"url\":\"https:\/\/www.notibras.com\/site\/\",\"logo\":{\"@type\":\"ImageObject\",\"inLanguage\":\"pt-BR\",\"@id\":\"https:\/\/www.notibras.com\/site\/#\/schema\/logo\/image\/\",\"url\":\"https:\/\/www.notibras.com\/site\/wp-content\/uploads\/2023\/01\/notibras23.png\",\"contentUrl\":\"https:\/\/www.notibras.com\/site\/wp-content\/uploads\/2023\/01\/notibras23.png\",\"width\":350,\"height\":87,\"caption\":\"Grupo Notibras de Comunica\u00e7\u00e3o\"},\"image\":{\"@id\":\"https:\/\/www.notibras.com\/site\/#\/schema\/logo\/image\/\"},\"sameAs\":[\"https:\/\/www.facebook.com\/notibras\/\",\"https:\/\/x.com\/Notibras\",\"https:\/\/www.instagram.com\/notibras\/\"]},{\"@type\":\"Person\",\"@id\":\"https:\/\/www.notibras.com\/site\/#\/schema\/person\/5b7fabf2aedc3ada2105f03b22b4d3dd\",\"name\":\"Eduardo Mart\u00ednez\",\"image\":{\"@type\":\"ImageObject\",\"inLanguage\":\"pt-BR\",\"@id\":\"https:\/\/secure.gravatar.com\/avatar\/7902f906289926289cbcda644b5197c796b893c6ffd7b9a536a42d290f7704a0?s=96&d=mm&r=g\",\"url\":\"https:\/\/secure.gravatar.com\/avatar\/7902f906289926289cbcda644b5197c796b893c6ffd7b9a536a42d290f7704a0?s=96&d=mm&r=g\",\"contentUrl\":\"https:\/\/secure.gravatar.com\/avatar\/7902f906289926289cbcda644b5197c796b893c6ffd7b9a536a42d290f7704a0?s=96&d=mm&r=g\",\"caption\":\"Eduardo Mart\u00ednez\"}}]}<\/script>\n<!-- \/ Yoast SEO plugin. -->","yoast_head_json":{"title":"GDF Mais Perto do Cidad\u00e3o abre o ano com mais de 3 mil atendimentos - Notibras","robots":{"index":"index","follow":"follow","max-snippet":"max-snippet:-1","max-image-preview":"max-image-preview:large","max-video-preview":"max-video-preview:-1"},"canonical":"https:\/\/www.notibras.com\/site\/gdf-mais-perto-do-cidadao-abre-o-ano-com-mais-de-3-mil-atendimentos\/","og_locale":"pt_BR","og_type":"article","og_title":"GDF Mais Perto do Cidad\u00e3o abre o ano com mais de 3 mil atendimentos - Notibras","og_description":"A 67\u00aa edi\u00e7\u00e3o do GDF Mais Perto do Cidad\u00e3o, iniciativa da Secretaria de Justi\u00e7a e Cidadania (Sejus-DF), abriu oficialmente o calend\u00e1rio de a\u00e7\u00f5es de 2026 levando cidadania, cuidado e servi\u00e7os essenciais diretamente \u00e0 popula\u00e7\u00e3o de Ceil\u00e2ndia. Realizado nesta sexta-feira e s\u00e1bado, no estacionamento ao lado do CepiI Capim Dourado, no Setor O (EQNO 8\/10), o [&hellip;]","og_url":"https:\/\/www.notibras.com\/site\/gdf-mais-perto-do-cidadao-abre-o-ano-com-mais-de-3-mil-atendimentos\/","og_site_name":"Notibras","article_publisher":"https:\/\/www.facebook.com\/notibras\/","article_published_time":"2026-01-18T04:15:43+00:00","article_modified_time":"2026-01-18T08:10:31+00:00","og_image":[{"width":1280,"height":909,"url":"https:\/\/www.notibras.com\/site\/wp-content\/uploads\/2026\/01\/17.1.-GDF-Mais-Perto-do-Cidadao.-Foto-Jhonatan-Vieira-Sejus-DF-Arissa-Xandu-e-Damon.jpeg","type":"image\/jpeg"}],"author":"Eduardo Mart\u00ednez","twitter_card":"summary_large_image","twitter_creator":"@Notibras","twitter_site":"@Notibras","twitter_misc":{"Escrito por":"Eduardo Mart\u00ednez","Est. tempo de leitura":"5 minutos"},"schema":{"@context":"https:\/\/schema.org","@graph":[{"@type":"Article","@id":"https:\/\/www.notibras.com\/site\/gdf-mais-perto-do-cidadao-abre-o-ano-com-mais-de-3-mil-atendimentos\/#article","isPartOf":{"@id":"https:\/\/www.notibras.com\/site\/gdf-mais-perto-do-cidadao-abre-o-ano-com-mais-de-3-mil-atendimentos\/"},"author":{"name":"Eduardo Mart\u00ednez","@id":"https:\/\/www.notibras.com\/site\/#\/schema\/person\/5b7fabf2aedc3ada2105f03b22b4d3dd"},"headline":"GDF Mais Perto do Cidad\u00e3o abre o ano com mais de 3 mil atendimentos","datePublished":"2026-01-18T04:15:43+00:00","dateModified":"2026-01-18T08:10:31+00:00","mainEntityOfPage":{"@id":"https:\/\/www.notibras.com\/site\/gdf-mais-perto-do-cidadao-abre-o-ano-com-mais-de-3-mil-atendimentos\/"},"wordCount":954,"publisher":{"@id":"https:\/\/www.notibras.com\/site\/#organization"},"image":{"@id":"https:\/\/www.notibras.com\/site\/gdf-mais-perto-do-cidadao-abre-o-ano-com-mais-de-3-mil-atendimentos\/#primaryimage"},"thumbnailUrl":"https:\/\/www.notibras.com\/site\/wp-content\/uploads\/2026\/01\/17.1.-GDF-Mais-Perto-do-Cidadao.-Foto-Jhonatan-Vieira-Sejus-DF-Arissa-Xandu-e-Damon.jpeg","articleSection":["Quadradinho em Foco"],"inLanguage":"pt-BR"},{"@type":"WebPage","@id":"https:\/\/www.notibras.com\/site\/gdf-mais-perto-do-cidadao-abre-o-ano-com-mais-de-3-mil-atendimentos\/","url":"https:\/\/www.notibras.com\/site\/gdf-mais-perto-do-cidadao-abre-o-ano-com-mais-de-3-mil-atendimentos\/","name":"GDF Mais Perto do Cidad\u00e3o abre o ano com mais de 3 mil atendimentos - Notibras","isPartOf":{"@id":"https:\/\/www.notibras.com\/site\/#website"},"primaryImageOfPage":{"@id":"https:\/\/www.notibras.com\/site\/gdf-mais-perto-do-cidadao-abre-o-ano-com-mais-de-3-mil-atendimentos\/#primaryimage"},"image":{"@id":"https:\/\/www.notibras.com\/site\/gdf-mais-perto-do-cidadao-abre-o-ano-com-mais-de-3-mil-atendimentos\/#primaryimage"},"thumbnailUrl":"https:\/\/www.notibras.com\/site\/wp-content\/uploads\/2026\/01\/17.1.-GDF-Mais-Perto-do-Cidadao.-Foto-Jhonatan-Vieira-Sejus-DF-Arissa-Xandu-e-Damon.jpeg","datePublished":"2026-01-18T04:15:43+00:00","dateModified":"2026-01-18T08:10:31+00:00","breadcrumb":{"@id":"https:\/\/www.notibras.com\/site\/gdf-mais-perto-do-cidadao-abre-o-ano-com-mais-de-3-mil-atendimentos\/#breadcrumb"},"inLanguage":"pt-BR","potentialAction":[{"@type":"ReadAction","target":["https:\/\/www.notibras.com\/site\/gdf-mais-perto-do-cidadao-abre-o-ano-com-mais-de-3-mil-atendimentos\/"]}]},{"@type":"ImageObject","inLanguage":"pt-BR","@id":"https:\/\/www.notibras.com\/site\/gdf-mais-perto-do-cidadao-abre-o-ano-com-mais-de-3-mil-atendimentos\/#primaryimage","url":"https:\/\/www.notibras.com\/site\/wp-content\/uploads\/2026\/01\/17.1.-GDF-Mais-Perto-do-Cidadao.-Foto-Jhonatan-Vieira-Sejus-DF-Arissa-Xandu-e-Damon.jpeg","contentUrl":"https:\/\/www.notibras.com\/site\/wp-content\/uploads\/2026\/01\/17.1.-GDF-Mais-Perto-do-Cidadao.-Foto-Jhonatan-Vieira-Sejus-DF-Arissa-Xandu-e-Damon.jpeg","width":1280,"height":909},{"@type":"BreadcrumbList","@id":"https:\/\/www.notibras.com\/site\/gdf-mais-perto-do-cidadao-abre-o-ano-com-mais-de-3-mil-atendimentos\/#breadcrumb","itemListElement":[{"@type":"ListItem","position":1,"name":"In\u00edcio","item":"https:\/\/www.notibras.com\/site\/"},{"@type":"ListItem","position":2,"name":"GDF Mais Perto do Cidad\u00e3o abre o ano com mais de 3 mil atendimentos"}]},{"@type":"WebSite","@id":"https:\/\/www.notibras.com\/site\/#website","url":"https:\/\/www.notibras.com\/site\/","name":"Notibras","description":"Not\u00edcias de Bras\u00edlia, do Brasil e do Mundo","publisher":{"@id":"https:\/\/www.notibras.com\/site\/#organization"},"potentialAction":[{"@type":"SearchAction","target":{"@type":"EntryPoint","urlTemplate":"https:\/\/www.notibras.com\/site\/?s={search_term_string}"},"query-input":{"@type":"PropertyValueSpecification","valueRequired":true,"valueName":"search_term_string"}}],"inLanguage":"pt-BR"},{"@type":"Organization","@id":"https:\/\/www.notibras.com\/site\/#organization","name":"Grupo Notibras de Comunica\u00e7\u00e3o","url":"https:\/\/www.notibras.com\/site\/","logo":{"@type":"ImageObject","inLanguage":"pt-BR","@id":"https:\/\/www.notibras.com\/site\/#\/schema\/logo\/image\/","url":"https:\/\/www.notibras.com\/site\/wp-content\/uploads\/2023\/01\/notibras23.png","contentUrl":"https:\/\/www.notibras.com\/site\/wp-content\/uploads\/2023\/01\/notibras23.png","width":350,"height":87,"caption":"Grupo Notibras de Comunica\u00e7\u00e3o"},"image":{"@id":"https:\/\/www.notibras.com\/site\/#\/schema\/logo\/image\/"},"sameAs":["https:\/\/www.facebook.com\/notibras\/","https:\/\/x.com\/Notibras","https:\/\/www.instagram.com\/notibras\/"]},{"@type":"Person","@id":"https:\/\/www.notibras.com\/site\/#\/schema\/person\/5b7fabf2aedc3ada2105f03b22b4d3dd","name":"Eduardo Mart\u00ednez","image":{"@type":"ImageObject","inLanguage":"pt-BR","@id":"https:\/\/secure.gravatar.com\/avatar\/7902f906289926289cbcda644b5197c796b893c6ffd7b9a536a42d290f7704a0?s=96&d=mm&r=g","url":"https:\/\/secure.gravatar.com\/avatar\/7902f906289926289cbcda644b5197c796b893c6ffd7b9a536a42d290f7704a0?s=96&d=mm&r=g","contentUrl":"https:\/\/secure.gravatar.com\/avatar\/7902f906289926289cbcda644b5197c796b893c6ffd7b9a536a42d290f7704a0?s=96&d=mm&r=g","caption":"Eduardo Mart\u00ednez"}}]}},"amp_enabled":true,"_links":{"self":[{"href":"https:\/\/www.notibras.com\/site\/wp-json\/wp\/v2\/posts\/379434","targetHints":{"allow":["GET"]}}],"collection":[{"href":"https:\/\/www.notibras.com\/site\/wp-json\/wp\/v2\/posts"}],"about":[{"href":"https:\/\/www.notibras.com\/site\/wp-json\/wp\/v2\/types\/post"}],"author":[{"embeddable":true,"href":"https:\/\/www.notibras.com\/site\/wp-json\/wp\/v2\/users\/21"}],"replies":[{"embeddable":true,"href":"https:\/\/www.notibras.com\/site\/wp-json\/wp\/v2\/comments?post=379434"}],"version-history":[{"count":2,"href":"https:\/\/www.notibras.com\/site\/wp-json\/wp\/v2\/posts\/379434\/revisions"}],"predecessor-version":[{"id":379488,"href":"https:\/\/www.notibras.com\/site\/wp-json\/wp\/v2\/posts\/379434\/revisions\/379488"}],"wp:featuredmedia":[{"embeddable":true,"href":"https:\/\/www.notibras.com\/site\/wp-json\/wp\/v2\/media\/379435"}],"wp:attachment":[{"href":"https:\/\/www.notibras.com\/site\/wp-json\/wp\/v2\/media?parent=379434"}],"wp:term":[{"taxonomy":"category","embeddable":true,"href":"https:\/\/www.notibras.com\/site\/wp-json\/wp\/v2\/categories?post=379434"},{"taxonomy":"post_tag","embeddable":true,"href":"https:\/\/www.notibras.com\/site\/wp-json\/wp\/v2\/tags?post=379434"}],"curies":[{"name":"wp","href":"https:\/\/api.w.org\/{rel}","templated":true}]}}