{"id":379438,"date":"2026-01-18T02:15:08","date_gmt":"2026-01-18T05:15:08","guid":{"rendered":"https:\/\/www.notibras.com\/site\/?p=379438"},"modified":"2026-01-17T23:34:21","modified_gmt":"2026-01-18T02:34:21","slug":"caminhamos-a-passos-largos-para-nossa-aniquilacao","status":"publish","type":"post","link":"https:\/\/www.notibras.com\/site\/caminhamos-a-passos-largos-para-nossa-aniquilacao\/","title":{"rendered":"CAMINHAMOS A PASSOS LARGOS PARA NOSSA ANIQUILA\u00c7\u00c3O"},"content":{"rendered":"<p>Vivemos em um mundo perfeito em suas imperfei\u00e7\u00f5es. Como assim? Estou dizendo que o mundo tem imperfei\u00e7\u00f5es? Bem&#8230; quer dizer&#8230; ele \u00e9 o Paraiso que tanto procuramos, mas algumas vezes tamb\u00e9m \u00e9 o T\u00e1rtaro do qual fugimos t\u00e3o desesperadamente&#8230;<\/p>\n<p>O Planeta em si \u00e9 perfeito em seus m\u00ednimos detalhes. Se h\u00e1 algo que n\u00e3o corresponde aos nossos desejos, \u00e9 mais por culpa de nossas a\u00e7\u00f5es no dia a dia que por qualquer outro motivo. E j\u00e1 reparou que, de certa forma, somos uma proje\u00e7\u00e3o do mundo no qual vivemos? J\u00e1 explico&#8230;<\/p>\n<p>N\u00f3s, como nossa casa, nascemos perfeitos. At\u00e9 mesmo em nossas imperfei\u00e7\u00f5es, como falei do planeta que habitamos. Mas&#8230; n\u00e3o sei dizer exatamente porque, muitas vezes n\u00e3o nos aceitamos como viemos ao mundo. E o desejo de mexer com aquilo que a Natureza criou torna-se um sentimento t\u00e3o forte, que acabamos por nos mutilar em nome de uma perfei\u00e7\u00e3o que j\u00e1 t\u00ednhamos, mas que nos recusamos a ver&#8230;<\/p>\n<p>Com o nosso Rinc\u00e3o acontece a mesma coisa. Olhamos para um vale onde a floresta impera, majestosa, e no mesmo momento visualizamos estradas, pontes, constru\u00e7\u00f5es mil&#8230; se o rio caudaloso parece um empecilho \u00e0s nossas ideias, n\u00e3o temos pudor em simplesmente desvia-lo ou, em casos mais extremos, soterra-lo para que n\u00e3o atrapalhe nossos planos&#8230;<\/p>\n<p>H\u00e1 mil e uma maneiras de explorar determinada \u00e1rea sem necessidade de degrad\u00e1-la. Mas escolhemos a via mais simples, mesmo que no futuro essa escolhe se mostre qu\u00e3o desastrosa foi n\u00e3o s\u00f3 para a pr\u00f3pria Natureza&#8230; mas compromete, e muito, nossa pr\u00f3pria sobreviv\u00eancia&#8230;<\/p>\n<p>Quando, por motivos de &#8220;seguran\u00e7a&#8221;, resolvemos expulsar determinada col\u00f4nia de antigos moradores da regi\u00e3o por n\u00f3s cobi\u00e7ada, em nenhum momento nos damos conta do estrago que estamos fazendo, n\u00e3o s\u00f3 na vida daqueles que por n\u00f3s foram expurgados, como na nossa pr\u00f3pria. Exemplos existem aos milhares. Mas vou citar um. Apenas um&#8230;<\/p>\n<p>Chegamos em determinada regi\u00e3o, ainda inexplorada. \u00c1rvores frondosas oferecem sombra e ar puro, al\u00e9m de abrigo para a vida selvagem que nela habitam. Bem, nosso primeiro passo \u00e9 derrubar algumas \u00e1rvores para que possamos construir nossa habita\u00e7\u00e3o. Definimos o tamanho da derrubada inicial e, ao cabo de algum tempo levantamos uma casa confort\u00e1vel, onde iremos nos refugiar para o descanso merecido depois de uma jornada exaustiva de trabalho&#8230;<\/p>\n<p>Bem, a casa j\u00e1 temos&#8230; mas precisamos de um espa\u00e7o para cultivar nosso alimento. E&#8230; adivinha s\u00f3&#8230; mais \u00e1rvores ser\u00e3o derrubadas, para que possamos viver com certo conforto&#8230; cavamos um po\u00e7o, de onde retiraremos a \u00e1gua necess\u00e1ria para nossa sobreviv\u00eancia. Afinal, sem \u00e1gua, n\u00e3o h\u00e1 como existirmos, n\u00e3o \u00e9 mesmo? E assim, com o po\u00e7o e a nossa planta\u00e7\u00e3o, vivemos felizes para sempre&#8230;<\/p>\n<p>Mas nosso conforto exige mais daquilo que a Natureza nos oferece. Vivemos em Sociedade. E, pouco a pouco, outros colonizadores ir\u00e3o se aproximando, abrindo novas clareiras, aumentando n\u00e3o s\u00f3 a \u00e1rea de habita\u00e7\u00e3o, mas tamb\u00e9m a \u00e1rea de cultivo. E, aos poucos, vai-se construindo currais, onde ser\u00e3o confinados animais cujo principal destino ser\u00e1 o complemento da alimenta\u00e7\u00e3o do povo que ali se instalou&#8230;<\/p>\n<p>Os animais silvestres ser\u00e3o expulsos de seu habitat aos poucos. Aqueles considerados &#8220;bons para consumo&#8221; acabar\u00e3o seus dias confinados junto com os animais j\u00e1 domesticados. Os outros simplesmente ser\u00e3o expulsos ou mortos. Afinal, em nossa Sociedade Perfeita n\u00e3o h\u00e1 lugar para aqueles cuja fun\u00e7\u00e3o principal n\u00e3o esteja bem estabelecida. O equil\u00edbrio ecol\u00f3gico n\u00e3o \u00e9, nem de longe, a preocupa\u00e7\u00e3o primordial da maioria das pessoas&#8230;<\/p>\n<p>A floresta, rica em sua diversidade, pouco a pouco vai-se esvaindo. A vida, que antes pululava por todo entorno, vai-se apagando como a chama de uma vela que est\u00e1 chegando ao fim&#8230; o progresso exige que se modifique o entorno onde a n\u00e3o muito tempo a vida selvagem existia em paz&#8230; floresta e lagos simplesmente s\u00e3o destru\u00eddos em nome de uma vida, na vis\u00e3o da Comunidade ali formada, mais confort\u00e1vel, onde os recursos criados pela m\u00e3o do homem tomam o lugar de toda a riqueza que a Natureza lhe ofereceu&#8230;<\/p>\n<p>H\u00e1 um pre\u00e7o a pagar. Demora. Mas a fatura sempre chega. Mas, como somos maus pagadores, simplesmente nos esquecemos da mesma e continuamos a viver como se os recursos por n\u00f3s explorados fossem eternos&#8230; nos esquecemos que tudo um dia chega ao fim&#8230; \u00e9 quando o Para\u00edso se torna o T\u00e1rtaro, local de sofrimento. Sofrimento esse que buscamos por conta pr\u00f3pria. Sufocamos a M\u00e3e Natureza at\u00e9 chegar o momento em que ela nada mais pode fazer por n\u00f3s&#8230; ent\u00e3o, apontamos o dedo para todos os lados, procurando os culpados por tal situa\u00e7\u00e3o&#8230;. e nos esquecemos de nos mirar no espelho, onde a imagem do principal culpado com certeza se mostraria&#8230;<\/p>\n<p>Somos os \u00fanicos respons\u00e1veis pelos caminhos que escolhemos. Podemos viver em paz com a Natureza&#8230; ou simplesmente ignorar todas as benesses que ela nos oferece, e acabarmos no meio do Caos, onde tudo que existia simplesmente se extingue, por culpa nossa e apenas nossa&#8230; ainda h\u00e1 tempo de acordarmos para a realidade, preservar os tesouros que est\u00e3o \u00e0 nossa volta. Se tal n\u00e3o acontecer em um curto espa\u00e7o de tempo, chegar\u00e1 o momento em que n\u00e3o haver\u00e1 mais possibilidade de retorno e nosso fim ser\u00e1 decretado&#8230; pense nisso&#8230;<\/p>\n","protected":false},"excerpt":{"rendered":"<p>Vivemos em um mundo perfeito em suas imperfei\u00e7\u00f5es. Como assim? Estou dizendo que o mundo tem imperfei\u00e7\u00f5es? Bem&#8230; quer dizer&#8230; ele \u00e9 o Paraiso que tanto procuramos, mas algumas vezes tamb\u00e9m \u00e9 o T\u00e1rtaro do qual fugimos t\u00e3o desesperadamente&#8230; O Planeta em si \u00e9 perfeito em seus m\u00ednimos detalhes. Se h\u00e1 algo que n\u00e3o corresponde [&hellip;]<\/p>\n","protected":false},"author":21,"featured_media":379439,"comment_status":"closed","ping_status":"closed","sticky":false,"template":"","format":"standard","meta":{"_acf_changed":false,"footnotes":""},"categories":[236],"tags":[],"class_list":["post-379438","post","type-post","status-publish","format-standard","has-post-thumbnail","hentry","category-ponto-de-vista"],"acf":[],"yoast_head":"<!-- This site is optimized with the Yoast SEO plugin v27.2 - https:\/\/yoast.com\/product\/yoast-seo-wordpress\/ -->\n<title>CAMINHAMOS A PASSOS LARGOS PARA NOSSA ANIQUILA\u00c7\u00c3O - Notibras<\/title>\n<meta name=\"robots\" content=\"index, follow, max-snippet:-1, max-image-preview:large, max-video-preview:-1\" \/>\n<link rel=\"canonical\" href=\"https:\/\/www.notibras.com\/site\/caminhamos-a-passos-largos-para-nossa-aniquilacao\/\" \/>\n<meta property=\"og:locale\" content=\"pt_BR\" \/>\n<meta property=\"og:type\" content=\"article\" \/>\n<meta property=\"og:title\" content=\"CAMINHAMOS A PASSOS LARGOS PARA NOSSA ANIQUILA\u00c7\u00c3O - Notibras\" \/>\n<meta property=\"og:description\" content=\"Vivemos em um mundo perfeito em suas imperfei\u00e7\u00f5es. Como assim? Estou dizendo que o mundo tem imperfei\u00e7\u00f5es? Bem&#8230; quer dizer&#8230; ele \u00e9 o Paraiso que tanto procuramos, mas algumas vezes tamb\u00e9m \u00e9 o T\u00e1rtaro do qual fugimos t\u00e3o desesperadamente&#8230; O Planeta em si \u00e9 perfeito em seus m\u00ednimos detalhes. Se h\u00e1 algo que n\u00e3o corresponde [&hellip;]\" \/>\n<meta property=\"og:url\" content=\"https:\/\/www.notibras.com\/site\/caminhamos-a-passos-largos-para-nossa-aniquilacao\/\" \/>\n<meta property=\"og:site_name\" content=\"Notibras\" \/>\n<meta property=\"article:publisher\" content=\"https:\/\/www.facebook.com\/notibras\/\" \/>\n<meta property=\"article:published_time\" content=\"2026-01-18T05:15:08+00:00\" \/>\n<meta property=\"og:image\" content=\"https:\/\/www.notibras.com\/site\/wp-content\/uploads\/2026\/01\/IMG_0388.jpg\" \/>\n\t<meta property=\"og:image:width\" content=\"1023\" \/>\n\t<meta property=\"og:image:height\" content=\"922\" \/>\n\t<meta property=\"og:image:type\" content=\"image\/jpeg\" \/>\n<meta name=\"author\" content=\"Eduardo Mart\u00ednez\" \/>\n<meta name=\"twitter:card\" content=\"summary_large_image\" \/>\n<meta name=\"twitter:creator\" content=\"@Notibras\" \/>\n<meta name=\"twitter:site\" content=\"@Notibras\" \/>\n<meta name=\"twitter:label1\" content=\"Escrito por\" \/>\n\t<meta name=\"twitter:data1\" content=\"Eduardo Mart\u00ednez\" \/>\n\t<meta name=\"twitter:label2\" content=\"Est. tempo de leitura\" \/>\n\t<meta name=\"twitter:data2\" content=\"5 minutos\" \/>\n<script type=\"application\/ld+json\" class=\"yoast-schema-graph\">{\"@context\":\"https:\/\/schema.org\",\"@graph\":[{\"@type\":\"Article\",\"@id\":\"https:\/\/www.notibras.com\/site\/caminhamos-a-passos-largos-para-nossa-aniquilacao\/#article\",\"isPartOf\":{\"@id\":\"https:\/\/www.notibras.com\/site\/caminhamos-a-passos-largos-para-nossa-aniquilacao\/\"},\"author\":{\"name\":\"Eduardo Mart\u00ednez\",\"@id\":\"https:\/\/www.notibras.com\/site\/#\/schema\/person\/5b7fabf2aedc3ada2105f03b22b4d3dd\"},\"headline\":\"CAMINHAMOS A PASSOS LARGOS PARA NOSSA ANIQUILA\u00c7\u00c3O\",\"datePublished\":\"2026-01-18T05:15:08+00:00\",\"mainEntityOfPage\":{\"@id\":\"https:\/\/www.notibras.com\/site\/caminhamos-a-passos-largos-para-nossa-aniquilacao\/\"},\"wordCount\":935,\"publisher\":{\"@id\":\"https:\/\/www.notibras.com\/site\/#organization\"},\"image\":{\"@id\":\"https:\/\/www.notibras.com\/site\/caminhamos-a-passos-largos-para-nossa-aniquilacao\/#primaryimage\"},\"thumbnailUrl\":\"https:\/\/www.notibras.com\/site\/wp-content\/uploads\/2026\/01\/IMG_0388.jpg\",\"articleSection\":[\"Ponto de Vista\"],\"inLanguage\":\"pt-BR\"},{\"@type\":\"WebPage\",\"@id\":\"https:\/\/www.notibras.com\/site\/caminhamos-a-passos-largos-para-nossa-aniquilacao\/\",\"url\":\"https:\/\/www.notibras.com\/site\/caminhamos-a-passos-largos-para-nossa-aniquilacao\/\",\"name\":\"CAMINHAMOS A PASSOS LARGOS PARA NOSSA ANIQUILA\u00c7\u00c3O - Notibras\",\"isPartOf\":{\"@id\":\"https:\/\/www.notibras.com\/site\/#website\"},\"primaryImageOfPage\":{\"@id\":\"https:\/\/www.notibras.com\/site\/caminhamos-a-passos-largos-para-nossa-aniquilacao\/#primaryimage\"},\"image\":{\"@id\":\"https:\/\/www.notibras.com\/site\/caminhamos-a-passos-largos-para-nossa-aniquilacao\/#primaryimage\"},\"thumbnailUrl\":\"https:\/\/www.notibras.com\/site\/wp-content\/uploads\/2026\/01\/IMG_0388.jpg\",\"datePublished\":\"2026-01-18T05:15:08+00:00\",\"breadcrumb\":{\"@id\":\"https:\/\/www.notibras.com\/site\/caminhamos-a-passos-largos-para-nossa-aniquilacao\/#breadcrumb\"},\"inLanguage\":\"pt-BR\",\"potentialAction\":[{\"@type\":\"ReadAction\",\"target\":[\"https:\/\/www.notibras.com\/site\/caminhamos-a-passos-largos-para-nossa-aniquilacao\/\"]}]},{\"@type\":\"ImageObject\",\"inLanguage\":\"pt-BR\",\"@id\":\"https:\/\/www.notibras.com\/site\/caminhamos-a-passos-largos-para-nossa-aniquilacao\/#primaryimage\",\"url\":\"https:\/\/www.notibras.com\/site\/wp-content\/uploads\/2026\/01\/IMG_0388.jpg\",\"contentUrl\":\"https:\/\/www.notibras.com\/site\/wp-content\/uploads\/2026\/01\/IMG_0388.jpg\",\"width\":1023,\"height\":922},{\"@type\":\"BreadcrumbList\",\"@id\":\"https:\/\/www.notibras.com\/site\/caminhamos-a-passos-largos-para-nossa-aniquilacao\/#breadcrumb\",\"itemListElement\":[{\"@type\":\"ListItem\",\"position\":1,\"name\":\"In\u00edcio\",\"item\":\"https:\/\/www.notibras.com\/site\/\"},{\"@type\":\"ListItem\",\"position\":2,\"name\":\"CAMINHAMOS A PASSOS LARGOS PARA NOSSA ANIQUILA\u00c7\u00c3O\"}]},{\"@type\":\"WebSite\",\"@id\":\"https:\/\/www.notibras.com\/site\/#website\",\"url\":\"https:\/\/www.notibras.com\/site\/\",\"name\":\"Notibras\",\"description\":\"Not\u00edcias de Bras\u00edlia, do Brasil e do Mundo\",\"publisher\":{\"@id\":\"https:\/\/www.notibras.com\/site\/#organization\"},\"potentialAction\":[{\"@type\":\"SearchAction\",\"target\":{\"@type\":\"EntryPoint\",\"urlTemplate\":\"https:\/\/www.notibras.com\/site\/?s={search_term_string}\"},\"query-input\":{\"@type\":\"PropertyValueSpecification\",\"valueRequired\":true,\"valueName\":\"search_term_string\"}}],\"inLanguage\":\"pt-BR\"},{\"@type\":\"Organization\",\"@id\":\"https:\/\/www.notibras.com\/site\/#organization\",\"name\":\"Grupo Notibras de Comunica\u00e7\u00e3o\",\"url\":\"https:\/\/www.notibras.com\/site\/\",\"logo\":{\"@type\":\"ImageObject\",\"inLanguage\":\"pt-BR\",\"@id\":\"https:\/\/www.notibras.com\/site\/#\/schema\/logo\/image\/\",\"url\":\"https:\/\/www.notibras.com\/site\/wp-content\/uploads\/2023\/01\/notibras23.png\",\"contentUrl\":\"https:\/\/www.notibras.com\/site\/wp-content\/uploads\/2023\/01\/notibras23.png\",\"width\":350,\"height\":87,\"caption\":\"Grupo Notibras de Comunica\u00e7\u00e3o\"},\"image\":{\"@id\":\"https:\/\/www.notibras.com\/site\/#\/schema\/logo\/image\/\"},\"sameAs\":[\"https:\/\/www.facebook.com\/notibras\/\",\"https:\/\/x.com\/Notibras\",\"https:\/\/www.instagram.com\/notibras\/\"]},{\"@type\":\"Person\",\"@id\":\"https:\/\/www.notibras.com\/site\/#\/schema\/person\/5b7fabf2aedc3ada2105f03b22b4d3dd\",\"name\":\"Eduardo Mart\u00ednez\",\"image\":{\"@type\":\"ImageObject\",\"inLanguage\":\"pt-BR\",\"@id\":\"https:\/\/secure.gravatar.com\/avatar\/7902f906289926289cbcda644b5197c796b893c6ffd7b9a536a42d290f7704a0?s=96&d=mm&r=g\",\"url\":\"https:\/\/secure.gravatar.com\/avatar\/7902f906289926289cbcda644b5197c796b893c6ffd7b9a536a42d290f7704a0?s=96&d=mm&r=g\",\"contentUrl\":\"https:\/\/secure.gravatar.com\/avatar\/7902f906289926289cbcda644b5197c796b893c6ffd7b9a536a42d290f7704a0?s=96&d=mm&r=g\",\"caption\":\"Eduardo Mart\u00ednez\"}}]}<\/script>\n<!-- \/ Yoast SEO plugin. -->","yoast_head_json":{"title":"CAMINHAMOS A PASSOS LARGOS PARA NOSSA ANIQUILA\u00c7\u00c3O - Notibras","robots":{"index":"index","follow":"follow","max-snippet":"max-snippet:-1","max-image-preview":"max-image-preview:large","max-video-preview":"max-video-preview:-1"},"canonical":"https:\/\/www.notibras.com\/site\/caminhamos-a-passos-largos-para-nossa-aniquilacao\/","og_locale":"pt_BR","og_type":"article","og_title":"CAMINHAMOS A PASSOS LARGOS PARA NOSSA ANIQUILA\u00c7\u00c3O - Notibras","og_description":"Vivemos em um mundo perfeito em suas imperfei\u00e7\u00f5es. Como assim? Estou dizendo que o mundo tem imperfei\u00e7\u00f5es? Bem&#8230; quer dizer&#8230; ele \u00e9 o Paraiso que tanto procuramos, mas algumas vezes tamb\u00e9m \u00e9 o T\u00e1rtaro do qual fugimos t\u00e3o desesperadamente&#8230; O Planeta em si \u00e9 perfeito em seus m\u00ednimos detalhes. Se h\u00e1 algo que n\u00e3o corresponde [&hellip;]","og_url":"https:\/\/www.notibras.com\/site\/caminhamos-a-passos-largos-para-nossa-aniquilacao\/","og_site_name":"Notibras","article_publisher":"https:\/\/www.facebook.com\/notibras\/","article_published_time":"2026-01-18T05:15:08+00:00","og_image":[{"width":1023,"height":922,"url":"https:\/\/www.notibras.com\/site\/wp-content\/uploads\/2026\/01\/IMG_0388.jpg","type":"image\/jpeg"}],"author":"Eduardo Mart\u00ednez","twitter_card":"summary_large_image","twitter_creator":"@Notibras","twitter_site":"@Notibras","twitter_misc":{"Escrito por":"Eduardo Mart\u00ednez","Est. tempo de leitura":"5 minutos"},"schema":{"@context":"https:\/\/schema.org","@graph":[{"@type":"Article","@id":"https:\/\/www.notibras.com\/site\/caminhamos-a-passos-largos-para-nossa-aniquilacao\/#article","isPartOf":{"@id":"https:\/\/www.notibras.com\/site\/caminhamos-a-passos-largos-para-nossa-aniquilacao\/"},"author":{"name":"Eduardo Mart\u00ednez","@id":"https:\/\/www.notibras.com\/site\/#\/schema\/person\/5b7fabf2aedc3ada2105f03b22b4d3dd"},"headline":"CAMINHAMOS A PASSOS LARGOS PARA NOSSA ANIQUILA\u00c7\u00c3O","datePublished":"2026-01-18T05:15:08+00:00","mainEntityOfPage":{"@id":"https:\/\/www.notibras.com\/site\/caminhamos-a-passos-largos-para-nossa-aniquilacao\/"},"wordCount":935,"publisher":{"@id":"https:\/\/www.notibras.com\/site\/#organization"},"image":{"@id":"https:\/\/www.notibras.com\/site\/caminhamos-a-passos-largos-para-nossa-aniquilacao\/#primaryimage"},"thumbnailUrl":"https:\/\/www.notibras.com\/site\/wp-content\/uploads\/2026\/01\/IMG_0388.jpg","articleSection":["Ponto de Vista"],"inLanguage":"pt-BR"},{"@type":"WebPage","@id":"https:\/\/www.notibras.com\/site\/caminhamos-a-passos-largos-para-nossa-aniquilacao\/","url":"https:\/\/www.notibras.com\/site\/caminhamos-a-passos-largos-para-nossa-aniquilacao\/","name":"CAMINHAMOS A PASSOS LARGOS PARA NOSSA ANIQUILA\u00c7\u00c3O - Notibras","isPartOf":{"@id":"https:\/\/www.notibras.com\/site\/#website"},"primaryImageOfPage":{"@id":"https:\/\/www.notibras.com\/site\/caminhamos-a-passos-largos-para-nossa-aniquilacao\/#primaryimage"},"image":{"@id":"https:\/\/www.notibras.com\/site\/caminhamos-a-passos-largos-para-nossa-aniquilacao\/#primaryimage"},"thumbnailUrl":"https:\/\/www.notibras.com\/site\/wp-content\/uploads\/2026\/01\/IMG_0388.jpg","datePublished":"2026-01-18T05:15:08+00:00","breadcrumb":{"@id":"https:\/\/www.notibras.com\/site\/caminhamos-a-passos-largos-para-nossa-aniquilacao\/#breadcrumb"},"inLanguage":"pt-BR","potentialAction":[{"@type":"ReadAction","target":["https:\/\/www.notibras.com\/site\/caminhamos-a-passos-largos-para-nossa-aniquilacao\/"]}]},{"@type":"ImageObject","inLanguage":"pt-BR","@id":"https:\/\/www.notibras.com\/site\/caminhamos-a-passos-largos-para-nossa-aniquilacao\/#primaryimage","url":"https:\/\/www.notibras.com\/site\/wp-content\/uploads\/2026\/01\/IMG_0388.jpg","contentUrl":"https:\/\/www.notibras.com\/site\/wp-content\/uploads\/2026\/01\/IMG_0388.jpg","width":1023,"height":922},{"@type":"BreadcrumbList","@id":"https:\/\/www.notibras.com\/site\/caminhamos-a-passos-largos-para-nossa-aniquilacao\/#breadcrumb","itemListElement":[{"@type":"ListItem","position":1,"name":"In\u00edcio","item":"https:\/\/www.notibras.com\/site\/"},{"@type":"ListItem","position":2,"name":"CAMINHAMOS A PASSOS LARGOS PARA NOSSA ANIQUILA\u00c7\u00c3O"}]},{"@type":"WebSite","@id":"https:\/\/www.notibras.com\/site\/#website","url":"https:\/\/www.notibras.com\/site\/","name":"Notibras","description":"Not\u00edcias de Bras\u00edlia, do Brasil e do Mundo","publisher":{"@id":"https:\/\/www.notibras.com\/site\/#organization"},"potentialAction":[{"@type":"SearchAction","target":{"@type":"EntryPoint","urlTemplate":"https:\/\/www.notibras.com\/site\/?s={search_term_string}"},"query-input":{"@type":"PropertyValueSpecification","valueRequired":true,"valueName":"search_term_string"}}],"inLanguage":"pt-BR"},{"@type":"Organization","@id":"https:\/\/www.notibras.com\/site\/#organization","name":"Grupo Notibras de Comunica\u00e7\u00e3o","url":"https:\/\/www.notibras.com\/site\/","logo":{"@type":"ImageObject","inLanguage":"pt-BR","@id":"https:\/\/www.notibras.com\/site\/#\/schema\/logo\/image\/","url":"https:\/\/www.notibras.com\/site\/wp-content\/uploads\/2023\/01\/notibras23.png","contentUrl":"https:\/\/www.notibras.com\/site\/wp-content\/uploads\/2023\/01\/notibras23.png","width":350,"height":87,"caption":"Grupo Notibras de Comunica\u00e7\u00e3o"},"image":{"@id":"https:\/\/www.notibras.com\/site\/#\/schema\/logo\/image\/"},"sameAs":["https:\/\/www.facebook.com\/notibras\/","https:\/\/x.com\/Notibras","https:\/\/www.instagram.com\/notibras\/"]},{"@type":"Person","@id":"https:\/\/www.notibras.com\/site\/#\/schema\/person\/5b7fabf2aedc3ada2105f03b22b4d3dd","name":"Eduardo Mart\u00ednez","image":{"@type":"ImageObject","inLanguage":"pt-BR","@id":"https:\/\/secure.gravatar.com\/avatar\/7902f906289926289cbcda644b5197c796b893c6ffd7b9a536a42d290f7704a0?s=96&d=mm&r=g","url":"https:\/\/secure.gravatar.com\/avatar\/7902f906289926289cbcda644b5197c796b893c6ffd7b9a536a42d290f7704a0?s=96&d=mm&r=g","contentUrl":"https:\/\/secure.gravatar.com\/avatar\/7902f906289926289cbcda644b5197c796b893c6ffd7b9a536a42d290f7704a0?s=96&d=mm&r=g","caption":"Eduardo Mart\u00ednez"}}]}},"amp_enabled":true,"_links":{"self":[{"href":"https:\/\/www.notibras.com\/site\/wp-json\/wp\/v2\/posts\/379438","targetHints":{"allow":["GET"]}}],"collection":[{"href":"https:\/\/www.notibras.com\/site\/wp-json\/wp\/v2\/posts"}],"about":[{"href":"https:\/\/www.notibras.com\/site\/wp-json\/wp\/v2\/types\/post"}],"author":[{"embeddable":true,"href":"https:\/\/www.notibras.com\/site\/wp-json\/wp\/v2\/users\/21"}],"replies":[{"embeddable":true,"href":"https:\/\/www.notibras.com\/site\/wp-json\/wp\/v2\/comments?post=379438"}],"version-history":[{"count":2,"href":"https:\/\/www.notibras.com\/site\/wp-json\/wp\/v2\/posts\/379438\/revisions"}],"predecessor-version":[{"id":379441,"href":"https:\/\/www.notibras.com\/site\/wp-json\/wp\/v2\/posts\/379438\/revisions\/379441"}],"wp:featuredmedia":[{"embeddable":true,"href":"https:\/\/www.notibras.com\/site\/wp-json\/wp\/v2\/media\/379439"}],"wp:attachment":[{"href":"https:\/\/www.notibras.com\/site\/wp-json\/wp\/v2\/media?parent=379438"}],"wp:term":[{"taxonomy":"category","embeddable":true,"href":"https:\/\/www.notibras.com\/site\/wp-json\/wp\/v2\/categories?post=379438"},{"taxonomy":"post_tag","embeddable":true,"href":"https:\/\/www.notibras.com\/site\/wp-json\/wp\/v2\/tags?post=379438"}],"curies":[{"name":"wp","href":"https:\/\/api.w.org\/{rel}","templated":true}]}}