{"id":379450,"date":"2026-01-18T02:00:35","date_gmt":"2026-01-18T05:00:35","guid":{"rendered":"https:\/\/www.notibras.com\/site\/?p=379450"},"modified":"2026-01-18T00:02:00","modified_gmt":"2026-01-18T03:02:00","slug":"ha-guerras-que-nos-escolhemos-nao-lutar","status":"publish","type":"post","link":"https:\/\/www.notibras.com\/site\/ha-guerras-que-nos-escolhemos-nao-lutar\/","title":{"rendered":"H\u00e1 Guerras Que N\u00f3s Escolhemos N\u00e3o Lutar"},"content":{"rendered":"<p>H\u00e1 guerras que n\u00f3s simplesmente n\u00e3o lutamos mais.\u00a0N\u00e3o por covardia, n\u00e3o por fraqueza, tampouco por desist\u00eancia da vida. N\u00f3s deixamos algumas batalhas porque aprendemos, a duras penas, que nem toda guerra merece o nosso corpo, o nosso tempo ou a nossa sanidade.<\/p>\n<p>Durante muito tempo nos ensinaram que resistir \u00e9 insistir. Que ser forte \u00e9 permanecer. Que vencer \u00e9 aguentar at\u00e9 o fim. Mas ningu\u00e9m nos contou que h\u00e1 conflitos que se alimentam exatamente da nossa perman\u00eancia. Guerras que s\u00f3 existem enquanto n\u00f3s aceitamos estar nelas.<\/p>\n<p>Walter Benjamin j\u00e1 alertava que a ideia de progresso muitas vezes caminha sobre escombros. N\u00f3s crescemos acreditando que suportar tudo era sinal de maturidade, quando, na verdade, era apenas uma forma sofisticada de adoecer. Aprendemos tarde que h\u00e1 disputas que n\u00e3o se resolvem com mais esfor\u00e7o, mas com retirada estrat\u00e9gica.<\/p>\n<p>N\u00f3s n\u00e3o lutamos mais guerras onde precisamos provar o nosso valor o tempo inteiro.\u00a0N\u00e3o lutamos batalhas onde o amor precisa ser convencido, onde o respeito precisa ser implorado, onde a dignidade depende da paci\u00eancia infinita de quem sempre cede. bell hooks nos lembra que o amor n\u00e3o \u00e9 sofrimento romantizado; o amor \u00e9 pr\u00e1tica \u00e9tica. Onde isso n\u00e3o existe, n\u00e3o h\u00e1 guerra justa h\u00e1 explora\u00e7\u00e3o emocional.<\/p>\n<p>H\u00e1 guerras que abandonamos porque entendemos que elas n\u00e3o eram nossas. Conflitos herdados, expectativas alheias, culpas plantadas em n\u00f3s como se fossem naturais. Simone de Beauvoir j\u00e1 dizia: n\u00e3o se nasce mulher, torna-se. E nesse tornar-se, muitas de n\u00f3s fomos treinadas para lutar por tudo, menos por n\u00f3s mesmas.<\/p>\n<p>N\u00f3s paramos de lutar quando percebemos que o custo era alto demais. Quando o corpo come\u00e7ou a falar o que a mente insistia em negar. Quando a ansiedade, o cansa\u00e7o e o adoecimento se tornaram linguagem. Byung-Chul Han chama isso de sociedade do desempenho: somos levadas a acreditar que falhar \u00e9 imperdo\u00e1vel, mesmo quando o sistema inteiro \u00e9 violento.<\/p>\n<p>H\u00e1 guerras que n\u00f3s n\u00e3o lutamos mais porque aprendemos a diferen\u00e7a entre resist\u00eancia e autossabotagem. Resistir \u00e9 escolher o que vale a pena. Autossabotagem \u00e9 permanecer onde s\u00f3 h\u00e1 desgaste. N\u00e3o sair tamb\u00e9m \u00e9 uma escolha e, muitas vezes, a mais cruel.<\/p>\n<p>N\u00f3s n\u00e3o lutamos mais guerras que nos transformam em vers\u00f5es menores de n\u00f3s mesmas. N\u00e3o aceitamos mais trincheiras onde precisamos silenciar para caber, nos diminuir para permanecer, nos justificar para existir. Judith Butler nos ensina que toda vida que precisa se explicar o tempo inteiro j\u00e1 foi marcada como descart\u00e1vel.<\/p>\n<p>E talvez essa seja a maior virada: entender que ir embora tamb\u00e9m \u00e9 um gesto pol\u00edtico. Que dizer \u201cn\u00e3o\u201d \u00e9 uma forma de cuidado radical. Que preservar-se \u00e9 uma \u00e9tica. Audre Lorde j\u00e1 escreveu que cuidar de si n\u00e3o \u00e9 autoindulg\u00eancia, \u00e9 autopreserva\u00e7\u00e3o e isso \u00e9 um ato de resist\u00eancia.<\/p>\n<p>H\u00e1 guerras que n\u00f3s deixamos porque queremos viver.\u00a0E viver, neste mundo, j\u00e1 \u00e9 uma forma de luta suficiente.<\/p>\n<p>Se este texto encontrar algu\u00e9m cansada, algu\u00e9m no limite, algu\u00e9m que sente culpa por n\u00e3o conseguir lutar mais: n\u00f3s queremos dizer que est\u00e1 tudo bem escolher a paz. N\u00e3o \u00e9 derrota. \u00c9 maturidade. \u00c9 sobreviv\u00eancia. \u00c9 amor-pr\u00f3prio aprendido no campo mais dif\u00edcil de todos: a pr\u00f3pria vida.<\/p>\n","protected":false},"excerpt":{"rendered":"<p>H\u00e1 guerras que n\u00f3s simplesmente n\u00e3o lutamos mais.\u00a0N\u00e3o por covardia, n\u00e3o por fraqueza, tampouco por desist\u00eancia da vida. N\u00f3s deixamos algumas batalhas porque aprendemos, a duras penas, que nem toda guerra merece o nosso corpo, o nosso tempo ou a nossa sanidade. Durante muito tempo nos ensinaram que resistir \u00e9 insistir. Que ser forte \u00e9 [&hellip;]<\/p>\n","protected":false},"author":21,"featured_media":379451,"comment_status":"closed","ping_status":"closed","sticky":false,"template":"","format":"standard","meta":{"_acf_changed":false,"footnotes":""},"categories":[236],"tags":[],"class_list":["post-379450","post","type-post","status-publish","format-standard","has-post-thumbnail","hentry","category-ponto-de-vista"],"acf":[],"yoast_head":"<!-- This site is optimized with the Yoast SEO plugin v27.2 - https:\/\/yoast.com\/product\/yoast-seo-wordpress\/ -->\n<title>H\u00e1 Guerras Que N\u00f3s Escolhemos N\u00e3o Lutar - Notibras<\/title>\n<meta name=\"robots\" content=\"index, follow, max-snippet:-1, max-image-preview:large, max-video-preview:-1\" \/>\n<link rel=\"canonical\" href=\"https:\/\/www.notibras.com\/site\/ha-guerras-que-nos-escolhemos-nao-lutar\/\" \/>\n<meta property=\"og:locale\" content=\"pt_BR\" \/>\n<meta property=\"og:type\" content=\"article\" \/>\n<meta property=\"og:title\" content=\"H\u00e1 Guerras Que N\u00f3s Escolhemos N\u00e3o Lutar - Notibras\" \/>\n<meta property=\"og:description\" content=\"H\u00e1 guerras que n\u00f3s simplesmente n\u00e3o lutamos mais.\u00a0N\u00e3o por covardia, n\u00e3o por fraqueza, tampouco por desist\u00eancia da vida. N\u00f3s deixamos algumas batalhas porque aprendemos, a duras penas, que nem toda guerra merece o nosso corpo, o nosso tempo ou a nossa sanidade. Durante muito tempo nos ensinaram que resistir \u00e9 insistir. Que ser forte \u00e9 [&hellip;]\" \/>\n<meta property=\"og:url\" content=\"https:\/\/www.notibras.com\/site\/ha-guerras-que-nos-escolhemos-nao-lutar\/\" \/>\n<meta property=\"og:site_name\" content=\"Notibras\" \/>\n<meta property=\"article:publisher\" content=\"https:\/\/www.facebook.com\/notibras\/\" \/>\n<meta property=\"article:published_time\" content=\"2026-01-18T05:00:35+00:00\" \/>\n<meta property=\"og:image\" content=\"https:\/\/www.notibras.com\/site\/wp-content\/uploads\/2026\/01\/IMG_0392.jpg\" \/>\n\t<meta property=\"og:image:width\" content=\"1023\" \/>\n\t<meta property=\"og:image:height\" content=\"910\" \/>\n\t<meta property=\"og:image:type\" content=\"image\/jpeg\" \/>\n<meta name=\"author\" content=\"Eduardo Mart\u00ednez\" \/>\n<meta name=\"twitter:card\" content=\"summary_large_image\" \/>\n<meta name=\"twitter:creator\" content=\"@Notibras\" \/>\n<meta name=\"twitter:site\" content=\"@Notibras\" \/>\n<meta name=\"twitter:label1\" content=\"Escrito por\" \/>\n\t<meta name=\"twitter:data1\" content=\"Eduardo Mart\u00ednez\" \/>\n\t<meta name=\"twitter:label2\" content=\"Est. tempo de leitura\" \/>\n\t<meta name=\"twitter:data2\" content=\"4 minutos\" \/>\n<script type=\"application\/ld+json\" class=\"yoast-schema-graph\">{\"@context\":\"https:\/\/schema.org\",\"@graph\":[{\"@type\":\"Article\",\"@id\":\"https:\/\/www.notibras.com\/site\/ha-guerras-que-nos-escolhemos-nao-lutar\/#article\",\"isPartOf\":{\"@id\":\"https:\/\/www.notibras.com\/site\/ha-guerras-que-nos-escolhemos-nao-lutar\/\"},\"author\":{\"name\":\"Eduardo Mart\u00ednez\",\"@id\":\"https:\/\/www.notibras.com\/site\/#\/schema\/person\/5b7fabf2aedc3ada2105f03b22b4d3dd\"},\"headline\":\"H\u00e1 Guerras Que N\u00f3s Escolhemos N\u00e3o Lutar\",\"datePublished\":\"2026-01-18T05:00:35+00:00\",\"mainEntityOfPage\":{\"@id\":\"https:\/\/www.notibras.com\/site\/ha-guerras-que-nos-escolhemos-nao-lutar\/\"},\"wordCount\":569,\"publisher\":{\"@id\":\"https:\/\/www.notibras.com\/site\/#organization\"},\"image\":{\"@id\":\"https:\/\/www.notibras.com\/site\/ha-guerras-que-nos-escolhemos-nao-lutar\/#primaryimage\"},\"thumbnailUrl\":\"https:\/\/www.notibras.com\/site\/wp-content\/uploads\/2026\/01\/IMG_0392.jpg\",\"articleSection\":[\"Ponto de Vista\"],\"inLanguage\":\"pt-BR\"},{\"@type\":\"WebPage\",\"@id\":\"https:\/\/www.notibras.com\/site\/ha-guerras-que-nos-escolhemos-nao-lutar\/\",\"url\":\"https:\/\/www.notibras.com\/site\/ha-guerras-que-nos-escolhemos-nao-lutar\/\",\"name\":\"H\u00e1 Guerras Que N\u00f3s Escolhemos N\u00e3o Lutar - Notibras\",\"isPartOf\":{\"@id\":\"https:\/\/www.notibras.com\/site\/#website\"},\"primaryImageOfPage\":{\"@id\":\"https:\/\/www.notibras.com\/site\/ha-guerras-que-nos-escolhemos-nao-lutar\/#primaryimage\"},\"image\":{\"@id\":\"https:\/\/www.notibras.com\/site\/ha-guerras-que-nos-escolhemos-nao-lutar\/#primaryimage\"},\"thumbnailUrl\":\"https:\/\/www.notibras.com\/site\/wp-content\/uploads\/2026\/01\/IMG_0392.jpg\",\"datePublished\":\"2026-01-18T05:00:35+00:00\",\"breadcrumb\":{\"@id\":\"https:\/\/www.notibras.com\/site\/ha-guerras-que-nos-escolhemos-nao-lutar\/#breadcrumb\"},\"inLanguage\":\"pt-BR\",\"potentialAction\":[{\"@type\":\"ReadAction\",\"target\":[\"https:\/\/www.notibras.com\/site\/ha-guerras-que-nos-escolhemos-nao-lutar\/\"]}]},{\"@type\":\"ImageObject\",\"inLanguage\":\"pt-BR\",\"@id\":\"https:\/\/www.notibras.com\/site\/ha-guerras-que-nos-escolhemos-nao-lutar\/#primaryimage\",\"url\":\"https:\/\/www.notibras.com\/site\/wp-content\/uploads\/2026\/01\/IMG_0392.jpg\",\"contentUrl\":\"https:\/\/www.notibras.com\/site\/wp-content\/uploads\/2026\/01\/IMG_0392.jpg\",\"width\":1023,\"height\":910},{\"@type\":\"BreadcrumbList\",\"@id\":\"https:\/\/www.notibras.com\/site\/ha-guerras-que-nos-escolhemos-nao-lutar\/#breadcrumb\",\"itemListElement\":[{\"@type\":\"ListItem\",\"position\":1,\"name\":\"In\u00edcio\",\"item\":\"https:\/\/www.notibras.com\/site\/\"},{\"@type\":\"ListItem\",\"position\":2,\"name\":\"H\u00e1 Guerras Que N\u00f3s Escolhemos N\u00e3o Lutar\"}]},{\"@type\":\"WebSite\",\"@id\":\"https:\/\/www.notibras.com\/site\/#website\",\"url\":\"https:\/\/www.notibras.com\/site\/\",\"name\":\"Notibras\",\"description\":\"Not\u00edcias de Bras\u00edlia, do Brasil e do Mundo\",\"publisher\":{\"@id\":\"https:\/\/www.notibras.com\/site\/#organization\"},\"potentialAction\":[{\"@type\":\"SearchAction\",\"target\":{\"@type\":\"EntryPoint\",\"urlTemplate\":\"https:\/\/www.notibras.com\/site\/?s={search_term_string}\"},\"query-input\":{\"@type\":\"PropertyValueSpecification\",\"valueRequired\":true,\"valueName\":\"search_term_string\"}}],\"inLanguage\":\"pt-BR\"},{\"@type\":\"Organization\",\"@id\":\"https:\/\/www.notibras.com\/site\/#organization\",\"name\":\"Grupo Notibras de Comunica\u00e7\u00e3o\",\"url\":\"https:\/\/www.notibras.com\/site\/\",\"logo\":{\"@type\":\"ImageObject\",\"inLanguage\":\"pt-BR\",\"@id\":\"https:\/\/www.notibras.com\/site\/#\/schema\/logo\/image\/\",\"url\":\"https:\/\/www.notibras.com\/site\/wp-content\/uploads\/2023\/01\/notibras23.png\",\"contentUrl\":\"https:\/\/www.notibras.com\/site\/wp-content\/uploads\/2023\/01\/notibras23.png\",\"width\":350,\"height\":87,\"caption\":\"Grupo Notibras de Comunica\u00e7\u00e3o\"},\"image\":{\"@id\":\"https:\/\/www.notibras.com\/site\/#\/schema\/logo\/image\/\"},\"sameAs\":[\"https:\/\/www.facebook.com\/notibras\/\",\"https:\/\/x.com\/Notibras\",\"https:\/\/www.instagram.com\/notibras\/\"]},{\"@type\":\"Person\",\"@id\":\"https:\/\/www.notibras.com\/site\/#\/schema\/person\/5b7fabf2aedc3ada2105f03b22b4d3dd\",\"name\":\"Eduardo Mart\u00ednez\",\"image\":{\"@type\":\"ImageObject\",\"inLanguage\":\"pt-BR\",\"@id\":\"https:\/\/secure.gravatar.com\/avatar\/7902f906289926289cbcda644b5197c796b893c6ffd7b9a536a42d290f7704a0?s=96&d=mm&r=g\",\"url\":\"https:\/\/secure.gravatar.com\/avatar\/7902f906289926289cbcda644b5197c796b893c6ffd7b9a536a42d290f7704a0?s=96&d=mm&r=g\",\"contentUrl\":\"https:\/\/secure.gravatar.com\/avatar\/7902f906289926289cbcda644b5197c796b893c6ffd7b9a536a42d290f7704a0?s=96&d=mm&r=g\",\"caption\":\"Eduardo Mart\u00ednez\"}}]}<\/script>\n<!-- \/ Yoast SEO plugin. -->","yoast_head_json":{"title":"H\u00e1 Guerras Que N\u00f3s Escolhemos N\u00e3o Lutar - Notibras","robots":{"index":"index","follow":"follow","max-snippet":"max-snippet:-1","max-image-preview":"max-image-preview:large","max-video-preview":"max-video-preview:-1"},"canonical":"https:\/\/www.notibras.com\/site\/ha-guerras-que-nos-escolhemos-nao-lutar\/","og_locale":"pt_BR","og_type":"article","og_title":"H\u00e1 Guerras Que N\u00f3s Escolhemos N\u00e3o Lutar - Notibras","og_description":"H\u00e1 guerras que n\u00f3s simplesmente n\u00e3o lutamos mais.\u00a0N\u00e3o por covardia, n\u00e3o por fraqueza, tampouco por desist\u00eancia da vida. N\u00f3s deixamos algumas batalhas porque aprendemos, a duras penas, que nem toda guerra merece o nosso corpo, o nosso tempo ou a nossa sanidade. Durante muito tempo nos ensinaram que resistir \u00e9 insistir. Que ser forte \u00e9 [&hellip;]","og_url":"https:\/\/www.notibras.com\/site\/ha-guerras-que-nos-escolhemos-nao-lutar\/","og_site_name":"Notibras","article_publisher":"https:\/\/www.facebook.com\/notibras\/","article_published_time":"2026-01-18T05:00:35+00:00","og_image":[{"width":1023,"height":910,"url":"https:\/\/www.notibras.com\/site\/wp-content\/uploads\/2026\/01\/IMG_0392.jpg","type":"image\/jpeg"}],"author":"Eduardo Mart\u00ednez","twitter_card":"summary_large_image","twitter_creator":"@Notibras","twitter_site":"@Notibras","twitter_misc":{"Escrito por":"Eduardo Mart\u00ednez","Est. tempo de leitura":"4 minutos"},"schema":{"@context":"https:\/\/schema.org","@graph":[{"@type":"Article","@id":"https:\/\/www.notibras.com\/site\/ha-guerras-que-nos-escolhemos-nao-lutar\/#article","isPartOf":{"@id":"https:\/\/www.notibras.com\/site\/ha-guerras-que-nos-escolhemos-nao-lutar\/"},"author":{"name":"Eduardo Mart\u00ednez","@id":"https:\/\/www.notibras.com\/site\/#\/schema\/person\/5b7fabf2aedc3ada2105f03b22b4d3dd"},"headline":"H\u00e1 Guerras Que N\u00f3s Escolhemos N\u00e3o Lutar","datePublished":"2026-01-18T05:00:35+00:00","mainEntityOfPage":{"@id":"https:\/\/www.notibras.com\/site\/ha-guerras-que-nos-escolhemos-nao-lutar\/"},"wordCount":569,"publisher":{"@id":"https:\/\/www.notibras.com\/site\/#organization"},"image":{"@id":"https:\/\/www.notibras.com\/site\/ha-guerras-que-nos-escolhemos-nao-lutar\/#primaryimage"},"thumbnailUrl":"https:\/\/www.notibras.com\/site\/wp-content\/uploads\/2026\/01\/IMG_0392.jpg","articleSection":["Ponto de Vista"],"inLanguage":"pt-BR"},{"@type":"WebPage","@id":"https:\/\/www.notibras.com\/site\/ha-guerras-que-nos-escolhemos-nao-lutar\/","url":"https:\/\/www.notibras.com\/site\/ha-guerras-que-nos-escolhemos-nao-lutar\/","name":"H\u00e1 Guerras Que N\u00f3s Escolhemos N\u00e3o Lutar - Notibras","isPartOf":{"@id":"https:\/\/www.notibras.com\/site\/#website"},"primaryImageOfPage":{"@id":"https:\/\/www.notibras.com\/site\/ha-guerras-que-nos-escolhemos-nao-lutar\/#primaryimage"},"image":{"@id":"https:\/\/www.notibras.com\/site\/ha-guerras-que-nos-escolhemos-nao-lutar\/#primaryimage"},"thumbnailUrl":"https:\/\/www.notibras.com\/site\/wp-content\/uploads\/2026\/01\/IMG_0392.jpg","datePublished":"2026-01-18T05:00:35+00:00","breadcrumb":{"@id":"https:\/\/www.notibras.com\/site\/ha-guerras-que-nos-escolhemos-nao-lutar\/#breadcrumb"},"inLanguage":"pt-BR","potentialAction":[{"@type":"ReadAction","target":["https:\/\/www.notibras.com\/site\/ha-guerras-que-nos-escolhemos-nao-lutar\/"]}]},{"@type":"ImageObject","inLanguage":"pt-BR","@id":"https:\/\/www.notibras.com\/site\/ha-guerras-que-nos-escolhemos-nao-lutar\/#primaryimage","url":"https:\/\/www.notibras.com\/site\/wp-content\/uploads\/2026\/01\/IMG_0392.jpg","contentUrl":"https:\/\/www.notibras.com\/site\/wp-content\/uploads\/2026\/01\/IMG_0392.jpg","width":1023,"height":910},{"@type":"BreadcrumbList","@id":"https:\/\/www.notibras.com\/site\/ha-guerras-que-nos-escolhemos-nao-lutar\/#breadcrumb","itemListElement":[{"@type":"ListItem","position":1,"name":"In\u00edcio","item":"https:\/\/www.notibras.com\/site\/"},{"@type":"ListItem","position":2,"name":"H\u00e1 Guerras Que N\u00f3s Escolhemos N\u00e3o Lutar"}]},{"@type":"WebSite","@id":"https:\/\/www.notibras.com\/site\/#website","url":"https:\/\/www.notibras.com\/site\/","name":"Notibras","description":"Not\u00edcias de Bras\u00edlia, do Brasil e do Mundo","publisher":{"@id":"https:\/\/www.notibras.com\/site\/#organization"},"potentialAction":[{"@type":"SearchAction","target":{"@type":"EntryPoint","urlTemplate":"https:\/\/www.notibras.com\/site\/?s={search_term_string}"},"query-input":{"@type":"PropertyValueSpecification","valueRequired":true,"valueName":"search_term_string"}}],"inLanguage":"pt-BR"},{"@type":"Organization","@id":"https:\/\/www.notibras.com\/site\/#organization","name":"Grupo Notibras de Comunica\u00e7\u00e3o","url":"https:\/\/www.notibras.com\/site\/","logo":{"@type":"ImageObject","inLanguage":"pt-BR","@id":"https:\/\/www.notibras.com\/site\/#\/schema\/logo\/image\/","url":"https:\/\/www.notibras.com\/site\/wp-content\/uploads\/2023\/01\/notibras23.png","contentUrl":"https:\/\/www.notibras.com\/site\/wp-content\/uploads\/2023\/01\/notibras23.png","width":350,"height":87,"caption":"Grupo Notibras de Comunica\u00e7\u00e3o"},"image":{"@id":"https:\/\/www.notibras.com\/site\/#\/schema\/logo\/image\/"},"sameAs":["https:\/\/www.facebook.com\/notibras\/","https:\/\/x.com\/Notibras","https:\/\/www.instagram.com\/notibras\/"]},{"@type":"Person","@id":"https:\/\/www.notibras.com\/site\/#\/schema\/person\/5b7fabf2aedc3ada2105f03b22b4d3dd","name":"Eduardo Mart\u00ednez","image":{"@type":"ImageObject","inLanguage":"pt-BR","@id":"https:\/\/secure.gravatar.com\/avatar\/7902f906289926289cbcda644b5197c796b893c6ffd7b9a536a42d290f7704a0?s=96&d=mm&r=g","url":"https:\/\/secure.gravatar.com\/avatar\/7902f906289926289cbcda644b5197c796b893c6ffd7b9a536a42d290f7704a0?s=96&d=mm&r=g","contentUrl":"https:\/\/secure.gravatar.com\/avatar\/7902f906289926289cbcda644b5197c796b893c6ffd7b9a536a42d290f7704a0?s=96&d=mm&r=g","caption":"Eduardo Mart\u00ednez"}}]}},"amp_enabled":true,"_links":{"self":[{"href":"https:\/\/www.notibras.com\/site\/wp-json\/wp\/v2\/posts\/379450","targetHints":{"allow":["GET"]}}],"collection":[{"href":"https:\/\/www.notibras.com\/site\/wp-json\/wp\/v2\/posts"}],"about":[{"href":"https:\/\/www.notibras.com\/site\/wp-json\/wp\/v2\/types\/post"}],"author":[{"embeddable":true,"href":"https:\/\/www.notibras.com\/site\/wp-json\/wp\/v2\/users\/21"}],"replies":[{"embeddable":true,"href":"https:\/\/www.notibras.com\/site\/wp-json\/wp\/v2\/comments?post=379450"}],"version-history":[{"count":2,"href":"https:\/\/www.notibras.com\/site\/wp-json\/wp\/v2\/posts\/379450\/revisions"}],"predecessor-version":[{"id":379453,"href":"https:\/\/www.notibras.com\/site\/wp-json\/wp\/v2\/posts\/379450\/revisions\/379453"}],"wp:featuredmedia":[{"embeddable":true,"href":"https:\/\/www.notibras.com\/site\/wp-json\/wp\/v2\/media\/379451"}],"wp:attachment":[{"href":"https:\/\/www.notibras.com\/site\/wp-json\/wp\/v2\/media?parent=379450"}],"wp:term":[{"taxonomy":"category","embeddable":true,"href":"https:\/\/www.notibras.com\/site\/wp-json\/wp\/v2\/categories?post=379450"},{"taxonomy":"post_tag","embeddable":true,"href":"https:\/\/www.notibras.com\/site\/wp-json\/wp\/v2\/tags?post=379450"}],"curies":[{"name":"wp","href":"https:\/\/api.w.org\/{rel}","templated":true}]}}