{"id":379454,"date":"2026-01-19T02:15:06","date_gmt":"2026-01-19T05:15:06","guid":{"rendered":"https:\/\/www.notibras.com\/site\/?p=379454"},"modified":"2026-01-18T00:06:01","modified_gmt":"2026-01-18T03:06:01","slug":"o-que-se-diz-quando-nos-nao-estamos","status":"publish","type":"post","link":"https:\/\/www.notibras.com\/site\/o-que-se-diz-quando-nos-nao-estamos\/","title":{"rendered":"O Que Se Diz Quando N\u00f3s N\u00e3o Estamos"},"content":{"rendered":"<p>Se n\u00f3s soub\u00e9ssemos o que \u00e9 dito na nossa aus\u00eancia, talvez n\u00e3o sorr\u00edssemos para tanta gente. N\u00e3o por amargura, mas por lucidez. Existe uma ingenuidade social que nos ensinaram a cultivar: a de acreditar que cordialidade \u00e9 sin\u00f4nimo de lealdade, que conviv\u00eancia \u00e9 o mesmo que respeito, que presen\u00e7a garante verdade.<\/p>\n<p>Mas n\u00f3s aprendemos quase sempre tarde que a aus\u00eancia revela mais do que qualquer proximidade. \u00c9 quando sa\u00edmos da sala que os discursos se reorganizam, que as m\u00e1scaras caem, que a \u00e9tica se mostra fr\u00e1gil. Hannah Arendt j\u00e1 nos alertava que o mal nem sempre \u00e9 barulhento; muitas vezes ele se manifesta em conversas banais, em coment\u00e1rios ditos \u201csem inten\u00e7\u00e3o\u201d, em risos c\u00famplices que s\u00f3 existem quando o outro n\u00e3o est\u00e1.<\/p>\n<p>N\u00f3s crescemos acreditando que o afeto se prova no olhar direto, mas esquecemos de observar o que se constr\u00f3i nos bastidores. O que se diz quando n\u00e3o estamos ali diz muito menos sobre n\u00f3s e muito mais sobre quem fala. Ainda assim, d\u00f3i. Porque ningu\u00e9m atravessa ileso o momento em que percebe que foi assunto, julgamento ou chacota enquanto oferecia presen\u00e7a sincera.<\/p>\n<p>H\u00e1 uma pedagogia da conviv\u00eancia que ningu\u00e9m nos ensinou: nem todo sorriso \u00e9 pacto, nem toda mesa \u00e9 abrigo. Zygmunt Bauman j\u00e1 dizia que as rela\u00e7\u00f5es l\u00edquidas permitem v\u00ednculos frouxos, f\u00e1ceis de descartar, f\u00e1ceis de trair. Nesse cen\u00e1rio, falar pelas costas se torna quase um h\u00e1bito social um exerc\u00edcio de poder pequeno, mas constante.<\/p>\n<p>N\u00f3s n\u00e3o deixamos de sorrir porque nos tornamos frias. Deixamos de sorrir porque aprendemos a selecionar. Porque entendemos que preservar-se tamb\u00e9m \u00e9 um gesto pol\u00edtico. Audre Lorde nos lembra que n\u00e3o somos obrigadas a oferecer nossa energia a quem nos corr\u00f3i em sil\u00eancio. Gentileza n\u00e3o exige submiss\u00e3o, e maturidade n\u00e3o exige cegueira.<\/p>\n<p>Saber que falam de n\u00f3s n\u00e3o nos torna menores. Pelo contr\u00e1rio: nos torna mais atentas. Come\u00e7amos a perceber quem muda de tom quando chegamos, quem silencia quando estamos presentes, quem se incomoda com nossa exist\u00eancia sem nunca nos enfrentar diretamente. E isso ensina. Ensina a colocar limites, a reduzir acessos, a escolher melhor quem merece proximidade.<\/p>\n<p>N\u00f3s seguimos sorrindo, sim, mas com consci\u00eancia. N\u00e3o porque ignoramos o mundo, mas porque aprendemos a l\u00ea-lo. E talvez essa seja uma das maiores viradas da vida adulta: entender que n\u00e3o precisamos ser queridas por todos, apenas \u00edntegras conosco mesmas.<\/p>\n<p>Se este texto alcan\u00e7ar algu\u00e9m que anda desconfiando demais, sentindo demais, percebendo demais, deixamos um lembrete coletivo: n\u00e3o \u00e9 paranoia, \u00e9 amadurecimento. Nem todo afastamento \u00e9 perda. \u00c0s vezes, \u00e9 apenas clareza.<\/p>\n<p>E clareza tamb\u00e9m \u00e9 cuidado.<\/p>\n","protected":false},"excerpt":{"rendered":"<p>Se n\u00f3s soub\u00e9ssemos o que \u00e9 dito na nossa aus\u00eancia, talvez n\u00e3o sorr\u00edssemos para tanta gente. N\u00e3o por amargura, mas por lucidez. Existe uma ingenuidade social que nos ensinaram a cultivar: a de acreditar que cordialidade \u00e9 sin\u00f4nimo de lealdade, que conviv\u00eancia \u00e9 o mesmo que respeito, que presen\u00e7a garante verdade. Mas n\u00f3s aprendemos quase [&hellip;]<\/p>\n","protected":false},"author":21,"featured_media":379455,"comment_status":"closed","ping_status":"closed","sticky":false,"template":"","format":"standard","meta":{"_acf_changed":false,"footnotes":""},"categories":[236],"tags":[],"class_list":["post-379454","post","type-post","status-publish","format-standard","has-post-thumbnail","hentry","category-ponto-de-vista"],"acf":[],"yoast_head":"<!-- This site is optimized with the Yoast SEO plugin v27.2 - https:\/\/yoast.com\/product\/yoast-seo-wordpress\/ -->\n<title>O Que Se Diz Quando N\u00f3s N\u00e3o Estamos - Notibras<\/title>\n<meta name=\"robots\" content=\"index, follow, max-snippet:-1, max-image-preview:large, max-video-preview:-1\" \/>\n<link rel=\"canonical\" href=\"https:\/\/www.notibras.com\/site\/o-que-se-diz-quando-nos-nao-estamos\/\" \/>\n<meta property=\"og:locale\" content=\"pt_BR\" \/>\n<meta property=\"og:type\" content=\"article\" \/>\n<meta property=\"og:title\" content=\"O Que Se Diz Quando N\u00f3s N\u00e3o Estamos - Notibras\" \/>\n<meta property=\"og:description\" content=\"Se n\u00f3s soub\u00e9ssemos o que \u00e9 dito na nossa aus\u00eancia, talvez n\u00e3o sorr\u00edssemos para tanta gente. N\u00e3o por amargura, mas por lucidez. Existe uma ingenuidade social que nos ensinaram a cultivar: a de acreditar que cordialidade \u00e9 sin\u00f4nimo de lealdade, que conviv\u00eancia \u00e9 o mesmo que respeito, que presen\u00e7a garante verdade. Mas n\u00f3s aprendemos quase [&hellip;]\" \/>\n<meta property=\"og:url\" content=\"https:\/\/www.notibras.com\/site\/o-que-se-diz-quando-nos-nao-estamos\/\" \/>\n<meta property=\"og:site_name\" content=\"Notibras\" \/>\n<meta property=\"article:publisher\" content=\"https:\/\/www.facebook.com\/notibras\/\" \/>\n<meta property=\"article:published_time\" content=\"2026-01-19T05:15:06+00:00\" \/>\n<meta property=\"og:image\" content=\"https:\/\/www.notibras.com\/site\/wp-content\/uploads\/2026\/01\/03e2b18f-307e-4581-ba4f-0bf879e932be.jpg\" \/>\n\t<meta property=\"og:image:width\" content=\"809\" \/>\n\t<meta property=\"og:image:height\" content=\"897\" \/>\n\t<meta property=\"og:image:type\" content=\"image\/jpeg\" \/>\n<meta name=\"author\" content=\"Eduardo Mart\u00ednez\" \/>\n<meta name=\"twitter:card\" content=\"summary_large_image\" \/>\n<meta name=\"twitter:creator\" content=\"@Notibras\" \/>\n<meta name=\"twitter:site\" content=\"@Notibras\" \/>\n<meta name=\"twitter:label1\" content=\"Escrito por\" \/>\n\t<meta name=\"twitter:data1\" content=\"Eduardo Mart\u00ednez\" \/>\n\t<meta name=\"twitter:label2\" content=\"Est. tempo de leitura\" \/>\n\t<meta name=\"twitter:data2\" content=\"3 minutos\" \/>\n<script type=\"application\/ld+json\" class=\"yoast-schema-graph\">{\"@context\":\"https:\/\/schema.org\",\"@graph\":[{\"@type\":\"Article\",\"@id\":\"https:\/\/www.notibras.com\/site\/o-que-se-diz-quando-nos-nao-estamos\/#article\",\"isPartOf\":{\"@id\":\"https:\/\/www.notibras.com\/site\/o-que-se-diz-quando-nos-nao-estamos\/\"},\"author\":{\"name\":\"Eduardo Mart\u00ednez\",\"@id\":\"https:\/\/www.notibras.com\/site\/#\/schema\/person\/5b7fabf2aedc3ada2105f03b22b4d3dd\"},\"headline\":\"O Que Se Diz Quando N\u00f3s N\u00e3o Estamos\",\"datePublished\":\"2026-01-19T05:15:06+00:00\",\"mainEntityOfPage\":{\"@id\":\"https:\/\/www.notibras.com\/site\/o-que-se-diz-quando-nos-nao-estamos\/\"},\"wordCount\":479,\"publisher\":{\"@id\":\"https:\/\/www.notibras.com\/site\/#organization\"},\"image\":{\"@id\":\"https:\/\/www.notibras.com\/site\/o-que-se-diz-quando-nos-nao-estamos\/#primaryimage\"},\"thumbnailUrl\":\"https:\/\/www.notibras.com\/site\/wp-content\/uploads\/2026\/01\/03e2b18f-307e-4581-ba4f-0bf879e932be.jpg\",\"articleSection\":[\"Ponto de Vista\"],\"inLanguage\":\"pt-BR\"},{\"@type\":\"WebPage\",\"@id\":\"https:\/\/www.notibras.com\/site\/o-que-se-diz-quando-nos-nao-estamos\/\",\"url\":\"https:\/\/www.notibras.com\/site\/o-que-se-diz-quando-nos-nao-estamos\/\",\"name\":\"O Que Se Diz Quando N\u00f3s N\u00e3o Estamos - Notibras\",\"isPartOf\":{\"@id\":\"https:\/\/www.notibras.com\/site\/#website\"},\"primaryImageOfPage\":{\"@id\":\"https:\/\/www.notibras.com\/site\/o-que-se-diz-quando-nos-nao-estamos\/#primaryimage\"},\"image\":{\"@id\":\"https:\/\/www.notibras.com\/site\/o-que-se-diz-quando-nos-nao-estamos\/#primaryimage\"},\"thumbnailUrl\":\"https:\/\/www.notibras.com\/site\/wp-content\/uploads\/2026\/01\/03e2b18f-307e-4581-ba4f-0bf879e932be.jpg\",\"datePublished\":\"2026-01-19T05:15:06+00:00\",\"breadcrumb\":{\"@id\":\"https:\/\/www.notibras.com\/site\/o-que-se-diz-quando-nos-nao-estamos\/#breadcrumb\"},\"inLanguage\":\"pt-BR\",\"potentialAction\":[{\"@type\":\"ReadAction\",\"target\":[\"https:\/\/www.notibras.com\/site\/o-que-se-diz-quando-nos-nao-estamos\/\"]}]},{\"@type\":\"ImageObject\",\"inLanguage\":\"pt-BR\",\"@id\":\"https:\/\/www.notibras.com\/site\/o-que-se-diz-quando-nos-nao-estamos\/#primaryimage\",\"url\":\"https:\/\/www.notibras.com\/site\/wp-content\/uploads\/2026\/01\/03e2b18f-307e-4581-ba4f-0bf879e932be.jpg\",\"contentUrl\":\"https:\/\/www.notibras.com\/site\/wp-content\/uploads\/2026\/01\/03e2b18f-307e-4581-ba4f-0bf879e932be.jpg\",\"width\":809,\"height\":897},{\"@type\":\"BreadcrumbList\",\"@id\":\"https:\/\/www.notibras.com\/site\/o-que-se-diz-quando-nos-nao-estamos\/#breadcrumb\",\"itemListElement\":[{\"@type\":\"ListItem\",\"position\":1,\"name\":\"In\u00edcio\",\"item\":\"https:\/\/www.notibras.com\/site\/\"},{\"@type\":\"ListItem\",\"position\":2,\"name\":\"O Que Se Diz Quando N\u00f3s N\u00e3o Estamos\"}]},{\"@type\":\"WebSite\",\"@id\":\"https:\/\/www.notibras.com\/site\/#website\",\"url\":\"https:\/\/www.notibras.com\/site\/\",\"name\":\"Notibras\",\"description\":\"Not\u00edcias de Bras\u00edlia, do Brasil e do Mundo\",\"publisher\":{\"@id\":\"https:\/\/www.notibras.com\/site\/#organization\"},\"potentialAction\":[{\"@type\":\"SearchAction\",\"target\":{\"@type\":\"EntryPoint\",\"urlTemplate\":\"https:\/\/www.notibras.com\/site\/?s={search_term_string}\"},\"query-input\":{\"@type\":\"PropertyValueSpecification\",\"valueRequired\":true,\"valueName\":\"search_term_string\"}}],\"inLanguage\":\"pt-BR\"},{\"@type\":\"Organization\",\"@id\":\"https:\/\/www.notibras.com\/site\/#organization\",\"name\":\"Grupo Notibras de Comunica\u00e7\u00e3o\",\"url\":\"https:\/\/www.notibras.com\/site\/\",\"logo\":{\"@type\":\"ImageObject\",\"inLanguage\":\"pt-BR\",\"@id\":\"https:\/\/www.notibras.com\/site\/#\/schema\/logo\/image\/\",\"url\":\"https:\/\/www.notibras.com\/site\/wp-content\/uploads\/2023\/01\/notibras23.png\",\"contentUrl\":\"https:\/\/www.notibras.com\/site\/wp-content\/uploads\/2023\/01\/notibras23.png\",\"width\":350,\"height\":87,\"caption\":\"Grupo Notibras de Comunica\u00e7\u00e3o\"},\"image\":{\"@id\":\"https:\/\/www.notibras.com\/site\/#\/schema\/logo\/image\/\"},\"sameAs\":[\"https:\/\/www.facebook.com\/notibras\/\",\"https:\/\/x.com\/Notibras\",\"https:\/\/www.instagram.com\/notibras\/\"]},{\"@type\":\"Person\",\"@id\":\"https:\/\/www.notibras.com\/site\/#\/schema\/person\/5b7fabf2aedc3ada2105f03b22b4d3dd\",\"name\":\"Eduardo Mart\u00ednez\",\"image\":{\"@type\":\"ImageObject\",\"inLanguage\":\"pt-BR\",\"@id\":\"https:\/\/secure.gravatar.com\/avatar\/7902f906289926289cbcda644b5197c796b893c6ffd7b9a536a42d290f7704a0?s=96&d=mm&r=g\",\"url\":\"https:\/\/secure.gravatar.com\/avatar\/7902f906289926289cbcda644b5197c796b893c6ffd7b9a536a42d290f7704a0?s=96&d=mm&r=g\",\"contentUrl\":\"https:\/\/secure.gravatar.com\/avatar\/7902f906289926289cbcda644b5197c796b893c6ffd7b9a536a42d290f7704a0?s=96&d=mm&r=g\",\"caption\":\"Eduardo Mart\u00ednez\"}}]}<\/script>\n<!-- \/ Yoast SEO plugin. -->","yoast_head_json":{"title":"O Que Se Diz Quando N\u00f3s N\u00e3o Estamos - Notibras","robots":{"index":"index","follow":"follow","max-snippet":"max-snippet:-1","max-image-preview":"max-image-preview:large","max-video-preview":"max-video-preview:-1"},"canonical":"https:\/\/www.notibras.com\/site\/o-que-se-diz-quando-nos-nao-estamos\/","og_locale":"pt_BR","og_type":"article","og_title":"O Que Se Diz Quando N\u00f3s N\u00e3o Estamos - Notibras","og_description":"Se n\u00f3s soub\u00e9ssemos o que \u00e9 dito na nossa aus\u00eancia, talvez n\u00e3o sorr\u00edssemos para tanta gente. N\u00e3o por amargura, mas por lucidez. Existe uma ingenuidade social que nos ensinaram a cultivar: a de acreditar que cordialidade \u00e9 sin\u00f4nimo de lealdade, que conviv\u00eancia \u00e9 o mesmo que respeito, que presen\u00e7a garante verdade. Mas n\u00f3s aprendemos quase [&hellip;]","og_url":"https:\/\/www.notibras.com\/site\/o-que-se-diz-quando-nos-nao-estamos\/","og_site_name":"Notibras","article_publisher":"https:\/\/www.facebook.com\/notibras\/","article_published_time":"2026-01-19T05:15:06+00:00","og_image":[{"width":809,"height":897,"url":"https:\/\/www.notibras.com\/site\/wp-content\/uploads\/2026\/01\/03e2b18f-307e-4581-ba4f-0bf879e932be.jpg","type":"image\/jpeg"}],"author":"Eduardo Mart\u00ednez","twitter_card":"summary_large_image","twitter_creator":"@Notibras","twitter_site":"@Notibras","twitter_misc":{"Escrito por":"Eduardo Mart\u00ednez","Est. tempo de leitura":"3 minutos"},"schema":{"@context":"https:\/\/schema.org","@graph":[{"@type":"Article","@id":"https:\/\/www.notibras.com\/site\/o-que-se-diz-quando-nos-nao-estamos\/#article","isPartOf":{"@id":"https:\/\/www.notibras.com\/site\/o-que-se-diz-quando-nos-nao-estamos\/"},"author":{"name":"Eduardo Mart\u00ednez","@id":"https:\/\/www.notibras.com\/site\/#\/schema\/person\/5b7fabf2aedc3ada2105f03b22b4d3dd"},"headline":"O Que Se Diz Quando N\u00f3s N\u00e3o Estamos","datePublished":"2026-01-19T05:15:06+00:00","mainEntityOfPage":{"@id":"https:\/\/www.notibras.com\/site\/o-que-se-diz-quando-nos-nao-estamos\/"},"wordCount":479,"publisher":{"@id":"https:\/\/www.notibras.com\/site\/#organization"},"image":{"@id":"https:\/\/www.notibras.com\/site\/o-que-se-diz-quando-nos-nao-estamos\/#primaryimage"},"thumbnailUrl":"https:\/\/www.notibras.com\/site\/wp-content\/uploads\/2026\/01\/03e2b18f-307e-4581-ba4f-0bf879e932be.jpg","articleSection":["Ponto de Vista"],"inLanguage":"pt-BR"},{"@type":"WebPage","@id":"https:\/\/www.notibras.com\/site\/o-que-se-diz-quando-nos-nao-estamos\/","url":"https:\/\/www.notibras.com\/site\/o-que-se-diz-quando-nos-nao-estamos\/","name":"O Que Se Diz Quando N\u00f3s N\u00e3o Estamos - Notibras","isPartOf":{"@id":"https:\/\/www.notibras.com\/site\/#website"},"primaryImageOfPage":{"@id":"https:\/\/www.notibras.com\/site\/o-que-se-diz-quando-nos-nao-estamos\/#primaryimage"},"image":{"@id":"https:\/\/www.notibras.com\/site\/o-que-se-diz-quando-nos-nao-estamos\/#primaryimage"},"thumbnailUrl":"https:\/\/www.notibras.com\/site\/wp-content\/uploads\/2026\/01\/03e2b18f-307e-4581-ba4f-0bf879e932be.jpg","datePublished":"2026-01-19T05:15:06+00:00","breadcrumb":{"@id":"https:\/\/www.notibras.com\/site\/o-que-se-diz-quando-nos-nao-estamos\/#breadcrumb"},"inLanguage":"pt-BR","potentialAction":[{"@type":"ReadAction","target":["https:\/\/www.notibras.com\/site\/o-que-se-diz-quando-nos-nao-estamos\/"]}]},{"@type":"ImageObject","inLanguage":"pt-BR","@id":"https:\/\/www.notibras.com\/site\/o-que-se-diz-quando-nos-nao-estamos\/#primaryimage","url":"https:\/\/www.notibras.com\/site\/wp-content\/uploads\/2026\/01\/03e2b18f-307e-4581-ba4f-0bf879e932be.jpg","contentUrl":"https:\/\/www.notibras.com\/site\/wp-content\/uploads\/2026\/01\/03e2b18f-307e-4581-ba4f-0bf879e932be.jpg","width":809,"height":897},{"@type":"BreadcrumbList","@id":"https:\/\/www.notibras.com\/site\/o-que-se-diz-quando-nos-nao-estamos\/#breadcrumb","itemListElement":[{"@type":"ListItem","position":1,"name":"In\u00edcio","item":"https:\/\/www.notibras.com\/site\/"},{"@type":"ListItem","position":2,"name":"O Que Se Diz Quando N\u00f3s N\u00e3o Estamos"}]},{"@type":"WebSite","@id":"https:\/\/www.notibras.com\/site\/#website","url":"https:\/\/www.notibras.com\/site\/","name":"Notibras","description":"Not\u00edcias de Bras\u00edlia, do Brasil e do Mundo","publisher":{"@id":"https:\/\/www.notibras.com\/site\/#organization"},"potentialAction":[{"@type":"SearchAction","target":{"@type":"EntryPoint","urlTemplate":"https:\/\/www.notibras.com\/site\/?s={search_term_string}"},"query-input":{"@type":"PropertyValueSpecification","valueRequired":true,"valueName":"search_term_string"}}],"inLanguage":"pt-BR"},{"@type":"Organization","@id":"https:\/\/www.notibras.com\/site\/#organization","name":"Grupo Notibras de Comunica\u00e7\u00e3o","url":"https:\/\/www.notibras.com\/site\/","logo":{"@type":"ImageObject","inLanguage":"pt-BR","@id":"https:\/\/www.notibras.com\/site\/#\/schema\/logo\/image\/","url":"https:\/\/www.notibras.com\/site\/wp-content\/uploads\/2023\/01\/notibras23.png","contentUrl":"https:\/\/www.notibras.com\/site\/wp-content\/uploads\/2023\/01\/notibras23.png","width":350,"height":87,"caption":"Grupo Notibras de Comunica\u00e7\u00e3o"},"image":{"@id":"https:\/\/www.notibras.com\/site\/#\/schema\/logo\/image\/"},"sameAs":["https:\/\/www.facebook.com\/notibras\/","https:\/\/x.com\/Notibras","https:\/\/www.instagram.com\/notibras\/"]},{"@type":"Person","@id":"https:\/\/www.notibras.com\/site\/#\/schema\/person\/5b7fabf2aedc3ada2105f03b22b4d3dd","name":"Eduardo Mart\u00ednez","image":{"@type":"ImageObject","inLanguage":"pt-BR","@id":"https:\/\/secure.gravatar.com\/avatar\/7902f906289926289cbcda644b5197c796b893c6ffd7b9a536a42d290f7704a0?s=96&d=mm&r=g","url":"https:\/\/secure.gravatar.com\/avatar\/7902f906289926289cbcda644b5197c796b893c6ffd7b9a536a42d290f7704a0?s=96&d=mm&r=g","contentUrl":"https:\/\/secure.gravatar.com\/avatar\/7902f906289926289cbcda644b5197c796b893c6ffd7b9a536a42d290f7704a0?s=96&d=mm&r=g","caption":"Eduardo Mart\u00ednez"}}]}},"amp_enabled":true,"_links":{"self":[{"href":"https:\/\/www.notibras.com\/site\/wp-json\/wp\/v2\/posts\/379454","targetHints":{"allow":["GET"]}}],"collection":[{"href":"https:\/\/www.notibras.com\/site\/wp-json\/wp\/v2\/posts"}],"about":[{"href":"https:\/\/www.notibras.com\/site\/wp-json\/wp\/v2\/types\/post"}],"author":[{"embeddable":true,"href":"https:\/\/www.notibras.com\/site\/wp-json\/wp\/v2\/users\/21"}],"replies":[{"embeddable":true,"href":"https:\/\/www.notibras.com\/site\/wp-json\/wp\/v2\/comments?post=379454"}],"version-history":[{"count":3,"href":"https:\/\/www.notibras.com\/site\/wp-json\/wp\/v2\/posts\/379454\/revisions"}],"predecessor-version":[{"id":379675,"href":"https:\/\/www.notibras.com\/site\/wp-json\/wp\/v2\/posts\/379454\/revisions\/379675"}],"wp:featuredmedia":[{"embeddable":true,"href":"https:\/\/www.notibras.com\/site\/wp-json\/wp\/v2\/media\/379455"}],"wp:attachment":[{"href":"https:\/\/www.notibras.com\/site\/wp-json\/wp\/v2\/media?parent=379454"}],"wp:term":[{"taxonomy":"category","embeddable":true,"href":"https:\/\/www.notibras.com\/site\/wp-json\/wp\/v2\/categories?post=379454"},{"taxonomy":"post_tag","embeddable":true,"href":"https:\/\/www.notibras.com\/site\/wp-json\/wp\/v2\/tags?post=379454"}],"curies":[{"name":"wp","href":"https:\/\/api.w.org\/{rel}","templated":true}]}}