{"id":379458,"date":"2026-01-20T02:00:58","date_gmt":"2026-01-20T05:00:58","guid":{"rendered":"https:\/\/www.notibras.com\/site\/?p=379458"},"modified":"2026-01-18T00:31:25","modified_gmt":"2026-01-18T03:31:25","slug":"a-dor-que-passa-e-a-dor-que-permanece","status":"publish","type":"post","link":"https:\/\/www.notibras.com\/site\/a-dor-que-passa-e-a-dor-que-permanece\/","title":{"rendered":"A Dor Que Passa e a Dor Que Permanece"},"content":{"rendered":"<p>Ir embora vai doer por um tempo. N\u00f3s sabemos. Existe uma dor imediata, quase f\u00edsica, que acompanha as despedidas: o vazio da rotina que se quebra, o sil\u00eancio onde antes havia promessa, a sensa\u00e7\u00e3o de fracasso que tentam nos impor quando escolhemos sair. Ir embora desorganiza, desestabiliza, exige coragem. Mas \u00e9 uma dor que se move, que atravessa, que n\u00e3o se instala para sempre.<\/p>\n<p>Ficar onde n\u00e3o nos valorizam, ao contr\u00e1rio, d\u00f3i todos os dias. \u00c9 uma dor cont\u00ednua, silenciosa, corrosiva. Uma dor que se infiltra na autoestima, que nos faz duvidar da pr\u00f3pria percep\u00e7\u00e3o, que nos ensina a normalizar o desrespeito. Simone de Beauvoir j\u00e1 nos alertava: o h\u00e1bito da opress\u00e3o \u00e9 fazer com que a injusti\u00e7a pare\u00e7a natural. Quando ficamos tempo demais onde n\u00e3o somos reconhecidas, come\u00e7amos a achar que pedir o m\u00ednimo \u00e9 exagero.<\/p>\n<p>N\u00f3s fomos ensinadas a suportar. A insistir. A \u201ctentar mais um pouco\u201d. bell hooks escreveu que muitas mulheres confundem amor com perman\u00eancia, quando o amor verdadeiro jamais exige a anula\u00e7\u00e3o de quem somos. Permanecer onde n\u00e3o h\u00e1 reciprocidade n\u00e3o \u00e9 maturidade emocional, \u00e9 treino de abandono de si.<\/p>\n<p>Ir embora d\u00f3i porque rompe expectativas, inclusive as nossas. Mas ficar onde n\u00e3o h\u00e1 cuidado nos adoece lentamente. O corpo sente antes da consci\u00eancia: ansiedade, cansa\u00e7o cr\u00f4nico, tristeza sem nome. Byung-Chul Han chama isso de viol\u00eancia sist\u00eamica silenciosa aquela que n\u00e3o grita, mas esgota.<\/p>\n<p>N\u00f3s aprendemos, com o tempo, que nem toda dor ensina. Algumas apenas consomem. A dor de ir embora ensina limites, autonomia, dignidade. A dor de ficar ensina submiss\u00e3o. E chega um momento em que escolher partir n\u00e3o \u00e9 mais um ato impulsivo, mas uma decis\u00e3o \u00e9tica consigo mesmas.<\/p>\n<p>Judith Butler nos lembra que toda vida precisa de condi\u00e7\u00f5es para florescer. Onde n\u00e3o h\u00e1 reconhecimento, n\u00e3o h\u00e1 possibilidade real de crescimento. N\u00e3o \u00e9 drama sair de lugares que nos diminuem \u00e9 sobreviv\u00eancia.<\/p>\n<p>N\u00f3s n\u00e3o romantizamos a partida. Sabemos que ela machuca. Mas tamb\u00e9m sabemos que a perman\u00eancia em ambientes de desvaloriza\u00e7\u00e3o nos custa caro demais. Ir embora d\u00f3i por um tempo. Ficar d\u00f3i sempre. E aprender a diferenciar essas dores \u00e9 um dos maiores gestos de amadurecimento que podemos fazer.<\/p>\n<p>Se este texto chegar a algu\u00e9m em d\u00favida, paralisada entre ir e ficar, deixamos um lembrete coletivo: a dor que passa pode abrir caminhos. A dor que permanece s\u00f3 fecha futuros. Escolher-se n\u00e3o elimina o sofrimento, mas impede que ele vire morada.<\/p>\n<p>E isso, por si s\u00f3, j\u00e1 \u00e9 um ato profundo de cuidado.<\/p>\n","protected":false},"excerpt":{"rendered":"<p>Ir embora vai doer por um tempo. N\u00f3s sabemos. Existe uma dor imediata, quase f\u00edsica, que acompanha as despedidas: o vazio da rotina que se quebra, o sil\u00eancio onde antes havia promessa, a sensa\u00e7\u00e3o de fracasso que tentam nos impor quando escolhemos sair. Ir embora desorganiza, desestabiliza, exige coragem. Mas \u00e9 uma dor que se [&hellip;]<\/p>\n","protected":false},"author":21,"featured_media":379459,"comment_status":"closed","ping_status":"closed","sticky":false,"template":"","format":"standard","meta":{"_acf_changed":false,"footnotes":""},"categories":[236],"tags":[],"class_list":["post-379458","post","type-post","status-publish","format-standard","has-post-thumbnail","hentry","category-ponto-de-vista"],"acf":[],"yoast_head":"<!-- This site is optimized with the Yoast SEO plugin v27.2 - https:\/\/yoast.com\/product\/yoast-seo-wordpress\/ -->\n<title>A Dor Que Passa e a Dor Que Permanece - Notibras<\/title>\n<meta name=\"robots\" content=\"index, follow, max-snippet:-1, max-image-preview:large, max-video-preview:-1\" \/>\n<link rel=\"canonical\" href=\"https:\/\/www.notibras.com\/site\/a-dor-que-passa-e-a-dor-que-permanece\/\" \/>\n<meta property=\"og:locale\" content=\"pt_BR\" \/>\n<meta property=\"og:type\" content=\"article\" \/>\n<meta property=\"og:title\" content=\"A Dor Que Passa e a Dor Que Permanece - Notibras\" \/>\n<meta property=\"og:description\" content=\"Ir embora vai doer por um tempo. N\u00f3s sabemos. Existe uma dor imediata, quase f\u00edsica, que acompanha as despedidas: o vazio da rotina que se quebra, o sil\u00eancio onde antes havia promessa, a sensa\u00e7\u00e3o de fracasso que tentam nos impor quando escolhemos sair. Ir embora desorganiza, desestabiliza, exige coragem. Mas \u00e9 uma dor que se [&hellip;]\" \/>\n<meta property=\"og:url\" content=\"https:\/\/www.notibras.com\/site\/a-dor-que-passa-e-a-dor-que-permanece\/\" \/>\n<meta property=\"og:site_name\" content=\"Notibras\" \/>\n<meta property=\"article:publisher\" content=\"https:\/\/www.facebook.com\/notibras\/\" \/>\n<meta property=\"article:published_time\" content=\"2026-01-20T05:00:58+00:00\" \/>\n<meta property=\"og:image\" content=\"https:\/\/www.notibras.com\/site\/wp-content\/uploads\/2026\/01\/IMG_0394.jpg\" \/>\n\t<meta property=\"og:image:width\" content=\"1023\" \/>\n\t<meta property=\"og:image:height\" content=\"923\" \/>\n\t<meta property=\"og:image:type\" content=\"image\/jpeg\" \/>\n<meta name=\"author\" content=\"Eduardo Mart\u00ednez\" \/>\n<meta name=\"twitter:card\" content=\"summary_large_image\" \/>\n<meta name=\"twitter:creator\" content=\"@Notibras\" \/>\n<meta name=\"twitter:site\" content=\"@Notibras\" \/>\n<meta name=\"twitter:label1\" content=\"Escrito por\" \/>\n\t<meta name=\"twitter:data1\" content=\"Eduardo Mart\u00ednez\" \/>\n\t<meta name=\"twitter:label2\" content=\"Est. tempo de leitura\" \/>\n\t<meta name=\"twitter:data2\" content=\"3 minutos\" \/>\n<script type=\"application\/ld+json\" class=\"yoast-schema-graph\">{\"@context\":\"https:\/\/schema.org\",\"@graph\":[{\"@type\":\"Article\",\"@id\":\"https:\/\/www.notibras.com\/site\/a-dor-que-passa-e-a-dor-que-permanece\/#article\",\"isPartOf\":{\"@id\":\"https:\/\/www.notibras.com\/site\/a-dor-que-passa-e-a-dor-que-permanece\/\"},\"author\":{\"name\":\"Eduardo Mart\u00ednez\",\"@id\":\"https:\/\/www.notibras.com\/site\/#\/schema\/person\/5b7fabf2aedc3ada2105f03b22b4d3dd\"},\"headline\":\"A Dor Que Passa e a Dor Que Permanece\",\"datePublished\":\"2026-01-20T05:00:58+00:00\",\"mainEntityOfPage\":{\"@id\":\"https:\/\/www.notibras.com\/site\/a-dor-que-passa-e-a-dor-que-permanece\/\"},\"wordCount\":460,\"publisher\":{\"@id\":\"https:\/\/www.notibras.com\/site\/#organization\"},\"image\":{\"@id\":\"https:\/\/www.notibras.com\/site\/a-dor-que-passa-e-a-dor-que-permanece\/#primaryimage\"},\"thumbnailUrl\":\"https:\/\/www.notibras.com\/site\/wp-content\/uploads\/2026\/01\/IMG_0394.jpg\",\"articleSection\":[\"Ponto de Vista\"],\"inLanguage\":\"pt-BR\"},{\"@type\":\"WebPage\",\"@id\":\"https:\/\/www.notibras.com\/site\/a-dor-que-passa-e-a-dor-que-permanece\/\",\"url\":\"https:\/\/www.notibras.com\/site\/a-dor-que-passa-e-a-dor-que-permanece\/\",\"name\":\"A Dor Que Passa e a Dor Que Permanece - Notibras\",\"isPartOf\":{\"@id\":\"https:\/\/www.notibras.com\/site\/#website\"},\"primaryImageOfPage\":{\"@id\":\"https:\/\/www.notibras.com\/site\/a-dor-que-passa-e-a-dor-que-permanece\/#primaryimage\"},\"image\":{\"@id\":\"https:\/\/www.notibras.com\/site\/a-dor-que-passa-e-a-dor-que-permanece\/#primaryimage\"},\"thumbnailUrl\":\"https:\/\/www.notibras.com\/site\/wp-content\/uploads\/2026\/01\/IMG_0394.jpg\",\"datePublished\":\"2026-01-20T05:00:58+00:00\",\"breadcrumb\":{\"@id\":\"https:\/\/www.notibras.com\/site\/a-dor-que-passa-e-a-dor-que-permanece\/#breadcrumb\"},\"inLanguage\":\"pt-BR\",\"potentialAction\":[{\"@type\":\"ReadAction\",\"target\":[\"https:\/\/www.notibras.com\/site\/a-dor-que-passa-e-a-dor-que-permanece\/\"]}]},{\"@type\":\"ImageObject\",\"inLanguage\":\"pt-BR\",\"@id\":\"https:\/\/www.notibras.com\/site\/a-dor-que-passa-e-a-dor-que-permanece\/#primaryimage\",\"url\":\"https:\/\/www.notibras.com\/site\/wp-content\/uploads\/2026\/01\/IMG_0394.jpg\",\"contentUrl\":\"https:\/\/www.notibras.com\/site\/wp-content\/uploads\/2026\/01\/IMG_0394.jpg\",\"width\":1023,\"height\":923},{\"@type\":\"BreadcrumbList\",\"@id\":\"https:\/\/www.notibras.com\/site\/a-dor-que-passa-e-a-dor-que-permanece\/#breadcrumb\",\"itemListElement\":[{\"@type\":\"ListItem\",\"position\":1,\"name\":\"In\u00edcio\",\"item\":\"https:\/\/www.notibras.com\/site\/\"},{\"@type\":\"ListItem\",\"position\":2,\"name\":\"A Dor Que Passa e a Dor Que Permanece\"}]},{\"@type\":\"WebSite\",\"@id\":\"https:\/\/www.notibras.com\/site\/#website\",\"url\":\"https:\/\/www.notibras.com\/site\/\",\"name\":\"Notibras\",\"description\":\"Not\u00edcias de Bras\u00edlia, do Brasil e do Mundo\",\"publisher\":{\"@id\":\"https:\/\/www.notibras.com\/site\/#organization\"},\"potentialAction\":[{\"@type\":\"SearchAction\",\"target\":{\"@type\":\"EntryPoint\",\"urlTemplate\":\"https:\/\/www.notibras.com\/site\/?s={search_term_string}\"},\"query-input\":{\"@type\":\"PropertyValueSpecification\",\"valueRequired\":true,\"valueName\":\"search_term_string\"}}],\"inLanguage\":\"pt-BR\"},{\"@type\":\"Organization\",\"@id\":\"https:\/\/www.notibras.com\/site\/#organization\",\"name\":\"Grupo Notibras de Comunica\u00e7\u00e3o\",\"url\":\"https:\/\/www.notibras.com\/site\/\",\"logo\":{\"@type\":\"ImageObject\",\"inLanguage\":\"pt-BR\",\"@id\":\"https:\/\/www.notibras.com\/site\/#\/schema\/logo\/image\/\",\"url\":\"https:\/\/www.notibras.com\/site\/wp-content\/uploads\/2023\/01\/notibras23.png\",\"contentUrl\":\"https:\/\/www.notibras.com\/site\/wp-content\/uploads\/2023\/01\/notibras23.png\",\"width\":350,\"height\":87,\"caption\":\"Grupo Notibras de Comunica\u00e7\u00e3o\"},\"image\":{\"@id\":\"https:\/\/www.notibras.com\/site\/#\/schema\/logo\/image\/\"},\"sameAs\":[\"https:\/\/www.facebook.com\/notibras\/\",\"https:\/\/x.com\/Notibras\",\"https:\/\/www.instagram.com\/notibras\/\"]},{\"@type\":\"Person\",\"@id\":\"https:\/\/www.notibras.com\/site\/#\/schema\/person\/5b7fabf2aedc3ada2105f03b22b4d3dd\",\"name\":\"Eduardo Mart\u00ednez\",\"image\":{\"@type\":\"ImageObject\",\"inLanguage\":\"pt-BR\",\"@id\":\"https:\/\/secure.gravatar.com\/avatar\/7902f906289926289cbcda644b5197c796b893c6ffd7b9a536a42d290f7704a0?s=96&d=mm&r=g\",\"url\":\"https:\/\/secure.gravatar.com\/avatar\/7902f906289926289cbcda644b5197c796b893c6ffd7b9a536a42d290f7704a0?s=96&d=mm&r=g\",\"contentUrl\":\"https:\/\/secure.gravatar.com\/avatar\/7902f906289926289cbcda644b5197c796b893c6ffd7b9a536a42d290f7704a0?s=96&d=mm&r=g\",\"caption\":\"Eduardo Mart\u00ednez\"}}]}<\/script>\n<!-- \/ Yoast SEO plugin. -->","yoast_head_json":{"title":"A Dor Que Passa e a Dor Que Permanece - Notibras","robots":{"index":"index","follow":"follow","max-snippet":"max-snippet:-1","max-image-preview":"max-image-preview:large","max-video-preview":"max-video-preview:-1"},"canonical":"https:\/\/www.notibras.com\/site\/a-dor-que-passa-e-a-dor-que-permanece\/","og_locale":"pt_BR","og_type":"article","og_title":"A Dor Que Passa e a Dor Que Permanece - Notibras","og_description":"Ir embora vai doer por um tempo. N\u00f3s sabemos. Existe uma dor imediata, quase f\u00edsica, que acompanha as despedidas: o vazio da rotina que se quebra, o sil\u00eancio onde antes havia promessa, a sensa\u00e7\u00e3o de fracasso que tentam nos impor quando escolhemos sair. Ir embora desorganiza, desestabiliza, exige coragem. Mas \u00e9 uma dor que se [&hellip;]","og_url":"https:\/\/www.notibras.com\/site\/a-dor-que-passa-e-a-dor-que-permanece\/","og_site_name":"Notibras","article_publisher":"https:\/\/www.facebook.com\/notibras\/","article_published_time":"2026-01-20T05:00:58+00:00","og_image":[{"width":1023,"height":923,"url":"https:\/\/www.notibras.com\/site\/wp-content\/uploads\/2026\/01\/IMG_0394.jpg","type":"image\/jpeg"}],"author":"Eduardo Mart\u00ednez","twitter_card":"summary_large_image","twitter_creator":"@Notibras","twitter_site":"@Notibras","twitter_misc":{"Escrito por":"Eduardo Mart\u00ednez","Est. tempo de leitura":"3 minutos"},"schema":{"@context":"https:\/\/schema.org","@graph":[{"@type":"Article","@id":"https:\/\/www.notibras.com\/site\/a-dor-que-passa-e-a-dor-que-permanece\/#article","isPartOf":{"@id":"https:\/\/www.notibras.com\/site\/a-dor-que-passa-e-a-dor-que-permanece\/"},"author":{"name":"Eduardo Mart\u00ednez","@id":"https:\/\/www.notibras.com\/site\/#\/schema\/person\/5b7fabf2aedc3ada2105f03b22b4d3dd"},"headline":"A Dor Que Passa e a Dor Que Permanece","datePublished":"2026-01-20T05:00:58+00:00","mainEntityOfPage":{"@id":"https:\/\/www.notibras.com\/site\/a-dor-que-passa-e-a-dor-que-permanece\/"},"wordCount":460,"publisher":{"@id":"https:\/\/www.notibras.com\/site\/#organization"},"image":{"@id":"https:\/\/www.notibras.com\/site\/a-dor-que-passa-e-a-dor-que-permanece\/#primaryimage"},"thumbnailUrl":"https:\/\/www.notibras.com\/site\/wp-content\/uploads\/2026\/01\/IMG_0394.jpg","articleSection":["Ponto de Vista"],"inLanguage":"pt-BR"},{"@type":"WebPage","@id":"https:\/\/www.notibras.com\/site\/a-dor-que-passa-e-a-dor-que-permanece\/","url":"https:\/\/www.notibras.com\/site\/a-dor-que-passa-e-a-dor-que-permanece\/","name":"A Dor Que Passa e a Dor Que Permanece - Notibras","isPartOf":{"@id":"https:\/\/www.notibras.com\/site\/#website"},"primaryImageOfPage":{"@id":"https:\/\/www.notibras.com\/site\/a-dor-que-passa-e-a-dor-que-permanece\/#primaryimage"},"image":{"@id":"https:\/\/www.notibras.com\/site\/a-dor-que-passa-e-a-dor-que-permanece\/#primaryimage"},"thumbnailUrl":"https:\/\/www.notibras.com\/site\/wp-content\/uploads\/2026\/01\/IMG_0394.jpg","datePublished":"2026-01-20T05:00:58+00:00","breadcrumb":{"@id":"https:\/\/www.notibras.com\/site\/a-dor-que-passa-e-a-dor-que-permanece\/#breadcrumb"},"inLanguage":"pt-BR","potentialAction":[{"@type":"ReadAction","target":["https:\/\/www.notibras.com\/site\/a-dor-que-passa-e-a-dor-que-permanece\/"]}]},{"@type":"ImageObject","inLanguage":"pt-BR","@id":"https:\/\/www.notibras.com\/site\/a-dor-que-passa-e-a-dor-que-permanece\/#primaryimage","url":"https:\/\/www.notibras.com\/site\/wp-content\/uploads\/2026\/01\/IMG_0394.jpg","contentUrl":"https:\/\/www.notibras.com\/site\/wp-content\/uploads\/2026\/01\/IMG_0394.jpg","width":1023,"height":923},{"@type":"BreadcrumbList","@id":"https:\/\/www.notibras.com\/site\/a-dor-que-passa-e-a-dor-que-permanece\/#breadcrumb","itemListElement":[{"@type":"ListItem","position":1,"name":"In\u00edcio","item":"https:\/\/www.notibras.com\/site\/"},{"@type":"ListItem","position":2,"name":"A Dor Que Passa e a Dor Que Permanece"}]},{"@type":"WebSite","@id":"https:\/\/www.notibras.com\/site\/#website","url":"https:\/\/www.notibras.com\/site\/","name":"Notibras","description":"Not\u00edcias de Bras\u00edlia, do Brasil e do Mundo","publisher":{"@id":"https:\/\/www.notibras.com\/site\/#organization"},"potentialAction":[{"@type":"SearchAction","target":{"@type":"EntryPoint","urlTemplate":"https:\/\/www.notibras.com\/site\/?s={search_term_string}"},"query-input":{"@type":"PropertyValueSpecification","valueRequired":true,"valueName":"search_term_string"}}],"inLanguage":"pt-BR"},{"@type":"Organization","@id":"https:\/\/www.notibras.com\/site\/#organization","name":"Grupo Notibras de Comunica\u00e7\u00e3o","url":"https:\/\/www.notibras.com\/site\/","logo":{"@type":"ImageObject","inLanguage":"pt-BR","@id":"https:\/\/www.notibras.com\/site\/#\/schema\/logo\/image\/","url":"https:\/\/www.notibras.com\/site\/wp-content\/uploads\/2023\/01\/notibras23.png","contentUrl":"https:\/\/www.notibras.com\/site\/wp-content\/uploads\/2023\/01\/notibras23.png","width":350,"height":87,"caption":"Grupo Notibras de Comunica\u00e7\u00e3o"},"image":{"@id":"https:\/\/www.notibras.com\/site\/#\/schema\/logo\/image\/"},"sameAs":["https:\/\/www.facebook.com\/notibras\/","https:\/\/x.com\/Notibras","https:\/\/www.instagram.com\/notibras\/"]},{"@type":"Person","@id":"https:\/\/www.notibras.com\/site\/#\/schema\/person\/5b7fabf2aedc3ada2105f03b22b4d3dd","name":"Eduardo Mart\u00ednez","image":{"@type":"ImageObject","inLanguage":"pt-BR","@id":"https:\/\/secure.gravatar.com\/avatar\/7902f906289926289cbcda644b5197c796b893c6ffd7b9a536a42d290f7704a0?s=96&d=mm&r=g","url":"https:\/\/secure.gravatar.com\/avatar\/7902f906289926289cbcda644b5197c796b893c6ffd7b9a536a42d290f7704a0?s=96&d=mm&r=g","contentUrl":"https:\/\/secure.gravatar.com\/avatar\/7902f906289926289cbcda644b5197c796b893c6ffd7b9a536a42d290f7704a0?s=96&d=mm&r=g","caption":"Eduardo Mart\u00ednez"}}]}},"amp_enabled":true,"_links":{"self":[{"href":"https:\/\/www.notibras.com\/site\/wp-json\/wp\/v2\/posts\/379458","targetHints":{"allow":["GET"]}}],"collection":[{"href":"https:\/\/www.notibras.com\/site\/wp-json\/wp\/v2\/posts"}],"about":[{"href":"https:\/\/www.notibras.com\/site\/wp-json\/wp\/v2\/types\/post"}],"author":[{"embeddable":true,"href":"https:\/\/www.notibras.com\/site\/wp-json\/wp\/v2\/users\/21"}],"replies":[{"embeddable":true,"href":"https:\/\/www.notibras.com\/site\/wp-json\/wp\/v2\/comments?post=379458"}],"version-history":[{"count":1,"href":"https:\/\/www.notibras.com\/site\/wp-json\/wp\/v2\/posts\/379458\/revisions"}],"predecessor-version":[{"id":379460,"href":"https:\/\/www.notibras.com\/site\/wp-json\/wp\/v2\/posts\/379458\/revisions\/379460"}],"wp:featuredmedia":[{"embeddable":true,"href":"https:\/\/www.notibras.com\/site\/wp-json\/wp\/v2\/media\/379459"}],"wp:attachment":[{"href":"https:\/\/www.notibras.com\/site\/wp-json\/wp\/v2\/media?parent=379458"}],"wp:term":[{"taxonomy":"category","embeddable":true,"href":"https:\/\/www.notibras.com\/site\/wp-json\/wp\/v2\/categories?post=379458"},{"taxonomy":"post_tag","embeddable":true,"href":"https:\/\/www.notibras.com\/site\/wp-json\/wp\/v2\/tags?post=379458"}],"curies":[{"name":"wp","href":"https:\/\/api.w.org\/{rel}","templated":true}]}}