{"id":379461,"date":"2026-01-18T02:15:12","date_gmt":"2026-01-18T05:15:12","guid":{"rendered":"https:\/\/www.notibras.com\/site\/?p=379461"},"modified":"2026-01-18T04:55:19","modified_gmt":"2026-01-18T07:55:19","slug":"carlos-pulico-mestre-maranhense-que-gira-no-universo-do-humor","status":"publish","type":"post","link":"https:\/\/www.notibras.com\/site\/carlos-pulico-mestre-maranhense-que-gira-no-universo-do-humor\/","title":{"rendered":"Carlos Pulico, mestre maranhense que gira no universo do humor"},"content":{"rendered":"<p>Ontem fui ao Guar\u00e1 II (DF), no Clube de Com\u00e9dia Aplausos, para assistir ao show de stand up <em>Que Viagem \u00e9 Essa?<\/em>, do Carlos Pulico. E j\u00e1 na entrada dava pra sentir o clima: o p\u00fablico era majoritariamente maranhense \u2014 como o pr\u00f3prio Pulico \u2014, gente que reconhece de longe as piadas, os sotaques, os costumes e as situa\u00e7\u00f5es que s\u00f3 quem \u00e9 de l\u00e1 entende de primeira.<\/p>\n<p>O show \u00e9 simplesmente engra\u00e7ad\u00edssimo. Pulico passeia com muita intelig\u00eancia e afeto pelas refer\u00eancias ao Maranh\u00e3o, arrancando gargalhadas de quem carrega saudade do estado no peito. Confesso: foi um verdadeiro abra\u00e7o c\u00f4mico, daqueles que matam a saudade sem precisar pegar estrada. Mas o m\u00e9rito maior est\u00e1 a\u00ed, pois mesmo quem n\u00e3o \u00e9 maranhense se diverte do come\u00e7o ao fim. O humor \u00e9 acess\u00edvel, observador, bem constru\u00eddo e cheio de timing. N\u00e3o \u00e9 piada jogada ao acaso; \u00e9 narrativa, \u00e9 viv\u00eancia transformada em riso.<\/p>\n<p style=\"text-align: center;\"><img loading=\"lazy\" decoding=\"async\" class=\"alignnone size-medium wp-image-379462\" src=\"https:\/\/www.notibras.com\/site\/wp-content\/uploads\/2026\/01\/WhatsApp-Image-2026-01-17-at-23.19.00-300x225.jpeg\" alt=\"\" width=\"300\" height=\"225\" srcset=\"https:\/\/www.notibras.com\/site\/wp-content\/uploads\/2026\/01\/WhatsApp-Image-2026-01-17-at-23.19.00-300x225.jpeg 300w, https:\/\/www.notibras.com\/site\/wp-content\/uploads\/2026\/01\/WhatsApp-Image-2026-01-17-at-23.19.00-1024x768.jpeg 1024w, https:\/\/www.notibras.com\/site\/wp-content\/uploads\/2026\/01\/WhatsApp-Image-2026-01-17-at-23.19.00-768x576.jpeg 768w, https:\/\/www.notibras.com\/site\/wp-content\/uploads\/2026\/01\/WhatsApp-Image-2026-01-17-at-23.19.00.jpeg 1280w\" sizes=\"auto, (max-width: 300px) 100vw, 300px\" \/><\/p>\n<p>Carlos Pulico tem presen\u00e7a de palco, dom\u00ednio do p\u00fablico e uma capacidade rara de rir de si e da pr\u00f3pria origem sem cair em caricatura rasa. Pelo contr\u00e1rio: h\u00e1 respeito, identidade e muito talento. D\u00e1 gosto ver um comediante que conhece profundamente o universo de onde vem e consegue transform\u00e1-lo em algo universal.<\/p>\n<p>Nas pr\u00f3ximas semanas, Pulico cumpre agenda em outros estados, o que s\u00f3 confirma o quanto seu trabalho est\u00e1 ganhando estrada. Ainda assim, fica aquela vontade boa de rev\u00ea-lo mais vezes por aqui, no DF. Porque shows assim n\u00e3o s\u00f3 divertem: aproximam, acolhem e fazem a gente sair mais leve.<\/p>\n","protected":false},"excerpt":{"rendered":"<p>Ontem fui ao Guar\u00e1 II (DF), no Clube de Com\u00e9dia Aplausos, para assistir ao show de stand up Que Viagem \u00e9 Essa?, do Carlos Pulico. E j\u00e1 na entrada dava pra sentir o clima: o p\u00fablico era majoritariamente maranhense \u2014 como o pr\u00f3prio Pulico \u2014, gente que reconhece de longe as piadas, os sotaques, os [&hellip;]<\/p>\n","protected":false},"author":21,"featured_media":379463,"comment_status":"closed","ping_status":"closed","sticky":false,"template":"","format":"standard","meta":{"_acf_changed":false,"footnotes":""},"categories":[235],"tags":[],"class_list":["post-379461","post","type-post","status-publish","format-standard","has-post-thumbnail","hentry","category-dona-irene"],"acf":[],"yoast_head":"<!-- This site is optimized with the Yoast SEO plugin v27.2 - https:\/\/yoast.com\/product\/yoast-seo-wordpress\/ -->\n<title>Carlos Pulico, mestre maranhense que gira no universo do humor - Notibras<\/title>\n<meta name=\"robots\" content=\"index, follow, max-snippet:-1, max-image-preview:large, max-video-preview:-1\" \/>\n<link rel=\"canonical\" href=\"https:\/\/www.notibras.com\/site\/carlos-pulico-mestre-maranhense-que-gira-no-universo-do-humor\/\" \/>\n<meta property=\"og:locale\" content=\"pt_BR\" \/>\n<meta property=\"og:type\" content=\"article\" \/>\n<meta property=\"og:title\" content=\"Carlos Pulico, mestre maranhense que gira no universo do humor - Notibras\" \/>\n<meta property=\"og:description\" content=\"Ontem fui ao Guar\u00e1 II (DF), no Clube de Com\u00e9dia Aplausos, para assistir ao show de stand up Que Viagem \u00e9 Essa?, do Carlos Pulico. E j\u00e1 na entrada dava pra sentir o clima: o p\u00fablico era majoritariamente maranhense \u2014 como o pr\u00f3prio Pulico \u2014, gente que reconhece de longe as piadas, os sotaques, os [&hellip;]\" \/>\n<meta property=\"og:url\" content=\"https:\/\/www.notibras.com\/site\/carlos-pulico-mestre-maranhense-que-gira-no-universo-do-humor\/\" \/>\n<meta property=\"og:site_name\" content=\"Notibras\" \/>\n<meta property=\"article:publisher\" content=\"https:\/\/www.facebook.com\/notibras\/\" \/>\n<meta property=\"article:published_time\" content=\"2026-01-18T05:15:12+00:00\" \/>\n<meta property=\"article:modified_time\" content=\"2026-01-18T07:55:19+00:00\" \/>\n<meta property=\"og:image\" content=\"https:\/\/www.notibras.com\/site\/wp-content\/uploads\/2026\/01\/WhatsApp-Image-2026-01-17-at-23.19.47.jpeg\" \/>\n\t<meta property=\"og:image:width\" content=\"1280\" \/>\n\t<meta property=\"og:image:height\" content=\"960\" \/>\n\t<meta property=\"og:image:type\" content=\"image\/jpeg\" \/>\n<meta name=\"author\" content=\"Eduardo Mart\u00ednez\" \/>\n<meta name=\"twitter:card\" content=\"summary_large_image\" \/>\n<meta name=\"twitter:creator\" content=\"@Notibras\" \/>\n<meta name=\"twitter:site\" content=\"@Notibras\" \/>\n<meta name=\"twitter:label1\" content=\"Escrito por\" \/>\n\t<meta name=\"twitter:data1\" content=\"Eduardo Mart\u00ednez\" \/>\n\t<meta name=\"twitter:label2\" content=\"Est. tempo de leitura\" \/>\n\t<meta name=\"twitter:data2\" content=\"2 minutos\" \/>\n<script type=\"application\/ld+json\" class=\"yoast-schema-graph\">{\"@context\":\"https:\/\/schema.org\",\"@graph\":[{\"@type\":\"Article\",\"@id\":\"https:\/\/www.notibras.com\/site\/carlos-pulico-mestre-maranhense-que-gira-no-universo-do-humor\/#article\",\"isPartOf\":{\"@id\":\"https:\/\/www.notibras.com\/site\/carlos-pulico-mestre-maranhense-que-gira-no-universo-do-humor\/\"},\"author\":{\"name\":\"Eduardo Mart\u00ednez\",\"@id\":\"https:\/\/www.notibras.com\/site\/#\/schema\/person\/5b7fabf2aedc3ada2105f03b22b4d3dd\"},\"headline\":\"Carlos Pulico, mestre maranhense que gira no universo do humor\",\"datePublished\":\"2026-01-18T05:15:12+00:00\",\"dateModified\":\"2026-01-18T07:55:19+00:00\",\"mainEntityOfPage\":{\"@id\":\"https:\/\/www.notibras.com\/site\/carlos-pulico-mestre-maranhense-que-gira-no-universo-do-humor\/\"},\"wordCount\":280,\"publisher\":{\"@id\":\"https:\/\/www.notibras.com\/site\/#organization\"},\"image\":{\"@id\":\"https:\/\/www.notibras.com\/site\/carlos-pulico-mestre-maranhense-que-gira-no-universo-do-humor\/#primaryimage\"},\"thumbnailUrl\":\"https:\/\/www.notibras.com\/site\/wp-content\/uploads\/2026\/01\/WhatsApp-Image-2026-01-17-at-23.19.47.jpeg\",\"articleSection\":[\"Dona Irene\"],\"inLanguage\":\"pt-BR\"},{\"@type\":\"WebPage\",\"@id\":\"https:\/\/www.notibras.com\/site\/carlos-pulico-mestre-maranhense-que-gira-no-universo-do-humor\/\",\"url\":\"https:\/\/www.notibras.com\/site\/carlos-pulico-mestre-maranhense-que-gira-no-universo-do-humor\/\",\"name\":\"Carlos Pulico, mestre maranhense que gira no universo do humor - Notibras\",\"isPartOf\":{\"@id\":\"https:\/\/www.notibras.com\/site\/#website\"},\"primaryImageOfPage\":{\"@id\":\"https:\/\/www.notibras.com\/site\/carlos-pulico-mestre-maranhense-que-gira-no-universo-do-humor\/#primaryimage\"},\"image\":{\"@id\":\"https:\/\/www.notibras.com\/site\/carlos-pulico-mestre-maranhense-que-gira-no-universo-do-humor\/#primaryimage\"},\"thumbnailUrl\":\"https:\/\/www.notibras.com\/site\/wp-content\/uploads\/2026\/01\/WhatsApp-Image-2026-01-17-at-23.19.47.jpeg\",\"datePublished\":\"2026-01-18T05:15:12+00:00\",\"dateModified\":\"2026-01-18T07:55:19+00:00\",\"breadcrumb\":{\"@id\":\"https:\/\/www.notibras.com\/site\/carlos-pulico-mestre-maranhense-que-gira-no-universo-do-humor\/#breadcrumb\"},\"inLanguage\":\"pt-BR\",\"potentialAction\":[{\"@type\":\"ReadAction\",\"target\":[\"https:\/\/www.notibras.com\/site\/carlos-pulico-mestre-maranhense-que-gira-no-universo-do-humor\/\"]}]},{\"@type\":\"ImageObject\",\"inLanguage\":\"pt-BR\",\"@id\":\"https:\/\/www.notibras.com\/site\/carlos-pulico-mestre-maranhense-que-gira-no-universo-do-humor\/#primaryimage\",\"url\":\"https:\/\/www.notibras.com\/site\/wp-content\/uploads\/2026\/01\/WhatsApp-Image-2026-01-17-at-23.19.47.jpeg\",\"contentUrl\":\"https:\/\/www.notibras.com\/site\/wp-content\/uploads\/2026\/01\/WhatsApp-Image-2026-01-17-at-23.19.47.jpeg\",\"width\":1280,\"height\":960},{\"@type\":\"BreadcrumbList\",\"@id\":\"https:\/\/www.notibras.com\/site\/carlos-pulico-mestre-maranhense-que-gira-no-universo-do-humor\/#breadcrumb\",\"itemListElement\":[{\"@type\":\"ListItem\",\"position\":1,\"name\":\"In\u00edcio\",\"item\":\"https:\/\/www.notibras.com\/site\/\"},{\"@type\":\"ListItem\",\"position\":2,\"name\":\"Carlos Pulico, mestre maranhense que gira no universo do humor\"}]},{\"@type\":\"WebSite\",\"@id\":\"https:\/\/www.notibras.com\/site\/#website\",\"url\":\"https:\/\/www.notibras.com\/site\/\",\"name\":\"Notibras\",\"description\":\"Not\u00edcias de Bras\u00edlia, do Brasil e do Mundo\",\"publisher\":{\"@id\":\"https:\/\/www.notibras.com\/site\/#organization\"},\"potentialAction\":[{\"@type\":\"SearchAction\",\"target\":{\"@type\":\"EntryPoint\",\"urlTemplate\":\"https:\/\/www.notibras.com\/site\/?s={search_term_string}\"},\"query-input\":{\"@type\":\"PropertyValueSpecification\",\"valueRequired\":true,\"valueName\":\"search_term_string\"}}],\"inLanguage\":\"pt-BR\"},{\"@type\":\"Organization\",\"@id\":\"https:\/\/www.notibras.com\/site\/#organization\",\"name\":\"Grupo Notibras de Comunica\u00e7\u00e3o\",\"url\":\"https:\/\/www.notibras.com\/site\/\",\"logo\":{\"@type\":\"ImageObject\",\"inLanguage\":\"pt-BR\",\"@id\":\"https:\/\/www.notibras.com\/site\/#\/schema\/logo\/image\/\",\"url\":\"https:\/\/www.notibras.com\/site\/wp-content\/uploads\/2023\/01\/notibras23.png\",\"contentUrl\":\"https:\/\/www.notibras.com\/site\/wp-content\/uploads\/2023\/01\/notibras23.png\",\"width\":350,\"height\":87,\"caption\":\"Grupo Notibras de Comunica\u00e7\u00e3o\"},\"image\":{\"@id\":\"https:\/\/www.notibras.com\/site\/#\/schema\/logo\/image\/\"},\"sameAs\":[\"https:\/\/www.facebook.com\/notibras\/\",\"https:\/\/x.com\/Notibras\",\"https:\/\/www.instagram.com\/notibras\/\"]},{\"@type\":\"Person\",\"@id\":\"https:\/\/www.notibras.com\/site\/#\/schema\/person\/5b7fabf2aedc3ada2105f03b22b4d3dd\",\"name\":\"Eduardo Mart\u00ednez\",\"image\":{\"@type\":\"ImageObject\",\"inLanguage\":\"pt-BR\",\"@id\":\"https:\/\/secure.gravatar.com\/avatar\/7902f906289926289cbcda644b5197c796b893c6ffd7b9a536a42d290f7704a0?s=96&d=mm&r=g\",\"url\":\"https:\/\/secure.gravatar.com\/avatar\/7902f906289926289cbcda644b5197c796b893c6ffd7b9a536a42d290f7704a0?s=96&d=mm&r=g\",\"contentUrl\":\"https:\/\/secure.gravatar.com\/avatar\/7902f906289926289cbcda644b5197c796b893c6ffd7b9a536a42d290f7704a0?s=96&d=mm&r=g\",\"caption\":\"Eduardo Mart\u00ednez\"}}]}<\/script>\n<!-- \/ Yoast SEO plugin. -->","yoast_head_json":{"title":"Carlos Pulico, mestre maranhense que gira no universo do humor - Notibras","robots":{"index":"index","follow":"follow","max-snippet":"max-snippet:-1","max-image-preview":"max-image-preview:large","max-video-preview":"max-video-preview:-1"},"canonical":"https:\/\/www.notibras.com\/site\/carlos-pulico-mestre-maranhense-que-gira-no-universo-do-humor\/","og_locale":"pt_BR","og_type":"article","og_title":"Carlos Pulico, mestre maranhense que gira no universo do humor - Notibras","og_description":"Ontem fui ao Guar\u00e1 II (DF), no Clube de Com\u00e9dia Aplausos, para assistir ao show de stand up Que Viagem \u00e9 Essa?, do Carlos Pulico. E j\u00e1 na entrada dava pra sentir o clima: o p\u00fablico era majoritariamente maranhense \u2014 como o pr\u00f3prio Pulico \u2014, gente que reconhece de longe as piadas, os sotaques, os [&hellip;]","og_url":"https:\/\/www.notibras.com\/site\/carlos-pulico-mestre-maranhense-que-gira-no-universo-do-humor\/","og_site_name":"Notibras","article_publisher":"https:\/\/www.facebook.com\/notibras\/","article_published_time":"2026-01-18T05:15:12+00:00","article_modified_time":"2026-01-18T07:55:19+00:00","og_image":[{"width":1280,"height":960,"url":"https:\/\/www.notibras.com\/site\/wp-content\/uploads\/2026\/01\/WhatsApp-Image-2026-01-17-at-23.19.47.jpeg","type":"image\/jpeg"}],"author":"Eduardo Mart\u00ednez","twitter_card":"summary_large_image","twitter_creator":"@Notibras","twitter_site":"@Notibras","twitter_misc":{"Escrito por":"Eduardo Mart\u00ednez","Est. tempo de leitura":"2 minutos"},"schema":{"@context":"https:\/\/schema.org","@graph":[{"@type":"Article","@id":"https:\/\/www.notibras.com\/site\/carlos-pulico-mestre-maranhense-que-gira-no-universo-do-humor\/#article","isPartOf":{"@id":"https:\/\/www.notibras.com\/site\/carlos-pulico-mestre-maranhense-que-gira-no-universo-do-humor\/"},"author":{"name":"Eduardo Mart\u00ednez","@id":"https:\/\/www.notibras.com\/site\/#\/schema\/person\/5b7fabf2aedc3ada2105f03b22b4d3dd"},"headline":"Carlos Pulico, mestre maranhense que gira no universo do humor","datePublished":"2026-01-18T05:15:12+00:00","dateModified":"2026-01-18T07:55:19+00:00","mainEntityOfPage":{"@id":"https:\/\/www.notibras.com\/site\/carlos-pulico-mestre-maranhense-que-gira-no-universo-do-humor\/"},"wordCount":280,"publisher":{"@id":"https:\/\/www.notibras.com\/site\/#organization"},"image":{"@id":"https:\/\/www.notibras.com\/site\/carlos-pulico-mestre-maranhense-que-gira-no-universo-do-humor\/#primaryimage"},"thumbnailUrl":"https:\/\/www.notibras.com\/site\/wp-content\/uploads\/2026\/01\/WhatsApp-Image-2026-01-17-at-23.19.47.jpeg","articleSection":["Dona Irene"],"inLanguage":"pt-BR"},{"@type":"WebPage","@id":"https:\/\/www.notibras.com\/site\/carlos-pulico-mestre-maranhense-que-gira-no-universo-do-humor\/","url":"https:\/\/www.notibras.com\/site\/carlos-pulico-mestre-maranhense-que-gira-no-universo-do-humor\/","name":"Carlos Pulico, mestre maranhense que gira no universo do humor - Notibras","isPartOf":{"@id":"https:\/\/www.notibras.com\/site\/#website"},"primaryImageOfPage":{"@id":"https:\/\/www.notibras.com\/site\/carlos-pulico-mestre-maranhense-que-gira-no-universo-do-humor\/#primaryimage"},"image":{"@id":"https:\/\/www.notibras.com\/site\/carlos-pulico-mestre-maranhense-que-gira-no-universo-do-humor\/#primaryimage"},"thumbnailUrl":"https:\/\/www.notibras.com\/site\/wp-content\/uploads\/2026\/01\/WhatsApp-Image-2026-01-17-at-23.19.47.jpeg","datePublished":"2026-01-18T05:15:12+00:00","dateModified":"2026-01-18T07:55:19+00:00","breadcrumb":{"@id":"https:\/\/www.notibras.com\/site\/carlos-pulico-mestre-maranhense-que-gira-no-universo-do-humor\/#breadcrumb"},"inLanguage":"pt-BR","potentialAction":[{"@type":"ReadAction","target":["https:\/\/www.notibras.com\/site\/carlos-pulico-mestre-maranhense-que-gira-no-universo-do-humor\/"]}]},{"@type":"ImageObject","inLanguage":"pt-BR","@id":"https:\/\/www.notibras.com\/site\/carlos-pulico-mestre-maranhense-que-gira-no-universo-do-humor\/#primaryimage","url":"https:\/\/www.notibras.com\/site\/wp-content\/uploads\/2026\/01\/WhatsApp-Image-2026-01-17-at-23.19.47.jpeg","contentUrl":"https:\/\/www.notibras.com\/site\/wp-content\/uploads\/2026\/01\/WhatsApp-Image-2026-01-17-at-23.19.47.jpeg","width":1280,"height":960},{"@type":"BreadcrumbList","@id":"https:\/\/www.notibras.com\/site\/carlos-pulico-mestre-maranhense-que-gira-no-universo-do-humor\/#breadcrumb","itemListElement":[{"@type":"ListItem","position":1,"name":"In\u00edcio","item":"https:\/\/www.notibras.com\/site\/"},{"@type":"ListItem","position":2,"name":"Carlos Pulico, mestre maranhense que gira no universo do humor"}]},{"@type":"WebSite","@id":"https:\/\/www.notibras.com\/site\/#website","url":"https:\/\/www.notibras.com\/site\/","name":"Notibras","description":"Not\u00edcias de Bras\u00edlia, do Brasil e do Mundo","publisher":{"@id":"https:\/\/www.notibras.com\/site\/#organization"},"potentialAction":[{"@type":"SearchAction","target":{"@type":"EntryPoint","urlTemplate":"https:\/\/www.notibras.com\/site\/?s={search_term_string}"},"query-input":{"@type":"PropertyValueSpecification","valueRequired":true,"valueName":"search_term_string"}}],"inLanguage":"pt-BR"},{"@type":"Organization","@id":"https:\/\/www.notibras.com\/site\/#organization","name":"Grupo Notibras de Comunica\u00e7\u00e3o","url":"https:\/\/www.notibras.com\/site\/","logo":{"@type":"ImageObject","inLanguage":"pt-BR","@id":"https:\/\/www.notibras.com\/site\/#\/schema\/logo\/image\/","url":"https:\/\/www.notibras.com\/site\/wp-content\/uploads\/2023\/01\/notibras23.png","contentUrl":"https:\/\/www.notibras.com\/site\/wp-content\/uploads\/2023\/01\/notibras23.png","width":350,"height":87,"caption":"Grupo Notibras de Comunica\u00e7\u00e3o"},"image":{"@id":"https:\/\/www.notibras.com\/site\/#\/schema\/logo\/image\/"},"sameAs":["https:\/\/www.facebook.com\/notibras\/","https:\/\/x.com\/Notibras","https:\/\/www.instagram.com\/notibras\/"]},{"@type":"Person","@id":"https:\/\/www.notibras.com\/site\/#\/schema\/person\/5b7fabf2aedc3ada2105f03b22b4d3dd","name":"Eduardo Mart\u00ednez","image":{"@type":"ImageObject","inLanguage":"pt-BR","@id":"https:\/\/secure.gravatar.com\/avatar\/7902f906289926289cbcda644b5197c796b893c6ffd7b9a536a42d290f7704a0?s=96&d=mm&r=g","url":"https:\/\/secure.gravatar.com\/avatar\/7902f906289926289cbcda644b5197c796b893c6ffd7b9a536a42d290f7704a0?s=96&d=mm&r=g","contentUrl":"https:\/\/secure.gravatar.com\/avatar\/7902f906289926289cbcda644b5197c796b893c6ffd7b9a536a42d290f7704a0?s=96&d=mm&r=g","caption":"Eduardo Mart\u00ednez"}}]}},"amp_enabled":true,"_links":{"self":[{"href":"https:\/\/www.notibras.com\/site\/wp-json\/wp\/v2\/posts\/379461","targetHints":{"allow":["GET"]}}],"collection":[{"href":"https:\/\/www.notibras.com\/site\/wp-json\/wp\/v2\/posts"}],"about":[{"href":"https:\/\/www.notibras.com\/site\/wp-json\/wp\/v2\/types\/post"}],"author":[{"embeddable":true,"href":"https:\/\/www.notibras.com\/site\/wp-json\/wp\/v2\/users\/21"}],"replies":[{"embeddable":true,"href":"https:\/\/www.notibras.com\/site\/wp-json\/wp\/v2\/comments?post=379461"}],"version-history":[{"count":3,"href":"https:\/\/www.notibras.com\/site\/wp-json\/wp\/v2\/posts\/379461\/revisions"}],"predecessor-version":[{"id":379484,"href":"https:\/\/www.notibras.com\/site\/wp-json\/wp\/v2\/posts\/379461\/revisions\/379484"}],"wp:featuredmedia":[{"embeddable":true,"href":"https:\/\/www.notibras.com\/site\/wp-json\/wp\/v2\/media\/379463"}],"wp:attachment":[{"href":"https:\/\/www.notibras.com\/site\/wp-json\/wp\/v2\/media?parent=379461"}],"wp:term":[{"taxonomy":"category","embeddable":true,"href":"https:\/\/www.notibras.com\/site\/wp-json\/wp\/v2\/categories?post=379461"},{"taxonomy":"post_tag","embeddable":true,"href":"https:\/\/www.notibras.com\/site\/wp-json\/wp\/v2\/tags?post=379461"}],"curies":[{"name":"wp","href":"https:\/\/api.w.org\/{rel}","templated":true}]}}