{"id":379473,"date":"2026-01-18T02:00:05","date_gmt":"2026-01-18T05:00:05","guid":{"rendered":"https:\/\/www.notibras.com\/site\/?p=379473"},"modified":"2026-01-18T01:51:52","modified_gmt":"2026-01-18T04:51:52","slug":"o-caixeiro-viajante-e-o-imbroglio-com-a-esposa-do-policial","status":"publish","type":"post","link":"https:\/\/www.notibras.com\/site\/o-caixeiro-viajante-e-o-imbroglio-com-a-esposa-do-policial\/","title":{"rendered":"O caixeiro-viajante e o imbr\u00f3glio com a esposa do policial"},"content":{"rendered":"<p>O velho Oleg\u00e1rio estava degustando aquela cerveja estupidamente gelada no Bar do Bosco, ali na quadra 709 Norte, em Bras\u00edlia, quando Mauro Ant\u00f4nio e Cleidson, dois rapazolas da regi\u00e3o, instigaram o sujeito a lhes contar suas antigas aventuras como caixeiro-viajante l\u00e1 nas Minas Gerais.<\/p>\n<p>Naquele tempo, por conta da falta de nota fiscal das mercadorias (exclusivamente roupas femininas) comercializadas por Oleg\u00e1rio, ele precisava desviar das rotas \u00f3bvias para evitar a Pol\u00edcia Rodovi\u00e1ria Federal (PRF). No entanto, apesar da malandragem adquirida ao longo dos anos, vez ou outra, o caixeiro-viajante n\u00e3o conseguia se desvencilhar da m\u00e3o do Estado. Se bem que, no caso em quest\u00e3o, provavelmente o Estado fazia vista grossa para os desvios dos seus n\u00e3o t\u00e3o nobres servidores.<\/p>\n<p>Bem, melhor n\u00e3o deixar a conversa encompridar muito ou, ent\u00e3o, periga do Mauro Ant\u00f4nio e do Cleidson irem embora sem ouvirem o fim da hist\u00f3ria. E n\u00e3o \u00e9 que, nos idos de 1976, praticamente dois meses ap\u00f3s ter ca\u00eddo em uma blitz, Oleg\u00e1rio, com a Variant 1972 carregada de produtos, foi parado novamente? Pois foi isso mesmo que aconteceu.<\/p>\n<p>\u2014 Mas que coincid\u00eancia, seu guarda!<\/p>\n<p>\u2014 Coincid\u00eancia digo eu, seu cretino?<\/p>\n<p>\u2014 Uai! T\u00e1 me ofendendo por qu\u00ea?<\/p>\n<p>\u2014 Por tua causa, peste, minha mulher quase que largou de mim.<\/p>\n<p>\u2014 Por minha causa? Mas o que \u00e9 que eu fiz?<\/p>\n<p>\u2014 Pois voc\u00ea n\u00e3o se lembra daqueles trapos que voc\u00ea estava daquela vez?<\/p>\n<p>\u2014 Tudo roupa de grife!<\/p>\n<p>\u2014 Que grife que nada, que madame da alta n\u00e3o usa aquilo.<\/p>\n<p>\u2014 N\u00e3o usa porque n\u00e3o conhece, mas se conhecesse&#8230;<\/p>\n<p>\u2014 Pois deixe de conversa fiada, seu, seu&#8230;<\/p>\n<p>\u2014 Oleg\u00e1rio.<\/p>\n<p>\u2014 Pois que seja, Oleg\u00e1rio, seu safado!<\/p>\n<p>Oleg\u00e1rio observou que o nome de guerra do policial era Gra\u00e7a e, brincalh\u00e3o que era, resolveu arriscar.<\/p>\n<p>\u2014 E qual \u00e9 a sua gra\u00e7a, seu guarda.<\/p>\n<p>\u2014 Gra\u00e7a.<\/p>\n<p>\u2014 Sim. \u00c9 justamente isso que quero saber.<\/p>\n<p>\u2014 Quer saber o qu\u00ea?<\/p>\n<p>\u2014 A sua gra\u00e7a.<\/p>\n<p>\u2014 Gra\u00e7a! J\u00e1 disse!<\/p>\n<p>\u2014 O senhor est\u00e1 me dizendo que a sua gra\u00e7a \u00e9 Gra\u00e7a?<\/p>\n<p>J\u00e1 perdendo a paci\u00eancia, mas n\u00e3o querendo deix\u00e1-la escapar por completo, o policial Gra\u00e7a apontou para o nome de guerra costurado logo acima do bolso do uniforme. Obviamente que Oleg\u00e1rio sorriu o sorriso dos c\u00ednicos, mas sem ser de todo debochado.<\/p>\n<p>\u2014 Que coincid\u00eancia, n\u00e9, seu guarda?!<\/p>\n<p>\u2014 Hum! O que voc\u00ea tem a\u00ed hoje?<\/p>\n<p>\u2014 S\u00f3 material do bom.<\/p>\n<p>\u2014 Quero ver!<\/p>\n<p>Ap\u00f3s o caixeiro-viajante abrir as sacolas e mostrar as mercadorias, o policial catou as mais bonitas e as colocou no banco da viatura. J\u00e1 as demais, ele j\u00e1 foi metendo no porta malas. Foi a\u00ed que o Oleg\u00e1rio percebeu que dois vestidos dos mais lindos tinham ido parar na traseira do carro da pol\u00edcia.<\/p>\n<p>\u2014 Uai, seu guarda, acho que a sua dign\u00edssima iria adorar aqueles dois vestidos que o senhor acabou de colocar no porta-malas.<\/p>\n<p>\u2014 Hum!<\/p>\n<p>\u2014 Tenho certeza!<\/p>\n<p>\u2014 Aqueles n\u00e3o servem.<\/p>\n<p>\u2014 N\u00e3o servem? Como assim?<\/p>\n<p>\u2014 \u00c9 que a minha Maria Rita engordou um tiquinho.<\/p>\n<p>\u2014 Hum! Isso n\u00e3o \u00e9 problema, meu amigo.<\/p>\n<p>\u2014 N\u00e3o entendi.<\/p>\n<p>\u2014 Vamos fazer o seguinte. Acordo de cavalheiros, claro.<\/p>\n<p>\u2014 Hum! Pois diga.<\/p>\n<p>\u2014 Se o senhor me devolver todas aquelas roupas do porta-malas, eu prometo, palavra de caixeiro-viajante, que n\u00e3o sou moleque, que vou providenciar dois belos vestidos todos os meses para a sua esposa. Mas o senhor n\u00e3o pode mais confiscar minhas mercadorias. De acordo?<\/p>\n<p>O policial, apesar de ressabiado, aceitou o acordo. E, por mais de 15 anos, Maria Rita imaginou que havia se casado com o homem mais apaixonado da regi\u00e3o. Tudo gra\u00e7as ao acordo firmado entre seu marido, o policial Gra\u00e7a, e o caixeiro-viajante Oleg\u00e1rio.<\/p>\n<p><strong>\u2026\u2026\u2026\u2026\u2026\u2026\u2026\u2026<\/strong><\/p>\n<p><strong>Eduardo Mart\u00ednez \u00e9 autor do livro \u201957 Contos e Cr\u00f4nicas por um Autor Muito Velho\u2019 (Vencedor do Pr\u00eamio Liter\u00e1rio Clarice Lispector \u2013 2025 na categoria livro de contos).<\/strong><\/p>\n<p><strong>Compre aqui<\/strong><\/p>\n<p><a href=\"https:\/\/www.joanineditora.com.br\/57-contos-e-cronicas-por-um-autor-muito-velho\"><strong>https:\/\/www.joanineditora.com.br\/57-contos-e-cronicas-por-um-autor-muito-velho<\/strong><\/a><\/p>\n","protected":false},"excerpt":{"rendered":"<p>O velho Oleg\u00e1rio estava degustando aquela cerveja estupidamente gelada no Bar do Bosco, ali na quadra 709 Norte, em Bras\u00edlia, quando Mauro Ant\u00f4nio e Cleidson, dois rapazolas da regi\u00e3o, instigaram o sujeito a lhes contar suas antigas aventuras como caixeiro-viajante l\u00e1 nas Minas Gerais. Naquele tempo, por conta da falta de nota fiscal das mercadorias [&hellip;]<\/p>\n","protected":false},"author":21,"featured_media":379477,"comment_status":"closed","ping_status":"closed","sticky":false,"template":"","format":"standard","meta":{"_acf_changed":false,"footnotes":""},"categories":[161],"tags":[],"class_list":["post-379473","post","type-post","status-publish","format-standard","has-post-thumbnail","hentry","category-quadradinho-em-foco"],"acf":[],"yoast_head":"<!-- This site is optimized with the Yoast SEO plugin v27.2 - https:\/\/yoast.com\/product\/yoast-seo-wordpress\/ -->\n<title>O caixeiro-viajante e o imbr\u00f3glio com a esposa do policial - Notibras<\/title>\n<meta name=\"robots\" content=\"index, follow, max-snippet:-1, max-image-preview:large, max-video-preview:-1\" \/>\n<link rel=\"canonical\" href=\"https:\/\/www.notibras.com\/site\/o-caixeiro-viajante-e-o-imbroglio-com-a-esposa-do-policial\/\" \/>\n<meta property=\"og:locale\" content=\"pt_BR\" \/>\n<meta property=\"og:type\" content=\"article\" \/>\n<meta property=\"og:title\" content=\"O caixeiro-viajante e o imbr\u00f3glio com a esposa do policial - Notibras\" \/>\n<meta property=\"og:description\" content=\"O velho Oleg\u00e1rio estava degustando aquela cerveja estupidamente gelada no Bar do Bosco, ali na quadra 709 Norte, em Bras\u00edlia, quando Mauro Ant\u00f4nio e Cleidson, dois rapazolas da regi\u00e3o, instigaram o sujeito a lhes contar suas antigas aventuras como caixeiro-viajante l\u00e1 nas Minas Gerais. Naquele tempo, por conta da falta de nota fiscal das mercadorias [&hellip;]\" \/>\n<meta property=\"og:url\" content=\"https:\/\/www.notibras.com\/site\/o-caixeiro-viajante-e-o-imbroglio-com-a-esposa-do-policial\/\" \/>\n<meta property=\"og:site_name\" content=\"Notibras\" \/>\n<meta property=\"article:publisher\" content=\"https:\/\/www.facebook.com\/notibras\/\" \/>\n<meta property=\"article:published_time\" content=\"2026-01-18T05:00:05+00:00\" \/>\n<meta property=\"og:image\" content=\"https:\/\/www.notibras.com\/site\/wp-content\/uploads\/2026\/01\/IMG_0395.jpg\" \/>\n\t<meta property=\"og:image:width\" content=\"1006\" \/>\n\t<meta property=\"og:image:height\" content=\"943\" \/>\n\t<meta property=\"og:image:type\" content=\"image\/jpeg\" \/>\n<meta name=\"author\" content=\"Eduardo Mart\u00ednez\" \/>\n<meta name=\"twitter:card\" content=\"summary_large_image\" \/>\n<meta name=\"twitter:creator\" content=\"@Notibras\" \/>\n<meta name=\"twitter:site\" content=\"@Notibras\" \/>\n<meta name=\"twitter:label1\" content=\"Escrito por\" \/>\n\t<meta name=\"twitter:data1\" content=\"Eduardo Mart\u00ednez\" \/>\n\t<meta name=\"twitter:label2\" content=\"Est. tempo de leitura\" \/>\n\t<meta name=\"twitter:data2\" content=\"4 minutos\" \/>\n<script type=\"application\/ld+json\" class=\"yoast-schema-graph\">{\"@context\":\"https:\/\/schema.org\",\"@graph\":[{\"@type\":\"Article\",\"@id\":\"https:\/\/www.notibras.com\/site\/o-caixeiro-viajante-e-o-imbroglio-com-a-esposa-do-policial\/#article\",\"isPartOf\":{\"@id\":\"https:\/\/www.notibras.com\/site\/o-caixeiro-viajante-e-o-imbroglio-com-a-esposa-do-policial\/\"},\"author\":{\"name\":\"Eduardo Mart\u00ednez\",\"@id\":\"https:\/\/www.notibras.com\/site\/#\/schema\/person\/5b7fabf2aedc3ada2105f03b22b4d3dd\"},\"headline\":\"O caixeiro-viajante e o imbr\u00f3glio com a esposa do policial\",\"datePublished\":\"2026-01-18T05:00:05+00:00\",\"mainEntityOfPage\":{\"@id\":\"https:\/\/www.notibras.com\/site\/o-caixeiro-viajante-e-o-imbroglio-com-a-esposa-do-policial\/\"},\"wordCount\":671,\"publisher\":{\"@id\":\"https:\/\/www.notibras.com\/site\/#organization\"},\"image\":{\"@id\":\"https:\/\/www.notibras.com\/site\/o-caixeiro-viajante-e-o-imbroglio-com-a-esposa-do-policial\/#primaryimage\"},\"thumbnailUrl\":\"https:\/\/www.notibras.com\/site\/wp-content\/uploads\/2026\/01\/IMG_0395.jpg\",\"articleSection\":[\"Quadradinho em Foco\"],\"inLanguage\":\"pt-BR\"},{\"@type\":\"WebPage\",\"@id\":\"https:\/\/www.notibras.com\/site\/o-caixeiro-viajante-e-o-imbroglio-com-a-esposa-do-policial\/\",\"url\":\"https:\/\/www.notibras.com\/site\/o-caixeiro-viajante-e-o-imbroglio-com-a-esposa-do-policial\/\",\"name\":\"O caixeiro-viajante e o imbr\u00f3glio com a esposa do policial - Notibras\",\"isPartOf\":{\"@id\":\"https:\/\/www.notibras.com\/site\/#website\"},\"primaryImageOfPage\":{\"@id\":\"https:\/\/www.notibras.com\/site\/o-caixeiro-viajante-e-o-imbroglio-com-a-esposa-do-policial\/#primaryimage\"},\"image\":{\"@id\":\"https:\/\/www.notibras.com\/site\/o-caixeiro-viajante-e-o-imbroglio-com-a-esposa-do-policial\/#primaryimage\"},\"thumbnailUrl\":\"https:\/\/www.notibras.com\/site\/wp-content\/uploads\/2026\/01\/IMG_0395.jpg\",\"datePublished\":\"2026-01-18T05:00:05+00:00\",\"breadcrumb\":{\"@id\":\"https:\/\/www.notibras.com\/site\/o-caixeiro-viajante-e-o-imbroglio-com-a-esposa-do-policial\/#breadcrumb\"},\"inLanguage\":\"pt-BR\",\"potentialAction\":[{\"@type\":\"ReadAction\",\"target\":[\"https:\/\/www.notibras.com\/site\/o-caixeiro-viajante-e-o-imbroglio-com-a-esposa-do-policial\/\"]}]},{\"@type\":\"ImageObject\",\"inLanguage\":\"pt-BR\",\"@id\":\"https:\/\/www.notibras.com\/site\/o-caixeiro-viajante-e-o-imbroglio-com-a-esposa-do-policial\/#primaryimage\",\"url\":\"https:\/\/www.notibras.com\/site\/wp-content\/uploads\/2026\/01\/IMG_0395.jpg\",\"contentUrl\":\"https:\/\/www.notibras.com\/site\/wp-content\/uploads\/2026\/01\/IMG_0395.jpg\",\"width\":1006,\"height\":943},{\"@type\":\"BreadcrumbList\",\"@id\":\"https:\/\/www.notibras.com\/site\/o-caixeiro-viajante-e-o-imbroglio-com-a-esposa-do-policial\/#breadcrumb\",\"itemListElement\":[{\"@type\":\"ListItem\",\"position\":1,\"name\":\"In\u00edcio\",\"item\":\"https:\/\/www.notibras.com\/site\/\"},{\"@type\":\"ListItem\",\"position\":2,\"name\":\"O caixeiro-viajante e o imbr\u00f3glio com a esposa do policial\"}]},{\"@type\":\"WebSite\",\"@id\":\"https:\/\/www.notibras.com\/site\/#website\",\"url\":\"https:\/\/www.notibras.com\/site\/\",\"name\":\"Notibras\",\"description\":\"Not\u00edcias de Bras\u00edlia, do Brasil e do Mundo\",\"publisher\":{\"@id\":\"https:\/\/www.notibras.com\/site\/#organization\"},\"potentialAction\":[{\"@type\":\"SearchAction\",\"target\":{\"@type\":\"EntryPoint\",\"urlTemplate\":\"https:\/\/www.notibras.com\/site\/?s={search_term_string}\"},\"query-input\":{\"@type\":\"PropertyValueSpecification\",\"valueRequired\":true,\"valueName\":\"search_term_string\"}}],\"inLanguage\":\"pt-BR\"},{\"@type\":\"Organization\",\"@id\":\"https:\/\/www.notibras.com\/site\/#organization\",\"name\":\"Grupo Notibras de Comunica\u00e7\u00e3o\",\"url\":\"https:\/\/www.notibras.com\/site\/\",\"logo\":{\"@type\":\"ImageObject\",\"inLanguage\":\"pt-BR\",\"@id\":\"https:\/\/www.notibras.com\/site\/#\/schema\/logo\/image\/\",\"url\":\"https:\/\/www.notibras.com\/site\/wp-content\/uploads\/2023\/01\/notibras23.png\",\"contentUrl\":\"https:\/\/www.notibras.com\/site\/wp-content\/uploads\/2023\/01\/notibras23.png\",\"width\":350,\"height\":87,\"caption\":\"Grupo Notibras de Comunica\u00e7\u00e3o\"},\"image\":{\"@id\":\"https:\/\/www.notibras.com\/site\/#\/schema\/logo\/image\/\"},\"sameAs\":[\"https:\/\/www.facebook.com\/notibras\/\",\"https:\/\/x.com\/Notibras\",\"https:\/\/www.instagram.com\/notibras\/\"]},{\"@type\":\"Person\",\"@id\":\"https:\/\/www.notibras.com\/site\/#\/schema\/person\/5b7fabf2aedc3ada2105f03b22b4d3dd\",\"name\":\"Eduardo Mart\u00ednez\",\"image\":{\"@type\":\"ImageObject\",\"inLanguage\":\"pt-BR\",\"@id\":\"https:\/\/secure.gravatar.com\/avatar\/7902f906289926289cbcda644b5197c796b893c6ffd7b9a536a42d290f7704a0?s=96&d=mm&r=g\",\"url\":\"https:\/\/secure.gravatar.com\/avatar\/7902f906289926289cbcda644b5197c796b893c6ffd7b9a536a42d290f7704a0?s=96&d=mm&r=g\",\"contentUrl\":\"https:\/\/secure.gravatar.com\/avatar\/7902f906289926289cbcda644b5197c796b893c6ffd7b9a536a42d290f7704a0?s=96&d=mm&r=g\",\"caption\":\"Eduardo Mart\u00ednez\"}}]}<\/script>\n<!-- \/ Yoast SEO plugin. -->","yoast_head_json":{"title":"O caixeiro-viajante e o imbr\u00f3glio com a esposa do policial - Notibras","robots":{"index":"index","follow":"follow","max-snippet":"max-snippet:-1","max-image-preview":"max-image-preview:large","max-video-preview":"max-video-preview:-1"},"canonical":"https:\/\/www.notibras.com\/site\/o-caixeiro-viajante-e-o-imbroglio-com-a-esposa-do-policial\/","og_locale":"pt_BR","og_type":"article","og_title":"O caixeiro-viajante e o imbr\u00f3glio com a esposa do policial - Notibras","og_description":"O velho Oleg\u00e1rio estava degustando aquela cerveja estupidamente gelada no Bar do Bosco, ali na quadra 709 Norte, em Bras\u00edlia, quando Mauro Ant\u00f4nio e Cleidson, dois rapazolas da regi\u00e3o, instigaram o sujeito a lhes contar suas antigas aventuras como caixeiro-viajante l\u00e1 nas Minas Gerais. Naquele tempo, por conta da falta de nota fiscal das mercadorias [&hellip;]","og_url":"https:\/\/www.notibras.com\/site\/o-caixeiro-viajante-e-o-imbroglio-com-a-esposa-do-policial\/","og_site_name":"Notibras","article_publisher":"https:\/\/www.facebook.com\/notibras\/","article_published_time":"2026-01-18T05:00:05+00:00","og_image":[{"width":1006,"height":943,"url":"https:\/\/www.notibras.com\/site\/wp-content\/uploads\/2026\/01\/IMG_0395.jpg","type":"image\/jpeg"}],"author":"Eduardo Mart\u00ednez","twitter_card":"summary_large_image","twitter_creator":"@Notibras","twitter_site":"@Notibras","twitter_misc":{"Escrito por":"Eduardo Mart\u00ednez","Est. tempo de leitura":"4 minutos"},"schema":{"@context":"https:\/\/schema.org","@graph":[{"@type":"Article","@id":"https:\/\/www.notibras.com\/site\/o-caixeiro-viajante-e-o-imbroglio-com-a-esposa-do-policial\/#article","isPartOf":{"@id":"https:\/\/www.notibras.com\/site\/o-caixeiro-viajante-e-o-imbroglio-com-a-esposa-do-policial\/"},"author":{"name":"Eduardo Mart\u00ednez","@id":"https:\/\/www.notibras.com\/site\/#\/schema\/person\/5b7fabf2aedc3ada2105f03b22b4d3dd"},"headline":"O caixeiro-viajante e o imbr\u00f3glio com a esposa do policial","datePublished":"2026-01-18T05:00:05+00:00","mainEntityOfPage":{"@id":"https:\/\/www.notibras.com\/site\/o-caixeiro-viajante-e-o-imbroglio-com-a-esposa-do-policial\/"},"wordCount":671,"publisher":{"@id":"https:\/\/www.notibras.com\/site\/#organization"},"image":{"@id":"https:\/\/www.notibras.com\/site\/o-caixeiro-viajante-e-o-imbroglio-com-a-esposa-do-policial\/#primaryimage"},"thumbnailUrl":"https:\/\/www.notibras.com\/site\/wp-content\/uploads\/2026\/01\/IMG_0395.jpg","articleSection":["Quadradinho em Foco"],"inLanguage":"pt-BR"},{"@type":"WebPage","@id":"https:\/\/www.notibras.com\/site\/o-caixeiro-viajante-e-o-imbroglio-com-a-esposa-do-policial\/","url":"https:\/\/www.notibras.com\/site\/o-caixeiro-viajante-e-o-imbroglio-com-a-esposa-do-policial\/","name":"O caixeiro-viajante e o imbr\u00f3glio com a esposa do policial - Notibras","isPartOf":{"@id":"https:\/\/www.notibras.com\/site\/#website"},"primaryImageOfPage":{"@id":"https:\/\/www.notibras.com\/site\/o-caixeiro-viajante-e-o-imbroglio-com-a-esposa-do-policial\/#primaryimage"},"image":{"@id":"https:\/\/www.notibras.com\/site\/o-caixeiro-viajante-e-o-imbroglio-com-a-esposa-do-policial\/#primaryimage"},"thumbnailUrl":"https:\/\/www.notibras.com\/site\/wp-content\/uploads\/2026\/01\/IMG_0395.jpg","datePublished":"2026-01-18T05:00:05+00:00","breadcrumb":{"@id":"https:\/\/www.notibras.com\/site\/o-caixeiro-viajante-e-o-imbroglio-com-a-esposa-do-policial\/#breadcrumb"},"inLanguage":"pt-BR","potentialAction":[{"@type":"ReadAction","target":["https:\/\/www.notibras.com\/site\/o-caixeiro-viajante-e-o-imbroglio-com-a-esposa-do-policial\/"]}]},{"@type":"ImageObject","inLanguage":"pt-BR","@id":"https:\/\/www.notibras.com\/site\/o-caixeiro-viajante-e-o-imbroglio-com-a-esposa-do-policial\/#primaryimage","url":"https:\/\/www.notibras.com\/site\/wp-content\/uploads\/2026\/01\/IMG_0395.jpg","contentUrl":"https:\/\/www.notibras.com\/site\/wp-content\/uploads\/2026\/01\/IMG_0395.jpg","width":1006,"height":943},{"@type":"BreadcrumbList","@id":"https:\/\/www.notibras.com\/site\/o-caixeiro-viajante-e-o-imbroglio-com-a-esposa-do-policial\/#breadcrumb","itemListElement":[{"@type":"ListItem","position":1,"name":"In\u00edcio","item":"https:\/\/www.notibras.com\/site\/"},{"@type":"ListItem","position":2,"name":"O caixeiro-viajante e o imbr\u00f3glio com a esposa do policial"}]},{"@type":"WebSite","@id":"https:\/\/www.notibras.com\/site\/#website","url":"https:\/\/www.notibras.com\/site\/","name":"Notibras","description":"Not\u00edcias de Bras\u00edlia, do Brasil e do Mundo","publisher":{"@id":"https:\/\/www.notibras.com\/site\/#organization"},"potentialAction":[{"@type":"SearchAction","target":{"@type":"EntryPoint","urlTemplate":"https:\/\/www.notibras.com\/site\/?s={search_term_string}"},"query-input":{"@type":"PropertyValueSpecification","valueRequired":true,"valueName":"search_term_string"}}],"inLanguage":"pt-BR"},{"@type":"Organization","@id":"https:\/\/www.notibras.com\/site\/#organization","name":"Grupo Notibras de Comunica\u00e7\u00e3o","url":"https:\/\/www.notibras.com\/site\/","logo":{"@type":"ImageObject","inLanguage":"pt-BR","@id":"https:\/\/www.notibras.com\/site\/#\/schema\/logo\/image\/","url":"https:\/\/www.notibras.com\/site\/wp-content\/uploads\/2023\/01\/notibras23.png","contentUrl":"https:\/\/www.notibras.com\/site\/wp-content\/uploads\/2023\/01\/notibras23.png","width":350,"height":87,"caption":"Grupo Notibras de Comunica\u00e7\u00e3o"},"image":{"@id":"https:\/\/www.notibras.com\/site\/#\/schema\/logo\/image\/"},"sameAs":["https:\/\/www.facebook.com\/notibras\/","https:\/\/x.com\/Notibras","https:\/\/www.instagram.com\/notibras\/"]},{"@type":"Person","@id":"https:\/\/www.notibras.com\/site\/#\/schema\/person\/5b7fabf2aedc3ada2105f03b22b4d3dd","name":"Eduardo Mart\u00ednez","image":{"@type":"ImageObject","inLanguage":"pt-BR","@id":"https:\/\/secure.gravatar.com\/avatar\/7902f906289926289cbcda644b5197c796b893c6ffd7b9a536a42d290f7704a0?s=96&d=mm&r=g","url":"https:\/\/secure.gravatar.com\/avatar\/7902f906289926289cbcda644b5197c796b893c6ffd7b9a536a42d290f7704a0?s=96&d=mm&r=g","contentUrl":"https:\/\/secure.gravatar.com\/avatar\/7902f906289926289cbcda644b5197c796b893c6ffd7b9a536a42d290f7704a0?s=96&d=mm&r=g","caption":"Eduardo Mart\u00ednez"}}]}},"amp_enabled":true,"_links":{"self":[{"href":"https:\/\/www.notibras.com\/site\/wp-json\/wp\/v2\/posts\/379473","targetHints":{"allow":["GET"]}}],"collection":[{"href":"https:\/\/www.notibras.com\/site\/wp-json\/wp\/v2\/posts"}],"about":[{"href":"https:\/\/www.notibras.com\/site\/wp-json\/wp\/v2\/types\/post"}],"author":[{"embeddable":true,"href":"https:\/\/www.notibras.com\/site\/wp-json\/wp\/v2\/users\/21"}],"replies":[{"embeddable":true,"href":"https:\/\/www.notibras.com\/site\/wp-json\/wp\/v2\/comments?post=379473"}],"version-history":[{"count":5,"href":"https:\/\/www.notibras.com\/site\/wp-json\/wp\/v2\/posts\/379473\/revisions"}],"predecessor-version":[{"id":379479,"href":"https:\/\/www.notibras.com\/site\/wp-json\/wp\/v2\/posts\/379473\/revisions\/379479"}],"wp:featuredmedia":[{"embeddable":true,"href":"https:\/\/www.notibras.com\/site\/wp-json\/wp\/v2\/media\/379477"}],"wp:attachment":[{"href":"https:\/\/www.notibras.com\/site\/wp-json\/wp\/v2\/media?parent=379473"}],"wp:term":[{"taxonomy":"category","embeddable":true,"href":"https:\/\/www.notibras.com\/site\/wp-json\/wp\/v2\/categories?post=379473"},{"taxonomy":"post_tag","embeddable":true,"href":"https:\/\/www.notibras.com\/site\/wp-json\/wp\/v2\/tags?post=379473"}],"curies":[{"name":"wp","href":"https:\/\/api.w.org\/{rel}","templated":true}]}}