{"id":379480,"date":"2026-01-18T00:15:58","date_gmt":"2026-01-18T03:15:58","guid":{"rendered":"https:\/\/www.notibras.com\/site\/?p=379480"},"modified":"2026-01-18T05:16:27","modified_gmt":"2026-01-18T08:16:27","slug":"inclusao-e-capacitacao-de-jovens-no-mercado-de-trabalho","status":"publish","type":"post","link":"https:\/\/www.notibras.com\/site\/inclusao-e-capacitacao-de-jovens-no-mercado-de-trabalho\/","title":{"rendered":"Inclus\u00e3o e capacita\u00e7\u00e3o de jovens no mercado de trabalho"},"content":{"rendered":"<p>Programas da Secretaria da Juventude (Sejuve-DF) t\u00eam marcado presen\u00e7a no \u00e2mbito da agenda voltada \u00e0 capacita\u00e7\u00e3o e ao empoderamento da juventude; especialmente dos estudantes da rede p\u00fablica e jovens em situa\u00e7\u00e3o de vulnerabilidade.<\/p>\n<p>S\u00e3o iniciativas que focam educa\u00e7\u00e3o financeira, inclus\u00e3o digital, qualifica\u00e7\u00e3o profissional e articula\u00e7\u00e3o com programas de inser\u00e7\u00e3o no mercado de trabalho. \u201cA juventude precisa de oportunidades reais\u201d, afirma o titular da Sejuve-DF, Andr\u00e9 Kubitschek. \u201cPol\u00edtica p\u00fablica precisa gerar impacto direto na vida das pessoas\u201d.<\/p>\n<p>Dentre as a\u00e7\u00f5es da secretaria, o gestor destaca o workshop de educa\u00e7\u00e3o financeira Futuro em Conta, criado com a meta de preparar os jovens para lidar com o dinheiro de forma consciente, abordando temas como planejamento financeiro, consumo respons\u00e1vel, defini\u00e7\u00e3o de metas e no\u00e7\u00f5es b\u00e1sicas de empreendedorismo. Estudantes da rede p\u00fablica e jovens em situa\u00e7\u00e3o de vulnerabilidade s\u00e3o o foco. \u201cEduca\u00e7\u00e3o financeira \u00e9 tamb\u00e9m uma ferramenta de autonomia, cidadania e transforma\u00e7\u00e3o social\u201d, enfatiza o secret\u00e1rio.<\/p>\n<p>O programa Pr\u00f3-Jovem Digital, por sua vez, \u00e9 considerado estrat\u00e9gico para a inclus\u00e3o da juventude do DF. Oferece capacita\u00e7\u00e3o em tecnologia, marketing digital, produ\u00e7\u00e3o de conte\u00fado e abordagem de \u00e1reas ligadas \u00e0 economia digital, preparando os jovens para um mercado cada vez mais conectado e competitivo.<\/p>\n<p>Na mesma linha funciona o programa Jovem Candango, uma das principais portas de entrada do jovem no mercado de trabalho, conectando experi\u00eancia profissional, forma\u00e7\u00e3o continuada e desenvolvimento pessoal.<\/p>\n<p>Forma\u00e7\u00e3o, oportunidade e protagonismo juvenil s\u00e3o os fundamentos da secretaria, bem como a descentraliza\u00e7\u00e3o dos servi\u00e7os. \u201cNosso compromisso \u00e9 garantir que todos os jovens, independentemente de onde moram, tenham acesso \u00e0s pol\u00edticas p\u00fablicas\u201d, refor\u00e7a Andr\u00e9 Kubitschek.<\/p>\n<p><strong>Perspectivas<\/strong><\/p>\n<p>Para este ano, a Sejuve-DF planeja a expans\u00e3o dos programas j\u00e1 iniciados, al\u00e9m da cria\u00e7\u00e3o de novas a\u00e7\u00f5es voltadas ao primeiro emprego, ao empreendedorismo juvenil, \u00e0 economia criativa, \u00e0 forma\u00e7\u00e3o de lideran\u00e7as jovens e \u00e0 educa\u00e7\u00e3o financeira continuada.<\/p>\n<p>Tamb\u00e9m est\u00e3o previstas iniciativas nas \u00e1reas de sa\u00fade emocional, cidadania e inova\u00e7\u00e3o social, al\u00e9m do fortalecimento de parcerias com a iniciativa privada, universidades, terceiro setor e parlamentares, por meio da proposi\u00e7\u00e3o de emendas voltadas \u00e0s pol\u00edticas p\u00fablicas de juventude.<\/p>\n<p>\u201cA ideia \u00e9 transformar essas a\u00e7\u00f5es em pol\u00edticas p\u00fablicas permanentes, com resultados duradouros\u201d, lembra o secret\u00e1rio. \u201cA Secretaria da Juventude est\u00e1 de portas abertas para ouvir, construir e caminhar junto com os jovens. A juventude de Bras\u00edlia tem talento, criatividade e for\u00e7a. Nosso papel \u00e9 abrir caminhos para que esse potencial se transforme em oportunidades reais.\u201d<\/p>\n","protected":false},"excerpt":{"rendered":"<p>Programas da Secretaria da Juventude (Sejuve-DF) t\u00eam marcado presen\u00e7a no \u00e2mbito da agenda voltada \u00e0 capacita\u00e7\u00e3o e ao empoderamento da juventude; especialmente dos estudantes da rede p\u00fablica e jovens em situa\u00e7\u00e3o de vulnerabilidade. S\u00e3o iniciativas que focam educa\u00e7\u00e3o financeira, inclus\u00e3o digital, qualifica\u00e7\u00e3o profissional e articula\u00e7\u00e3o com programas de inser\u00e7\u00e3o no mercado de trabalho. \u201cA juventude [&hellip;]<\/p>\n","protected":false},"author":21,"featured_media":379481,"comment_status":"closed","ping_status":"closed","sticky":false,"template":"","format":"standard","meta":{"_acf_changed":false,"footnotes":""},"categories":[161],"tags":[],"class_list":["post-379480","post","type-post","status-publish","format-standard","has-post-thumbnail","hentry","category-quadradinho-em-foco"],"acf":[],"yoast_head":"<!-- This site is optimized with the Yoast SEO plugin v27.2 - https:\/\/yoast.com\/product\/yoast-seo-wordpress\/ -->\n<title>Inclus\u00e3o e capacita\u00e7\u00e3o de jovens no mercado de trabalho - Notibras<\/title>\n<meta name=\"robots\" content=\"index, follow, max-snippet:-1, max-image-preview:large, max-video-preview:-1\" \/>\n<link rel=\"canonical\" href=\"https:\/\/www.notibras.com\/site\/inclusao-e-capacitacao-de-jovens-no-mercado-de-trabalho\/\" \/>\n<meta property=\"og:locale\" content=\"pt_BR\" \/>\n<meta property=\"og:type\" content=\"article\" \/>\n<meta property=\"og:title\" content=\"Inclus\u00e3o e capacita\u00e7\u00e3o de jovens no mercado de trabalho - Notibras\" \/>\n<meta property=\"og:description\" content=\"Programas da Secretaria da Juventude (Sejuve-DF) t\u00eam marcado presen\u00e7a no \u00e2mbito da agenda voltada \u00e0 capacita\u00e7\u00e3o e ao empoderamento da juventude; especialmente dos estudantes da rede p\u00fablica e jovens em situa\u00e7\u00e3o de vulnerabilidade. S\u00e3o iniciativas que focam educa\u00e7\u00e3o financeira, inclus\u00e3o digital, qualifica\u00e7\u00e3o profissional e articula\u00e7\u00e3o com programas de inser\u00e7\u00e3o no mercado de trabalho. \u201cA juventude [&hellip;]\" \/>\n<meta property=\"og:url\" content=\"https:\/\/www.notibras.com\/site\/inclusao-e-capacitacao-de-jovens-no-mercado-de-trabalho\/\" \/>\n<meta property=\"og:site_name\" content=\"Notibras\" \/>\n<meta property=\"article:publisher\" content=\"https:\/\/www.facebook.com\/notibras\/\" \/>\n<meta property=\"article:published_time\" content=\"2026-01-18T03:15:58+00:00\" \/>\n<meta property=\"article:modified_time\" content=\"2026-01-18T08:16:27+00:00\" \/>\n<meta property=\"og:image\" content=\"https:\/\/www.notibras.com\/site\/wp-content\/uploads\/2026\/01\/17.1.-Foto-Divulgacao-Sejuve-DF-Jovem-Candango.jpeg\" \/>\n\t<meta property=\"og:image:width\" content=\"1080\" \/>\n\t<meta property=\"og:image:height\" content=\"708\" \/>\n\t<meta property=\"og:image:type\" content=\"image\/jpeg\" \/>\n<meta name=\"author\" content=\"Eduardo Mart\u00ednez\" \/>\n<meta name=\"twitter:card\" content=\"summary_large_image\" \/>\n<meta name=\"twitter:creator\" content=\"@Notibras\" \/>\n<meta name=\"twitter:site\" content=\"@Notibras\" \/>\n<meta name=\"twitter:label1\" content=\"Escrito por\" \/>\n\t<meta name=\"twitter:data1\" content=\"Eduardo Mart\u00ednez\" \/>\n\t<meta name=\"twitter:label2\" content=\"Est. tempo de leitura\" \/>\n\t<meta name=\"twitter:data2\" content=\"3 minutos\" \/>\n<script type=\"application\/ld+json\" class=\"yoast-schema-graph\">{\"@context\":\"https:\/\/schema.org\",\"@graph\":[{\"@type\":\"Article\",\"@id\":\"https:\/\/www.notibras.com\/site\/inclusao-e-capacitacao-de-jovens-no-mercado-de-trabalho\/#article\",\"isPartOf\":{\"@id\":\"https:\/\/www.notibras.com\/site\/inclusao-e-capacitacao-de-jovens-no-mercado-de-trabalho\/\"},\"author\":{\"name\":\"Eduardo Mart\u00ednez\",\"@id\":\"https:\/\/www.notibras.com\/site\/#\/schema\/person\/5b7fabf2aedc3ada2105f03b22b4d3dd\"},\"headline\":\"Inclus\u00e3o e capacita\u00e7\u00e3o de jovens no mercado de trabalho\",\"datePublished\":\"2026-01-18T03:15:58+00:00\",\"dateModified\":\"2026-01-18T08:16:27+00:00\",\"mainEntityOfPage\":{\"@id\":\"https:\/\/www.notibras.com\/site\/inclusao-e-capacitacao-de-jovens-no-mercado-de-trabalho\/\"},\"wordCount\":458,\"publisher\":{\"@id\":\"https:\/\/www.notibras.com\/site\/#organization\"},\"image\":{\"@id\":\"https:\/\/www.notibras.com\/site\/inclusao-e-capacitacao-de-jovens-no-mercado-de-trabalho\/#primaryimage\"},\"thumbnailUrl\":\"https:\/\/www.notibras.com\/site\/wp-content\/uploads\/2026\/01\/17.1.-Foto-Divulgacao-Sejuve-DF-Jovem-Candango.jpeg\",\"articleSection\":[\"Quadradinho em Foco\"],\"inLanguage\":\"pt-BR\"},{\"@type\":\"WebPage\",\"@id\":\"https:\/\/www.notibras.com\/site\/inclusao-e-capacitacao-de-jovens-no-mercado-de-trabalho\/\",\"url\":\"https:\/\/www.notibras.com\/site\/inclusao-e-capacitacao-de-jovens-no-mercado-de-trabalho\/\",\"name\":\"Inclus\u00e3o e capacita\u00e7\u00e3o de jovens no mercado de trabalho - Notibras\",\"isPartOf\":{\"@id\":\"https:\/\/www.notibras.com\/site\/#website\"},\"primaryImageOfPage\":{\"@id\":\"https:\/\/www.notibras.com\/site\/inclusao-e-capacitacao-de-jovens-no-mercado-de-trabalho\/#primaryimage\"},\"image\":{\"@id\":\"https:\/\/www.notibras.com\/site\/inclusao-e-capacitacao-de-jovens-no-mercado-de-trabalho\/#primaryimage\"},\"thumbnailUrl\":\"https:\/\/www.notibras.com\/site\/wp-content\/uploads\/2026\/01\/17.1.-Foto-Divulgacao-Sejuve-DF-Jovem-Candango.jpeg\",\"datePublished\":\"2026-01-18T03:15:58+00:00\",\"dateModified\":\"2026-01-18T08:16:27+00:00\",\"breadcrumb\":{\"@id\":\"https:\/\/www.notibras.com\/site\/inclusao-e-capacitacao-de-jovens-no-mercado-de-trabalho\/#breadcrumb\"},\"inLanguage\":\"pt-BR\",\"potentialAction\":[{\"@type\":\"ReadAction\",\"target\":[\"https:\/\/www.notibras.com\/site\/inclusao-e-capacitacao-de-jovens-no-mercado-de-trabalho\/\"]}]},{\"@type\":\"ImageObject\",\"inLanguage\":\"pt-BR\",\"@id\":\"https:\/\/www.notibras.com\/site\/inclusao-e-capacitacao-de-jovens-no-mercado-de-trabalho\/#primaryimage\",\"url\":\"https:\/\/www.notibras.com\/site\/wp-content\/uploads\/2026\/01\/17.1.-Foto-Divulgacao-Sejuve-DF-Jovem-Candango.jpeg\",\"contentUrl\":\"https:\/\/www.notibras.com\/site\/wp-content\/uploads\/2026\/01\/17.1.-Foto-Divulgacao-Sejuve-DF-Jovem-Candango.jpeg\",\"width\":1080,\"height\":708},{\"@type\":\"BreadcrumbList\",\"@id\":\"https:\/\/www.notibras.com\/site\/inclusao-e-capacitacao-de-jovens-no-mercado-de-trabalho\/#breadcrumb\",\"itemListElement\":[{\"@type\":\"ListItem\",\"position\":1,\"name\":\"In\u00edcio\",\"item\":\"https:\/\/www.notibras.com\/site\/\"},{\"@type\":\"ListItem\",\"position\":2,\"name\":\"Inclus\u00e3o e capacita\u00e7\u00e3o de jovens no mercado de trabalho\"}]},{\"@type\":\"WebSite\",\"@id\":\"https:\/\/www.notibras.com\/site\/#website\",\"url\":\"https:\/\/www.notibras.com\/site\/\",\"name\":\"Notibras\",\"description\":\"Not\u00edcias de Bras\u00edlia, do Brasil e do Mundo\",\"publisher\":{\"@id\":\"https:\/\/www.notibras.com\/site\/#organization\"},\"potentialAction\":[{\"@type\":\"SearchAction\",\"target\":{\"@type\":\"EntryPoint\",\"urlTemplate\":\"https:\/\/www.notibras.com\/site\/?s={search_term_string}\"},\"query-input\":{\"@type\":\"PropertyValueSpecification\",\"valueRequired\":true,\"valueName\":\"search_term_string\"}}],\"inLanguage\":\"pt-BR\"},{\"@type\":\"Organization\",\"@id\":\"https:\/\/www.notibras.com\/site\/#organization\",\"name\":\"Grupo Notibras de Comunica\u00e7\u00e3o\",\"url\":\"https:\/\/www.notibras.com\/site\/\",\"logo\":{\"@type\":\"ImageObject\",\"inLanguage\":\"pt-BR\",\"@id\":\"https:\/\/www.notibras.com\/site\/#\/schema\/logo\/image\/\",\"url\":\"https:\/\/www.notibras.com\/site\/wp-content\/uploads\/2023\/01\/notibras23.png\",\"contentUrl\":\"https:\/\/www.notibras.com\/site\/wp-content\/uploads\/2023\/01\/notibras23.png\",\"width\":350,\"height\":87,\"caption\":\"Grupo Notibras de Comunica\u00e7\u00e3o\"},\"image\":{\"@id\":\"https:\/\/www.notibras.com\/site\/#\/schema\/logo\/image\/\"},\"sameAs\":[\"https:\/\/www.facebook.com\/notibras\/\",\"https:\/\/x.com\/Notibras\",\"https:\/\/www.instagram.com\/notibras\/\"]},{\"@type\":\"Person\",\"@id\":\"https:\/\/www.notibras.com\/site\/#\/schema\/person\/5b7fabf2aedc3ada2105f03b22b4d3dd\",\"name\":\"Eduardo Mart\u00ednez\",\"image\":{\"@type\":\"ImageObject\",\"inLanguage\":\"pt-BR\",\"@id\":\"https:\/\/secure.gravatar.com\/avatar\/7902f906289926289cbcda644b5197c796b893c6ffd7b9a536a42d290f7704a0?s=96&d=mm&r=g\",\"url\":\"https:\/\/secure.gravatar.com\/avatar\/7902f906289926289cbcda644b5197c796b893c6ffd7b9a536a42d290f7704a0?s=96&d=mm&r=g\",\"contentUrl\":\"https:\/\/secure.gravatar.com\/avatar\/7902f906289926289cbcda644b5197c796b893c6ffd7b9a536a42d290f7704a0?s=96&d=mm&r=g\",\"caption\":\"Eduardo Mart\u00ednez\"}}]}<\/script>\n<!-- \/ Yoast SEO plugin. -->","yoast_head_json":{"title":"Inclus\u00e3o e capacita\u00e7\u00e3o de jovens no mercado de trabalho - Notibras","robots":{"index":"index","follow":"follow","max-snippet":"max-snippet:-1","max-image-preview":"max-image-preview:large","max-video-preview":"max-video-preview:-1"},"canonical":"https:\/\/www.notibras.com\/site\/inclusao-e-capacitacao-de-jovens-no-mercado-de-trabalho\/","og_locale":"pt_BR","og_type":"article","og_title":"Inclus\u00e3o e capacita\u00e7\u00e3o de jovens no mercado de trabalho - Notibras","og_description":"Programas da Secretaria da Juventude (Sejuve-DF) t\u00eam marcado presen\u00e7a no \u00e2mbito da agenda voltada \u00e0 capacita\u00e7\u00e3o e ao empoderamento da juventude; especialmente dos estudantes da rede p\u00fablica e jovens em situa\u00e7\u00e3o de vulnerabilidade. S\u00e3o iniciativas que focam educa\u00e7\u00e3o financeira, inclus\u00e3o digital, qualifica\u00e7\u00e3o profissional e articula\u00e7\u00e3o com programas de inser\u00e7\u00e3o no mercado de trabalho. \u201cA juventude [&hellip;]","og_url":"https:\/\/www.notibras.com\/site\/inclusao-e-capacitacao-de-jovens-no-mercado-de-trabalho\/","og_site_name":"Notibras","article_publisher":"https:\/\/www.facebook.com\/notibras\/","article_published_time":"2026-01-18T03:15:58+00:00","article_modified_time":"2026-01-18T08:16:27+00:00","og_image":[{"width":1080,"height":708,"url":"https:\/\/www.notibras.com\/site\/wp-content\/uploads\/2026\/01\/17.1.-Foto-Divulgacao-Sejuve-DF-Jovem-Candango.jpeg","type":"image\/jpeg"}],"author":"Eduardo Mart\u00ednez","twitter_card":"summary_large_image","twitter_creator":"@Notibras","twitter_site":"@Notibras","twitter_misc":{"Escrito por":"Eduardo Mart\u00ednez","Est. tempo de leitura":"3 minutos"},"schema":{"@context":"https:\/\/schema.org","@graph":[{"@type":"Article","@id":"https:\/\/www.notibras.com\/site\/inclusao-e-capacitacao-de-jovens-no-mercado-de-trabalho\/#article","isPartOf":{"@id":"https:\/\/www.notibras.com\/site\/inclusao-e-capacitacao-de-jovens-no-mercado-de-trabalho\/"},"author":{"name":"Eduardo Mart\u00ednez","@id":"https:\/\/www.notibras.com\/site\/#\/schema\/person\/5b7fabf2aedc3ada2105f03b22b4d3dd"},"headline":"Inclus\u00e3o e capacita\u00e7\u00e3o de jovens no mercado de trabalho","datePublished":"2026-01-18T03:15:58+00:00","dateModified":"2026-01-18T08:16:27+00:00","mainEntityOfPage":{"@id":"https:\/\/www.notibras.com\/site\/inclusao-e-capacitacao-de-jovens-no-mercado-de-trabalho\/"},"wordCount":458,"publisher":{"@id":"https:\/\/www.notibras.com\/site\/#organization"},"image":{"@id":"https:\/\/www.notibras.com\/site\/inclusao-e-capacitacao-de-jovens-no-mercado-de-trabalho\/#primaryimage"},"thumbnailUrl":"https:\/\/www.notibras.com\/site\/wp-content\/uploads\/2026\/01\/17.1.-Foto-Divulgacao-Sejuve-DF-Jovem-Candango.jpeg","articleSection":["Quadradinho em Foco"],"inLanguage":"pt-BR"},{"@type":"WebPage","@id":"https:\/\/www.notibras.com\/site\/inclusao-e-capacitacao-de-jovens-no-mercado-de-trabalho\/","url":"https:\/\/www.notibras.com\/site\/inclusao-e-capacitacao-de-jovens-no-mercado-de-trabalho\/","name":"Inclus\u00e3o e capacita\u00e7\u00e3o de jovens no mercado de trabalho - Notibras","isPartOf":{"@id":"https:\/\/www.notibras.com\/site\/#website"},"primaryImageOfPage":{"@id":"https:\/\/www.notibras.com\/site\/inclusao-e-capacitacao-de-jovens-no-mercado-de-trabalho\/#primaryimage"},"image":{"@id":"https:\/\/www.notibras.com\/site\/inclusao-e-capacitacao-de-jovens-no-mercado-de-trabalho\/#primaryimage"},"thumbnailUrl":"https:\/\/www.notibras.com\/site\/wp-content\/uploads\/2026\/01\/17.1.-Foto-Divulgacao-Sejuve-DF-Jovem-Candango.jpeg","datePublished":"2026-01-18T03:15:58+00:00","dateModified":"2026-01-18T08:16:27+00:00","breadcrumb":{"@id":"https:\/\/www.notibras.com\/site\/inclusao-e-capacitacao-de-jovens-no-mercado-de-trabalho\/#breadcrumb"},"inLanguage":"pt-BR","potentialAction":[{"@type":"ReadAction","target":["https:\/\/www.notibras.com\/site\/inclusao-e-capacitacao-de-jovens-no-mercado-de-trabalho\/"]}]},{"@type":"ImageObject","inLanguage":"pt-BR","@id":"https:\/\/www.notibras.com\/site\/inclusao-e-capacitacao-de-jovens-no-mercado-de-trabalho\/#primaryimage","url":"https:\/\/www.notibras.com\/site\/wp-content\/uploads\/2026\/01\/17.1.-Foto-Divulgacao-Sejuve-DF-Jovem-Candango.jpeg","contentUrl":"https:\/\/www.notibras.com\/site\/wp-content\/uploads\/2026\/01\/17.1.-Foto-Divulgacao-Sejuve-DF-Jovem-Candango.jpeg","width":1080,"height":708},{"@type":"BreadcrumbList","@id":"https:\/\/www.notibras.com\/site\/inclusao-e-capacitacao-de-jovens-no-mercado-de-trabalho\/#breadcrumb","itemListElement":[{"@type":"ListItem","position":1,"name":"In\u00edcio","item":"https:\/\/www.notibras.com\/site\/"},{"@type":"ListItem","position":2,"name":"Inclus\u00e3o e capacita\u00e7\u00e3o de jovens no mercado de trabalho"}]},{"@type":"WebSite","@id":"https:\/\/www.notibras.com\/site\/#website","url":"https:\/\/www.notibras.com\/site\/","name":"Notibras","description":"Not\u00edcias de Bras\u00edlia, do Brasil e do Mundo","publisher":{"@id":"https:\/\/www.notibras.com\/site\/#organization"},"potentialAction":[{"@type":"SearchAction","target":{"@type":"EntryPoint","urlTemplate":"https:\/\/www.notibras.com\/site\/?s={search_term_string}"},"query-input":{"@type":"PropertyValueSpecification","valueRequired":true,"valueName":"search_term_string"}}],"inLanguage":"pt-BR"},{"@type":"Organization","@id":"https:\/\/www.notibras.com\/site\/#organization","name":"Grupo Notibras de Comunica\u00e7\u00e3o","url":"https:\/\/www.notibras.com\/site\/","logo":{"@type":"ImageObject","inLanguage":"pt-BR","@id":"https:\/\/www.notibras.com\/site\/#\/schema\/logo\/image\/","url":"https:\/\/www.notibras.com\/site\/wp-content\/uploads\/2023\/01\/notibras23.png","contentUrl":"https:\/\/www.notibras.com\/site\/wp-content\/uploads\/2023\/01\/notibras23.png","width":350,"height":87,"caption":"Grupo Notibras de Comunica\u00e7\u00e3o"},"image":{"@id":"https:\/\/www.notibras.com\/site\/#\/schema\/logo\/image\/"},"sameAs":["https:\/\/www.facebook.com\/notibras\/","https:\/\/x.com\/Notibras","https:\/\/www.instagram.com\/notibras\/"]},{"@type":"Person","@id":"https:\/\/www.notibras.com\/site\/#\/schema\/person\/5b7fabf2aedc3ada2105f03b22b4d3dd","name":"Eduardo Mart\u00ednez","image":{"@type":"ImageObject","inLanguage":"pt-BR","@id":"https:\/\/secure.gravatar.com\/avatar\/7902f906289926289cbcda644b5197c796b893c6ffd7b9a536a42d290f7704a0?s=96&d=mm&r=g","url":"https:\/\/secure.gravatar.com\/avatar\/7902f906289926289cbcda644b5197c796b893c6ffd7b9a536a42d290f7704a0?s=96&d=mm&r=g","contentUrl":"https:\/\/secure.gravatar.com\/avatar\/7902f906289926289cbcda644b5197c796b893c6ffd7b9a536a42d290f7704a0?s=96&d=mm&r=g","caption":"Eduardo Mart\u00ednez"}}]}},"amp_enabled":true,"_links":{"self":[{"href":"https:\/\/www.notibras.com\/site\/wp-json\/wp\/v2\/posts\/379480","targetHints":{"allow":["GET"]}}],"collection":[{"href":"https:\/\/www.notibras.com\/site\/wp-json\/wp\/v2\/posts"}],"about":[{"href":"https:\/\/www.notibras.com\/site\/wp-json\/wp\/v2\/types\/post"}],"author":[{"embeddable":true,"href":"https:\/\/www.notibras.com\/site\/wp-json\/wp\/v2\/users\/21"}],"replies":[{"embeddable":true,"href":"https:\/\/www.notibras.com\/site\/wp-json\/wp\/v2\/comments?post=379480"}],"version-history":[{"count":3,"href":"https:\/\/www.notibras.com\/site\/wp-json\/wp\/v2\/posts\/379480\/revisions"}],"predecessor-version":[{"id":379489,"href":"https:\/\/www.notibras.com\/site\/wp-json\/wp\/v2\/posts\/379480\/revisions\/379489"}],"wp:featuredmedia":[{"embeddable":true,"href":"https:\/\/www.notibras.com\/site\/wp-json\/wp\/v2\/media\/379481"}],"wp:attachment":[{"href":"https:\/\/www.notibras.com\/site\/wp-json\/wp\/v2\/media?parent=379480"}],"wp:term":[{"taxonomy":"category","embeddable":true,"href":"https:\/\/www.notibras.com\/site\/wp-json\/wp\/v2\/categories?post=379480"},{"taxonomy":"post_tag","embeddable":true,"href":"https:\/\/www.notibras.com\/site\/wp-json\/wp\/v2\/tags?post=379480"}],"curies":[{"name":"wp","href":"https:\/\/api.w.org\/{rel}","templated":true}]}}