{"id":379493,"date":"2026-01-18T05:44:47","date_gmt":"2026-01-18T08:44:47","guid":{"rendered":"https:\/\/www.notibras.com\/site\/?p=379493"},"modified":"2026-01-18T05:44:47","modified_gmt":"2026-01-18T08:44:47","slug":"brasilia-centro-do-poder-vai-alem-da-corrupcao","status":"publish","type":"post","link":"https:\/\/www.notibras.com\/site\/brasilia-centro-do-poder-vai-alem-da-corrupcao\/","title":{"rendered":"Bras\u00edlia, centro do poder, vai al\u00e9m da corrup\u00e7\u00e3o"},"content":{"rendered":"<p style=\"font-weight: 400;\">Moro em Bras\u00edlia desde 1987. Aqui, trabalhei nos mais importantes jornais impressos, como rep\u00f3rter, redator e editor. No\u00a0<em>BSB Brasil<\/em>, do jornalista Oliveira Bastos, integrei a Equipe C\u00e3o, com a incumb\u00eancia de produzir uma p\u00e1gina di\u00e1ria sobre uma determinada cidade do Distrito Federal ou do Entorno de DF. No\u00a0<em>Correio Braziliense<\/em>, fui subeditor de Cidades e de Cultura, editor de Resenhas e redator da capa \u2013 o que me obrigava a ler pelo menos meia d\u00fazia de jornal\u00f5es por dia. Como rep\u00f3rter, cobri tamb\u00e9m o Congresso Nacional. Isso me ajudou a compreender Bras\u00edlia.<\/p>\n<p style=\"font-weight: 400;\">Al\u00e9m do trabalho jornal\u00edstico, gosto de Hist\u00f3ria, de compreender o passado. Assim, pesquisei sobre a raz\u00e3o pela qual Bras\u00edlia foi constru\u00edda e deu certo. Tamb\u00e9m procurei analisar seus mitos e sua realidade. Foi assim que, em 2013, na presid\u00eancia de Dilma Roussef e do governo distrital de Agnelo Queiroz, ambos do PT, em escrevi o romance de detetive <em>Hiena<\/em> (<strong><a href=\"https:\/\/clubedeautores.com.br\/livro\/hiena-2\">Clube de Autores<\/a><\/strong>,\u00a0<strong><a href=\"https:\/\/www.amazon.com.br\/HIENA-Ray-Cunha-ebook\/dp\/B00LHDSY5M\/ref=sr_1_1?__mk_pt_BR=%C3%85M%C3%85%C5%BD%C3%95%C3%91&amp;crid=VDQMXHH7OO1U&amp;dib=eyJ2IjoiMSJ9.7-XB4v-P6tuYXK7Af3Ezzw.feUlq7KAlhMFbkys-wzf08H-Lj4LLnG4Ae89MpvZ0AY&amp;dib_tag=se&amp;keywords=Hiena+Ray+Cunha&amp;qid=1768687714&amp;s=books&amp;sprefix=hiena+ray+cunha%2Cstripbooks%2C222&amp;sr=1-1\">amazon.com.br<\/a><\/strong>\u00a0e\u00a0<strong><a href=\"https:\/\/www.amazon.com\/Hiena-Portuguese-Ray-Cunha\/dp\/B0F8P5H4XX\/ref=sr_1_7?__mk_pt_BR=%C3%85M%C3%85%C5%BD%C3%95%C3%91&amp;crid=3CN4VGERID44Q&amp;dib=eyJ2IjoiMSJ9.L04812yIKIiCyCMqSdgTb0La5lrX-g1VhzWUKTMlgtzhlJH0yIEp7KqReG25uG8CTulqg8mzYY4QGBiIJU-KwaNMVjfJOdo9t1Jep3gQ_DTfkDrWCJuNkEV_tvla17151CkMI7t9_tiaVKqBOID8mHeWuF-WGqBr4jHM8vKePVJhHujBo5jnBlr5vHM2G35YPGPrEEX89iddOInnd7JSoz3cpb6AHr65enkzSXjU6Mg.zUsoQJY2QiQJFgqrqFLKGCsE9eiMIqPjEEQPAeT0Mv8&amp;dib_tag=se&amp;keywords=Ray+Cunha&amp;qid=1768687763&amp;sprefix=ray+cunha%2Caps%2C232&amp;sr=8-7\">amazon.com<\/a><\/strong>, 2014, 155 p\u00e1ginas).<\/p>\n<p style=\"font-weight: 400;\">Atravess\u00e1vamos, no pa\u00eds, desencanto, com a corrup\u00e7\u00e3o contaminando at\u00e9 o tutano da m\u00e1quina p\u00fablica. Dilma Rousseff dispensa apresenta\u00e7\u00e3o. Como diz o jornalista Augusto Nunes, Dilma s\u00f3 tem um neur\u00f4nio. J\u00e1 o m\u00e9dico baiano Agnelo Queiroz \u00e9 conhecido como Agnulo \u2013 isto diz tudo. E eu estava desempregado, tentando sobreviver tocando uma banca de revista no sub\u00farbio de Taguatinga, que \u00e9 uma cidade do DF. As bancas de revistas da cidade j\u00e1 estavam se transformando em pamonharias.<\/p>\n<p style=\"font-weight: 400;\"><em>Hiena<\/em> foi surgindo naturalmente durante as minhas caminhadas. Em casa, era s\u00f3 digitar os cap\u00edtulos. De modo que fiquei surpreso com a trama do livro, redondinha. Outra coisa que me surpreendeu foi a ambienta\u00e7\u00e3o. Bras\u00edlia est\u00e1 presente de corpo e alma, e nua. Ali est\u00e1 a Bras\u00edlia subterr\u00e2nea, corrupta, valhacouto de assassinos, psicopatas, narcotraficantes, terroristas e abortos de ditador. Mas tamb\u00e9m est\u00e1 presente a Bras\u00edlia monumental, iluminada e tombada.<\/p>\n<p style=\"font-weight: 400;\">Neste cen\u00e1rio, al\u00e9m dos personagens de fic\u00e7\u00e3o, como a famosa Brigitte Montfort, tamb\u00e9m coloquei no thriller pessoas reais, vivas e mortas, como, por exemplo, os artistas pl\u00e1sticos Olivar Cunha e Andr\u00e9 Cerino; as cantoras paraenses Carmen Monarcha e Joelma; o escritor amapaense Fernando Canto; e ressuscitei o maestro Silvio Barbato.<\/p>\n<p style=\"font-weight: 400;\">Hienas s\u00e3o como bact\u00e9rias grandes. Bandidos do reino animal. Atarracadas, quartos traseiros ca\u00eddos, andar manquejante, come\u00e7am a comer a v\u00edtima viva ainda na persegui\u00e7\u00e3o, rasgando-lhe o ventre, as v\u00edsceras espirrando. O humorista carioca Juca Chaves, Jurandyr Czaczkes, cunhou uma frase que se tornou um mito persistente: \u201cA hiena \u00e9 um animal que come fezes dos outros animais, s\u00f3 tem rela\u00e7\u00f5es sexuais uma vez por ano e ri\u2026 mas ri de qu\u00ea?\u201d<\/p>\n<p style=\"font-weight: 400;\">Mas a Crocuta crocuta \u00e9 predador sem igual. Ca\u00e7adora formid\u00e1vel, chega a perseguir suas presas \u00e0 velocidade de at\u00e9 55 quil\u00f4metros por hora, em grupos que chegam a 100 indiv\u00edduos. O segredo desse vigor \u00e9 um cora\u00e7\u00e3o poderoso. Mas o que as tornam resistentes como baratas \u00e9 que podem se alimentar de praticamente tudo, desde filhotes de le\u00e3o, passando por insetos a ovos de avestruz, at\u00e9 carni\u00e7a j\u00e1 cheia de vermes e de outras hienas, al\u00e9m de suas pr\u00f3prias fezes. Contudo, ca\u00e7am tamb\u00e9m animais de m\u00e9dio e grande portes, como gazelas, impalas, gnus e zebras. Suas mand\u00edbulas s\u00e3o t\u00e3o potentes que comem, normalmente, os ossos das suas presas, raz\u00e3o pela qual suas fezes s\u00e3o esbranqui\u00e7adas.<\/p>\n<p style=\"font-weight: 400;\">O detetive Hiena, Crocuta crocuta, como chama a si mesmo, n\u00e3o \u00e9 bem o que Juca Chaves disse. Embora discreto, quando ri para valer sua gargalhada \u00e9 atroadora. Gastr\u00f4nomo, elegeu a cozinha paraense a melhor do mundo. Vive s\u00f3, embora tenha namorada. T\u00eam em comum com a Crocuta crocuta alguns tra\u00e7os, como o sistema imunol\u00f3gico, pois nunca ficou sequer resfriado; pode se alimentar de comida estragada sem se preocupar, j\u00e1 que n\u00e3o se intoxica; conta com dentes de a\u00e7o; \u00e9 resistente como as baratas; e capaz de atravessar qualquer circunst\u00e2ncia de extrema tens\u00e3o sem que seu batimento card\u00edaco se altere.<\/p>\n<p style=\"font-weight: 400;\">Tamb\u00e9m guarda um tra\u00e7o f\u00edsico em comum com a Crocuta crocuta: o t\u00f3rax largo, sem ser do tipo cangula (sin\u00f4nimo de pipa na terra das suas duas m\u00e3es, Bel\u00e9m do Par\u00e1), largo em cima e fino em baixo.<\/p>\n<p style=\"font-weight: 400;\">Com um metro e oitenta, l\u00e1bios carnudos, cabelos de Al Pacino, o que mais chama aten\u00e7\u00e3o em Hiena s\u00e3o seus olhos bicolores, que amanhecem com um tom azul claro, permanecendo assim nos dias frios, mas, \u00e0 medida que a temperatura sobe, v\u00e3o ficando como l\u00e1pis-laz\u00fali, e, \u00e0 noite, independentemente do tempo que estiver fazendo, s\u00e3o sempre duas esmeraldas. Adotou o cognome Hiena por uma s\u00e9rie de circunst\u00e2ncias. Afinal, como disse Jos\u00e9 Ortega y Gasset: \u201cO homem \u00e9 o homem e a sua circunst\u00e2ncia\u201d.<\/p>\n","protected":false},"excerpt":{"rendered":"<p>Moro em Bras\u00edlia desde 1987. Aqui, trabalhei nos mais importantes jornais impressos, como rep\u00f3rter, redator e editor. No\u00a0BSB Brasil, do jornalista Oliveira Bastos, integrei a Equipe C\u00e3o, com a incumb\u00eancia de produzir uma p\u00e1gina di\u00e1ria sobre uma determinada cidade do Distrito Federal ou do Entorno de DF. No\u00a0Correio Braziliense, fui subeditor de Cidades e de [&hellip;]<\/p>\n","protected":false},"author":2,"featured_media":295751,"comment_status":"closed","ping_status":"closed","sticky":false,"template":"","format":"standard","meta":{"_acf_changed":false,"footnotes":""},"categories":[236],"tags":[],"class_list":["post-379493","post","type-post","status-publish","format-standard","has-post-thumbnail","hentry","category-ponto-de-vista"],"acf":[],"yoast_head":"<!-- This site is optimized with the Yoast SEO plugin v27.2 - https:\/\/yoast.com\/product\/yoast-seo-wordpress\/ -->\n<title>Bras\u00edlia, centro do poder, vai al\u00e9m da corrup\u00e7\u00e3o - Notibras<\/title>\n<meta name=\"robots\" content=\"index, follow, max-snippet:-1, max-image-preview:large, max-video-preview:-1\" \/>\n<link rel=\"canonical\" href=\"https:\/\/www.notibras.com\/site\/brasilia-centro-do-poder-vai-alem-da-corrupcao\/\" \/>\n<meta property=\"og:locale\" content=\"pt_BR\" \/>\n<meta property=\"og:type\" content=\"article\" \/>\n<meta property=\"og:title\" content=\"Bras\u00edlia, centro do poder, vai al\u00e9m da corrup\u00e7\u00e3o - Notibras\" \/>\n<meta property=\"og:description\" content=\"Moro em Bras\u00edlia desde 1987. Aqui, trabalhei nos mais importantes jornais impressos, como rep\u00f3rter, redator e editor. No\u00a0BSB Brasil, do jornalista Oliveira Bastos, integrei a Equipe C\u00e3o, com a incumb\u00eancia de produzir uma p\u00e1gina di\u00e1ria sobre uma determinada cidade do Distrito Federal ou do Entorno de DF. No\u00a0Correio Braziliense, fui subeditor de Cidades e de [&hellip;]\" \/>\n<meta property=\"og:url\" content=\"https:\/\/www.notibras.com\/site\/brasilia-centro-do-poder-vai-alem-da-corrupcao\/\" \/>\n<meta property=\"og:site_name\" content=\"Notibras\" \/>\n<meta property=\"article:publisher\" content=\"https:\/\/www.facebook.com\/notibras\/\" \/>\n<meta property=\"article:published_time\" content=\"2026-01-18T08:44:47+00:00\" \/>\n<meta property=\"og:image\" content=\"https:\/\/www.notibras.com\/site\/wp-content\/uploads\/2022\/12\/br-corrupcao-tradicao-politica-brasil-jpg.jpg\" \/>\n\t<meta property=\"og:image:width\" content=\"900\" \/>\n\t<meta property=\"og:image:height\" content=\"600\" \/>\n\t<meta property=\"og:image:type\" content=\"image\/jpeg\" \/>\n<meta name=\"author\" content=\"Reda\u00e7\u00e3o\" \/>\n<meta name=\"twitter:card\" content=\"summary_large_image\" \/>\n<meta name=\"twitter:creator\" content=\"@Notibras\" \/>\n<meta name=\"twitter:site\" content=\"@Notibras\" \/>\n<meta name=\"twitter:label1\" content=\"Escrito por\" \/>\n\t<meta name=\"twitter:data1\" content=\"Reda\u00e7\u00e3o\" \/>\n\t<meta name=\"twitter:label2\" content=\"Est. tempo de leitura\" \/>\n\t<meta name=\"twitter:data2\" content=\"5 minutos\" \/>\n<script type=\"application\/ld+json\" class=\"yoast-schema-graph\">{\"@context\":\"https:\/\/schema.org\",\"@graph\":[{\"@type\":\"Article\",\"@id\":\"https:\/\/www.notibras.com\/site\/brasilia-centro-do-poder-vai-alem-da-corrupcao\/#article\",\"isPartOf\":{\"@id\":\"https:\/\/www.notibras.com\/site\/brasilia-centro-do-poder-vai-alem-da-corrupcao\/\"},\"author\":{\"name\":\"Reda\u00e7\u00e3o\",\"@id\":\"https:\/\/www.notibras.com\/site\/#\/schema\/person\/36ab0979449956132d3e5b517ea76ac8\"},\"headline\":\"Bras\u00edlia, centro do poder, vai al\u00e9m da corrup\u00e7\u00e3o\",\"datePublished\":\"2026-01-18T08:44:47+00:00\",\"mainEntityOfPage\":{\"@id\":\"https:\/\/www.notibras.com\/site\/brasilia-centro-do-poder-vai-alem-da-corrupcao\/\"},\"wordCount\":850,\"publisher\":{\"@id\":\"https:\/\/www.notibras.com\/site\/#organization\"},\"image\":{\"@id\":\"https:\/\/www.notibras.com\/site\/brasilia-centro-do-poder-vai-alem-da-corrupcao\/#primaryimage\"},\"thumbnailUrl\":\"https:\/\/www.notibras.com\/site\/wp-content\/uploads\/2022\/12\/br-corrupcao-tradicao-politica-brasil-jpg.jpg\",\"articleSection\":[\"Ponto de Vista\"],\"inLanguage\":\"pt-BR\"},{\"@type\":\"WebPage\",\"@id\":\"https:\/\/www.notibras.com\/site\/brasilia-centro-do-poder-vai-alem-da-corrupcao\/\",\"url\":\"https:\/\/www.notibras.com\/site\/brasilia-centro-do-poder-vai-alem-da-corrupcao\/\",\"name\":\"Bras\u00edlia, centro do poder, vai al\u00e9m da corrup\u00e7\u00e3o - Notibras\",\"isPartOf\":{\"@id\":\"https:\/\/www.notibras.com\/site\/#website\"},\"primaryImageOfPage\":{\"@id\":\"https:\/\/www.notibras.com\/site\/brasilia-centro-do-poder-vai-alem-da-corrupcao\/#primaryimage\"},\"image\":{\"@id\":\"https:\/\/www.notibras.com\/site\/brasilia-centro-do-poder-vai-alem-da-corrupcao\/#primaryimage\"},\"thumbnailUrl\":\"https:\/\/www.notibras.com\/site\/wp-content\/uploads\/2022\/12\/br-corrupcao-tradicao-politica-brasil-jpg.jpg\",\"datePublished\":\"2026-01-18T08:44:47+00:00\",\"breadcrumb\":{\"@id\":\"https:\/\/www.notibras.com\/site\/brasilia-centro-do-poder-vai-alem-da-corrupcao\/#breadcrumb\"},\"inLanguage\":\"pt-BR\",\"potentialAction\":[{\"@type\":\"ReadAction\",\"target\":[\"https:\/\/www.notibras.com\/site\/brasilia-centro-do-poder-vai-alem-da-corrupcao\/\"]}]},{\"@type\":\"ImageObject\",\"inLanguage\":\"pt-BR\",\"@id\":\"https:\/\/www.notibras.com\/site\/brasilia-centro-do-poder-vai-alem-da-corrupcao\/#primaryimage\",\"url\":\"https:\/\/www.notibras.com\/site\/wp-content\/uploads\/2022\/12\/br-corrupcao-tradicao-politica-brasil-jpg.jpg\",\"contentUrl\":\"https:\/\/www.notibras.com\/site\/wp-content\/uploads\/2022\/12\/br-corrupcao-tradicao-politica-brasil-jpg.jpg\",\"width\":900,\"height\":600},{\"@type\":\"BreadcrumbList\",\"@id\":\"https:\/\/www.notibras.com\/site\/brasilia-centro-do-poder-vai-alem-da-corrupcao\/#breadcrumb\",\"itemListElement\":[{\"@type\":\"ListItem\",\"position\":1,\"name\":\"In\u00edcio\",\"item\":\"https:\/\/www.notibras.com\/site\/\"},{\"@type\":\"ListItem\",\"position\":2,\"name\":\"Bras\u00edlia, centro do poder, vai al\u00e9m da corrup\u00e7\u00e3o\"}]},{\"@type\":\"WebSite\",\"@id\":\"https:\/\/www.notibras.com\/site\/#website\",\"url\":\"https:\/\/www.notibras.com\/site\/\",\"name\":\"Notibras\",\"description\":\"Not\u00edcias de Bras\u00edlia, do Brasil e do Mundo\",\"publisher\":{\"@id\":\"https:\/\/www.notibras.com\/site\/#organization\"},\"potentialAction\":[{\"@type\":\"SearchAction\",\"target\":{\"@type\":\"EntryPoint\",\"urlTemplate\":\"https:\/\/www.notibras.com\/site\/?s={search_term_string}\"},\"query-input\":{\"@type\":\"PropertyValueSpecification\",\"valueRequired\":true,\"valueName\":\"search_term_string\"}}],\"inLanguage\":\"pt-BR\"},{\"@type\":\"Organization\",\"@id\":\"https:\/\/www.notibras.com\/site\/#organization\",\"name\":\"Grupo Notibras de Comunica\u00e7\u00e3o\",\"url\":\"https:\/\/www.notibras.com\/site\/\",\"logo\":{\"@type\":\"ImageObject\",\"inLanguage\":\"pt-BR\",\"@id\":\"https:\/\/www.notibras.com\/site\/#\/schema\/logo\/image\/\",\"url\":\"https:\/\/www.notibras.com\/site\/wp-content\/uploads\/2023\/01\/notibras23.png\",\"contentUrl\":\"https:\/\/www.notibras.com\/site\/wp-content\/uploads\/2023\/01\/notibras23.png\",\"width\":350,\"height\":87,\"caption\":\"Grupo Notibras de Comunica\u00e7\u00e3o\"},\"image\":{\"@id\":\"https:\/\/www.notibras.com\/site\/#\/schema\/logo\/image\/\"},\"sameAs\":[\"https:\/\/www.facebook.com\/notibras\/\",\"https:\/\/x.com\/Notibras\",\"https:\/\/www.instagram.com\/notibras\/\"]},{\"@type\":\"Person\",\"@id\":\"https:\/\/www.notibras.com\/site\/#\/schema\/person\/36ab0979449956132d3e5b517ea76ac8\",\"name\":\"Reda\u00e7\u00e3o\",\"image\":{\"@type\":\"ImageObject\",\"inLanguage\":\"pt-BR\",\"@id\":\"https:\/\/secure.gravatar.com\/avatar\/e0a867bdedb85fd243eadf09663511f96fc81e0720a4a42581f334ad4303aa6b?s=96&d=mm&r=g\",\"url\":\"https:\/\/secure.gravatar.com\/avatar\/e0a867bdedb85fd243eadf09663511f96fc81e0720a4a42581f334ad4303aa6b?s=96&d=mm&r=g\",\"contentUrl\":\"https:\/\/secure.gravatar.com\/avatar\/e0a867bdedb85fd243eadf09663511f96fc81e0720a4a42581f334ad4303aa6b?s=96&d=mm&r=g\",\"caption\":\"Reda\u00e7\u00e3o\"}}]}<\/script>\n<!-- \/ Yoast SEO plugin. -->","yoast_head_json":{"title":"Bras\u00edlia, centro do poder, vai al\u00e9m da corrup\u00e7\u00e3o - Notibras","robots":{"index":"index","follow":"follow","max-snippet":"max-snippet:-1","max-image-preview":"max-image-preview:large","max-video-preview":"max-video-preview:-1"},"canonical":"https:\/\/www.notibras.com\/site\/brasilia-centro-do-poder-vai-alem-da-corrupcao\/","og_locale":"pt_BR","og_type":"article","og_title":"Bras\u00edlia, centro do poder, vai al\u00e9m da corrup\u00e7\u00e3o - Notibras","og_description":"Moro em Bras\u00edlia desde 1987. Aqui, trabalhei nos mais importantes jornais impressos, como rep\u00f3rter, redator e editor. No\u00a0BSB Brasil, do jornalista Oliveira Bastos, integrei a Equipe C\u00e3o, com a incumb\u00eancia de produzir uma p\u00e1gina di\u00e1ria sobre uma determinada cidade do Distrito Federal ou do Entorno de DF. No\u00a0Correio Braziliense, fui subeditor de Cidades e de [&hellip;]","og_url":"https:\/\/www.notibras.com\/site\/brasilia-centro-do-poder-vai-alem-da-corrupcao\/","og_site_name":"Notibras","article_publisher":"https:\/\/www.facebook.com\/notibras\/","article_published_time":"2026-01-18T08:44:47+00:00","og_image":[{"width":900,"height":600,"url":"https:\/\/www.notibras.com\/site\/wp-content\/uploads\/2022\/12\/br-corrupcao-tradicao-politica-brasil-jpg.jpg","type":"image\/jpeg"}],"author":"Reda\u00e7\u00e3o","twitter_card":"summary_large_image","twitter_creator":"@Notibras","twitter_site":"@Notibras","twitter_misc":{"Escrito por":"Reda\u00e7\u00e3o","Est. tempo de leitura":"5 minutos"},"schema":{"@context":"https:\/\/schema.org","@graph":[{"@type":"Article","@id":"https:\/\/www.notibras.com\/site\/brasilia-centro-do-poder-vai-alem-da-corrupcao\/#article","isPartOf":{"@id":"https:\/\/www.notibras.com\/site\/brasilia-centro-do-poder-vai-alem-da-corrupcao\/"},"author":{"name":"Reda\u00e7\u00e3o","@id":"https:\/\/www.notibras.com\/site\/#\/schema\/person\/36ab0979449956132d3e5b517ea76ac8"},"headline":"Bras\u00edlia, centro do poder, vai al\u00e9m da corrup\u00e7\u00e3o","datePublished":"2026-01-18T08:44:47+00:00","mainEntityOfPage":{"@id":"https:\/\/www.notibras.com\/site\/brasilia-centro-do-poder-vai-alem-da-corrupcao\/"},"wordCount":850,"publisher":{"@id":"https:\/\/www.notibras.com\/site\/#organization"},"image":{"@id":"https:\/\/www.notibras.com\/site\/brasilia-centro-do-poder-vai-alem-da-corrupcao\/#primaryimage"},"thumbnailUrl":"https:\/\/www.notibras.com\/site\/wp-content\/uploads\/2022\/12\/br-corrupcao-tradicao-politica-brasil-jpg.jpg","articleSection":["Ponto de Vista"],"inLanguage":"pt-BR"},{"@type":"WebPage","@id":"https:\/\/www.notibras.com\/site\/brasilia-centro-do-poder-vai-alem-da-corrupcao\/","url":"https:\/\/www.notibras.com\/site\/brasilia-centro-do-poder-vai-alem-da-corrupcao\/","name":"Bras\u00edlia, centro do poder, vai al\u00e9m da corrup\u00e7\u00e3o - Notibras","isPartOf":{"@id":"https:\/\/www.notibras.com\/site\/#website"},"primaryImageOfPage":{"@id":"https:\/\/www.notibras.com\/site\/brasilia-centro-do-poder-vai-alem-da-corrupcao\/#primaryimage"},"image":{"@id":"https:\/\/www.notibras.com\/site\/brasilia-centro-do-poder-vai-alem-da-corrupcao\/#primaryimage"},"thumbnailUrl":"https:\/\/www.notibras.com\/site\/wp-content\/uploads\/2022\/12\/br-corrupcao-tradicao-politica-brasil-jpg.jpg","datePublished":"2026-01-18T08:44:47+00:00","breadcrumb":{"@id":"https:\/\/www.notibras.com\/site\/brasilia-centro-do-poder-vai-alem-da-corrupcao\/#breadcrumb"},"inLanguage":"pt-BR","potentialAction":[{"@type":"ReadAction","target":["https:\/\/www.notibras.com\/site\/brasilia-centro-do-poder-vai-alem-da-corrupcao\/"]}]},{"@type":"ImageObject","inLanguage":"pt-BR","@id":"https:\/\/www.notibras.com\/site\/brasilia-centro-do-poder-vai-alem-da-corrupcao\/#primaryimage","url":"https:\/\/www.notibras.com\/site\/wp-content\/uploads\/2022\/12\/br-corrupcao-tradicao-politica-brasil-jpg.jpg","contentUrl":"https:\/\/www.notibras.com\/site\/wp-content\/uploads\/2022\/12\/br-corrupcao-tradicao-politica-brasil-jpg.jpg","width":900,"height":600},{"@type":"BreadcrumbList","@id":"https:\/\/www.notibras.com\/site\/brasilia-centro-do-poder-vai-alem-da-corrupcao\/#breadcrumb","itemListElement":[{"@type":"ListItem","position":1,"name":"In\u00edcio","item":"https:\/\/www.notibras.com\/site\/"},{"@type":"ListItem","position":2,"name":"Bras\u00edlia, centro do poder, vai al\u00e9m da corrup\u00e7\u00e3o"}]},{"@type":"WebSite","@id":"https:\/\/www.notibras.com\/site\/#website","url":"https:\/\/www.notibras.com\/site\/","name":"Notibras","description":"Not\u00edcias de Bras\u00edlia, do Brasil e do Mundo","publisher":{"@id":"https:\/\/www.notibras.com\/site\/#organization"},"potentialAction":[{"@type":"SearchAction","target":{"@type":"EntryPoint","urlTemplate":"https:\/\/www.notibras.com\/site\/?s={search_term_string}"},"query-input":{"@type":"PropertyValueSpecification","valueRequired":true,"valueName":"search_term_string"}}],"inLanguage":"pt-BR"},{"@type":"Organization","@id":"https:\/\/www.notibras.com\/site\/#organization","name":"Grupo Notibras de Comunica\u00e7\u00e3o","url":"https:\/\/www.notibras.com\/site\/","logo":{"@type":"ImageObject","inLanguage":"pt-BR","@id":"https:\/\/www.notibras.com\/site\/#\/schema\/logo\/image\/","url":"https:\/\/www.notibras.com\/site\/wp-content\/uploads\/2023\/01\/notibras23.png","contentUrl":"https:\/\/www.notibras.com\/site\/wp-content\/uploads\/2023\/01\/notibras23.png","width":350,"height":87,"caption":"Grupo Notibras de Comunica\u00e7\u00e3o"},"image":{"@id":"https:\/\/www.notibras.com\/site\/#\/schema\/logo\/image\/"},"sameAs":["https:\/\/www.facebook.com\/notibras\/","https:\/\/x.com\/Notibras","https:\/\/www.instagram.com\/notibras\/"]},{"@type":"Person","@id":"https:\/\/www.notibras.com\/site\/#\/schema\/person\/36ab0979449956132d3e5b517ea76ac8","name":"Reda\u00e7\u00e3o","image":{"@type":"ImageObject","inLanguage":"pt-BR","@id":"https:\/\/secure.gravatar.com\/avatar\/e0a867bdedb85fd243eadf09663511f96fc81e0720a4a42581f334ad4303aa6b?s=96&d=mm&r=g","url":"https:\/\/secure.gravatar.com\/avatar\/e0a867bdedb85fd243eadf09663511f96fc81e0720a4a42581f334ad4303aa6b?s=96&d=mm&r=g","contentUrl":"https:\/\/secure.gravatar.com\/avatar\/e0a867bdedb85fd243eadf09663511f96fc81e0720a4a42581f334ad4303aa6b?s=96&d=mm&r=g","caption":"Reda\u00e7\u00e3o"}}]}},"amp_enabled":true,"_links":{"self":[{"href":"https:\/\/www.notibras.com\/site\/wp-json\/wp\/v2\/posts\/379493","targetHints":{"allow":["GET"]}}],"collection":[{"href":"https:\/\/www.notibras.com\/site\/wp-json\/wp\/v2\/posts"}],"about":[{"href":"https:\/\/www.notibras.com\/site\/wp-json\/wp\/v2\/types\/post"}],"author":[{"embeddable":true,"href":"https:\/\/www.notibras.com\/site\/wp-json\/wp\/v2\/users\/2"}],"replies":[{"embeddable":true,"href":"https:\/\/www.notibras.com\/site\/wp-json\/wp\/v2\/comments?post=379493"}],"version-history":[{"count":1,"href":"https:\/\/www.notibras.com\/site\/wp-json\/wp\/v2\/posts\/379493\/revisions"}],"predecessor-version":[{"id":379494,"href":"https:\/\/www.notibras.com\/site\/wp-json\/wp\/v2\/posts\/379493\/revisions\/379494"}],"wp:featuredmedia":[{"embeddable":true,"href":"https:\/\/www.notibras.com\/site\/wp-json\/wp\/v2\/media\/295751"}],"wp:attachment":[{"href":"https:\/\/www.notibras.com\/site\/wp-json\/wp\/v2\/media?parent=379493"}],"wp:term":[{"taxonomy":"category","embeddable":true,"href":"https:\/\/www.notibras.com\/site\/wp-json\/wp\/v2\/categories?post=379493"},{"taxonomy":"post_tag","embeddable":true,"href":"https:\/\/www.notibras.com\/site\/wp-json\/wp\/v2\/tags?post=379493"}],"curies":[{"name":"wp","href":"https:\/\/api.w.org\/{rel}","templated":true}]}}