{"id":379497,"date":"2026-01-18T05:54:27","date_gmt":"2026-01-18T08:54:27","guid":{"rendered":"https:\/\/www.notibras.com\/site\/?p=379497"},"modified":"2026-01-18T05:54:27","modified_gmt":"2026-01-18T08:54:27","slug":"ertugrul-e-o-islamismo-turco-contra-as-cruzadas","status":"publish","type":"post","link":"https:\/\/www.notibras.com\/site\/ertugrul-e-o-islamismo-turco-contra-as-cruzadas\/","title":{"rendered":"Ertu\u011frul e o islamismo turco contra as Cruzadas"},"content":{"rendered":"<p>Quando se fala nas Cruzadas, a narrativa dominante costuma ser moldada por cr\u00f4nicas europeias: reis, cavaleiros, estandartes com cruzes vermelhas e batalhas travadas em nome da f\u00e9 crist\u00e3. Menos vis\u00edvel, por\u00e9m n\u00e3o menos decisivo, foi o papel desempenhado pelos povos turcos isl\u00e2micos na lenta e persistente resist\u00eancia que se estendeu do s\u00e9culo XI ao XIII. Nesse cen\u00e1rio de fronteiras m\u00f3veis, alian\u00e7as inst\u00e1veis e guerras de sobreviv\u00eancia, emerge a figura quase lend\u00e1ria de Ertu\u011frul Bey, chefe tribal que ocupa um lugar amb\u00edguo entre a hist\u00f3ria documentada e o mito fundador.<\/p>\n<p>Quando a Primeira Cruzada foi lan\u00e7ada, em 1095, o mundo isl\u00e2mico estava longe de ser um bloco coeso. Califados rivais, sultanatos em disputa e emirados fragmentados dificultaram uma resposta unificada \u00e0 invas\u00e3o europeia. Os turcos selj\u00facidas, rec\u00e9m-chegados da \u00c1sia Central e j\u00e1 islamizados, assumiram papel central nesse tabuleiro. Guerreiros n\u00f4mades, h\u00e1beis cavaleiros e estrategistas da guerra de movimento, os turcos rapidamente se tornaram o principal obst\u00e1culo militar \u00e0s for\u00e7as cruzadas no interior da Anat\u00f3lia.<\/p>\n<p>Foi nesse ambiente de instabilidade, combates constantes e defesa do territ\u00f3rio isl\u00e2mico que se formou o ethos do chamado islamismo turco de fronteira: menos teol\u00f3gico e mais pragm\u00e1tico, profundamente marcado pela no\u00e7\u00e3o de ghaza \u2014 a luta armada em defesa da f\u00e9 e da comunidade.<\/p>\n<p>\u00c9 nesse contexto que surge Ertu\u011frul Bey, l\u00edder da tribo Kay\u0131, um dos ramos dos turcos oghuz. As fontes hist\u00f3ricas sobre sua vida s\u00e3o escassas e, muitas vezes, escritas d\u00e9cadas \u2014 ou s\u00e9culos \u2014 depois de sua morte. Ainda assim, h\u00e1 consenso m\u00ednimo: Ertu\u011frul liderou seu povo em migra\u00e7\u00e3o para o oeste da Anat\u00f3lia, colocando-se a servi\u00e7o do Sultanato Selj\u00facida de Rum, em um momento em que crist\u00e3os bizantinos, cruzados latinos e for\u00e7as isl\u00e2micas disputavam cada fortaleza.<\/p>\n<p>Segundo a tradi\u00e7\u00e3o, Ertu\u011frul distinguiu-se em batalhas contra inimigos crist\u00e3os \u2014 muitas vezes identificados genericamente como \u201ccruzados\u201d \u2014 e recebeu como recompensa terras estrat\u00e9gicas na regi\u00e3o de S\u00f6\u011f\u00fct. Mais do que um senhor da guerra, ele teria sido um guardi\u00e3o da fronteira, um bey cuja autoridade derivava tanto da espada quanto do respeito tribal.<\/p>\n<p>Ertu\u011frul Bey foi ao mesmo tempo um her\u00f3i e um mito que perdura. Historicamente, sua exist\u00eancia \u00e9 plaus\u00edvel e sustentada por registros indiretos. No entanto, o Ertu\u011frul que atravessa os s\u00e9culos \u2014 justo, piedoso, invenc\u00edvel e predestinado \u2014 \u00e9, em grande parte, uma constru\u00e7\u00e3o posterior, especialmente promovida pelo Imp\u00e9rio Otomano. Ao transformar Ertu\u011frul no patriarca ideal, os otomanos legitimaram sua pr\u00f3pria ascens\u00e3o como defensores do Isl\u00e3 contra o cristianismo cruzado e o decadente Imp\u00e9rio Bizantino.<\/p>\n<p>O mito, nesse sentido, n\u00e3o nega a hist\u00f3ria; ele a organiza, embeleza e d\u00e1 sentido. Ertu\u011frul torna-se menos um indiv\u00edduo isolado e mais o s\u00edmbolo de um momento: a transi\u00e7\u00e3o do caos das Cruzadas para o surgimento de uma nova pot\u00eancia isl\u00e2mica.<\/p>\n<p>Curiosamente, Ertu\u011frul n\u00e3o viveu para ver a queda definitiva das grandes fortalezas cruzadas, nem a tomada de Constantinopla. Seu verdadeiro legado foi indireto, por\u00e9m monumental: seu filho, Osman I, fundaria o Estado que se transformaria no Imp\u00e9rio Otomano, uma das for\u00e7as mais duradouras da hist\u00f3ria isl\u00e2mica \u2014 e um dos principais herdeiros da luta contra o mundo crist\u00e3o medieval.<\/p>\n<p>Assim, Ertu\u011frul Bey permanece na fronteira entre o real e o simb\u00f3lico. Talvez n\u00e3o importe tanto se cada batalha atribu\u00edda a ele ocorreu exatamente como narram as lendas. O que importa \u00e9 que sua figura encarna o esp\u00edrito do islamismo turco em tempos de Cruzadas: resist\u00eancia, adapta\u00e7\u00e3o e a constru\u00e7\u00e3o de um destino hist\u00f3rico a partir das margens.<\/p>\n<p>O certo, na consci\u00eancia do povo turco, \u00e9 que Ertu\u011frul Bey foi, ao que tudo indica, um her\u00f3i que virou mito. Um l\u00edder tribal real, moldado pelas circunst\u00e2ncias brutais do s\u00e9culo XIII, e um personagem elevado pela mem\u00f3ria coletiva a fundador de uma civiliza\u00e7\u00e3o. Entre a espada empunhada na Anat\u00f3lia e a narrativa transmitida pelos s\u00e9culos, ele continua a cavalgar \u2014 n\u00e3o apenas na hist\u00f3ria, mas no imagin\u00e1rio de um mundo que ainda busca compreender as ra\u00edzes de seus conflitos e identidades.<\/p>\n<p>&#8230;&#8230;&#8230;&#8230;&#8230;&#8230;.<\/p>\n<p><strong>Antonieta Castro \u00e9 Historiadora e escreve semanalmente para Notibras<\/strong><\/p>\n","protected":false},"excerpt":{"rendered":"<p>Quando se fala nas Cruzadas, a narrativa dominante costuma ser moldada por cr\u00f4nicas europeias: reis, cavaleiros, estandartes com cruzes vermelhas e batalhas travadas em nome da f\u00e9 crist\u00e3. Menos vis\u00edvel, por\u00e9m n\u00e3o menos decisivo, foi o papel desempenhado pelos povos turcos isl\u00e2micos na lenta e persistente resist\u00eancia que se estendeu do s\u00e9culo XI ao XIII. [&hellip;]<\/p>\n","protected":false},"author":2,"featured_media":379499,"comment_status":"closed","ping_status":"closed","sticky":false,"template":"","format":"standard","meta":{"_acf_changed":false,"footnotes":""},"categories":[237],"tags":[],"class_list":["post-379497","post","type-post","status-publish","format-standard","has-post-thumbnail","hentry","category-oraculos"],"acf":[],"yoast_head":"<!-- This site is optimized with the Yoast SEO plugin v27.2 - https:\/\/yoast.com\/product\/yoast-seo-wordpress\/ -->\n<title>Ertu\u011frul e o islamismo turco contra as Cruzadas - Notibras<\/title>\n<meta name=\"robots\" content=\"index, follow, max-snippet:-1, max-image-preview:large, max-video-preview:-1\" \/>\n<link rel=\"canonical\" href=\"https:\/\/www.notibras.com\/site\/ertugrul-e-o-islamismo-turco-contra-as-cruzadas\/\" \/>\n<meta property=\"og:locale\" content=\"pt_BR\" \/>\n<meta property=\"og:type\" content=\"article\" \/>\n<meta property=\"og:title\" content=\"Ertu\u011frul e o islamismo turco contra as Cruzadas - Notibras\" \/>\n<meta property=\"og:description\" content=\"Quando se fala nas Cruzadas, a narrativa dominante costuma ser moldada por cr\u00f4nicas europeias: reis, cavaleiros, estandartes com cruzes vermelhas e batalhas travadas em nome da f\u00e9 crist\u00e3. Menos vis\u00edvel, por\u00e9m n\u00e3o menos decisivo, foi o papel desempenhado pelos povos turcos isl\u00e2micos na lenta e persistente resist\u00eancia que se estendeu do s\u00e9culo XI ao XIII. [&hellip;]\" \/>\n<meta property=\"og:url\" content=\"https:\/\/www.notibras.com\/site\/ertugrul-e-o-islamismo-turco-contra-as-cruzadas\/\" \/>\n<meta property=\"og:site_name\" content=\"Notibras\" \/>\n<meta property=\"article:publisher\" content=\"https:\/\/www.facebook.com\/notibras\/\" \/>\n<meta property=\"article:published_time\" content=\"2026-01-18T08:54:27+00:00\" \/>\n<meta property=\"og:image\" content=\"https:\/\/www.notibras.com\/site\/wp-content\/uploads\/2026\/01\/ertugrul-683x1024.png\" \/>\n\t<meta property=\"og:image:width\" content=\"683\" \/>\n\t<meta property=\"og:image:height\" content=\"1024\" \/>\n\t<meta property=\"og:image:type\" content=\"image\/png\" \/>\n<meta name=\"author\" content=\"Reda\u00e7\u00e3o\" \/>\n<meta name=\"twitter:card\" content=\"summary_large_image\" \/>\n<meta name=\"twitter:creator\" content=\"@Notibras\" \/>\n<meta name=\"twitter:site\" content=\"@Notibras\" \/>\n<meta name=\"twitter:label1\" content=\"Escrito por\" \/>\n\t<meta name=\"twitter:data1\" content=\"Reda\u00e7\u00e3o\" \/>\n\t<meta name=\"twitter:label2\" content=\"Est. tempo de leitura\" \/>\n\t<meta name=\"twitter:data2\" content=\"4 minutos\" \/>\n<script type=\"application\/ld+json\" class=\"yoast-schema-graph\">{\"@context\":\"https:\/\/schema.org\",\"@graph\":[{\"@type\":\"Article\",\"@id\":\"https:\/\/www.notibras.com\/site\/ertugrul-e-o-islamismo-turco-contra-as-cruzadas\/#article\",\"isPartOf\":{\"@id\":\"https:\/\/www.notibras.com\/site\/ertugrul-e-o-islamismo-turco-contra-as-cruzadas\/\"},\"author\":{\"name\":\"Reda\u00e7\u00e3o\",\"@id\":\"https:\/\/www.notibras.com\/site\/#\/schema\/person\/36ab0979449956132d3e5b517ea76ac8\"},\"headline\":\"Ertu\u011frul e o islamismo turco contra as Cruzadas\",\"datePublished\":\"2026-01-18T08:54:27+00:00\",\"mainEntityOfPage\":{\"@id\":\"https:\/\/www.notibras.com\/site\/ertugrul-e-o-islamismo-turco-contra-as-cruzadas\/\"},\"wordCount\":761,\"publisher\":{\"@id\":\"https:\/\/www.notibras.com\/site\/#organization\"},\"image\":{\"@id\":\"https:\/\/www.notibras.com\/site\/ertugrul-e-o-islamismo-turco-contra-as-cruzadas\/#primaryimage\"},\"thumbnailUrl\":\"https:\/\/www.notibras.com\/site\/wp-content\/uploads\/2026\/01\/ertugrul.png\",\"articleSection\":[\"Or\u00e1culos\"],\"inLanguage\":\"pt-BR\"},{\"@type\":\"WebPage\",\"@id\":\"https:\/\/www.notibras.com\/site\/ertugrul-e-o-islamismo-turco-contra-as-cruzadas\/\",\"url\":\"https:\/\/www.notibras.com\/site\/ertugrul-e-o-islamismo-turco-contra-as-cruzadas\/\",\"name\":\"Ertu\u011frul e o islamismo turco contra as Cruzadas - Notibras\",\"isPartOf\":{\"@id\":\"https:\/\/www.notibras.com\/site\/#website\"},\"primaryImageOfPage\":{\"@id\":\"https:\/\/www.notibras.com\/site\/ertugrul-e-o-islamismo-turco-contra-as-cruzadas\/#primaryimage\"},\"image\":{\"@id\":\"https:\/\/www.notibras.com\/site\/ertugrul-e-o-islamismo-turco-contra-as-cruzadas\/#primaryimage\"},\"thumbnailUrl\":\"https:\/\/www.notibras.com\/site\/wp-content\/uploads\/2026\/01\/ertugrul.png\",\"datePublished\":\"2026-01-18T08:54:27+00:00\",\"breadcrumb\":{\"@id\":\"https:\/\/www.notibras.com\/site\/ertugrul-e-o-islamismo-turco-contra-as-cruzadas\/#breadcrumb\"},\"inLanguage\":\"pt-BR\",\"potentialAction\":[{\"@type\":\"ReadAction\",\"target\":[\"https:\/\/www.notibras.com\/site\/ertugrul-e-o-islamismo-turco-contra-as-cruzadas\/\"]}]},{\"@type\":\"ImageObject\",\"inLanguage\":\"pt-BR\",\"@id\":\"https:\/\/www.notibras.com\/site\/ertugrul-e-o-islamismo-turco-contra-as-cruzadas\/#primaryimage\",\"url\":\"https:\/\/www.notibras.com\/site\/wp-content\/uploads\/2026\/01\/ertugrul.png\",\"contentUrl\":\"https:\/\/www.notibras.com\/site\/wp-content\/uploads\/2026\/01\/ertugrul.png\",\"width\":1024,\"height\":1536},{\"@type\":\"BreadcrumbList\",\"@id\":\"https:\/\/www.notibras.com\/site\/ertugrul-e-o-islamismo-turco-contra-as-cruzadas\/#breadcrumb\",\"itemListElement\":[{\"@type\":\"ListItem\",\"position\":1,\"name\":\"In\u00edcio\",\"item\":\"https:\/\/www.notibras.com\/site\/\"},{\"@type\":\"ListItem\",\"position\":2,\"name\":\"Ertu\u011frul e o islamismo turco contra as Cruzadas\"}]},{\"@type\":\"WebSite\",\"@id\":\"https:\/\/www.notibras.com\/site\/#website\",\"url\":\"https:\/\/www.notibras.com\/site\/\",\"name\":\"Notibras\",\"description\":\"Not\u00edcias de Bras\u00edlia, do Brasil e do Mundo\",\"publisher\":{\"@id\":\"https:\/\/www.notibras.com\/site\/#organization\"},\"potentialAction\":[{\"@type\":\"SearchAction\",\"target\":{\"@type\":\"EntryPoint\",\"urlTemplate\":\"https:\/\/www.notibras.com\/site\/?s={search_term_string}\"},\"query-input\":{\"@type\":\"PropertyValueSpecification\",\"valueRequired\":true,\"valueName\":\"search_term_string\"}}],\"inLanguage\":\"pt-BR\"},{\"@type\":\"Organization\",\"@id\":\"https:\/\/www.notibras.com\/site\/#organization\",\"name\":\"Grupo Notibras de Comunica\u00e7\u00e3o\",\"url\":\"https:\/\/www.notibras.com\/site\/\",\"logo\":{\"@type\":\"ImageObject\",\"inLanguage\":\"pt-BR\",\"@id\":\"https:\/\/www.notibras.com\/site\/#\/schema\/logo\/image\/\",\"url\":\"https:\/\/www.notibras.com\/site\/wp-content\/uploads\/2023\/01\/notibras23.png\",\"contentUrl\":\"https:\/\/www.notibras.com\/site\/wp-content\/uploads\/2023\/01\/notibras23.png\",\"width\":350,\"height\":87,\"caption\":\"Grupo Notibras de Comunica\u00e7\u00e3o\"},\"image\":{\"@id\":\"https:\/\/www.notibras.com\/site\/#\/schema\/logo\/image\/\"},\"sameAs\":[\"https:\/\/www.facebook.com\/notibras\/\",\"https:\/\/x.com\/Notibras\",\"https:\/\/www.instagram.com\/notibras\/\"]},{\"@type\":\"Person\",\"@id\":\"https:\/\/www.notibras.com\/site\/#\/schema\/person\/36ab0979449956132d3e5b517ea76ac8\",\"name\":\"Reda\u00e7\u00e3o\",\"image\":{\"@type\":\"ImageObject\",\"inLanguage\":\"pt-BR\",\"@id\":\"https:\/\/secure.gravatar.com\/avatar\/e0a867bdedb85fd243eadf09663511f96fc81e0720a4a42581f334ad4303aa6b?s=96&d=mm&r=g\",\"url\":\"https:\/\/secure.gravatar.com\/avatar\/e0a867bdedb85fd243eadf09663511f96fc81e0720a4a42581f334ad4303aa6b?s=96&d=mm&r=g\",\"contentUrl\":\"https:\/\/secure.gravatar.com\/avatar\/e0a867bdedb85fd243eadf09663511f96fc81e0720a4a42581f334ad4303aa6b?s=96&d=mm&r=g\",\"caption\":\"Reda\u00e7\u00e3o\"}}]}<\/script>\n<!-- \/ Yoast SEO plugin. -->","yoast_head_json":{"title":"Ertu\u011frul e o islamismo turco contra as Cruzadas - Notibras","robots":{"index":"index","follow":"follow","max-snippet":"max-snippet:-1","max-image-preview":"max-image-preview:large","max-video-preview":"max-video-preview:-1"},"canonical":"https:\/\/www.notibras.com\/site\/ertugrul-e-o-islamismo-turco-contra-as-cruzadas\/","og_locale":"pt_BR","og_type":"article","og_title":"Ertu\u011frul e o islamismo turco contra as Cruzadas - Notibras","og_description":"Quando se fala nas Cruzadas, a narrativa dominante costuma ser moldada por cr\u00f4nicas europeias: reis, cavaleiros, estandartes com cruzes vermelhas e batalhas travadas em nome da f\u00e9 crist\u00e3. Menos vis\u00edvel, por\u00e9m n\u00e3o menos decisivo, foi o papel desempenhado pelos povos turcos isl\u00e2micos na lenta e persistente resist\u00eancia que se estendeu do s\u00e9culo XI ao XIII. [&hellip;]","og_url":"https:\/\/www.notibras.com\/site\/ertugrul-e-o-islamismo-turco-contra-as-cruzadas\/","og_site_name":"Notibras","article_publisher":"https:\/\/www.facebook.com\/notibras\/","article_published_time":"2026-01-18T08:54:27+00:00","og_image":[{"width":683,"height":1024,"url":"https:\/\/www.notibras.com\/site\/wp-content\/uploads\/2026\/01\/ertugrul-683x1024.png","type":"image\/png"}],"author":"Reda\u00e7\u00e3o","twitter_card":"summary_large_image","twitter_creator":"@Notibras","twitter_site":"@Notibras","twitter_misc":{"Escrito por":"Reda\u00e7\u00e3o","Est. tempo de leitura":"4 minutos"},"schema":{"@context":"https:\/\/schema.org","@graph":[{"@type":"Article","@id":"https:\/\/www.notibras.com\/site\/ertugrul-e-o-islamismo-turco-contra-as-cruzadas\/#article","isPartOf":{"@id":"https:\/\/www.notibras.com\/site\/ertugrul-e-o-islamismo-turco-contra-as-cruzadas\/"},"author":{"name":"Reda\u00e7\u00e3o","@id":"https:\/\/www.notibras.com\/site\/#\/schema\/person\/36ab0979449956132d3e5b517ea76ac8"},"headline":"Ertu\u011frul e o islamismo turco contra as Cruzadas","datePublished":"2026-01-18T08:54:27+00:00","mainEntityOfPage":{"@id":"https:\/\/www.notibras.com\/site\/ertugrul-e-o-islamismo-turco-contra-as-cruzadas\/"},"wordCount":761,"publisher":{"@id":"https:\/\/www.notibras.com\/site\/#organization"},"image":{"@id":"https:\/\/www.notibras.com\/site\/ertugrul-e-o-islamismo-turco-contra-as-cruzadas\/#primaryimage"},"thumbnailUrl":"https:\/\/www.notibras.com\/site\/wp-content\/uploads\/2026\/01\/ertugrul.png","articleSection":["Or\u00e1culos"],"inLanguage":"pt-BR"},{"@type":"WebPage","@id":"https:\/\/www.notibras.com\/site\/ertugrul-e-o-islamismo-turco-contra-as-cruzadas\/","url":"https:\/\/www.notibras.com\/site\/ertugrul-e-o-islamismo-turco-contra-as-cruzadas\/","name":"Ertu\u011frul e o islamismo turco contra as Cruzadas - Notibras","isPartOf":{"@id":"https:\/\/www.notibras.com\/site\/#website"},"primaryImageOfPage":{"@id":"https:\/\/www.notibras.com\/site\/ertugrul-e-o-islamismo-turco-contra-as-cruzadas\/#primaryimage"},"image":{"@id":"https:\/\/www.notibras.com\/site\/ertugrul-e-o-islamismo-turco-contra-as-cruzadas\/#primaryimage"},"thumbnailUrl":"https:\/\/www.notibras.com\/site\/wp-content\/uploads\/2026\/01\/ertugrul.png","datePublished":"2026-01-18T08:54:27+00:00","breadcrumb":{"@id":"https:\/\/www.notibras.com\/site\/ertugrul-e-o-islamismo-turco-contra-as-cruzadas\/#breadcrumb"},"inLanguage":"pt-BR","potentialAction":[{"@type":"ReadAction","target":["https:\/\/www.notibras.com\/site\/ertugrul-e-o-islamismo-turco-contra-as-cruzadas\/"]}]},{"@type":"ImageObject","inLanguage":"pt-BR","@id":"https:\/\/www.notibras.com\/site\/ertugrul-e-o-islamismo-turco-contra-as-cruzadas\/#primaryimage","url":"https:\/\/www.notibras.com\/site\/wp-content\/uploads\/2026\/01\/ertugrul.png","contentUrl":"https:\/\/www.notibras.com\/site\/wp-content\/uploads\/2026\/01\/ertugrul.png","width":1024,"height":1536},{"@type":"BreadcrumbList","@id":"https:\/\/www.notibras.com\/site\/ertugrul-e-o-islamismo-turco-contra-as-cruzadas\/#breadcrumb","itemListElement":[{"@type":"ListItem","position":1,"name":"In\u00edcio","item":"https:\/\/www.notibras.com\/site\/"},{"@type":"ListItem","position":2,"name":"Ertu\u011frul e o islamismo turco contra as Cruzadas"}]},{"@type":"WebSite","@id":"https:\/\/www.notibras.com\/site\/#website","url":"https:\/\/www.notibras.com\/site\/","name":"Notibras","description":"Not\u00edcias de Bras\u00edlia, do Brasil e do Mundo","publisher":{"@id":"https:\/\/www.notibras.com\/site\/#organization"},"potentialAction":[{"@type":"SearchAction","target":{"@type":"EntryPoint","urlTemplate":"https:\/\/www.notibras.com\/site\/?s={search_term_string}"},"query-input":{"@type":"PropertyValueSpecification","valueRequired":true,"valueName":"search_term_string"}}],"inLanguage":"pt-BR"},{"@type":"Organization","@id":"https:\/\/www.notibras.com\/site\/#organization","name":"Grupo Notibras de Comunica\u00e7\u00e3o","url":"https:\/\/www.notibras.com\/site\/","logo":{"@type":"ImageObject","inLanguage":"pt-BR","@id":"https:\/\/www.notibras.com\/site\/#\/schema\/logo\/image\/","url":"https:\/\/www.notibras.com\/site\/wp-content\/uploads\/2023\/01\/notibras23.png","contentUrl":"https:\/\/www.notibras.com\/site\/wp-content\/uploads\/2023\/01\/notibras23.png","width":350,"height":87,"caption":"Grupo Notibras de Comunica\u00e7\u00e3o"},"image":{"@id":"https:\/\/www.notibras.com\/site\/#\/schema\/logo\/image\/"},"sameAs":["https:\/\/www.facebook.com\/notibras\/","https:\/\/x.com\/Notibras","https:\/\/www.instagram.com\/notibras\/"]},{"@type":"Person","@id":"https:\/\/www.notibras.com\/site\/#\/schema\/person\/36ab0979449956132d3e5b517ea76ac8","name":"Reda\u00e7\u00e3o","image":{"@type":"ImageObject","inLanguage":"pt-BR","@id":"https:\/\/secure.gravatar.com\/avatar\/e0a867bdedb85fd243eadf09663511f96fc81e0720a4a42581f334ad4303aa6b?s=96&d=mm&r=g","url":"https:\/\/secure.gravatar.com\/avatar\/e0a867bdedb85fd243eadf09663511f96fc81e0720a4a42581f334ad4303aa6b?s=96&d=mm&r=g","contentUrl":"https:\/\/secure.gravatar.com\/avatar\/e0a867bdedb85fd243eadf09663511f96fc81e0720a4a42581f334ad4303aa6b?s=96&d=mm&r=g","caption":"Reda\u00e7\u00e3o"}}]}},"amp_enabled":true,"_links":{"self":[{"href":"https:\/\/www.notibras.com\/site\/wp-json\/wp\/v2\/posts\/379497","targetHints":{"allow":["GET"]}}],"collection":[{"href":"https:\/\/www.notibras.com\/site\/wp-json\/wp\/v2\/posts"}],"about":[{"href":"https:\/\/www.notibras.com\/site\/wp-json\/wp\/v2\/types\/post"}],"author":[{"embeddable":true,"href":"https:\/\/www.notibras.com\/site\/wp-json\/wp\/v2\/users\/2"}],"replies":[{"embeddable":true,"href":"https:\/\/www.notibras.com\/site\/wp-json\/wp\/v2\/comments?post=379497"}],"version-history":[{"count":1,"href":"https:\/\/www.notibras.com\/site\/wp-json\/wp\/v2\/posts\/379497\/revisions"}],"predecessor-version":[{"id":379500,"href":"https:\/\/www.notibras.com\/site\/wp-json\/wp\/v2\/posts\/379497\/revisions\/379500"}],"wp:featuredmedia":[{"embeddable":true,"href":"https:\/\/www.notibras.com\/site\/wp-json\/wp\/v2\/media\/379499"}],"wp:attachment":[{"href":"https:\/\/www.notibras.com\/site\/wp-json\/wp\/v2\/media?parent=379497"}],"wp:term":[{"taxonomy":"category","embeddable":true,"href":"https:\/\/www.notibras.com\/site\/wp-json\/wp\/v2\/categories?post=379497"},{"taxonomy":"post_tag","embeddable":true,"href":"https:\/\/www.notibras.com\/site\/wp-json\/wp\/v2\/tags?post=379497"}],"curies":[{"name":"wp","href":"https:\/\/api.w.org\/{rel}","templated":true}]}}