{"id":379509,"date":"2026-01-18T06:34:09","date_gmt":"2026-01-18T09:34:09","guid":{"rendered":"https:\/\/www.notibras.com\/site\/?p=379509"},"modified":"2026-01-18T06:35:20","modified_gmt":"2026-01-18T09:35:20","slug":"fim-da-encruzilhada-politica-pode-vir-como-um-coelho-que-sai-da-cartola","status":"publish","type":"post","link":"https:\/\/www.notibras.com\/site\/fim-da-encruzilhada-politica-pode-vir-como-um-coelho-que-sai-da-cartola\/","title":{"rendered":"Fim da encruzilhada pol\u00edtica pode vir como um coelho que sai da cartola"},"content":{"rendered":"<p>Pol\u00edtica todos n\u00f3s fazemos at\u00e9 dormindo. Ao acordarmos, a consequ\u00eancia \u00e9 que somos todos pol\u00edticos. Entretanto, como fazer pol\u00edtica \u00e9 uma arte, poucos conseguem o diploma de conclus\u00e3o do curso de homem p\u00fablico que preza pelos interesses da popula\u00e7\u00e3o. Ou\u00e7o desde menino que o bom pol\u00edtico n\u00e3o \u00e9 aquele que vence nas urnas, mas sim o que trabalha para atender \u00e0s necessidades de seu povo. O tempo passou e hoje, algumas boas d\u00e9cadas depois da meninice, ainda n\u00e3o se dissipou a certeza de que, de todas as coisas negativas na pol\u00edtica, os pol\u00edticos s\u00e3o a pior.<\/p>\n<p>Eles nascem, crescem, s\u00e3o eleitos e morrem sem descobrir que \u00e9 pelo car\u00e1ter e n\u00e3o pelo intelecto que se ganha o mundo. Filosofias e sonhos \u00e0 parte, a pol\u00edtica tem tudo para ser mais honesta, compreensiva e social. Como tudo tem come\u00e7o, meio e fim, o primeiro passo seria, antes de atingir o objetivo eleitoral, instruir os candidatos a se preocuparem mais com ideias e propostas e menos com agress\u00f5es gratuitas a advers\u00e1rios, os quais, em uma \u00fanica an\u00e1lise, n\u00e3o s\u00e3o inimigos. Desse modo, a avalia\u00e7\u00e3o cr\u00edtica de cada um seria de responsabilidade exclusiva dos eleitores. Como a honestidade \u00e9 uma obriga\u00e7\u00e3o, o pulo seguinte \u00e9 o eleito se lembrar de Pompeia Sula, a mulher do imperador C\u00e9sar, e se mostrar honesto em qualquer ocasi\u00e3o ou situa\u00e7\u00e3o.<\/p>\n<p>Feito isso, o fim natural \u00e9 a reelei\u00e7\u00e3o ou o alcance de novos patamares pol\u00edticos. Elevar o sarrafo imp\u00f5e alguns contratempos, entre eles o de deixar de depender da pol\u00edtica. Tamb\u00e9m exige decis\u00f5es cabeludas e impens\u00e1veis. A principal delas \u00e9 tornar p\u00fablica a entrada do cidad\u00e3o honesto pela porta da frente dos pal\u00e1cios e informar sobre a sa\u00edda sorrateira do pol\u00edtico pela porta dos fundos. Didaticamente, serenidade, parcim\u00f4nia, bons projetos, ideias progressistas e muita sensibilidade para saber alcan\u00e7ar os anseios do povo s\u00e3o alguns dos ingredientes b\u00e1sicos para um cidad\u00e3o ser um bom pol\u00edtico, sobretudo um bom prefeito, governador e presidente da Rep\u00fablica.<\/p>\n<p>Para chegar a um desses tr\u00eas t\u00edtulos majorit\u00e1rios, normalmente seus postulantes j\u00e1 foram senadores, deputados e vereadores. As diferen\u00e7as entre eles s\u00e3o os obst\u00e1culos e as cascas de banana jogadas estrat\u00e9gica e deliberadamente pelos opositores. Mudar de parlamentar para o andar de cima, o de mandat\u00e1rio, significa participar obrigatoriamente de um Big Brother di\u00e1rio. Ao contr\u00e1rio dos parlamentos, esses cargos exigem compet\u00eancia comprovada e n\u00e3o permitem arroubos ret\u00f3ricos, tampouco manifesta\u00e7\u00f5es de for\u00e7a, de deboches ou de superioridade. Todos que agiram dessa forma ficaram pelo caminho. Alguns est\u00e3o reclusos em casa ou recolhidos a diminutivos de penitenci\u00e1rias. Papudinha, por exemplo.<\/p>\n<p>Os que conseguiram concluir a caminhada perderam o retorno e n\u00e3o voltaram. Excetuando o dever de abstin\u00eancia no \u00edmpeto da rapinagem, para deputados, senadores e vereadores as exig\u00eancias s\u00e3o bem menores, considerando que o palco que eles ocupam \u00e9 um teatrinho do tipo debil\u00f3ides. Enquanto a palavra ou uma frase mal colocada de um prefeito, governador ou presidente tem efeito devastador, podendo gerar impeachments, os parlamentares (mesmo aqueles sem argumento algum) t\u00eam liberdade para abusar de frases de efeito, as quais, sem qualquer filtro, geram recortes para suas redes sociais. Ou seja, n\u00e3o h\u00e1 hip\u00f3tese de a postura teatral de uns ser repetida por outros. \u00c0s vezes, o vale a pena ver de novo \u00e9 suic\u00eddio. Por enquanto, o futuro pol\u00edtico do Brasil \u00e9 uma encruzilhada.<\/p>\n<p>A elei\u00e7\u00e3o de outubro pode ser a melhor ocasi\u00e3o para elevar o sarrafo da pol\u00edtica e tirar o pa\u00eds dessa triste caminhada. Cada vez mais raros nas tr\u00eas esferas eleitorais (municipal, estadual e federal), o pol\u00edtico honesto quando chega ao poder fica limitado a tr\u00eas op\u00e7\u00f5es: o aeroporto ou a rodovi\u00e1ria da cidade, a ades\u00e3o \u00e0 corrup\u00e7\u00e3o ou a persegui\u00e7\u00e3o implac\u00e1vel dos desonestos. Parafraseando o pensador Donizete de Castilho, o pol\u00edtico honesto deve se comportar como os criadores de porcos: n\u00e3o ter de entrar no chiqueiro e n\u00e3o se deitar com os porcos para n\u00e3o se sujar. Tarefa dif\u00edcil, mas n\u00e3o imposs\u00edvel para aqueles que consideram a honestidade a proeza mais memor\u00e1vel de todas as atitudes. Vale a pena escolher certo em outubro pr\u00f3ximo. Se preferirem, reeleger tamb\u00e9m \u00e9 um bom neg\u00f3cio.<\/p>\n<p>&#8230;&#8230;&#8230;.<\/p>\n<p><strong>Armando Cardoso \u00e9 presidente do Conselho Editorial de Notibras<\/strong><\/p>\n","protected":false},"excerpt":{"rendered":"<p>Pol\u00edtica todos n\u00f3s fazemos at\u00e9 dormindo. Ao acordarmos, a consequ\u00eancia \u00e9 que somos todos pol\u00edticos. Entretanto, como fazer pol\u00edtica \u00e9 uma arte, poucos conseguem o diploma de conclus\u00e3o do curso de homem p\u00fablico que preza pelos interesses da popula\u00e7\u00e3o. Ou\u00e7o desde menino que o bom pol\u00edtico n\u00e3o \u00e9 aquele que vence nas urnas, mas sim [&hellip;]<\/p>\n","protected":false},"author":2,"featured_media":379510,"comment_status":"closed","ping_status":"closed","sticky":false,"template":"","format":"standard","meta":{"_acf_changed":false,"footnotes":""},"categories":[16],"tags":[],"class_list":["post-379509","post","type-post","status-publish","format-standard","has-post-thumbnail","hentry","category-brasil"],"acf":[],"yoast_head":"<!-- This site is optimized with the Yoast SEO plugin v27.2 - https:\/\/yoast.com\/product\/yoast-seo-wordpress\/ -->\n<title>Fim da encruzilhada pol\u00edtica pode vir como um coelho que sai da cartola - Notibras<\/title>\n<meta name=\"robots\" content=\"index, follow, max-snippet:-1, max-image-preview:large, max-video-preview:-1\" \/>\n<link rel=\"canonical\" href=\"https:\/\/www.notibras.com\/site\/fim-da-encruzilhada-politica-pode-vir-como-um-coelho-que-sai-da-cartola\/\" \/>\n<meta property=\"og:locale\" content=\"pt_BR\" \/>\n<meta property=\"og:type\" content=\"article\" \/>\n<meta property=\"og:title\" content=\"Fim da encruzilhada pol\u00edtica pode vir como um coelho que sai da cartola - Notibras\" \/>\n<meta property=\"og:description\" content=\"Pol\u00edtica todos n\u00f3s fazemos at\u00e9 dormindo. Ao acordarmos, a consequ\u00eancia \u00e9 que somos todos pol\u00edticos. Entretanto, como fazer pol\u00edtica \u00e9 uma arte, poucos conseguem o diploma de conclus\u00e3o do curso de homem p\u00fablico que preza pelos interesses da popula\u00e7\u00e3o. Ou\u00e7o desde menino que o bom pol\u00edtico n\u00e3o \u00e9 aquele que vence nas urnas, mas sim [&hellip;]\" \/>\n<meta property=\"og:url\" content=\"https:\/\/www.notibras.com\/site\/fim-da-encruzilhada-politica-pode-vir-como-um-coelho-que-sai-da-cartola\/\" \/>\n<meta property=\"og:site_name\" content=\"Notibras\" \/>\n<meta property=\"article:publisher\" content=\"https:\/\/www.facebook.com\/notibras\/\" \/>\n<meta property=\"article:published_time\" content=\"2026-01-18T09:34:09+00:00\" \/>\n<meta property=\"article:modified_time\" content=\"2026-01-18T09:35:20+00:00\" \/>\n<meta property=\"og:image\" content=\"https:\/\/www.notibras.com\/site\/wp-content\/uploads\/2026\/01\/b282b6fc-d43d-4570-9250-a7b8ca44a7b9.png\" \/>\n\t<meta property=\"og:image:width\" content=\"1024\" \/>\n\t<meta property=\"og:image:height\" content=\"1536\" \/>\n\t<meta property=\"og:image:type\" content=\"image\/png\" \/>\n<meta name=\"author\" content=\"Reda\u00e7\u00e3o\" \/>\n<meta name=\"twitter:card\" content=\"summary_large_image\" \/>\n<meta name=\"twitter:creator\" content=\"@Notibras\" \/>\n<meta name=\"twitter:site\" content=\"@Notibras\" \/>\n<meta name=\"twitter:label1\" content=\"Escrito por\" \/>\n\t<meta name=\"twitter:data1\" content=\"Reda\u00e7\u00e3o\" \/>\n\t<meta name=\"twitter:label2\" content=\"Est. tempo de leitura\" \/>\n\t<meta name=\"twitter:data2\" content=\"5 minutos\" \/>\n<script type=\"application\/ld+json\" class=\"yoast-schema-graph\">{\"@context\":\"https:\/\/schema.org\",\"@graph\":[{\"@type\":\"Article\",\"@id\":\"https:\/\/www.notibras.com\/site\/fim-da-encruzilhada-politica-pode-vir-como-um-coelho-que-sai-da-cartola\/#article\",\"isPartOf\":{\"@id\":\"https:\/\/www.notibras.com\/site\/fim-da-encruzilhada-politica-pode-vir-como-um-coelho-que-sai-da-cartola\/\"},\"author\":{\"name\":\"Reda\u00e7\u00e3o\",\"@id\":\"https:\/\/www.notibras.com\/site\/#\/schema\/person\/36ab0979449956132d3e5b517ea76ac8\"},\"headline\":\"Fim da encruzilhada pol\u00edtica pode vir como um coelho que sai da cartola\",\"datePublished\":\"2026-01-18T09:34:09+00:00\",\"dateModified\":\"2026-01-18T09:35:20+00:00\",\"mainEntityOfPage\":{\"@id\":\"https:\/\/www.notibras.com\/site\/fim-da-encruzilhada-politica-pode-vir-como-um-coelho-que-sai-da-cartola\/\"},\"wordCount\":793,\"publisher\":{\"@id\":\"https:\/\/www.notibras.com\/site\/#organization\"},\"image\":{\"@id\":\"https:\/\/www.notibras.com\/site\/fim-da-encruzilhada-politica-pode-vir-como-um-coelho-que-sai-da-cartola\/#primaryimage\"},\"thumbnailUrl\":\"https:\/\/www.notibras.com\/site\/wp-content\/uploads\/2026\/01\/b282b6fc-d43d-4570-9250-a7b8ca44a7b9.png\",\"articleSection\":[\"Brasil\"],\"inLanguage\":\"pt-BR\"},{\"@type\":\"WebPage\",\"@id\":\"https:\/\/www.notibras.com\/site\/fim-da-encruzilhada-politica-pode-vir-como-um-coelho-que-sai-da-cartola\/\",\"url\":\"https:\/\/www.notibras.com\/site\/fim-da-encruzilhada-politica-pode-vir-como-um-coelho-que-sai-da-cartola\/\",\"name\":\"Fim da encruzilhada pol\u00edtica pode vir como um coelho que sai da cartola - Notibras\",\"isPartOf\":{\"@id\":\"https:\/\/www.notibras.com\/site\/#website\"},\"primaryImageOfPage\":{\"@id\":\"https:\/\/www.notibras.com\/site\/fim-da-encruzilhada-politica-pode-vir-como-um-coelho-que-sai-da-cartola\/#primaryimage\"},\"image\":{\"@id\":\"https:\/\/www.notibras.com\/site\/fim-da-encruzilhada-politica-pode-vir-como-um-coelho-que-sai-da-cartola\/#primaryimage\"},\"thumbnailUrl\":\"https:\/\/www.notibras.com\/site\/wp-content\/uploads\/2026\/01\/b282b6fc-d43d-4570-9250-a7b8ca44a7b9.png\",\"datePublished\":\"2026-01-18T09:34:09+00:00\",\"dateModified\":\"2026-01-18T09:35:20+00:00\",\"breadcrumb\":{\"@id\":\"https:\/\/www.notibras.com\/site\/fim-da-encruzilhada-politica-pode-vir-como-um-coelho-que-sai-da-cartola\/#breadcrumb\"},\"inLanguage\":\"pt-BR\",\"potentialAction\":[{\"@type\":\"ReadAction\",\"target\":[\"https:\/\/www.notibras.com\/site\/fim-da-encruzilhada-politica-pode-vir-como-um-coelho-que-sai-da-cartola\/\"]}]},{\"@type\":\"ImageObject\",\"inLanguage\":\"pt-BR\",\"@id\":\"https:\/\/www.notibras.com\/site\/fim-da-encruzilhada-politica-pode-vir-como-um-coelho-que-sai-da-cartola\/#primaryimage\",\"url\":\"https:\/\/www.notibras.com\/site\/wp-content\/uploads\/2026\/01\/b282b6fc-d43d-4570-9250-a7b8ca44a7b9.png\",\"contentUrl\":\"https:\/\/www.notibras.com\/site\/wp-content\/uploads\/2026\/01\/b282b6fc-d43d-4570-9250-a7b8ca44a7b9.png\",\"width\":1024,\"height\":1536},{\"@type\":\"BreadcrumbList\",\"@id\":\"https:\/\/www.notibras.com\/site\/fim-da-encruzilhada-politica-pode-vir-como-um-coelho-que-sai-da-cartola\/#breadcrumb\",\"itemListElement\":[{\"@type\":\"ListItem\",\"position\":1,\"name\":\"In\u00edcio\",\"item\":\"https:\/\/www.notibras.com\/site\/\"},{\"@type\":\"ListItem\",\"position\":2,\"name\":\"Fim da encruzilhada pol\u00edtica pode vir como um coelho que sai da cartola\"}]},{\"@type\":\"WebSite\",\"@id\":\"https:\/\/www.notibras.com\/site\/#website\",\"url\":\"https:\/\/www.notibras.com\/site\/\",\"name\":\"Notibras\",\"description\":\"Not\u00edcias de Bras\u00edlia, do Brasil e do Mundo\",\"publisher\":{\"@id\":\"https:\/\/www.notibras.com\/site\/#organization\"},\"potentialAction\":[{\"@type\":\"SearchAction\",\"target\":{\"@type\":\"EntryPoint\",\"urlTemplate\":\"https:\/\/www.notibras.com\/site\/?s={search_term_string}\"},\"query-input\":{\"@type\":\"PropertyValueSpecification\",\"valueRequired\":true,\"valueName\":\"search_term_string\"}}],\"inLanguage\":\"pt-BR\"},{\"@type\":\"Organization\",\"@id\":\"https:\/\/www.notibras.com\/site\/#organization\",\"name\":\"Grupo Notibras de Comunica\u00e7\u00e3o\",\"url\":\"https:\/\/www.notibras.com\/site\/\",\"logo\":{\"@type\":\"ImageObject\",\"inLanguage\":\"pt-BR\",\"@id\":\"https:\/\/www.notibras.com\/site\/#\/schema\/logo\/image\/\",\"url\":\"https:\/\/www.notibras.com\/site\/wp-content\/uploads\/2023\/01\/notibras23.png\",\"contentUrl\":\"https:\/\/www.notibras.com\/site\/wp-content\/uploads\/2023\/01\/notibras23.png\",\"width\":350,\"height\":87,\"caption\":\"Grupo Notibras de Comunica\u00e7\u00e3o\"},\"image\":{\"@id\":\"https:\/\/www.notibras.com\/site\/#\/schema\/logo\/image\/\"},\"sameAs\":[\"https:\/\/www.facebook.com\/notibras\/\",\"https:\/\/x.com\/Notibras\",\"https:\/\/www.instagram.com\/notibras\/\"]},{\"@type\":\"Person\",\"@id\":\"https:\/\/www.notibras.com\/site\/#\/schema\/person\/36ab0979449956132d3e5b517ea76ac8\",\"name\":\"Reda\u00e7\u00e3o\",\"image\":{\"@type\":\"ImageObject\",\"inLanguage\":\"pt-BR\",\"@id\":\"https:\/\/secure.gravatar.com\/avatar\/e0a867bdedb85fd243eadf09663511f96fc81e0720a4a42581f334ad4303aa6b?s=96&d=mm&r=g\",\"url\":\"https:\/\/secure.gravatar.com\/avatar\/e0a867bdedb85fd243eadf09663511f96fc81e0720a4a42581f334ad4303aa6b?s=96&d=mm&r=g\",\"contentUrl\":\"https:\/\/secure.gravatar.com\/avatar\/e0a867bdedb85fd243eadf09663511f96fc81e0720a4a42581f334ad4303aa6b?s=96&d=mm&r=g\",\"caption\":\"Reda\u00e7\u00e3o\"}}]}<\/script>\n<!-- \/ Yoast SEO plugin. -->","yoast_head_json":{"title":"Fim da encruzilhada pol\u00edtica pode vir como um coelho que sai da cartola - Notibras","robots":{"index":"index","follow":"follow","max-snippet":"max-snippet:-1","max-image-preview":"max-image-preview:large","max-video-preview":"max-video-preview:-1"},"canonical":"https:\/\/www.notibras.com\/site\/fim-da-encruzilhada-politica-pode-vir-como-um-coelho-que-sai-da-cartola\/","og_locale":"pt_BR","og_type":"article","og_title":"Fim da encruzilhada pol\u00edtica pode vir como um coelho que sai da cartola - Notibras","og_description":"Pol\u00edtica todos n\u00f3s fazemos at\u00e9 dormindo. Ao acordarmos, a consequ\u00eancia \u00e9 que somos todos pol\u00edticos. Entretanto, como fazer pol\u00edtica \u00e9 uma arte, poucos conseguem o diploma de conclus\u00e3o do curso de homem p\u00fablico que preza pelos interesses da popula\u00e7\u00e3o. Ou\u00e7o desde menino que o bom pol\u00edtico n\u00e3o \u00e9 aquele que vence nas urnas, mas sim [&hellip;]","og_url":"https:\/\/www.notibras.com\/site\/fim-da-encruzilhada-politica-pode-vir-como-um-coelho-que-sai-da-cartola\/","og_site_name":"Notibras","article_publisher":"https:\/\/www.facebook.com\/notibras\/","article_published_time":"2026-01-18T09:34:09+00:00","article_modified_time":"2026-01-18T09:35:20+00:00","og_image":[{"width":1024,"height":1536,"url":"https:\/\/www.notibras.com\/site\/wp-content\/uploads\/2026\/01\/b282b6fc-d43d-4570-9250-a7b8ca44a7b9.png","type":"image\/png"}],"author":"Reda\u00e7\u00e3o","twitter_card":"summary_large_image","twitter_creator":"@Notibras","twitter_site":"@Notibras","twitter_misc":{"Escrito por":"Reda\u00e7\u00e3o","Est. tempo de leitura":"5 minutos"},"schema":{"@context":"https:\/\/schema.org","@graph":[{"@type":"Article","@id":"https:\/\/www.notibras.com\/site\/fim-da-encruzilhada-politica-pode-vir-como-um-coelho-que-sai-da-cartola\/#article","isPartOf":{"@id":"https:\/\/www.notibras.com\/site\/fim-da-encruzilhada-politica-pode-vir-como-um-coelho-que-sai-da-cartola\/"},"author":{"name":"Reda\u00e7\u00e3o","@id":"https:\/\/www.notibras.com\/site\/#\/schema\/person\/36ab0979449956132d3e5b517ea76ac8"},"headline":"Fim da encruzilhada pol\u00edtica pode vir como um coelho que sai da cartola","datePublished":"2026-01-18T09:34:09+00:00","dateModified":"2026-01-18T09:35:20+00:00","mainEntityOfPage":{"@id":"https:\/\/www.notibras.com\/site\/fim-da-encruzilhada-politica-pode-vir-como-um-coelho-que-sai-da-cartola\/"},"wordCount":793,"publisher":{"@id":"https:\/\/www.notibras.com\/site\/#organization"},"image":{"@id":"https:\/\/www.notibras.com\/site\/fim-da-encruzilhada-politica-pode-vir-como-um-coelho-que-sai-da-cartola\/#primaryimage"},"thumbnailUrl":"https:\/\/www.notibras.com\/site\/wp-content\/uploads\/2026\/01\/b282b6fc-d43d-4570-9250-a7b8ca44a7b9.png","articleSection":["Brasil"],"inLanguage":"pt-BR"},{"@type":"WebPage","@id":"https:\/\/www.notibras.com\/site\/fim-da-encruzilhada-politica-pode-vir-como-um-coelho-que-sai-da-cartola\/","url":"https:\/\/www.notibras.com\/site\/fim-da-encruzilhada-politica-pode-vir-como-um-coelho-que-sai-da-cartola\/","name":"Fim da encruzilhada pol\u00edtica pode vir como um coelho que sai da cartola - Notibras","isPartOf":{"@id":"https:\/\/www.notibras.com\/site\/#website"},"primaryImageOfPage":{"@id":"https:\/\/www.notibras.com\/site\/fim-da-encruzilhada-politica-pode-vir-como-um-coelho-que-sai-da-cartola\/#primaryimage"},"image":{"@id":"https:\/\/www.notibras.com\/site\/fim-da-encruzilhada-politica-pode-vir-como-um-coelho-que-sai-da-cartola\/#primaryimage"},"thumbnailUrl":"https:\/\/www.notibras.com\/site\/wp-content\/uploads\/2026\/01\/b282b6fc-d43d-4570-9250-a7b8ca44a7b9.png","datePublished":"2026-01-18T09:34:09+00:00","dateModified":"2026-01-18T09:35:20+00:00","breadcrumb":{"@id":"https:\/\/www.notibras.com\/site\/fim-da-encruzilhada-politica-pode-vir-como-um-coelho-que-sai-da-cartola\/#breadcrumb"},"inLanguage":"pt-BR","potentialAction":[{"@type":"ReadAction","target":["https:\/\/www.notibras.com\/site\/fim-da-encruzilhada-politica-pode-vir-como-um-coelho-que-sai-da-cartola\/"]}]},{"@type":"ImageObject","inLanguage":"pt-BR","@id":"https:\/\/www.notibras.com\/site\/fim-da-encruzilhada-politica-pode-vir-como-um-coelho-que-sai-da-cartola\/#primaryimage","url":"https:\/\/www.notibras.com\/site\/wp-content\/uploads\/2026\/01\/b282b6fc-d43d-4570-9250-a7b8ca44a7b9.png","contentUrl":"https:\/\/www.notibras.com\/site\/wp-content\/uploads\/2026\/01\/b282b6fc-d43d-4570-9250-a7b8ca44a7b9.png","width":1024,"height":1536},{"@type":"BreadcrumbList","@id":"https:\/\/www.notibras.com\/site\/fim-da-encruzilhada-politica-pode-vir-como-um-coelho-que-sai-da-cartola\/#breadcrumb","itemListElement":[{"@type":"ListItem","position":1,"name":"In\u00edcio","item":"https:\/\/www.notibras.com\/site\/"},{"@type":"ListItem","position":2,"name":"Fim da encruzilhada pol\u00edtica pode vir como um coelho que sai da cartola"}]},{"@type":"WebSite","@id":"https:\/\/www.notibras.com\/site\/#website","url":"https:\/\/www.notibras.com\/site\/","name":"Notibras","description":"Not\u00edcias de Bras\u00edlia, do Brasil e do Mundo","publisher":{"@id":"https:\/\/www.notibras.com\/site\/#organization"},"potentialAction":[{"@type":"SearchAction","target":{"@type":"EntryPoint","urlTemplate":"https:\/\/www.notibras.com\/site\/?s={search_term_string}"},"query-input":{"@type":"PropertyValueSpecification","valueRequired":true,"valueName":"search_term_string"}}],"inLanguage":"pt-BR"},{"@type":"Organization","@id":"https:\/\/www.notibras.com\/site\/#organization","name":"Grupo Notibras de Comunica\u00e7\u00e3o","url":"https:\/\/www.notibras.com\/site\/","logo":{"@type":"ImageObject","inLanguage":"pt-BR","@id":"https:\/\/www.notibras.com\/site\/#\/schema\/logo\/image\/","url":"https:\/\/www.notibras.com\/site\/wp-content\/uploads\/2023\/01\/notibras23.png","contentUrl":"https:\/\/www.notibras.com\/site\/wp-content\/uploads\/2023\/01\/notibras23.png","width":350,"height":87,"caption":"Grupo Notibras de Comunica\u00e7\u00e3o"},"image":{"@id":"https:\/\/www.notibras.com\/site\/#\/schema\/logo\/image\/"},"sameAs":["https:\/\/www.facebook.com\/notibras\/","https:\/\/x.com\/Notibras","https:\/\/www.instagram.com\/notibras\/"]},{"@type":"Person","@id":"https:\/\/www.notibras.com\/site\/#\/schema\/person\/36ab0979449956132d3e5b517ea76ac8","name":"Reda\u00e7\u00e3o","image":{"@type":"ImageObject","inLanguage":"pt-BR","@id":"https:\/\/secure.gravatar.com\/avatar\/e0a867bdedb85fd243eadf09663511f96fc81e0720a4a42581f334ad4303aa6b?s=96&d=mm&r=g","url":"https:\/\/secure.gravatar.com\/avatar\/e0a867bdedb85fd243eadf09663511f96fc81e0720a4a42581f334ad4303aa6b?s=96&d=mm&r=g","contentUrl":"https:\/\/secure.gravatar.com\/avatar\/e0a867bdedb85fd243eadf09663511f96fc81e0720a4a42581f334ad4303aa6b?s=96&d=mm&r=g","caption":"Reda\u00e7\u00e3o"}}]}},"amp_enabled":true,"_links":{"self":[{"href":"https:\/\/www.notibras.com\/site\/wp-json\/wp\/v2\/posts\/379509","targetHints":{"allow":["GET"]}}],"collection":[{"href":"https:\/\/www.notibras.com\/site\/wp-json\/wp\/v2\/posts"}],"about":[{"href":"https:\/\/www.notibras.com\/site\/wp-json\/wp\/v2\/types\/post"}],"author":[{"embeddable":true,"href":"https:\/\/www.notibras.com\/site\/wp-json\/wp\/v2\/users\/2"}],"replies":[{"embeddable":true,"href":"https:\/\/www.notibras.com\/site\/wp-json\/wp\/v2\/comments?post=379509"}],"version-history":[{"count":2,"href":"https:\/\/www.notibras.com\/site\/wp-json\/wp\/v2\/posts\/379509\/revisions"}],"predecessor-version":[{"id":379512,"href":"https:\/\/www.notibras.com\/site\/wp-json\/wp\/v2\/posts\/379509\/revisions\/379512"}],"wp:featuredmedia":[{"embeddable":true,"href":"https:\/\/www.notibras.com\/site\/wp-json\/wp\/v2\/media\/379510"}],"wp:attachment":[{"href":"https:\/\/www.notibras.com\/site\/wp-json\/wp\/v2\/media?parent=379509"}],"wp:term":[{"taxonomy":"category","embeddable":true,"href":"https:\/\/www.notibras.com\/site\/wp-json\/wp\/v2\/categories?post=379509"},{"taxonomy":"post_tag","embeddable":true,"href":"https:\/\/www.notibras.com\/site\/wp-json\/wp\/v2\/tags?post=379509"}],"curies":[{"name":"wp","href":"https:\/\/api.w.org\/{rel}","templated":true}]}}