{"id":379513,"date":"2026-01-18T06:42:07","date_gmt":"2026-01-18T09:42:07","guid":{"rendered":"https:\/\/www.notibras.com\/site\/?p=379513"},"modified":"2026-01-18T06:42:07","modified_gmt":"2026-01-18T09:42:07","slug":"sucesso-do-cinema-reflete-anos-de-investimentos","status":"publish","type":"post","link":"https:\/\/www.notibras.com\/site\/sucesso-do-cinema-reflete-anos-de-investimentos\/","title":{"rendered":"Sucesso do cinema reflete anos de investimentos"},"content":{"rendered":"<p>O cinema brasileiro atravessa um de seus per\u00edodos mais vis\u00edveis e simb\u00f3licos no cen\u00e1rio internacional, impulsionado por uma combina\u00e7\u00e3o de pol\u00edticas p\u00fablicas, continuidade institucional e reconhecimento em grandes festivais. Para especialistas do setor, o atual momento, marcado por pr\u00eamios, presen\u00e7a em vitrines globais e renova\u00e7\u00e3o de talentos, n\u00e3o \u00e9 fruto do acaso, mas resultado de d\u00e9cadas de investimento e constru\u00e7\u00e3o de uma pol\u00edtica de Estado para o audiovisual.<\/p>\n<p>A avalia\u00e7\u00e3o \u00e9 do presidente da RioFilme, Leonardo Edde, que destaca a import\u00e2ncia de transformar o bom momento em um ciclo duradouro.<\/p>\n<p>\u201cO momento do cinema brasileiro \u00e9 realmente fant\u00e1stico. \u00c9 um momentum, como outros que j\u00e1 tivemos ao longo das d\u00e9cadas, sempre com altos e baixos. O que a gente tenta agora \u00e9 que esse momentum seja o mais extenso poss\u00edvel\u201d, afirmou.<\/p>\n<p>Segundo ele, a recente sequ\u00eancia de destaques \u2500 que vai de produ\u00e7\u00f5es consagradas no Oscar e no Globo de Ouro a filmes selecionados em Cannes e, agora, no Festival de Berlim \u2500 revela a diversidade regional e criativa do pa\u00eds.<\/p>\n<p>\u201cVoc\u00ea tem o Rio, com Ainda Estou Aqui, Pernambuco, com O Agente Secreto, e agora o Brasil chegando a Berlim com projetos de jovens cineastas. \u00c9 S\u00e3o Paulo, \u00e9 diversidade, \u00e9 o Brasil aparecendo\u201d, disse.<\/p>\n<p>Para Leonardo Edde, a chave para sustentar esse crescimento est\u00e1 na continuidade das pol\u00edticas p\u00fablicas.<\/p>\n<p>\u201cO que a gente est\u00e1 estruturando \u00e9 uma pol\u00edtica p\u00fablica perene, com ciclos longos, sem interrup\u00e7\u00f5es como vimos em outros momentos da hist\u00f3ria&#8221;.<\/p>\n<p>&#8220;Se n\u00e3o houver interrup\u00e7\u00e3o, o cinema brasileiro vai estar sempre em alta, porque a gente tem realizadores, artistas, produtores e empresas incr\u00edveis\u201d, afirmou.<\/p>\n<p>Ele lembra que o reconhecimento internacional dialoga diretamente com a economia criativa e outros setores. \u201cIsso anda junto com turismo, PIB, ind\u00fastria. O audiovisual \u00e9 ind\u00fastria.\u201d<\/p>\n<p>Na avalia\u00e7\u00e3o do presidente da RioFilme, o Brasil avan\u00e7a no caminho de uma ind\u00fastria audiovisual mais s\u00f3lida, mas ainda enfrenta desafios estruturais.<\/p>\n<p>\u201cA gente est\u00e1 numa crescente. O Brasil \u00e9 a bola da vez, mas precisa ser a bola da vez com mais recorr\u00eancia. Temos um mercado interno forte, mas precisamos nos internacionalizar mais\u201d, disse.<\/p>\n<p>Leonardo Edde refor\u00e7a tamb\u00e9m que o papel do poder p\u00fablico vai al\u00e9m do financiamento da produ\u00e7\u00e3o. \u201cN\u00e3o \u00e9 s\u00f3 fomento. \u00c9 distribui\u00e7\u00e3o, promo\u00e7\u00e3o e salas de cinema. A sala ainda \u00e9 o ambiente mais nobre para o filme, e \u00e9 nossa responsabilidade cuidar desse ecossistema.\u201d<\/p>\n<p><strong>Pol\u00edticas de incentivo<\/strong><br \/>\nNesse sentido, pol\u00edticas p\u00fablicas como o Fundo Setorial do Audiovisual (FSA) e a Lei Federal de Incentivo \u00e0 Cultura, conhecida como Lei Rouanet, cumprem pap\u00e9is complementares: a Rouanet estabelece segmentos espec\u00edficos que podem receber apoio por meio de incentivo fiscal, como produ\u00e7\u00f5es audiovisuais de curta e m\u00e9dia-metragem e a constru\u00e7\u00e3o e manuten\u00e7\u00e3o de salas de cinema, enquanto os longas-metragens recorrem majoritariamente ao FSA.<\/p>\n<p>No caso de O Agente Secreto e Ainda Estou Aqui, as obras premiadas n\u00e3o utilizaram recursos da Rouanet, j\u00e1 que a lei n\u00e3o financia longas.<\/p>\n<p>Em declara\u00e7\u00f5es recentes, em janeiro de 2026, Wagner Moura defendeu enfaticamente a Lei Rouanet e outros mecanismos de fomento, reagindo a cr\u00edticas e desinforma\u00e7\u00e3o sobre o tema, ao afirmar:<\/p>\n<p>\u201cEu n\u00e3o posso explicar a Lei Rouanet para quem ainda n\u00e3o assimilou a Lei \u00c1urea\u201d, sugerindo que a resist\u00eancia \u00e0s pol\u00edticas culturais reflete uma incompreens\u00e3o hist\u00f3rica sobre o papel do Estado.<\/p>\n<p>J\u00e1 o FSA, administrado pela ANCINE, \u00e9 hoje um dos principais instrumentos do setor, investindo em todas as etapas da cadeia produtiva: que vai do desenvolvimento \u00e0 distribui\u00e7\u00e3o e sendo amplamente utilizado por grande parte dos longas-metragens brasileiros de maior repercuss\u00e3o.<\/p>\n<p><strong>Desafio de atrair o p\u00fablico<\/strong><br \/>\nPara a cr\u00edtica de cinema Fl\u00e1via Guerra, o atual reconhecimento do cinema brasileiro, impulsionado por t\u00edtulos como O Agente Secreto, tem um impacto que vai al\u00e9m da bilheteria imediata.<\/p>\n<p>\u201cToda vez que a gente vive uma boa fase como essa, iniciada no ano passado e que continua agora, \u00e9 importante lembrar que isso \u00e9 fruto de d\u00e9cadas de trabalho e de pol\u00edtica p\u00fablica de Estado para o audiovisual\u201d, afirmou.<\/p>\n<p>Fl\u00e1via pondera que o prest\u00edgio internacional n\u00e3o se converte automaticamente em p\u00fablico nas salas, um desafio ampliado pela pandemia e pelo avan\u00e7o do streaming.<\/p>\n<p>\u201cAinda enfrentamos dificuldades para levar os filmes brasileiros ao cinema, para conquistar o p\u00fablico e para se manter em cartaz. Mas h\u00e1 um ganho imenso de prest\u00edgio. O p\u00fablico come\u00e7a a ver o filme brasileiro como algo natural no multiplex.\u201d<\/p>\n<p>Nesse contexto, ela destaca a fala de Kleber Mendon\u00e7a Filho no Globo de Ouro, dirigida especialmente aos jovens.<\/p>\n<p>\u201cEsse clima de \u2018Copa do Mundo\u2019 da cultura \u00e9 muito importante. Assim como no esporte ou na m\u00fasica, ver nossos artistas l\u00e1 fora inspira jovens a enxergar o audiovisual como profiss\u00e3o, como carreira poss\u00edvel\u201d, disse o diretor.<\/p>\n<p>Para a cr\u00edtica, a mensagem de Kleber dialoga com um momento global de crise, mas tamb\u00e9m de oportunidade. \u201cN\u00e3o desistam do audiovisual. Ele emprega uma cadeia inteira, do motorista da van ao catering, da pousada ao mercadinho. \u00c9 ind\u00fastria. A Coreia do Sul est\u00e1 dando aula nesse sentido h\u00e1 anos.\u201d<\/p>\n<p><strong>Berlim e a nova gera\u00e7\u00e3o<\/strong><br \/>\nA presen\u00e7a brasileira no Festival de Berlim 2026 se consolida com produ\u00e7\u00f5es selecionadas em diferentes mostras: Feito Pipa (Gugu\u2019s World), de Allan Deberton, integra a Generation Kplus; Papaya, de Priscilla Kellen, primeiro longa brasileiro de anima\u00e7\u00e3o selecionado na hist\u00f3ria do festival, tamb\u00e9m est\u00e1 na Generation Kplus; A Fabulosa M\u00e1quina do Tempo, document\u00e1rio de Eliza Capai, completa a presen\u00e7a brasileira na mesma mostra; e Se Eu Fosse Vivo\u2026 Vivia, de Andr\u00e9 Novais Oliveira, foi escolhido para a mostra Panorama, uma das vitrines centrais da Berlinale.<\/p>\n<p>Para Fl\u00e1via Guerra, o destaque de filmes de jovens cineastas em Berlim exemplifica o efeito positivo da atual fase. \u201cVer filmes brasileiros ocupando esses espa\u00e7os \u00e9 fundamental para garantir continuidade. N\u00e3o \u00e9 ser o pa\u00eds de um filme s\u00f3, mas de uma cinematografia.\u201d<\/p>\n<p>Ela cita ainda a for\u00e7a de obras que dialogam com o p\u00fablico jovem e com temas hist\u00f3ricos sob novas abordagens.<\/p>\n<p>\u201cS\u00e3o filmes de g\u00eanero, filmes de \u00e9poca, que falam de assuntos muito atuais. Isso cria di\u00e1logo com o p\u00fablico e amplia o alcance do nosso cinema.\u201d<\/p>\n<p>Para os especialistas, o desafio agora \u00e9 transformar reconhecimento em pol\u00edtica duradoura e presen\u00e7a constante nas salas e nos festivais. \u201cQuando um filme como O Agente Secreto abre a cabe\u00e7a do p\u00fablico internacional, ele leva todo o cinema brasileiro junto\u201d, resume Fl\u00e1via Guerra.<\/p>\n<p>\u201cAs indica\u00e7\u00f5es e pr\u00eamios dependem de muitos fatores, mas o mais importante \u00e9 garantir que o Brasil seja reconhecido n\u00e3o por um t\u00edtulo isolado, e sim por uma cinematografia diversa, cont\u00ednua e viva.\u201d.<\/p>\n","protected":false},"excerpt":{"rendered":"<p>O cinema brasileiro atravessa um de seus per\u00edodos mais vis\u00edveis e simb\u00f3licos no cen\u00e1rio internacional, impulsionado por uma combina\u00e7\u00e3o de pol\u00edticas p\u00fablicas, continuidade institucional e reconhecimento em grandes festivais. Para especialistas do setor, o atual momento, marcado por pr\u00eamios, presen\u00e7a em vitrines globais e renova\u00e7\u00e3o de talentos, n\u00e3o \u00e9 fruto do acaso, mas resultado de [&hellip;]<\/p>\n","protected":false},"author":2,"featured_media":379514,"comment_status":"closed","ping_status":"closed","sticky":false,"template":"","format":"standard","meta":{"_acf_changed":false,"footnotes":""},"categories":[155],"tags":[],"class_list":["post-379513","post","type-post","status-publish","format-standard","has-post-thumbnail","hentry","category-leitura-vip"],"acf":[],"yoast_head":"<!-- This site is optimized with the Yoast SEO plugin v27.2 - https:\/\/yoast.com\/product\/yoast-seo-wordpress\/ -->\n<title>Sucesso do cinema reflete anos de investimentos - Notibras<\/title>\n<meta name=\"robots\" content=\"index, follow, max-snippet:-1, max-image-preview:large, max-video-preview:-1\" \/>\n<link rel=\"canonical\" href=\"https:\/\/www.notibras.com\/site\/sucesso-do-cinema-reflete-anos-de-investimentos\/\" \/>\n<meta property=\"og:locale\" content=\"pt_BR\" \/>\n<meta property=\"og:type\" content=\"article\" \/>\n<meta property=\"og:title\" content=\"Sucesso do cinema reflete anos de investimentos - Notibras\" \/>\n<meta property=\"og:description\" content=\"O cinema brasileiro atravessa um de seus per\u00edodos mais vis\u00edveis e simb\u00f3licos no cen\u00e1rio internacional, impulsionado por uma combina\u00e7\u00e3o de pol\u00edticas p\u00fablicas, continuidade institucional e reconhecimento em grandes festivais. Para especialistas do setor, o atual momento, marcado por pr\u00eamios, presen\u00e7a em vitrines globais e renova\u00e7\u00e3o de talentos, n\u00e3o \u00e9 fruto do acaso, mas resultado de [&hellip;]\" \/>\n<meta property=\"og:url\" content=\"https:\/\/www.notibras.com\/site\/sucesso-do-cinema-reflete-anos-de-investimentos\/\" \/>\n<meta property=\"og:site_name\" content=\"Notibras\" \/>\n<meta property=\"article:publisher\" content=\"https:\/\/www.facebook.com\/notibras\/\" \/>\n<meta property=\"article:published_time\" content=\"2026-01-18T09:42:07+00:00\" \/>\n<meta property=\"og:image\" content=\"https:\/\/www.notibras.com\/site\/wp-content\/uploads\/2026\/01\/snapinst.app_473707889_2636390243229077_2367646350764625355_n_1080.webp\" \/>\n\t<meta property=\"og:image:width\" content=\"1170\" \/>\n\t<meta property=\"og:image:height\" content=\"700\" \/>\n\t<meta property=\"og:image:type\" content=\"image\/webp\" \/>\n<meta name=\"author\" content=\"Reda\u00e7\u00e3o\" \/>\n<meta name=\"twitter:card\" content=\"summary_large_image\" \/>\n<meta name=\"twitter:creator\" content=\"@Notibras\" \/>\n<meta name=\"twitter:site\" content=\"@Notibras\" \/>\n<meta name=\"twitter:label1\" content=\"Escrito por\" \/>\n\t<meta name=\"twitter:data1\" content=\"Reda\u00e7\u00e3o\" \/>\n\t<meta name=\"twitter:label2\" content=\"Est. tempo de leitura\" \/>\n\t<meta name=\"twitter:data2\" content=\"7 minutos\" \/>\n<script type=\"application\/ld+json\" class=\"yoast-schema-graph\">{\"@context\":\"https:\/\/schema.org\",\"@graph\":[{\"@type\":\"Article\",\"@id\":\"https:\/\/www.notibras.com\/site\/sucesso-do-cinema-reflete-anos-de-investimentos\/#article\",\"isPartOf\":{\"@id\":\"https:\/\/www.notibras.com\/site\/sucesso-do-cinema-reflete-anos-de-investimentos\/\"},\"author\":{\"name\":\"Reda\u00e7\u00e3o\",\"@id\":\"https:\/\/www.notibras.com\/site\/#\/schema\/person\/36ab0979449956132d3e5b517ea76ac8\"},\"headline\":\"Sucesso do cinema reflete anos de investimentos\",\"datePublished\":\"2026-01-18T09:42:07+00:00\",\"mainEntityOfPage\":{\"@id\":\"https:\/\/www.notibras.com\/site\/sucesso-do-cinema-reflete-anos-de-investimentos\/\"},\"wordCount\":1184,\"publisher\":{\"@id\":\"https:\/\/www.notibras.com\/site\/#organization\"},\"image\":{\"@id\":\"https:\/\/www.notibras.com\/site\/sucesso-do-cinema-reflete-anos-de-investimentos\/#primaryimage\"},\"thumbnailUrl\":\"https:\/\/www.notibras.com\/site\/wp-content\/uploads\/2026\/01\/snapinst.app_473707889_2636390243229077_2367646350764625355_n_1080.webp\",\"articleSection\":[\"Leitura Vip\"],\"inLanguage\":\"pt-BR\"},{\"@type\":\"WebPage\",\"@id\":\"https:\/\/www.notibras.com\/site\/sucesso-do-cinema-reflete-anos-de-investimentos\/\",\"url\":\"https:\/\/www.notibras.com\/site\/sucesso-do-cinema-reflete-anos-de-investimentos\/\",\"name\":\"Sucesso do cinema reflete anos de investimentos - Notibras\",\"isPartOf\":{\"@id\":\"https:\/\/www.notibras.com\/site\/#website\"},\"primaryImageOfPage\":{\"@id\":\"https:\/\/www.notibras.com\/site\/sucesso-do-cinema-reflete-anos-de-investimentos\/#primaryimage\"},\"image\":{\"@id\":\"https:\/\/www.notibras.com\/site\/sucesso-do-cinema-reflete-anos-de-investimentos\/#primaryimage\"},\"thumbnailUrl\":\"https:\/\/www.notibras.com\/site\/wp-content\/uploads\/2026\/01\/snapinst.app_473707889_2636390243229077_2367646350764625355_n_1080.webp\",\"datePublished\":\"2026-01-18T09:42:07+00:00\",\"breadcrumb\":{\"@id\":\"https:\/\/www.notibras.com\/site\/sucesso-do-cinema-reflete-anos-de-investimentos\/#breadcrumb\"},\"inLanguage\":\"pt-BR\",\"potentialAction\":[{\"@type\":\"ReadAction\",\"target\":[\"https:\/\/www.notibras.com\/site\/sucesso-do-cinema-reflete-anos-de-investimentos\/\"]}]},{\"@type\":\"ImageObject\",\"inLanguage\":\"pt-BR\",\"@id\":\"https:\/\/www.notibras.com\/site\/sucesso-do-cinema-reflete-anos-de-investimentos\/#primaryimage\",\"url\":\"https:\/\/www.notibras.com\/site\/wp-content\/uploads\/2026\/01\/snapinst.app_473707889_2636390243229077_2367646350764625355_n_1080.webp\",\"contentUrl\":\"https:\/\/www.notibras.com\/site\/wp-content\/uploads\/2026\/01\/snapinst.app_473707889_2636390243229077_2367646350764625355_n_1080.webp\",\"width\":1170,\"height\":700},{\"@type\":\"BreadcrumbList\",\"@id\":\"https:\/\/www.notibras.com\/site\/sucesso-do-cinema-reflete-anos-de-investimentos\/#breadcrumb\",\"itemListElement\":[{\"@type\":\"ListItem\",\"position\":1,\"name\":\"In\u00edcio\",\"item\":\"https:\/\/www.notibras.com\/site\/\"},{\"@type\":\"ListItem\",\"position\":2,\"name\":\"Sucesso do cinema reflete anos de investimentos\"}]},{\"@type\":\"WebSite\",\"@id\":\"https:\/\/www.notibras.com\/site\/#website\",\"url\":\"https:\/\/www.notibras.com\/site\/\",\"name\":\"Notibras\",\"description\":\"Not\u00edcias de Bras\u00edlia, do Brasil e do Mundo\",\"publisher\":{\"@id\":\"https:\/\/www.notibras.com\/site\/#organization\"},\"potentialAction\":[{\"@type\":\"SearchAction\",\"target\":{\"@type\":\"EntryPoint\",\"urlTemplate\":\"https:\/\/www.notibras.com\/site\/?s={search_term_string}\"},\"query-input\":{\"@type\":\"PropertyValueSpecification\",\"valueRequired\":true,\"valueName\":\"search_term_string\"}}],\"inLanguage\":\"pt-BR\"},{\"@type\":\"Organization\",\"@id\":\"https:\/\/www.notibras.com\/site\/#organization\",\"name\":\"Grupo Notibras de Comunica\u00e7\u00e3o\",\"url\":\"https:\/\/www.notibras.com\/site\/\",\"logo\":{\"@type\":\"ImageObject\",\"inLanguage\":\"pt-BR\",\"@id\":\"https:\/\/www.notibras.com\/site\/#\/schema\/logo\/image\/\",\"url\":\"https:\/\/www.notibras.com\/site\/wp-content\/uploads\/2023\/01\/notibras23.png\",\"contentUrl\":\"https:\/\/www.notibras.com\/site\/wp-content\/uploads\/2023\/01\/notibras23.png\",\"width\":350,\"height\":87,\"caption\":\"Grupo Notibras de Comunica\u00e7\u00e3o\"},\"image\":{\"@id\":\"https:\/\/www.notibras.com\/site\/#\/schema\/logo\/image\/\"},\"sameAs\":[\"https:\/\/www.facebook.com\/notibras\/\",\"https:\/\/x.com\/Notibras\",\"https:\/\/www.instagram.com\/notibras\/\"]},{\"@type\":\"Person\",\"@id\":\"https:\/\/www.notibras.com\/site\/#\/schema\/person\/36ab0979449956132d3e5b517ea76ac8\",\"name\":\"Reda\u00e7\u00e3o\",\"image\":{\"@type\":\"ImageObject\",\"inLanguage\":\"pt-BR\",\"@id\":\"https:\/\/secure.gravatar.com\/avatar\/e0a867bdedb85fd243eadf09663511f96fc81e0720a4a42581f334ad4303aa6b?s=96&d=mm&r=g\",\"url\":\"https:\/\/secure.gravatar.com\/avatar\/e0a867bdedb85fd243eadf09663511f96fc81e0720a4a42581f334ad4303aa6b?s=96&d=mm&r=g\",\"contentUrl\":\"https:\/\/secure.gravatar.com\/avatar\/e0a867bdedb85fd243eadf09663511f96fc81e0720a4a42581f334ad4303aa6b?s=96&d=mm&r=g\",\"caption\":\"Reda\u00e7\u00e3o\"}}]}<\/script>\n<!-- \/ Yoast SEO plugin. -->","yoast_head_json":{"title":"Sucesso do cinema reflete anos de investimentos - Notibras","robots":{"index":"index","follow":"follow","max-snippet":"max-snippet:-1","max-image-preview":"max-image-preview:large","max-video-preview":"max-video-preview:-1"},"canonical":"https:\/\/www.notibras.com\/site\/sucesso-do-cinema-reflete-anos-de-investimentos\/","og_locale":"pt_BR","og_type":"article","og_title":"Sucesso do cinema reflete anos de investimentos - Notibras","og_description":"O cinema brasileiro atravessa um de seus per\u00edodos mais vis\u00edveis e simb\u00f3licos no cen\u00e1rio internacional, impulsionado por uma combina\u00e7\u00e3o de pol\u00edticas p\u00fablicas, continuidade institucional e reconhecimento em grandes festivais. Para especialistas do setor, o atual momento, marcado por pr\u00eamios, presen\u00e7a em vitrines globais e renova\u00e7\u00e3o de talentos, n\u00e3o \u00e9 fruto do acaso, mas resultado de [&hellip;]","og_url":"https:\/\/www.notibras.com\/site\/sucesso-do-cinema-reflete-anos-de-investimentos\/","og_site_name":"Notibras","article_publisher":"https:\/\/www.facebook.com\/notibras\/","article_published_time":"2026-01-18T09:42:07+00:00","og_image":[{"width":1170,"height":700,"url":"https:\/\/www.notibras.com\/site\/wp-content\/uploads\/2026\/01\/snapinst.app_473707889_2636390243229077_2367646350764625355_n_1080.webp","type":"image\/webp"}],"author":"Reda\u00e7\u00e3o","twitter_card":"summary_large_image","twitter_creator":"@Notibras","twitter_site":"@Notibras","twitter_misc":{"Escrito por":"Reda\u00e7\u00e3o","Est. tempo de leitura":"7 minutos"},"schema":{"@context":"https:\/\/schema.org","@graph":[{"@type":"Article","@id":"https:\/\/www.notibras.com\/site\/sucesso-do-cinema-reflete-anos-de-investimentos\/#article","isPartOf":{"@id":"https:\/\/www.notibras.com\/site\/sucesso-do-cinema-reflete-anos-de-investimentos\/"},"author":{"name":"Reda\u00e7\u00e3o","@id":"https:\/\/www.notibras.com\/site\/#\/schema\/person\/36ab0979449956132d3e5b517ea76ac8"},"headline":"Sucesso do cinema reflete anos de investimentos","datePublished":"2026-01-18T09:42:07+00:00","mainEntityOfPage":{"@id":"https:\/\/www.notibras.com\/site\/sucesso-do-cinema-reflete-anos-de-investimentos\/"},"wordCount":1184,"publisher":{"@id":"https:\/\/www.notibras.com\/site\/#organization"},"image":{"@id":"https:\/\/www.notibras.com\/site\/sucesso-do-cinema-reflete-anos-de-investimentos\/#primaryimage"},"thumbnailUrl":"https:\/\/www.notibras.com\/site\/wp-content\/uploads\/2026\/01\/snapinst.app_473707889_2636390243229077_2367646350764625355_n_1080.webp","articleSection":["Leitura Vip"],"inLanguage":"pt-BR"},{"@type":"WebPage","@id":"https:\/\/www.notibras.com\/site\/sucesso-do-cinema-reflete-anos-de-investimentos\/","url":"https:\/\/www.notibras.com\/site\/sucesso-do-cinema-reflete-anos-de-investimentos\/","name":"Sucesso do cinema reflete anos de investimentos - Notibras","isPartOf":{"@id":"https:\/\/www.notibras.com\/site\/#website"},"primaryImageOfPage":{"@id":"https:\/\/www.notibras.com\/site\/sucesso-do-cinema-reflete-anos-de-investimentos\/#primaryimage"},"image":{"@id":"https:\/\/www.notibras.com\/site\/sucesso-do-cinema-reflete-anos-de-investimentos\/#primaryimage"},"thumbnailUrl":"https:\/\/www.notibras.com\/site\/wp-content\/uploads\/2026\/01\/snapinst.app_473707889_2636390243229077_2367646350764625355_n_1080.webp","datePublished":"2026-01-18T09:42:07+00:00","breadcrumb":{"@id":"https:\/\/www.notibras.com\/site\/sucesso-do-cinema-reflete-anos-de-investimentos\/#breadcrumb"},"inLanguage":"pt-BR","potentialAction":[{"@type":"ReadAction","target":["https:\/\/www.notibras.com\/site\/sucesso-do-cinema-reflete-anos-de-investimentos\/"]}]},{"@type":"ImageObject","inLanguage":"pt-BR","@id":"https:\/\/www.notibras.com\/site\/sucesso-do-cinema-reflete-anos-de-investimentos\/#primaryimage","url":"https:\/\/www.notibras.com\/site\/wp-content\/uploads\/2026\/01\/snapinst.app_473707889_2636390243229077_2367646350764625355_n_1080.webp","contentUrl":"https:\/\/www.notibras.com\/site\/wp-content\/uploads\/2026\/01\/snapinst.app_473707889_2636390243229077_2367646350764625355_n_1080.webp","width":1170,"height":700},{"@type":"BreadcrumbList","@id":"https:\/\/www.notibras.com\/site\/sucesso-do-cinema-reflete-anos-de-investimentos\/#breadcrumb","itemListElement":[{"@type":"ListItem","position":1,"name":"In\u00edcio","item":"https:\/\/www.notibras.com\/site\/"},{"@type":"ListItem","position":2,"name":"Sucesso do cinema reflete anos de investimentos"}]},{"@type":"WebSite","@id":"https:\/\/www.notibras.com\/site\/#website","url":"https:\/\/www.notibras.com\/site\/","name":"Notibras","description":"Not\u00edcias de Bras\u00edlia, do Brasil e do Mundo","publisher":{"@id":"https:\/\/www.notibras.com\/site\/#organization"},"potentialAction":[{"@type":"SearchAction","target":{"@type":"EntryPoint","urlTemplate":"https:\/\/www.notibras.com\/site\/?s={search_term_string}"},"query-input":{"@type":"PropertyValueSpecification","valueRequired":true,"valueName":"search_term_string"}}],"inLanguage":"pt-BR"},{"@type":"Organization","@id":"https:\/\/www.notibras.com\/site\/#organization","name":"Grupo Notibras de Comunica\u00e7\u00e3o","url":"https:\/\/www.notibras.com\/site\/","logo":{"@type":"ImageObject","inLanguage":"pt-BR","@id":"https:\/\/www.notibras.com\/site\/#\/schema\/logo\/image\/","url":"https:\/\/www.notibras.com\/site\/wp-content\/uploads\/2023\/01\/notibras23.png","contentUrl":"https:\/\/www.notibras.com\/site\/wp-content\/uploads\/2023\/01\/notibras23.png","width":350,"height":87,"caption":"Grupo Notibras de Comunica\u00e7\u00e3o"},"image":{"@id":"https:\/\/www.notibras.com\/site\/#\/schema\/logo\/image\/"},"sameAs":["https:\/\/www.facebook.com\/notibras\/","https:\/\/x.com\/Notibras","https:\/\/www.instagram.com\/notibras\/"]},{"@type":"Person","@id":"https:\/\/www.notibras.com\/site\/#\/schema\/person\/36ab0979449956132d3e5b517ea76ac8","name":"Reda\u00e7\u00e3o","image":{"@type":"ImageObject","inLanguage":"pt-BR","@id":"https:\/\/secure.gravatar.com\/avatar\/e0a867bdedb85fd243eadf09663511f96fc81e0720a4a42581f334ad4303aa6b?s=96&d=mm&r=g","url":"https:\/\/secure.gravatar.com\/avatar\/e0a867bdedb85fd243eadf09663511f96fc81e0720a4a42581f334ad4303aa6b?s=96&d=mm&r=g","contentUrl":"https:\/\/secure.gravatar.com\/avatar\/e0a867bdedb85fd243eadf09663511f96fc81e0720a4a42581f334ad4303aa6b?s=96&d=mm&r=g","caption":"Reda\u00e7\u00e3o"}}]}},"amp_enabled":true,"_links":{"self":[{"href":"https:\/\/www.notibras.com\/site\/wp-json\/wp\/v2\/posts\/379513","targetHints":{"allow":["GET"]}}],"collection":[{"href":"https:\/\/www.notibras.com\/site\/wp-json\/wp\/v2\/posts"}],"about":[{"href":"https:\/\/www.notibras.com\/site\/wp-json\/wp\/v2\/types\/post"}],"author":[{"embeddable":true,"href":"https:\/\/www.notibras.com\/site\/wp-json\/wp\/v2\/users\/2"}],"replies":[{"embeddable":true,"href":"https:\/\/www.notibras.com\/site\/wp-json\/wp\/v2\/comments?post=379513"}],"version-history":[{"count":2,"href":"https:\/\/www.notibras.com\/site\/wp-json\/wp\/v2\/posts\/379513\/revisions"}],"predecessor-version":[{"id":379516,"href":"https:\/\/www.notibras.com\/site\/wp-json\/wp\/v2\/posts\/379513\/revisions\/379516"}],"wp:featuredmedia":[{"embeddable":true,"href":"https:\/\/www.notibras.com\/site\/wp-json\/wp\/v2\/media\/379514"}],"wp:attachment":[{"href":"https:\/\/www.notibras.com\/site\/wp-json\/wp\/v2\/media?parent=379513"}],"wp:term":[{"taxonomy":"category","embeddable":true,"href":"https:\/\/www.notibras.com\/site\/wp-json\/wp\/v2\/categories?post=379513"},{"taxonomy":"post_tag","embeddable":true,"href":"https:\/\/www.notibras.com\/site\/wp-json\/wp\/v2\/tags?post=379513"}],"curies":[{"name":"wp","href":"https:\/\/api.w.org\/{rel}","templated":true}]}}