{"id":379517,"date":"2026-01-18T00:31:54","date_gmt":"2026-01-18T03:31:54","guid":{"rendered":"https:\/\/www.notibras.com\/site\/?p=379517"},"modified":"2026-01-18T07:33:15","modified_gmt":"2026-01-18T10:33:15","slug":"cni-preve-mais-empregos-e-acesso-a-36-do-comercio-global","status":"publish","type":"post","link":"https:\/\/www.notibras.com\/site\/cni-preve-mais-empregos-e-acesso-a-36-do-comercio-global\/","title":{"rendered":"CNI prev\u00ea mais empregos e acesso a 36% do com\u00e9rcio global"},"content":{"rendered":"<p>A Confedera\u00e7\u00e3o Nacional da Ind\u00fastria (CNI) apresentou um levantamento que aponta que o acordo comercial entre Mercosul e Uni\u00e3o Europeia (UE), quando entrar em vigor, vai aumentar de 8% para 36% o acesso brasileiro ao mercado de importa\u00e7\u00f5es mundiais de bens. Isso porque a Uni\u00e3o Europeia, sozinha, respondeu por 28% do com\u00e9rcio global em 2024.<\/p>\n<p>A an\u00e1lise foi divulgada neste s\u00e1bado (17), ap\u00f3s a assinatura do tratado pelos representantes do bloco europeu e dos pa\u00edses integrantes do Mercosul, em cerim\u00f4nia em Assun\u00e7\u00e3o, no Paraguai. A entidade industrial brasileira avalia a formaliza\u00e7\u00e3o do acordo \u00e9 uma virada estrat\u00e9gica para a ind\u00fastria brasileira.<\/p>\n<p>O levantamento indica tamb\u00e9m que 54,3% dos produtos negociados, que correspondem a mais de cinco mil itens, ter\u00e3o imposto zerado na Uni\u00e3o Europeia assim que o acordo Mercosul-UE entrar em vigor. J\u00e1 do lado do Mercosul, o Brasil ter\u00e1 prazos mais longos, entre 10 e 15 anos, para reduzir tarifas de 44,1% dos produtos (4,4 mil itens), assegurando uma transi\u00e7\u00e3o gradual e previs\u00edvel.<\/p>\n<p>&#8220;Com base nos dados de 2024, 82,7% das exporta\u00e7\u00f5es do Brasil para a UE passar\u00e3o a ingressar no bloco sem tarifa de importa\u00e7\u00e3o desde o in\u00edcio da vig\u00eancia. Por outro lado, o Brasil se comprometeu a zerar imediatamente tarifas de apenas 15,1% das importa\u00e7\u00f5es com origem na Uni\u00e3o Europeia, refor\u00e7ando a diferen\u00e7a favor\u00e1vel ao pa\u00eds&#8221;, avalia a CNI.<\/p>\n<p>Ap\u00f3s a assinatura, o texto ainda ser\u00e1 submetido \u00e0 ratifica\u00e7\u00e3o do Parlamento Europeu e dos congressos nacionais de cada pa\u00eds integrante do Mercosul. A entrada em vigor da parte comercial do acordo depende da aprova\u00e7\u00e3o legislativa, com previs\u00e3o de implementa\u00e7\u00e3o gradual ao longo dos pr\u00f3ximos anos.<\/p>\n<p>Ainda de acordo com a an\u00e1lise da entidade, o Brasil ter\u00e1, em m\u00e9dia, oito anos adicionais para se adaptar \u00e0 redu\u00e7\u00e3o tarif\u00e1ria, se comparado ao prazo do bloco europeu e considerando o com\u00e9rcio bilateral e o cronograma previsto no Acordo Mercosul-UE.<\/p>\n<p>&#8220;A assinatura do acordo \u00e9 um marco hist\u00f3rico para o fortalecimento da ind\u00fastria brasileira, a diversifica\u00e7\u00e3o da pauta exportadora e a integra\u00e7\u00e3o internacional do pa\u00eds ao com\u00e9rcio global\u201d, diz a CNI.<\/p>\n<p>\u201cEm negocia\u00e7\u00e3o h\u00e1 mais de 25 anos, trata-se do tratado mais moderno e abrangente j\u00e1 negociado pelo Mercosul e vai al\u00e9m da redu\u00e7\u00e3o de tarifas ao incorporar disciplinas que aumentam a previsibilidade regulat\u00f3ria, reduzem custos e criam um ambiente mais favor\u00e1vel aos investimentos, \u00e0 inova\u00e7\u00e3o e \u00e0 cria\u00e7\u00e3o de empregos&#8221;, avalia a entidade.<\/p>\n<p><strong>Gera\u00e7\u00e3o de empregos<\/strong><br \/>\nEm 2024, segundo a CNI, a cada R$ 1 bilh\u00e3o exportado do Brasil \u00e0 UE foram criados 21,8 mil empregos e movimentados R$ 441,7 milh\u00f5es em massa salarial e R$ 3,2 bilh\u00f5es em produ\u00e7\u00e3o.<\/p>\n<p>Em rela\u00e7\u00e3o ao setor agroindustrial, o acordo tamb\u00e9m traz resultados positivos, uma vez que cotas negociadas favorecem setores-chave e, no caso da carne bovina, s\u00e3o mais do que o dobro das concedidas pela Uni\u00e3o Europeia a parceiros como o Canad\u00e1 e mais de quatro vezes superiores \u00e0s destinadas ao M\u00e9xico. As cotas de arroz superam o volume atualmente exportado pelo Brasil ao bloco, ampliando o potencial de acesso ao mercado europeu.<\/p>\n<p><strong>Coopera\u00e7\u00e3o tecnol\u00f3gica<\/strong><br \/>\nA assinatura do tratado cria ainda um ambiente favor\u00e1vel para ampliar projetos pesquisa e desenvolvimento voltados \u00e0 sustentabilidade e \u00e0 inova\u00e7\u00e3o tecnol\u00f3gica, aponta a CNI.<\/p>\n<p>&#8220;As novas exig\u00eancias regulat\u00f3rias e de mercado impulsionam oportunidades em tecnologias de descarboniza\u00e7\u00e3o industrial \u2013 como captura, uso e armazenamento de carbono, uso e mineraliza\u00e7\u00e3o de CO\u2082, eletrifica\u00e7\u00e3o com hidrog\u00eanio de baixa emiss\u00e3o, motores h\u00edbrido-flex e reciclagem de baterias e minerais cr\u00edticos \u2013, e no desenvolvimento de bioinsumos para uma agricultura mais resiliente. A articula\u00e7\u00e3o dessas frentes fortalece a coopera\u00e7\u00e3o tecnol\u00f3gica, acelera a transi\u00e7\u00e3o para uma economia de baixo carbono e amplia a competitividade do Brasil no mercado europeu&#8221;, aponta a entidade.<\/p>\n<p>Em 2024, a Uni\u00e3o Europeia foi destino de US$ 48,2 bilh\u00f5es das exporta\u00e7\u00f5es brasileiras, o equivalente a 14,3% do total exportado pelo pa\u00eds, e permanece como o segundo principal mercado externo do Brasil, atr\u00e1s da China. No mesmo per\u00edodo, o bloco respondeu por US$ 47,2 bilh\u00f5es das importa\u00e7\u00f5es brasileiras, 17,9% do total.<\/p>\n<p>A quase totalidade (98,4%) das importa\u00e7\u00f5es brasileiras provenientes da Europa corresponderam a produtos da ind\u00fastria de transforma\u00e7\u00e3o, enquanto 46,3% das exporta\u00e7\u00f5es brasileiras \u00e0 UE foram de bens industriais. Considerando os insumos industriais, a participa\u00e7\u00e3o no com\u00e9rcio em 2024 foi de 56,6% das importa\u00e7\u00f5es origin\u00e1rias do bloco e de 34,2% das exporta\u00e7\u00f5es do Brasil para a Uni\u00e3o Europeia, segundo a CNI.<\/p>\n<p>&#8220;Essa complementaridade contribui para a moderniza\u00e7\u00e3o do parque industrial brasileiro aumentando a competitividade da ind\u00fastria. A UE tamb\u00e9m \u00e9 destaque como o principal investidor no Brasil. Em 2023, o bloco respondeu por 31,6% do estoque de investimento produtivo estrangeiro no pa\u00eds, somando US$ 321,4 bilh\u00f5es. O Brasil foi o maior investidor latino-americano na Uni\u00e3o Europeia: o bloco foi destino de 63,9% dos investimentos brasileiros no exterior&#8221;.<\/p>\n","protected":false},"excerpt":{"rendered":"<p>A Confedera\u00e7\u00e3o Nacional da Ind\u00fastria (CNI) apresentou um levantamento que aponta que o acordo comercial entre Mercosul e Uni\u00e3o Europeia (UE), quando entrar em vigor, vai aumentar de 8% para 36% o acesso brasileiro ao mercado de importa\u00e7\u00f5es mundiais de bens. Isso porque a Uni\u00e3o Europeia, sozinha, respondeu por 28% do com\u00e9rcio global em 2024. [&hellip;]<\/p>\n","protected":false},"author":2,"featured_media":379518,"comment_status":"closed","ping_status":"closed","sticky":false,"template":"","format":"standard","meta":{"_acf_changed":false,"footnotes":""},"categories":[16],"tags":[],"class_list":["post-379517","post","type-post","status-publish","format-standard","has-post-thumbnail","hentry","category-brasil"],"acf":[],"yoast_head":"<!-- This site is optimized with the Yoast SEO plugin v27.2 - https:\/\/yoast.com\/product\/yoast-seo-wordpress\/ -->\n<title>CNI prev\u00ea mais empregos e acesso a 36% do com\u00e9rcio global - Notibras<\/title>\n<meta name=\"robots\" content=\"index, follow, max-snippet:-1, max-image-preview:large, max-video-preview:-1\" \/>\n<link rel=\"canonical\" href=\"https:\/\/www.notibras.com\/site\/cni-preve-mais-empregos-e-acesso-a-36-do-comercio-global\/\" \/>\n<meta property=\"og:locale\" content=\"pt_BR\" \/>\n<meta property=\"og:type\" content=\"article\" \/>\n<meta property=\"og:title\" content=\"CNI prev\u00ea mais empregos e acesso a 36% do com\u00e9rcio global - Notibras\" \/>\n<meta property=\"og:description\" content=\"A Confedera\u00e7\u00e3o Nacional da Ind\u00fastria (CNI) apresentou um levantamento que aponta que o acordo comercial entre Mercosul e Uni\u00e3o Europeia (UE), quando entrar em vigor, vai aumentar de 8% para 36% o acesso brasileiro ao mercado de importa\u00e7\u00f5es mundiais de bens. Isso porque a Uni\u00e3o Europeia, sozinha, respondeu por 28% do com\u00e9rcio global em 2024. [&hellip;]\" \/>\n<meta property=\"og:url\" content=\"https:\/\/www.notibras.com\/site\/cni-preve-mais-empregos-e-acesso-a-36-do-comercio-global\/\" \/>\n<meta property=\"og:site_name\" content=\"Notibras\" \/>\n<meta property=\"article:publisher\" content=\"https:\/\/www.facebook.com\/notibras\/\" \/>\n<meta property=\"article:published_time\" content=\"2026-01-18T03:31:54+00:00\" \/>\n<meta property=\"article:modified_time\" content=\"2026-01-18T10:33:15+00:00\" \/>\n<meta property=\"og:image\" content=\"https:\/\/www.notibras.com\/site\/wp-content\/uploads\/2026\/01\/industrias_fabricas_de_motocicletas_industrias_fabricas_santos_fc2610100916-1.webp\" \/>\n\t<meta property=\"og:image:width\" content=\"754\" \/>\n\t<meta property=\"og:image:height\" content=\"502\" \/>\n\t<meta property=\"og:image:type\" content=\"image\/webp\" \/>\n<meta name=\"author\" content=\"Reda\u00e7\u00e3o\" \/>\n<meta name=\"twitter:card\" content=\"summary_large_image\" \/>\n<meta name=\"twitter:creator\" content=\"@Notibras\" \/>\n<meta name=\"twitter:site\" content=\"@Notibras\" \/>\n<meta name=\"twitter:label1\" content=\"Escrito por\" \/>\n\t<meta name=\"twitter:data1\" content=\"Reda\u00e7\u00e3o\" \/>\n\t<meta name=\"twitter:label2\" content=\"Est. tempo de leitura\" \/>\n\t<meta name=\"twitter:data2\" content=\"5 minutos\" \/>\n<script type=\"application\/ld+json\" class=\"yoast-schema-graph\">{\"@context\":\"https:\/\/schema.org\",\"@graph\":[{\"@type\":\"Article\",\"@id\":\"https:\/\/www.notibras.com\/site\/cni-preve-mais-empregos-e-acesso-a-36-do-comercio-global\/#article\",\"isPartOf\":{\"@id\":\"https:\/\/www.notibras.com\/site\/cni-preve-mais-empregos-e-acesso-a-36-do-comercio-global\/\"},\"author\":{\"name\":\"Reda\u00e7\u00e3o\",\"@id\":\"https:\/\/www.notibras.com\/site\/#\/schema\/person\/36ab0979449956132d3e5b517ea76ac8\"},\"headline\":\"CNI prev\u00ea mais empregos e acesso a 36% do com\u00e9rcio global\",\"datePublished\":\"2026-01-18T03:31:54+00:00\",\"dateModified\":\"2026-01-18T10:33:15+00:00\",\"mainEntityOfPage\":{\"@id\":\"https:\/\/www.notibras.com\/site\/cni-preve-mais-empregos-e-acesso-a-36-do-comercio-global\/\"},\"wordCount\":861,\"publisher\":{\"@id\":\"https:\/\/www.notibras.com\/site\/#organization\"},\"image\":{\"@id\":\"https:\/\/www.notibras.com\/site\/cni-preve-mais-empregos-e-acesso-a-36-do-comercio-global\/#primaryimage\"},\"thumbnailUrl\":\"https:\/\/www.notibras.com\/site\/wp-content\/uploads\/2026\/01\/industrias_fabricas_de_motocicletas_industrias_fabricas_santos_fc2610100916-1.webp\",\"articleSection\":[\"Brasil\"],\"inLanguage\":\"pt-BR\"},{\"@type\":\"WebPage\",\"@id\":\"https:\/\/www.notibras.com\/site\/cni-preve-mais-empregos-e-acesso-a-36-do-comercio-global\/\",\"url\":\"https:\/\/www.notibras.com\/site\/cni-preve-mais-empregos-e-acesso-a-36-do-comercio-global\/\",\"name\":\"CNI prev\u00ea mais empregos e acesso a 36% do com\u00e9rcio global - Notibras\",\"isPartOf\":{\"@id\":\"https:\/\/www.notibras.com\/site\/#website\"},\"primaryImageOfPage\":{\"@id\":\"https:\/\/www.notibras.com\/site\/cni-preve-mais-empregos-e-acesso-a-36-do-comercio-global\/#primaryimage\"},\"image\":{\"@id\":\"https:\/\/www.notibras.com\/site\/cni-preve-mais-empregos-e-acesso-a-36-do-comercio-global\/#primaryimage\"},\"thumbnailUrl\":\"https:\/\/www.notibras.com\/site\/wp-content\/uploads\/2026\/01\/industrias_fabricas_de_motocicletas_industrias_fabricas_santos_fc2610100916-1.webp\",\"datePublished\":\"2026-01-18T03:31:54+00:00\",\"dateModified\":\"2026-01-18T10:33:15+00:00\",\"breadcrumb\":{\"@id\":\"https:\/\/www.notibras.com\/site\/cni-preve-mais-empregos-e-acesso-a-36-do-comercio-global\/#breadcrumb\"},\"inLanguage\":\"pt-BR\",\"potentialAction\":[{\"@type\":\"ReadAction\",\"target\":[\"https:\/\/www.notibras.com\/site\/cni-preve-mais-empregos-e-acesso-a-36-do-comercio-global\/\"]}]},{\"@type\":\"ImageObject\",\"inLanguage\":\"pt-BR\",\"@id\":\"https:\/\/www.notibras.com\/site\/cni-preve-mais-empregos-e-acesso-a-36-do-comercio-global\/#primaryimage\",\"url\":\"https:\/\/www.notibras.com\/site\/wp-content\/uploads\/2026\/01\/industrias_fabricas_de_motocicletas_industrias_fabricas_santos_fc2610100916-1.webp\",\"contentUrl\":\"https:\/\/www.notibras.com\/site\/wp-content\/uploads\/2026\/01\/industrias_fabricas_de_motocicletas_industrias_fabricas_santos_fc2610100916-1.webp\",\"width\":754,\"height\":502},{\"@type\":\"BreadcrumbList\",\"@id\":\"https:\/\/www.notibras.com\/site\/cni-preve-mais-empregos-e-acesso-a-36-do-comercio-global\/#breadcrumb\",\"itemListElement\":[{\"@type\":\"ListItem\",\"position\":1,\"name\":\"In\u00edcio\",\"item\":\"https:\/\/www.notibras.com\/site\/\"},{\"@type\":\"ListItem\",\"position\":2,\"name\":\"CNI prev\u00ea mais empregos e acesso a 36% do com\u00e9rcio global\"}]},{\"@type\":\"WebSite\",\"@id\":\"https:\/\/www.notibras.com\/site\/#website\",\"url\":\"https:\/\/www.notibras.com\/site\/\",\"name\":\"Notibras\",\"description\":\"Not\u00edcias de Bras\u00edlia, do Brasil e do Mundo\",\"publisher\":{\"@id\":\"https:\/\/www.notibras.com\/site\/#organization\"},\"potentialAction\":[{\"@type\":\"SearchAction\",\"target\":{\"@type\":\"EntryPoint\",\"urlTemplate\":\"https:\/\/www.notibras.com\/site\/?s={search_term_string}\"},\"query-input\":{\"@type\":\"PropertyValueSpecification\",\"valueRequired\":true,\"valueName\":\"search_term_string\"}}],\"inLanguage\":\"pt-BR\"},{\"@type\":\"Organization\",\"@id\":\"https:\/\/www.notibras.com\/site\/#organization\",\"name\":\"Grupo Notibras de Comunica\u00e7\u00e3o\",\"url\":\"https:\/\/www.notibras.com\/site\/\",\"logo\":{\"@type\":\"ImageObject\",\"inLanguage\":\"pt-BR\",\"@id\":\"https:\/\/www.notibras.com\/site\/#\/schema\/logo\/image\/\",\"url\":\"https:\/\/www.notibras.com\/site\/wp-content\/uploads\/2023\/01\/notibras23.png\",\"contentUrl\":\"https:\/\/www.notibras.com\/site\/wp-content\/uploads\/2023\/01\/notibras23.png\",\"width\":350,\"height\":87,\"caption\":\"Grupo Notibras de Comunica\u00e7\u00e3o\"},\"image\":{\"@id\":\"https:\/\/www.notibras.com\/site\/#\/schema\/logo\/image\/\"},\"sameAs\":[\"https:\/\/www.facebook.com\/notibras\/\",\"https:\/\/x.com\/Notibras\",\"https:\/\/www.instagram.com\/notibras\/\"]},{\"@type\":\"Person\",\"@id\":\"https:\/\/www.notibras.com\/site\/#\/schema\/person\/36ab0979449956132d3e5b517ea76ac8\",\"name\":\"Reda\u00e7\u00e3o\",\"image\":{\"@type\":\"ImageObject\",\"inLanguage\":\"pt-BR\",\"@id\":\"https:\/\/secure.gravatar.com\/avatar\/e0a867bdedb85fd243eadf09663511f96fc81e0720a4a42581f334ad4303aa6b?s=96&d=mm&r=g\",\"url\":\"https:\/\/secure.gravatar.com\/avatar\/e0a867bdedb85fd243eadf09663511f96fc81e0720a4a42581f334ad4303aa6b?s=96&d=mm&r=g\",\"contentUrl\":\"https:\/\/secure.gravatar.com\/avatar\/e0a867bdedb85fd243eadf09663511f96fc81e0720a4a42581f334ad4303aa6b?s=96&d=mm&r=g\",\"caption\":\"Reda\u00e7\u00e3o\"}}]}<\/script>\n<!-- \/ Yoast SEO plugin. -->","yoast_head_json":{"title":"CNI prev\u00ea mais empregos e acesso a 36% do com\u00e9rcio global - Notibras","robots":{"index":"index","follow":"follow","max-snippet":"max-snippet:-1","max-image-preview":"max-image-preview:large","max-video-preview":"max-video-preview:-1"},"canonical":"https:\/\/www.notibras.com\/site\/cni-preve-mais-empregos-e-acesso-a-36-do-comercio-global\/","og_locale":"pt_BR","og_type":"article","og_title":"CNI prev\u00ea mais empregos e acesso a 36% do com\u00e9rcio global - Notibras","og_description":"A Confedera\u00e7\u00e3o Nacional da Ind\u00fastria (CNI) apresentou um levantamento que aponta que o acordo comercial entre Mercosul e Uni\u00e3o Europeia (UE), quando entrar em vigor, vai aumentar de 8% para 36% o acesso brasileiro ao mercado de importa\u00e7\u00f5es mundiais de bens. Isso porque a Uni\u00e3o Europeia, sozinha, respondeu por 28% do com\u00e9rcio global em 2024. [&hellip;]","og_url":"https:\/\/www.notibras.com\/site\/cni-preve-mais-empregos-e-acesso-a-36-do-comercio-global\/","og_site_name":"Notibras","article_publisher":"https:\/\/www.facebook.com\/notibras\/","article_published_time":"2026-01-18T03:31:54+00:00","article_modified_time":"2026-01-18T10:33:15+00:00","og_image":[{"width":754,"height":502,"url":"https:\/\/www.notibras.com\/site\/wp-content\/uploads\/2026\/01\/industrias_fabricas_de_motocicletas_industrias_fabricas_santos_fc2610100916-1.webp","type":"image\/webp"}],"author":"Reda\u00e7\u00e3o","twitter_card":"summary_large_image","twitter_creator":"@Notibras","twitter_site":"@Notibras","twitter_misc":{"Escrito por":"Reda\u00e7\u00e3o","Est. tempo de leitura":"5 minutos"},"schema":{"@context":"https:\/\/schema.org","@graph":[{"@type":"Article","@id":"https:\/\/www.notibras.com\/site\/cni-preve-mais-empregos-e-acesso-a-36-do-comercio-global\/#article","isPartOf":{"@id":"https:\/\/www.notibras.com\/site\/cni-preve-mais-empregos-e-acesso-a-36-do-comercio-global\/"},"author":{"name":"Reda\u00e7\u00e3o","@id":"https:\/\/www.notibras.com\/site\/#\/schema\/person\/36ab0979449956132d3e5b517ea76ac8"},"headline":"CNI prev\u00ea mais empregos e acesso a 36% do com\u00e9rcio global","datePublished":"2026-01-18T03:31:54+00:00","dateModified":"2026-01-18T10:33:15+00:00","mainEntityOfPage":{"@id":"https:\/\/www.notibras.com\/site\/cni-preve-mais-empregos-e-acesso-a-36-do-comercio-global\/"},"wordCount":861,"publisher":{"@id":"https:\/\/www.notibras.com\/site\/#organization"},"image":{"@id":"https:\/\/www.notibras.com\/site\/cni-preve-mais-empregos-e-acesso-a-36-do-comercio-global\/#primaryimage"},"thumbnailUrl":"https:\/\/www.notibras.com\/site\/wp-content\/uploads\/2026\/01\/industrias_fabricas_de_motocicletas_industrias_fabricas_santos_fc2610100916-1.webp","articleSection":["Brasil"],"inLanguage":"pt-BR"},{"@type":"WebPage","@id":"https:\/\/www.notibras.com\/site\/cni-preve-mais-empregos-e-acesso-a-36-do-comercio-global\/","url":"https:\/\/www.notibras.com\/site\/cni-preve-mais-empregos-e-acesso-a-36-do-comercio-global\/","name":"CNI prev\u00ea mais empregos e acesso a 36% do com\u00e9rcio global - Notibras","isPartOf":{"@id":"https:\/\/www.notibras.com\/site\/#website"},"primaryImageOfPage":{"@id":"https:\/\/www.notibras.com\/site\/cni-preve-mais-empregos-e-acesso-a-36-do-comercio-global\/#primaryimage"},"image":{"@id":"https:\/\/www.notibras.com\/site\/cni-preve-mais-empregos-e-acesso-a-36-do-comercio-global\/#primaryimage"},"thumbnailUrl":"https:\/\/www.notibras.com\/site\/wp-content\/uploads\/2026\/01\/industrias_fabricas_de_motocicletas_industrias_fabricas_santos_fc2610100916-1.webp","datePublished":"2026-01-18T03:31:54+00:00","dateModified":"2026-01-18T10:33:15+00:00","breadcrumb":{"@id":"https:\/\/www.notibras.com\/site\/cni-preve-mais-empregos-e-acesso-a-36-do-comercio-global\/#breadcrumb"},"inLanguage":"pt-BR","potentialAction":[{"@type":"ReadAction","target":["https:\/\/www.notibras.com\/site\/cni-preve-mais-empregos-e-acesso-a-36-do-comercio-global\/"]}]},{"@type":"ImageObject","inLanguage":"pt-BR","@id":"https:\/\/www.notibras.com\/site\/cni-preve-mais-empregos-e-acesso-a-36-do-comercio-global\/#primaryimage","url":"https:\/\/www.notibras.com\/site\/wp-content\/uploads\/2026\/01\/industrias_fabricas_de_motocicletas_industrias_fabricas_santos_fc2610100916-1.webp","contentUrl":"https:\/\/www.notibras.com\/site\/wp-content\/uploads\/2026\/01\/industrias_fabricas_de_motocicletas_industrias_fabricas_santos_fc2610100916-1.webp","width":754,"height":502},{"@type":"BreadcrumbList","@id":"https:\/\/www.notibras.com\/site\/cni-preve-mais-empregos-e-acesso-a-36-do-comercio-global\/#breadcrumb","itemListElement":[{"@type":"ListItem","position":1,"name":"In\u00edcio","item":"https:\/\/www.notibras.com\/site\/"},{"@type":"ListItem","position":2,"name":"CNI prev\u00ea mais empregos e acesso a 36% do com\u00e9rcio global"}]},{"@type":"WebSite","@id":"https:\/\/www.notibras.com\/site\/#website","url":"https:\/\/www.notibras.com\/site\/","name":"Notibras","description":"Not\u00edcias de Bras\u00edlia, do Brasil e do Mundo","publisher":{"@id":"https:\/\/www.notibras.com\/site\/#organization"},"potentialAction":[{"@type":"SearchAction","target":{"@type":"EntryPoint","urlTemplate":"https:\/\/www.notibras.com\/site\/?s={search_term_string}"},"query-input":{"@type":"PropertyValueSpecification","valueRequired":true,"valueName":"search_term_string"}}],"inLanguage":"pt-BR"},{"@type":"Organization","@id":"https:\/\/www.notibras.com\/site\/#organization","name":"Grupo Notibras de Comunica\u00e7\u00e3o","url":"https:\/\/www.notibras.com\/site\/","logo":{"@type":"ImageObject","inLanguage":"pt-BR","@id":"https:\/\/www.notibras.com\/site\/#\/schema\/logo\/image\/","url":"https:\/\/www.notibras.com\/site\/wp-content\/uploads\/2023\/01\/notibras23.png","contentUrl":"https:\/\/www.notibras.com\/site\/wp-content\/uploads\/2023\/01\/notibras23.png","width":350,"height":87,"caption":"Grupo Notibras de Comunica\u00e7\u00e3o"},"image":{"@id":"https:\/\/www.notibras.com\/site\/#\/schema\/logo\/image\/"},"sameAs":["https:\/\/www.facebook.com\/notibras\/","https:\/\/x.com\/Notibras","https:\/\/www.instagram.com\/notibras\/"]},{"@type":"Person","@id":"https:\/\/www.notibras.com\/site\/#\/schema\/person\/36ab0979449956132d3e5b517ea76ac8","name":"Reda\u00e7\u00e3o","image":{"@type":"ImageObject","inLanguage":"pt-BR","@id":"https:\/\/secure.gravatar.com\/avatar\/e0a867bdedb85fd243eadf09663511f96fc81e0720a4a42581f334ad4303aa6b?s=96&d=mm&r=g","url":"https:\/\/secure.gravatar.com\/avatar\/e0a867bdedb85fd243eadf09663511f96fc81e0720a4a42581f334ad4303aa6b?s=96&d=mm&r=g","contentUrl":"https:\/\/secure.gravatar.com\/avatar\/e0a867bdedb85fd243eadf09663511f96fc81e0720a4a42581f334ad4303aa6b?s=96&d=mm&r=g","caption":"Reda\u00e7\u00e3o"}}]}},"amp_enabled":true,"_links":{"self":[{"href":"https:\/\/www.notibras.com\/site\/wp-json\/wp\/v2\/posts\/379517","targetHints":{"allow":["GET"]}}],"collection":[{"href":"https:\/\/www.notibras.com\/site\/wp-json\/wp\/v2\/posts"}],"about":[{"href":"https:\/\/www.notibras.com\/site\/wp-json\/wp\/v2\/types\/post"}],"author":[{"embeddable":true,"href":"https:\/\/www.notibras.com\/site\/wp-json\/wp\/v2\/users\/2"}],"replies":[{"embeddable":true,"href":"https:\/\/www.notibras.com\/site\/wp-json\/wp\/v2\/comments?post=379517"}],"version-history":[{"count":1,"href":"https:\/\/www.notibras.com\/site\/wp-json\/wp\/v2\/posts\/379517\/revisions"}],"predecessor-version":[{"id":379519,"href":"https:\/\/www.notibras.com\/site\/wp-json\/wp\/v2\/posts\/379517\/revisions\/379519"}],"wp:featuredmedia":[{"embeddable":true,"href":"https:\/\/www.notibras.com\/site\/wp-json\/wp\/v2\/media\/379518"}],"wp:attachment":[{"href":"https:\/\/www.notibras.com\/site\/wp-json\/wp\/v2\/media?parent=379517"}],"wp:term":[{"taxonomy":"category","embeddable":true,"href":"https:\/\/www.notibras.com\/site\/wp-json\/wp\/v2\/categories?post=379517"},{"taxonomy":"post_tag","embeddable":true,"href":"https:\/\/www.notibras.com\/site\/wp-json\/wp\/v2\/tags?post=379517"}],"curies":[{"name":"wp","href":"https:\/\/api.w.org\/{rel}","templated":true}]}}