{"id":379520,"date":"2026-01-18T00:00:13","date_gmt":"2026-01-18T03:00:13","guid":{"rendered":"https:\/\/www.notibras.com\/site\/?p=379520"},"modified":"2026-01-18T07:38:22","modified_gmt":"2026-01-18T10:38:22","slug":"gilmar-mendes-nega-novo-pedido-de-prisao-domiciliar-de-bolsonaro","status":"publish","type":"post","link":"https:\/\/www.notibras.com\/site\/gilmar-mendes-nega-novo-pedido-de-prisao-domiciliar-de-bolsonaro\/","title":{"rendered":"Gilmar Mendes nega novo pedido de pris\u00e3o domiciliar de Bolsonaro"},"content":{"rendered":"<p>O ministro Gilmar Mendes, do Supremo Tribunal Federal (STF), negou um pedido de pris\u00e3o domiciliar em favor de Jair Bolsonaro feito pelo advogado Paulo Emendabili Barros de Carvalhosa, que n\u00e3o comp\u00f5e a banca oficial de defesa do ex-presidente.<\/p>\n<p>O habeas corpus (HC) com pedido de pris\u00e3o domiciliar foi apresentado no dia 10 de janeiro e alegava n\u00e3o existirem condi\u00e7\u00f5es adequadas de atendimento m\u00e9dico continuado a Bolsonaro na cela onde cumpria pena, na Superintend\u00eancia da Pol\u00edcia Federal (PF) em Bras\u00edlia.<\/p>\n<p>H\u00e1 tr\u00eas dias, no entanto, o ex-presidente foi transferido, por ordem do ministro Alexandre de Moraes, para a Sala de Estado Maior do 19\u00ba Batalh\u00e3o da Pol\u00edcia Militar do Distrito Federal (PMDF), no Complexo Penitenci\u00e1rio da Papuda, tamb\u00e9m no DF, onde dever\u00e1 seguir cumprindo, em regime fechado, a pena de 27 anos e tr\u00eas meses de pris\u00e3o por liderar tentativa de golpe de Estado.<\/p>\n<p>Inicialmente, o pedido de pris\u00e3o domiciliar foi distribu\u00eddo por sorteio \u00e0 ministra Carmen L\u00facia, mas, como o Judici\u00e1rio est\u00e1 de recesso, o processo foi redistribu\u00eddo a Moraes, vice-presidente do STF, que responde pelo plant\u00e3o durante o recesso forense. Como o HC questionava uma decis\u00e3o do pr\u00f3prio Moraes, relator da a\u00e7\u00e3o penal da trama golpista, o ministro redistribuiu o processo para Gilmar Mendes, decano da Corte, conforme previs\u00e3o do Regimento Interno que determina o encaminhamento de a\u00e7\u00f5es por ordem decrescente de antiguidade no tribunal.<\/p>\n<p>&#8220;Considerando as peculiaridades do caso concreto, n\u00e3o \u00e9 cab\u00edvel o manejo da via do habeas corpus por terceiro, mormente se considerado que h\u00e1 defesa t\u00e9cnica constitu\u00edda e atuante em favor do paciente. Compreens\u00e3o diversa, al\u00e9m de possibilitar eventual desvio de finalidade do writ [rem\u00e9dio] constitucional, poderia propiciar o atropelo da estrat\u00e9gia defensiva, consequ\u00eancia que n\u00e3o se compatibiliza com a protetiva destina\u00e7\u00e3o constitucional do rem\u00e9dio processual&#8221;, escreveu o ministro Gilmar Mendes, em sua decis\u00e3o.<\/p>\n<p>O ministro ponderou ainda que, embora exercendo compet\u00eancia leg\u00edtima na an\u00e1lise do pedido, uma decis\u00e3o divergente significaria uma &#8220;indevida substitui\u00e7\u00e3o da compet\u00eancia previamente estabelecida&#8221; pelo STF em rela\u00e7\u00e3o ao princ\u00edpio do juiz natural, j\u00e1 que Alexandre de Moraes \u00e9 o magistrado relator da a\u00e7\u00e3o penal envolvendo o ex-presidente Bolsonaro.<\/p>\n<p>O habeas corpus \u00e9 um dispositivo previsto na Constitui\u00e7\u00e3o Federal que pode ser apresentado por qualquer pessoa, seja em favor pr\u00f3prio ou de terceiros, e n\u00e3o requer proposi\u00e7\u00e3o assinada por um advogado. Al\u00e9m disso, por se tratar de um rem\u00e9dio jur\u00eddico que busca garantir liberdade de locomo\u00e7\u00e3o a pessoas presas, sua tramita\u00e7\u00e3o \u00e9 gratuita, e a an\u00e1lise \u00e9 considerada de urg\u00eancia.<\/p>\n","protected":false},"excerpt":{"rendered":"<p>O ministro Gilmar Mendes, do Supremo Tribunal Federal (STF), negou um pedido de pris\u00e3o domiciliar em favor de Jair Bolsonaro feito pelo advogado Paulo Emendabili Barros de Carvalhosa, que n\u00e3o comp\u00f5e a banca oficial de defesa do ex-presidente. O habeas corpus (HC) com pedido de pris\u00e3o domiciliar foi apresentado no dia 10 de janeiro e [&hellip;]<\/p>\n","protected":false},"author":2,"featured_media":379521,"comment_status":"closed","ping_status":"closed","sticky":false,"template":"","format":"standard","meta":{"_acf_changed":false,"footnotes":""},"categories":[16],"tags":[],"class_list":["post-379520","post","type-post","status-publish","format-standard","has-post-thumbnail","hentry","category-brasil"],"acf":[],"yoast_head":"<!-- This site is optimized with the Yoast SEO plugin v27.2 - https:\/\/yoast.com\/product\/yoast-seo-wordpress\/ -->\n<title>Gilmar Mendes nega novo pedido de pris\u00e3o domiciliar de Bolsonaro - Notibras<\/title>\n<meta name=\"robots\" content=\"index, follow, max-snippet:-1, max-image-preview:large, max-video-preview:-1\" \/>\n<link rel=\"canonical\" href=\"https:\/\/www.notibras.com\/site\/gilmar-mendes-nega-novo-pedido-de-prisao-domiciliar-de-bolsonaro\/\" \/>\n<meta property=\"og:locale\" content=\"pt_BR\" \/>\n<meta property=\"og:type\" content=\"article\" \/>\n<meta property=\"og:title\" content=\"Gilmar Mendes nega novo pedido de pris\u00e3o domiciliar de Bolsonaro - Notibras\" \/>\n<meta property=\"og:description\" content=\"O ministro Gilmar Mendes, do Supremo Tribunal Federal (STF), negou um pedido de pris\u00e3o domiciliar em favor de Jair Bolsonaro feito pelo advogado Paulo Emendabili Barros de Carvalhosa, que n\u00e3o comp\u00f5e a banca oficial de defesa do ex-presidente. O habeas corpus (HC) com pedido de pris\u00e3o domiciliar foi apresentado no dia 10 de janeiro e [&hellip;]\" \/>\n<meta property=\"og:url\" content=\"https:\/\/www.notibras.com\/site\/gilmar-mendes-nega-novo-pedido-de-prisao-domiciliar-de-bolsonaro\/\" \/>\n<meta property=\"og:site_name\" content=\"Notibras\" \/>\n<meta property=\"article:publisher\" content=\"https:\/\/www.facebook.com\/notibras\/\" \/>\n<meta property=\"article:published_time\" content=\"2026-01-18T03:00:13+00:00\" \/>\n<meta property=\"article:modified_time\" content=\"2026-01-18T10:38:22+00:00\" \/>\n<meta property=\"og:image\" content=\"https:\/\/www.notibras.com\/site\/wp-content\/uploads\/2026\/01\/54811838718_3ce4479d41_o.webp\" \/>\n\t<meta property=\"og:image:width\" content=\"1170\" \/>\n\t<meta property=\"og:image:height\" content=\"700\" \/>\n\t<meta property=\"og:image:type\" content=\"image\/webp\" \/>\n<meta name=\"author\" content=\"Reda\u00e7\u00e3o\" \/>\n<meta name=\"twitter:card\" content=\"summary_large_image\" \/>\n<meta name=\"twitter:creator\" content=\"@Notibras\" \/>\n<meta name=\"twitter:site\" content=\"@Notibras\" \/>\n<meta name=\"twitter:label1\" content=\"Escrito por\" \/>\n\t<meta name=\"twitter:data1\" content=\"Reda\u00e7\u00e3o\" \/>\n\t<meta name=\"twitter:label2\" content=\"Est. tempo de leitura\" \/>\n\t<meta name=\"twitter:data2\" content=\"3 minutos\" \/>\n<script type=\"application\/ld+json\" class=\"yoast-schema-graph\">{\"@context\":\"https:\/\/schema.org\",\"@graph\":[{\"@type\":\"Article\",\"@id\":\"https:\/\/www.notibras.com\/site\/gilmar-mendes-nega-novo-pedido-de-prisao-domiciliar-de-bolsonaro\/#article\",\"isPartOf\":{\"@id\":\"https:\/\/www.notibras.com\/site\/gilmar-mendes-nega-novo-pedido-de-prisao-domiciliar-de-bolsonaro\/\"},\"author\":{\"name\":\"Reda\u00e7\u00e3o\",\"@id\":\"https:\/\/www.notibras.com\/site\/#\/schema\/person\/36ab0979449956132d3e5b517ea76ac8\"},\"headline\":\"Gilmar Mendes nega novo pedido de pris\u00e3o domiciliar de Bolsonaro\",\"datePublished\":\"2026-01-18T03:00:13+00:00\",\"dateModified\":\"2026-01-18T10:38:22+00:00\",\"mainEntityOfPage\":{\"@id\":\"https:\/\/www.notibras.com\/site\/gilmar-mendes-nega-novo-pedido-de-prisao-domiciliar-de-bolsonaro\/\"},\"wordCount\":472,\"publisher\":{\"@id\":\"https:\/\/www.notibras.com\/site\/#organization\"},\"image\":{\"@id\":\"https:\/\/www.notibras.com\/site\/gilmar-mendes-nega-novo-pedido-de-prisao-domiciliar-de-bolsonaro\/#primaryimage\"},\"thumbnailUrl\":\"https:\/\/www.notibras.com\/site\/wp-content\/uploads\/2026\/01\/54811838718_3ce4479d41_o.webp\",\"articleSection\":[\"Brasil\"],\"inLanguage\":\"pt-BR\"},{\"@type\":\"WebPage\",\"@id\":\"https:\/\/www.notibras.com\/site\/gilmar-mendes-nega-novo-pedido-de-prisao-domiciliar-de-bolsonaro\/\",\"url\":\"https:\/\/www.notibras.com\/site\/gilmar-mendes-nega-novo-pedido-de-prisao-domiciliar-de-bolsonaro\/\",\"name\":\"Gilmar Mendes nega novo pedido de pris\u00e3o domiciliar de Bolsonaro - Notibras\",\"isPartOf\":{\"@id\":\"https:\/\/www.notibras.com\/site\/#website\"},\"primaryImageOfPage\":{\"@id\":\"https:\/\/www.notibras.com\/site\/gilmar-mendes-nega-novo-pedido-de-prisao-domiciliar-de-bolsonaro\/#primaryimage\"},\"image\":{\"@id\":\"https:\/\/www.notibras.com\/site\/gilmar-mendes-nega-novo-pedido-de-prisao-domiciliar-de-bolsonaro\/#primaryimage\"},\"thumbnailUrl\":\"https:\/\/www.notibras.com\/site\/wp-content\/uploads\/2026\/01\/54811838718_3ce4479d41_o.webp\",\"datePublished\":\"2026-01-18T03:00:13+00:00\",\"dateModified\":\"2026-01-18T10:38:22+00:00\",\"breadcrumb\":{\"@id\":\"https:\/\/www.notibras.com\/site\/gilmar-mendes-nega-novo-pedido-de-prisao-domiciliar-de-bolsonaro\/#breadcrumb\"},\"inLanguage\":\"pt-BR\",\"potentialAction\":[{\"@type\":\"ReadAction\",\"target\":[\"https:\/\/www.notibras.com\/site\/gilmar-mendes-nega-novo-pedido-de-prisao-domiciliar-de-bolsonaro\/\"]}]},{\"@type\":\"ImageObject\",\"inLanguage\":\"pt-BR\",\"@id\":\"https:\/\/www.notibras.com\/site\/gilmar-mendes-nega-novo-pedido-de-prisao-domiciliar-de-bolsonaro\/#primaryimage\",\"url\":\"https:\/\/www.notibras.com\/site\/wp-content\/uploads\/2026\/01\/54811838718_3ce4479d41_o.webp\",\"contentUrl\":\"https:\/\/www.notibras.com\/site\/wp-content\/uploads\/2026\/01\/54811838718_3ce4479d41_o.webp\",\"width\":1170,\"height\":700},{\"@type\":\"BreadcrumbList\",\"@id\":\"https:\/\/www.notibras.com\/site\/gilmar-mendes-nega-novo-pedido-de-prisao-domiciliar-de-bolsonaro\/#breadcrumb\",\"itemListElement\":[{\"@type\":\"ListItem\",\"position\":1,\"name\":\"In\u00edcio\",\"item\":\"https:\/\/www.notibras.com\/site\/\"},{\"@type\":\"ListItem\",\"position\":2,\"name\":\"Gilmar Mendes nega novo pedido de pris\u00e3o domiciliar de Bolsonaro\"}]},{\"@type\":\"WebSite\",\"@id\":\"https:\/\/www.notibras.com\/site\/#website\",\"url\":\"https:\/\/www.notibras.com\/site\/\",\"name\":\"Notibras\",\"description\":\"Not\u00edcias de Bras\u00edlia, do Brasil e do Mundo\",\"publisher\":{\"@id\":\"https:\/\/www.notibras.com\/site\/#organization\"},\"potentialAction\":[{\"@type\":\"SearchAction\",\"target\":{\"@type\":\"EntryPoint\",\"urlTemplate\":\"https:\/\/www.notibras.com\/site\/?s={search_term_string}\"},\"query-input\":{\"@type\":\"PropertyValueSpecification\",\"valueRequired\":true,\"valueName\":\"search_term_string\"}}],\"inLanguage\":\"pt-BR\"},{\"@type\":\"Organization\",\"@id\":\"https:\/\/www.notibras.com\/site\/#organization\",\"name\":\"Grupo Notibras de Comunica\u00e7\u00e3o\",\"url\":\"https:\/\/www.notibras.com\/site\/\",\"logo\":{\"@type\":\"ImageObject\",\"inLanguage\":\"pt-BR\",\"@id\":\"https:\/\/www.notibras.com\/site\/#\/schema\/logo\/image\/\",\"url\":\"https:\/\/www.notibras.com\/site\/wp-content\/uploads\/2023\/01\/notibras23.png\",\"contentUrl\":\"https:\/\/www.notibras.com\/site\/wp-content\/uploads\/2023\/01\/notibras23.png\",\"width\":350,\"height\":87,\"caption\":\"Grupo Notibras de Comunica\u00e7\u00e3o\"},\"image\":{\"@id\":\"https:\/\/www.notibras.com\/site\/#\/schema\/logo\/image\/\"},\"sameAs\":[\"https:\/\/www.facebook.com\/notibras\/\",\"https:\/\/x.com\/Notibras\",\"https:\/\/www.instagram.com\/notibras\/\"]},{\"@type\":\"Person\",\"@id\":\"https:\/\/www.notibras.com\/site\/#\/schema\/person\/36ab0979449956132d3e5b517ea76ac8\",\"name\":\"Reda\u00e7\u00e3o\",\"image\":{\"@type\":\"ImageObject\",\"inLanguage\":\"pt-BR\",\"@id\":\"https:\/\/secure.gravatar.com\/avatar\/e0a867bdedb85fd243eadf09663511f96fc81e0720a4a42581f334ad4303aa6b?s=96&d=mm&r=g\",\"url\":\"https:\/\/secure.gravatar.com\/avatar\/e0a867bdedb85fd243eadf09663511f96fc81e0720a4a42581f334ad4303aa6b?s=96&d=mm&r=g\",\"contentUrl\":\"https:\/\/secure.gravatar.com\/avatar\/e0a867bdedb85fd243eadf09663511f96fc81e0720a4a42581f334ad4303aa6b?s=96&d=mm&r=g\",\"caption\":\"Reda\u00e7\u00e3o\"}}]}<\/script>\n<!-- \/ Yoast SEO plugin. -->","yoast_head_json":{"title":"Gilmar Mendes nega novo pedido de pris\u00e3o domiciliar de Bolsonaro - Notibras","robots":{"index":"index","follow":"follow","max-snippet":"max-snippet:-1","max-image-preview":"max-image-preview:large","max-video-preview":"max-video-preview:-1"},"canonical":"https:\/\/www.notibras.com\/site\/gilmar-mendes-nega-novo-pedido-de-prisao-domiciliar-de-bolsonaro\/","og_locale":"pt_BR","og_type":"article","og_title":"Gilmar Mendes nega novo pedido de pris\u00e3o domiciliar de Bolsonaro - Notibras","og_description":"O ministro Gilmar Mendes, do Supremo Tribunal Federal (STF), negou um pedido de pris\u00e3o domiciliar em favor de Jair Bolsonaro feito pelo advogado Paulo Emendabili Barros de Carvalhosa, que n\u00e3o comp\u00f5e a banca oficial de defesa do ex-presidente. O habeas corpus (HC) com pedido de pris\u00e3o domiciliar foi apresentado no dia 10 de janeiro e [&hellip;]","og_url":"https:\/\/www.notibras.com\/site\/gilmar-mendes-nega-novo-pedido-de-prisao-domiciliar-de-bolsonaro\/","og_site_name":"Notibras","article_publisher":"https:\/\/www.facebook.com\/notibras\/","article_published_time":"2026-01-18T03:00:13+00:00","article_modified_time":"2026-01-18T10:38:22+00:00","og_image":[{"width":1170,"height":700,"url":"https:\/\/www.notibras.com\/site\/wp-content\/uploads\/2026\/01\/54811838718_3ce4479d41_o.webp","type":"image\/webp"}],"author":"Reda\u00e7\u00e3o","twitter_card":"summary_large_image","twitter_creator":"@Notibras","twitter_site":"@Notibras","twitter_misc":{"Escrito por":"Reda\u00e7\u00e3o","Est. tempo de leitura":"3 minutos"},"schema":{"@context":"https:\/\/schema.org","@graph":[{"@type":"Article","@id":"https:\/\/www.notibras.com\/site\/gilmar-mendes-nega-novo-pedido-de-prisao-domiciliar-de-bolsonaro\/#article","isPartOf":{"@id":"https:\/\/www.notibras.com\/site\/gilmar-mendes-nega-novo-pedido-de-prisao-domiciliar-de-bolsonaro\/"},"author":{"name":"Reda\u00e7\u00e3o","@id":"https:\/\/www.notibras.com\/site\/#\/schema\/person\/36ab0979449956132d3e5b517ea76ac8"},"headline":"Gilmar Mendes nega novo pedido de pris\u00e3o domiciliar de Bolsonaro","datePublished":"2026-01-18T03:00:13+00:00","dateModified":"2026-01-18T10:38:22+00:00","mainEntityOfPage":{"@id":"https:\/\/www.notibras.com\/site\/gilmar-mendes-nega-novo-pedido-de-prisao-domiciliar-de-bolsonaro\/"},"wordCount":472,"publisher":{"@id":"https:\/\/www.notibras.com\/site\/#organization"},"image":{"@id":"https:\/\/www.notibras.com\/site\/gilmar-mendes-nega-novo-pedido-de-prisao-domiciliar-de-bolsonaro\/#primaryimage"},"thumbnailUrl":"https:\/\/www.notibras.com\/site\/wp-content\/uploads\/2026\/01\/54811838718_3ce4479d41_o.webp","articleSection":["Brasil"],"inLanguage":"pt-BR"},{"@type":"WebPage","@id":"https:\/\/www.notibras.com\/site\/gilmar-mendes-nega-novo-pedido-de-prisao-domiciliar-de-bolsonaro\/","url":"https:\/\/www.notibras.com\/site\/gilmar-mendes-nega-novo-pedido-de-prisao-domiciliar-de-bolsonaro\/","name":"Gilmar Mendes nega novo pedido de pris\u00e3o domiciliar de Bolsonaro - Notibras","isPartOf":{"@id":"https:\/\/www.notibras.com\/site\/#website"},"primaryImageOfPage":{"@id":"https:\/\/www.notibras.com\/site\/gilmar-mendes-nega-novo-pedido-de-prisao-domiciliar-de-bolsonaro\/#primaryimage"},"image":{"@id":"https:\/\/www.notibras.com\/site\/gilmar-mendes-nega-novo-pedido-de-prisao-domiciliar-de-bolsonaro\/#primaryimage"},"thumbnailUrl":"https:\/\/www.notibras.com\/site\/wp-content\/uploads\/2026\/01\/54811838718_3ce4479d41_o.webp","datePublished":"2026-01-18T03:00:13+00:00","dateModified":"2026-01-18T10:38:22+00:00","breadcrumb":{"@id":"https:\/\/www.notibras.com\/site\/gilmar-mendes-nega-novo-pedido-de-prisao-domiciliar-de-bolsonaro\/#breadcrumb"},"inLanguage":"pt-BR","potentialAction":[{"@type":"ReadAction","target":["https:\/\/www.notibras.com\/site\/gilmar-mendes-nega-novo-pedido-de-prisao-domiciliar-de-bolsonaro\/"]}]},{"@type":"ImageObject","inLanguage":"pt-BR","@id":"https:\/\/www.notibras.com\/site\/gilmar-mendes-nega-novo-pedido-de-prisao-domiciliar-de-bolsonaro\/#primaryimage","url":"https:\/\/www.notibras.com\/site\/wp-content\/uploads\/2026\/01\/54811838718_3ce4479d41_o.webp","contentUrl":"https:\/\/www.notibras.com\/site\/wp-content\/uploads\/2026\/01\/54811838718_3ce4479d41_o.webp","width":1170,"height":700},{"@type":"BreadcrumbList","@id":"https:\/\/www.notibras.com\/site\/gilmar-mendes-nega-novo-pedido-de-prisao-domiciliar-de-bolsonaro\/#breadcrumb","itemListElement":[{"@type":"ListItem","position":1,"name":"In\u00edcio","item":"https:\/\/www.notibras.com\/site\/"},{"@type":"ListItem","position":2,"name":"Gilmar Mendes nega novo pedido de pris\u00e3o domiciliar de Bolsonaro"}]},{"@type":"WebSite","@id":"https:\/\/www.notibras.com\/site\/#website","url":"https:\/\/www.notibras.com\/site\/","name":"Notibras","description":"Not\u00edcias de Bras\u00edlia, do Brasil e do Mundo","publisher":{"@id":"https:\/\/www.notibras.com\/site\/#organization"},"potentialAction":[{"@type":"SearchAction","target":{"@type":"EntryPoint","urlTemplate":"https:\/\/www.notibras.com\/site\/?s={search_term_string}"},"query-input":{"@type":"PropertyValueSpecification","valueRequired":true,"valueName":"search_term_string"}}],"inLanguage":"pt-BR"},{"@type":"Organization","@id":"https:\/\/www.notibras.com\/site\/#organization","name":"Grupo Notibras de Comunica\u00e7\u00e3o","url":"https:\/\/www.notibras.com\/site\/","logo":{"@type":"ImageObject","inLanguage":"pt-BR","@id":"https:\/\/www.notibras.com\/site\/#\/schema\/logo\/image\/","url":"https:\/\/www.notibras.com\/site\/wp-content\/uploads\/2023\/01\/notibras23.png","contentUrl":"https:\/\/www.notibras.com\/site\/wp-content\/uploads\/2023\/01\/notibras23.png","width":350,"height":87,"caption":"Grupo Notibras de Comunica\u00e7\u00e3o"},"image":{"@id":"https:\/\/www.notibras.com\/site\/#\/schema\/logo\/image\/"},"sameAs":["https:\/\/www.facebook.com\/notibras\/","https:\/\/x.com\/Notibras","https:\/\/www.instagram.com\/notibras\/"]},{"@type":"Person","@id":"https:\/\/www.notibras.com\/site\/#\/schema\/person\/36ab0979449956132d3e5b517ea76ac8","name":"Reda\u00e7\u00e3o","image":{"@type":"ImageObject","inLanguage":"pt-BR","@id":"https:\/\/secure.gravatar.com\/avatar\/e0a867bdedb85fd243eadf09663511f96fc81e0720a4a42581f334ad4303aa6b?s=96&d=mm&r=g","url":"https:\/\/secure.gravatar.com\/avatar\/e0a867bdedb85fd243eadf09663511f96fc81e0720a4a42581f334ad4303aa6b?s=96&d=mm&r=g","contentUrl":"https:\/\/secure.gravatar.com\/avatar\/e0a867bdedb85fd243eadf09663511f96fc81e0720a4a42581f334ad4303aa6b?s=96&d=mm&r=g","caption":"Reda\u00e7\u00e3o"}}]}},"amp_enabled":true,"_links":{"self":[{"href":"https:\/\/www.notibras.com\/site\/wp-json\/wp\/v2\/posts\/379520","targetHints":{"allow":["GET"]}}],"collection":[{"href":"https:\/\/www.notibras.com\/site\/wp-json\/wp\/v2\/posts"}],"about":[{"href":"https:\/\/www.notibras.com\/site\/wp-json\/wp\/v2\/types\/post"}],"author":[{"embeddable":true,"href":"https:\/\/www.notibras.com\/site\/wp-json\/wp\/v2\/users\/2"}],"replies":[{"embeddable":true,"href":"https:\/\/www.notibras.com\/site\/wp-json\/wp\/v2\/comments?post=379520"}],"version-history":[{"count":1,"href":"https:\/\/www.notibras.com\/site\/wp-json\/wp\/v2\/posts\/379520\/revisions"}],"predecessor-version":[{"id":379522,"href":"https:\/\/www.notibras.com\/site\/wp-json\/wp\/v2\/posts\/379520\/revisions\/379522"}],"wp:featuredmedia":[{"embeddable":true,"href":"https:\/\/www.notibras.com\/site\/wp-json\/wp\/v2\/media\/379521"}],"wp:attachment":[{"href":"https:\/\/www.notibras.com\/site\/wp-json\/wp\/v2\/media?parent=379520"}],"wp:term":[{"taxonomy":"category","embeddable":true,"href":"https:\/\/www.notibras.com\/site\/wp-json\/wp\/v2\/categories?post=379520"},{"taxonomy":"post_tag","embeddable":true,"href":"https:\/\/www.notibras.com\/site\/wp-json\/wp\/v2\/tags?post=379520"}],"curies":[{"name":"wp","href":"https:\/\/api.w.org\/{rel}","templated":true}]}}