{"id":379523,"date":"2026-01-18T00:00:14","date_gmt":"2026-01-18T03:00:14","guid":{"rendered":"https:\/\/www.notibras.com\/site\/?p=379523"},"modified":"2026-01-18T07:42:33","modified_gmt":"2026-01-18T10:42:33","slug":"porto-de-santos-registra-maior-movimentacao-de-sua-historia","status":"publish","type":"post","link":"https:\/\/www.notibras.com\/site\/porto-de-santos-registra-maior-movimentacao-de-sua-historia\/","title":{"rendered":"Porto de Santos registra maior movimenta\u00e7\u00e3o de sua hist\u00f3ria"},"content":{"rendered":"<p>O Porto de Santos, em S\u00e3o Paulo, registrou em 2025 a maior movimenta\u00e7\u00e3o de cargas de sua hist\u00f3ria: 186,4 milh\u00f5es de toneladas, um crescimento de 3,6% sobre o recorde anterior, estabelecido em 2024, de 179,8 milh\u00f5es de toneladas.<\/p>\n<p>As opera\u00e7\u00f5es de embarque para exporta\u00e7\u00e3o totalizaram 137,4 milh\u00f5es de toneladas no ano, um crescimento de 4,6%. J\u00e1 os desembarques (importa\u00e7\u00e3o) mantiveram-se est\u00e1veis, com um aumento de 1%, somando 49 milh\u00f5es de toneladas.<\/p>\n<p>A participa\u00e7\u00e3o do Porto de Santos na corrente comercial brasileira tamb\u00e9m cresceu. O complexo foi respons\u00e1vel, em 2025, por 29,6% de todas as transa\u00e7\u00f5es comerciais do Brasil com o exterior, considerando o valor em US$ FOB. Em 2024, a participa\u00e7\u00e3o foi de 29%.<\/p>\n<p>\u201cO ano de 2025 registrou recordes na movimenta\u00e7\u00e3o de cont\u00eaineres em todos os meses, e de carga geral na maioria dos meses. O resultado demonstra a resili\u00eancia do Porto de Santos e a assertividade dos investimentos em infraestrutura, al\u00e9m de atestar o crescimento do Brasil no com\u00e9rcio global\u201d, disse o presidente da Autoridade Portu\u00e1ria de Santos, Anderson Pomini.<\/p>\n<p>O pa\u00eds com o qual o porto mais fez transa\u00e7\u00f5es de cargas em 2025 foi a China, registrando 29,6% de todo fluxo comercial.<\/p>\n<p>Os produtos mais exportados, em toneladas, pelo porto em 2025 foram soja (44,9 milh\u00f5es de toneladas); a\u00e7\u00facar (24,1 milh\u00f5es de toneladas); milho (15,2 milh\u00f5es de toneladas); e celulose (9,8 milh\u00f5es). J\u00e1 as principais importa\u00e7\u00f5es foram adubo (8,3 milh\u00f5es de toneladas); \u00f3leo diesel e gas\u00f3leo (2,4 milh\u00f5es de toneladas); enxofre (2,04 milh\u00f5es de toneladas); e trigo (1,3 milh\u00f5es).<\/p>\n<p>O n\u00famero de navios atracados em 2025 chegou a 5.708, 2,7% superior ao registrado em 2024.<\/p>\n<p>\u201cOs n\u00fameros do Porto de Santos mostram que o Brasil voltou a investir com planejamento, seguran\u00e7a jur\u00eddica e vis\u00e3o de longo prazo. Estamos falando de um porto que bate recordes, amplia sua capacidade e se prepara para receber investimentos estrat\u00e9gicos, como o Tecon Santos 10, que vai transformar a log\u00edstica de cont\u00eaineres no pa\u00eds\u201d, comemorou o ministro de Portos e Aeroportos, Silvio Costa Filho.<\/p>\n","protected":false},"excerpt":{"rendered":"<p>O Porto de Santos, em S\u00e3o Paulo, registrou em 2025 a maior movimenta\u00e7\u00e3o de cargas de sua hist\u00f3ria: 186,4 milh\u00f5es de toneladas, um crescimento de 3,6% sobre o recorde anterior, estabelecido em 2024, de 179,8 milh\u00f5es de toneladas. As opera\u00e7\u00f5es de embarque para exporta\u00e7\u00e3o totalizaram 137,4 milh\u00f5es de toneladas no ano, um crescimento de 4,6%. [&hellip;]<\/p>\n","protected":false},"author":2,"featured_media":379524,"comment_status":"closed","ping_status":"closed","sticky":false,"template":"","format":"standard","meta":{"_acf_changed":false,"footnotes":""},"categories":[16],"tags":[],"class_list":["post-379523","post","type-post","status-publish","format-standard","has-post-thumbnail","hentry","category-brasil"],"acf":[],"yoast_head":"<!-- This site is optimized with the Yoast SEO plugin v27.2 - https:\/\/yoast.com\/product\/yoast-seo-wordpress\/ -->\n<title>Porto de Santos registra maior movimenta\u00e7\u00e3o de sua hist\u00f3ria - Notibras<\/title>\n<meta name=\"robots\" content=\"index, follow, max-snippet:-1, max-image-preview:large, max-video-preview:-1\" \/>\n<link rel=\"canonical\" href=\"https:\/\/www.notibras.com\/site\/porto-de-santos-registra-maior-movimentacao-de-sua-historia\/\" \/>\n<meta property=\"og:locale\" content=\"pt_BR\" \/>\n<meta property=\"og:type\" content=\"article\" \/>\n<meta property=\"og:title\" content=\"Porto de Santos registra maior movimenta\u00e7\u00e3o de sua hist\u00f3ria - Notibras\" \/>\n<meta property=\"og:description\" content=\"O Porto de Santos, em S\u00e3o Paulo, registrou em 2025 a maior movimenta\u00e7\u00e3o de cargas de sua hist\u00f3ria: 186,4 milh\u00f5es de toneladas, um crescimento de 3,6% sobre o recorde anterior, estabelecido em 2024, de 179,8 milh\u00f5es de toneladas. As opera\u00e7\u00f5es de embarque para exporta\u00e7\u00e3o totalizaram 137,4 milh\u00f5es de toneladas no ano, um crescimento de 4,6%. [&hellip;]\" \/>\n<meta property=\"og:url\" content=\"https:\/\/www.notibras.com\/site\/porto-de-santos-registra-maior-movimentacao-de-sua-historia\/\" \/>\n<meta property=\"og:site_name\" content=\"Notibras\" \/>\n<meta property=\"article:publisher\" content=\"https:\/\/www.facebook.com\/notibras\/\" \/>\n<meta property=\"article:published_time\" content=\"2026-01-18T03:00:14+00:00\" \/>\n<meta property=\"article:modified_time\" content=\"2026-01-18T10:42:33+00:00\" \/>\n<meta property=\"og:image\" content=\"https:\/\/www.notibras.com\/site\/wp-content\/uploads\/2026\/01\/c7ce57c4-3ca3-44b5-a68b-9e4e44e7e8bb-3.webp\" \/>\n\t<meta property=\"og:image:width\" content=\"1170\" \/>\n\t<meta property=\"og:image:height\" content=\"700\" \/>\n\t<meta property=\"og:image:type\" content=\"image\/webp\" \/>\n<meta name=\"author\" content=\"Reda\u00e7\u00e3o\" \/>\n<meta name=\"twitter:card\" content=\"summary_large_image\" \/>\n<meta name=\"twitter:creator\" content=\"@Notibras\" \/>\n<meta name=\"twitter:site\" content=\"@Notibras\" \/>\n<meta name=\"twitter:label1\" content=\"Escrito por\" \/>\n\t<meta name=\"twitter:data1\" content=\"Reda\u00e7\u00e3o\" \/>\n\t<meta name=\"twitter:label2\" content=\"Est. tempo de leitura\" \/>\n\t<meta name=\"twitter:data2\" content=\"3 minutos\" \/>\n<script type=\"application\/ld+json\" class=\"yoast-schema-graph\">{\"@context\":\"https:\/\/schema.org\",\"@graph\":[{\"@type\":\"Article\",\"@id\":\"https:\/\/www.notibras.com\/site\/porto-de-santos-registra-maior-movimentacao-de-sua-historia\/#article\",\"isPartOf\":{\"@id\":\"https:\/\/www.notibras.com\/site\/porto-de-santos-registra-maior-movimentacao-de-sua-historia\/\"},\"author\":{\"name\":\"Reda\u00e7\u00e3o\",\"@id\":\"https:\/\/www.notibras.com\/site\/#\/schema\/person\/36ab0979449956132d3e5b517ea76ac8\"},\"headline\":\"Porto de Santos registra maior movimenta\u00e7\u00e3o de sua hist\u00f3ria\",\"datePublished\":\"2026-01-18T03:00:14+00:00\",\"dateModified\":\"2026-01-18T10:42:33+00:00\",\"mainEntityOfPage\":{\"@id\":\"https:\/\/www.notibras.com\/site\/porto-de-santos-registra-maior-movimentacao-de-sua-historia\/\"},\"wordCount\":357,\"publisher\":{\"@id\":\"https:\/\/www.notibras.com\/site\/#organization\"},\"image\":{\"@id\":\"https:\/\/www.notibras.com\/site\/porto-de-santos-registra-maior-movimentacao-de-sua-historia\/#primaryimage\"},\"thumbnailUrl\":\"https:\/\/www.notibras.com\/site\/wp-content\/uploads\/2026\/01\/c7ce57c4-3ca3-44b5-a68b-9e4e44e7e8bb-3.webp\",\"articleSection\":[\"Brasil\"],\"inLanguage\":\"pt-BR\"},{\"@type\":\"WebPage\",\"@id\":\"https:\/\/www.notibras.com\/site\/porto-de-santos-registra-maior-movimentacao-de-sua-historia\/\",\"url\":\"https:\/\/www.notibras.com\/site\/porto-de-santos-registra-maior-movimentacao-de-sua-historia\/\",\"name\":\"Porto de Santos registra maior movimenta\u00e7\u00e3o de sua hist\u00f3ria - Notibras\",\"isPartOf\":{\"@id\":\"https:\/\/www.notibras.com\/site\/#website\"},\"primaryImageOfPage\":{\"@id\":\"https:\/\/www.notibras.com\/site\/porto-de-santos-registra-maior-movimentacao-de-sua-historia\/#primaryimage\"},\"image\":{\"@id\":\"https:\/\/www.notibras.com\/site\/porto-de-santos-registra-maior-movimentacao-de-sua-historia\/#primaryimage\"},\"thumbnailUrl\":\"https:\/\/www.notibras.com\/site\/wp-content\/uploads\/2026\/01\/c7ce57c4-3ca3-44b5-a68b-9e4e44e7e8bb-3.webp\",\"datePublished\":\"2026-01-18T03:00:14+00:00\",\"dateModified\":\"2026-01-18T10:42:33+00:00\",\"breadcrumb\":{\"@id\":\"https:\/\/www.notibras.com\/site\/porto-de-santos-registra-maior-movimentacao-de-sua-historia\/#breadcrumb\"},\"inLanguage\":\"pt-BR\",\"potentialAction\":[{\"@type\":\"ReadAction\",\"target\":[\"https:\/\/www.notibras.com\/site\/porto-de-santos-registra-maior-movimentacao-de-sua-historia\/\"]}]},{\"@type\":\"ImageObject\",\"inLanguage\":\"pt-BR\",\"@id\":\"https:\/\/www.notibras.com\/site\/porto-de-santos-registra-maior-movimentacao-de-sua-historia\/#primaryimage\",\"url\":\"https:\/\/www.notibras.com\/site\/wp-content\/uploads\/2026\/01\/c7ce57c4-3ca3-44b5-a68b-9e4e44e7e8bb-3.webp\",\"contentUrl\":\"https:\/\/www.notibras.com\/site\/wp-content\/uploads\/2026\/01\/c7ce57c4-3ca3-44b5-a68b-9e4e44e7e8bb-3.webp\",\"width\":1170,\"height\":700},{\"@type\":\"BreadcrumbList\",\"@id\":\"https:\/\/www.notibras.com\/site\/porto-de-santos-registra-maior-movimentacao-de-sua-historia\/#breadcrumb\",\"itemListElement\":[{\"@type\":\"ListItem\",\"position\":1,\"name\":\"In\u00edcio\",\"item\":\"https:\/\/www.notibras.com\/site\/\"},{\"@type\":\"ListItem\",\"position\":2,\"name\":\"Porto de Santos registra maior movimenta\u00e7\u00e3o de sua hist\u00f3ria\"}]},{\"@type\":\"WebSite\",\"@id\":\"https:\/\/www.notibras.com\/site\/#website\",\"url\":\"https:\/\/www.notibras.com\/site\/\",\"name\":\"Notibras\",\"description\":\"Not\u00edcias de Bras\u00edlia, do Brasil e do Mundo\",\"publisher\":{\"@id\":\"https:\/\/www.notibras.com\/site\/#organization\"},\"potentialAction\":[{\"@type\":\"SearchAction\",\"target\":{\"@type\":\"EntryPoint\",\"urlTemplate\":\"https:\/\/www.notibras.com\/site\/?s={search_term_string}\"},\"query-input\":{\"@type\":\"PropertyValueSpecification\",\"valueRequired\":true,\"valueName\":\"search_term_string\"}}],\"inLanguage\":\"pt-BR\"},{\"@type\":\"Organization\",\"@id\":\"https:\/\/www.notibras.com\/site\/#organization\",\"name\":\"Grupo Notibras de Comunica\u00e7\u00e3o\",\"url\":\"https:\/\/www.notibras.com\/site\/\",\"logo\":{\"@type\":\"ImageObject\",\"inLanguage\":\"pt-BR\",\"@id\":\"https:\/\/www.notibras.com\/site\/#\/schema\/logo\/image\/\",\"url\":\"https:\/\/www.notibras.com\/site\/wp-content\/uploads\/2023\/01\/notibras23.png\",\"contentUrl\":\"https:\/\/www.notibras.com\/site\/wp-content\/uploads\/2023\/01\/notibras23.png\",\"width\":350,\"height\":87,\"caption\":\"Grupo Notibras de Comunica\u00e7\u00e3o\"},\"image\":{\"@id\":\"https:\/\/www.notibras.com\/site\/#\/schema\/logo\/image\/\"},\"sameAs\":[\"https:\/\/www.facebook.com\/notibras\/\",\"https:\/\/x.com\/Notibras\",\"https:\/\/www.instagram.com\/notibras\/\"]},{\"@type\":\"Person\",\"@id\":\"https:\/\/www.notibras.com\/site\/#\/schema\/person\/36ab0979449956132d3e5b517ea76ac8\",\"name\":\"Reda\u00e7\u00e3o\",\"image\":{\"@type\":\"ImageObject\",\"inLanguage\":\"pt-BR\",\"@id\":\"https:\/\/secure.gravatar.com\/avatar\/e0a867bdedb85fd243eadf09663511f96fc81e0720a4a42581f334ad4303aa6b?s=96&d=mm&r=g\",\"url\":\"https:\/\/secure.gravatar.com\/avatar\/e0a867bdedb85fd243eadf09663511f96fc81e0720a4a42581f334ad4303aa6b?s=96&d=mm&r=g\",\"contentUrl\":\"https:\/\/secure.gravatar.com\/avatar\/e0a867bdedb85fd243eadf09663511f96fc81e0720a4a42581f334ad4303aa6b?s=96&d=mm&r=g\",\"caption\":\"Reda\u00e7\u00e3o\"}}]}<\/script>\n<!-- \/ Yoast SEO plugin. -->","yoast_head_json":{"title":"Porto de Santos registra maior movimenta\u00e7\u00e3o de sua hist\u00f3ria - Notibras","robots":{"index":"index","follow":"follow","max-snippet":"max-snippet:-1","max-image-preview":"max-image-preview:large","max-video-preview":"max-video-preview:-1"},"canonical":"https:\/\/www.notibras.com\/site\/porto-de-santos-registra-maior-movimentacao-de-sua-historia\/","og_locale":"pt_BR","og_type":"article","og_title":"Porto de Santos registra maior movimenta\u00e7\u00e3o de sua hist\u00f3ria - Notibras","og_description":"O Porto de Santos, em S\u00e3o Paulo, registrou em 2025 a maior movimenta\u00e7\u00e3o de cargas de sua hist\u00f3ria: 186,4 milh\u00f5es de toneladas, um crescimento de 3,6% sobre o recorde anterior, estabelecido em 2024, de 179,8 milh\u00f5es de toneladas. As opera\u00e7\u00f5es de embarque para exporta\u00e7\u00e3o totalizaram 137,4 milh\u00f5es de toneladas no ano, um crescimento de 4,6%. [&hellip;]","og_url":"https:\/\/www.notibras.com\/site\/porto-de-santos-registra-maior-movimentacao-de-sua-historia\/","og_site_name":"Notibras","article_publisher":"https:\/\/www.facebook.com\/notibras\/","article_published_time":"2026-01-18T03:00:14+00:00","article_modified_time":"2026-01-18T10:42:33+00:00","og_image":[{"width":1170,"height":700,"url":"https:\/\/www.notibras.com\/site\/wp-content\/uploads\/2026\/01\/c7ce57c4-3ca3-44b5-a68b-9e4e44e7e8bb-3.webp","type":"image\/webp"}],"author":"Reda\u00e7\u00e3o","twitter_card":"summary_large_image","twitter_creator":"@Notibras","twitter_site":"@Notibras","twitter_misc":{"Escrito por":"Reda\u00e7\u00e3o","Est. tempo de leitura":"3 minutos"},"schema":{"@context":"https:\/\/schema.org","@graph":[{"@type":"Article","@id":"https:\/\/www.notibras.com\/site\/porto-de-santos-registra-maior-movimentacao-de-sua-historia\/#article","isPartOf":{"@id":"https:\/\/www.notibras.com\/site\/porto-de-santos-registra-maior-movimentacao-de-sua-historia\/"},"author":{"name":"Reda\u00e7\u00e3o","@id":"https:\/\/www.notibras.com\/site\/#\/schema\/person\/36ab0979449956132d3e5b517ea76ac8"},"headline":"Porto de Santos registra maior movimenta\u00e7\u00e3o de sua hist\u00f3ria","datePublished":"2026-01-18T03:00:14+00:00","dateModified":"2026-01-18T10:42:33+00:00","mainEntityOfPage":{"@id":"https:\/\/www.notibras.com\/site\/porto-de-santos-registra-maior-movimentacao-de-sua-historia\/"},"wordCount":357,"publisher":{"@id":"https:\/\/www.notibras.com\/site\/#organization"},"image":{"@id":"https:\/\/www.notibras.com\/site\/porto-de-santos-registra-maior-movimentacao-de-sua-historia\/#primaryimage"},"thumbnailUrl":"https:\/\/www.notibras.com\/site\/wp-content\/uploads\/2026\/01\/c7ce57c4-3ca3-44b5-a68b-9e4e44e7e8bb-3.webp","articleSection":["Brasil"],"inLanguage":"pt-BR"},{"@type":"WebPage","@id":"https:\/\/www.notibras.com\/site\/porto-de-santos-registra-maior-movimentacao-de-sua-historia\/","url":"https:\/\/www.notibras.com\/site\/porto-de-santos-registra-maior-movimentacao-de-sua-historia\/","name":"Porto de Santos registra maior movimenta\u00e7\u00e3o de sua hist\u00f3ria - Notibras","isPartOf":{"@id":"https:\/\/www.notibras.com\/site\/#website"},"primaryImageOfPage":{"@id":"https:\/\/www.notibras.com\/site\/porto-de-santos-registra-maior-movimentacao-de-sua-historia\/#primaryimage"},"image":{"@id":"https:\/\/www.notibras.com\/site\/porto-de-santos-registra-maior-movimentacao-de-sua-historia\/#primaryimage"},"thumbnailUrl":"https:\/\/www.notibras.com\/site\/wp-content\/uploads\/2026\/01\/c7ce57c4-3ca3-44b5-a68b-9e4e44e7e8bb-3.webp","datePublished":"2026-01-18T03:00:14+00:00","dateModified":"2026-01-18T10:42:33+00:00","breadcrumb":{"@id":"https:\/\/www.notibras.com\/site\/porto-de-santos-registra-maior-movimentacao-de-sua-historia\/#breadcrumb"},"inLanguage":"pt-BR","potentialAction":[{"@type":"ReadAction","target":["https:\/\/www.notibras.com\/site\/porto-de-santos-registra-maior-movimentacao-de-sua-historia\/"]}]},{"@type":"ImageObject","inLanguage":"pt-BR","@id":"https:\/\/www.notibras.com\/site\/porto-de-santos-registra-maior-movimentacao-de-sua-historia\/#primaryimage","url":"https:\/\/www.notibras.com\/site\/wp-content\/uploads\/2026\/01\/c7ce57c4-3ca3-44b5-a68b-9e4e44e7e8bb-3.webp","contentUrl":"https:\/\/www.notibras.com\/site\/wp-content\/uploads\/2026\/01\/c7ce57c4-3ca3-44b5-a68b-9e4e44e7e8bb-3.webp","width":1170,"height":700},{"@type":"BreadcrumbList","@id":"https:\/\/www.notibras.com\/site\/porto-de-santos-registra-maior-movimentacao-de-sua-historia\/#breadcrumb","itemListElement":[{"@type":"ListItem","position":1,"name":"In\u00edcio","item":"https:\/\/www.notibras.com\/site\/"},{"@type":"ListItem","position":2,"name":"Porto de Santos registra maior movimenta\u00e7\u00e3o de sua hist\u00f3ria"}]},{"@type":"WebSite","@id":"https:\/\/www.notibras.com\/site\/#website","url":"https:\/\/www.notibras.com\/site\/","name":"Notibras","description":"Not\u00edcias de Bras\u00edlia, do Brasil e do Mundo","publisher":{"@id":"https:\/\/www.notibras.com\/site\/#organization"},"potentialAction":[{"@type":"SearchAction","target":{"@type":"EntryPoint","urlTemplate":"https:\/\/www.notibras.com\/site\/?s={search_term_string}"},"query-input":{"@type":"PropertyValueSpecification","valueRequired":true,"valueName":"search_term_string"}}],"inLanguage":"pt-BR"},{"@type":"Organization","@id":"https:\/\/www.notibras.com\/site\/#organization","name":"Grupo Notibras de Comunica\u00e7\u00e3o","url":"https:\/\/www.notibras.com\/site\/","logo":{"@type":"ImageObject","inLanguage":"pt-BR","@id":"https:\/\/www.notibras.com\/site\/#\/schema\/logo\/image\/","url":"https:\/\/www.notibras.com\/site\/wp-content\/uploads\/2023\/01\/notibras23.png","contentUrl":"https:\/\/www.notibras.com\/site\/wp-content\/uploads\/2023\/01\/notibras23.png","width":350,"height":87,"caption":"Grupo Notibras de Comunica\u00e7\u00e3o"},"image":{"@id":"https:\/\/www.notibras.com\/site\/#\/schema\/logo\/image\/"},"sameAs":["https:\/\/www.facebook.com\/notibras\/","https:\/\/x.com\/Notibras","https:\/\/www.instagram.com\/notibras\/"]},{"@type":"Person","@id":"https:\/\/www.notibras.com\/site\/#\/schema\/person\/36ab0979449956132d3e5b517ea76ac8","name":"Reda\u00e7\u00e3o","image":{"@type":"ImageObject","inLanguage":"pt-BR","@id":"https:\/\/secure.gravatar.com\/avatar\/e0a867bdedb85fd243eadf09663511f96fc81e0720a4a42581f334ad4303aa6b?s=96&d=mm&r=g","url":"https:\/\/secure.gravatar.com\/avatar\/e0a867bdedb85fd243eadf09663511f96fc81e0720a4a42581f334ad4303aa6b?s=96&d=mm&r=g","contentUrl":"https:\/\/secure.gravatar.com\/avatar\/e0a867bdedb85fd243eadf09663511f96fc81e0720a4a42581f334ad4303aa6b?s=96&d=mm&r=g","caption":"Reda\u00e7\u00e3o"}}]}},"amp_enabled":true,"_links":{"self":[{"href":"https:\/\/www.notibras.com\/site\/wp-json\/wp\/v2\/posts\/379523","targetHints":{"allow":["GET"]}}],"collection":[{"href":"https:\/\/www.notibras.com\/site\/wp-json\/wp\/v2\/posts"}],"about":[{"href":"https:\/\/www.notibras.com\/site\/wp-json\/wp\/v2\/types\/post"}],"author":[{"embeddable":true,"href":"https:\/\/www.notibras.com\/site\/wp-json\/wp\/v2\/users\/2"}],"replies":[{"embeddable":true,"href":"https:\/\/www.notibras.com\/site\/wp-json\/wp\/v2\/comments?post=379523"}],"version-history":[{"count":1,"href":"https:\/\/www.notibras.com\/site\/wp-json\/wp\/v2\/posts\/379523\/revisions"}],"predecessor-version":[{"id":379525,"href":"https:\/\/www.notibras.com\/site\/wp-json\/wp\/v2\/posts\/379523\/revisions\/379525"}],"wp:featuredmedia":[{"embeddable":true,"href":"https:\/\/www.notibras.com\/site\/wp-json\/wp\/v2\/media\/379524"}],"wp:attachment":[{"href":"https:\/\/www.notibras.com\/site\/wp-json\/wp\/v2\/media?parent=379523"}],"wp:term":[{"taxonomy":"category","embeddable":true,"href":"https:\/\/www.notibras.com\/site\/wp-json\/wp\/v2\/categories?post=379523"},{"taxonomy":"post_tag","embeddable":true,"href":"https:\/\/www.notibras.com\/site\/wp-json\/wp\/v2\/tags?post=379523"}],"curies":[{"name":"wp","href":"https:\/\/api.w.org\/{rel}","templated":true}]}}