{"id":379526,"date":"2026-01-18T00:00:59","date_gmt":"2026-01-18T03:00:59","guid":{"rendered":"https:\/\/www.notibras.com\/site\/?p=379526"},"modified":"2026-01-18T07:48:07","modified_gmt":"2026-01-18T10:48:07","slug":"dezesseis-projetos-disputam-a-restauracao-da-amazonia","status":"publish","type":"post","link":"https:\/\/www.notibras.com\/site\/dezesseis-projetos-disputam-a-restauracao-da-amazonia\/","title":{"rendered":"Dezesseis projetos disputam a restaura\u00e7\u00e3o da Amaz\u00f4nia"},"content":{"rendered":"<p>O Banco Nacional de Desenvolvimento Econ\u00f4mico e Social (BNDES) e a Petrobras receberam 16 propostas para participar do edital da iniciativa ProFloresta+. Os projetos vencedores poder\u00e3o acessar financiamento diferenciado do BNDES, como linhas do Fundo Clima voltadas \u00e0 restaura\u00e7\u00e3o com esp\u00e9cies nativas.<\/p>\n<p>Em nota, o BNDES informou que o resultado das inscri\u00e7\u00f5es, encerradas no \u00faltimo dia 9, foi &#8220;bem superior \u00e0 expectativa de contrata\u00e7\u00e3o prevista&#8221; e evidencia &#8220;o interesse do mercado em projetos de restaura\u00e7\u00e3o florestal com gera\u00e7\u00e3o de cr\u00e9ditos de carbono de alta integridade&#8221;.<\/p>\n<p>Lan\u00e7ado em novembro passado, durante a 30\u00ba Confer\u00eancia das Na\u00e7\u00f5es Unidas sobre as Mudan\u00e7as Clim\u00e1ticas (COP30), o edital prev\u00ea a compra, pela Petrobras, de cr\u00e9ditos de carbono originados a partir de projetos de restaura\u00e7\u00e3o ecol\u00f3gica com esp\u00e9cies nativas no bioma amaz\u00f4nico com padr\u00f5es rigorosos de integridade por meio de contratos de longo prazo.<\/p>\n<p>A iniciativa visa, segundo o BNDES, \u00e0 restaura\u00e7\u00e3o de at\u00e9 50 mil hectares na Amaz\u00f4nia, com a gera\u00e7\u00e3o de cerca de 15 milh\u00f5es de cr\u00e9ditos de carbono \u2013 o equivalente \u00e0s emiss\u00f5es anuais de cerca de 8,9 milh\u00f5es de autom\u00f3veis. No conjunto, o ProFloresta+ tem potencial de mobilizar mais de R$ 1,5 bilh\u00e3o em investimentos para o reflorestamento da Amaz\u00f4nia nos pr\u00f3ximos anos.<\/p>\n<p>O objetivo do primeiro edital \u00e9 adquirir 5 milh\u00f5es de cr\u00e9ditos, distribu\u00eddos em cinco contratos de 1 milh\u00e3o de unidades de Carbono Verificadas (VCUs) cada.<\/p>\n<p>As propostas agora seguem para a fase de avalia\u00e7\u00e3o de efetividade t\u00e9cnica, seguindo os crit\u00e9rios estabelecidos no edital, que incluem dentre outros, requisitos rigorosos de integridade ambiental e salvaguardas socioambientais. Caber\u00e1 \u00e0 Petrobras escolher o conjunto de propostas que representem o menor desembolso para o n\u00famero total de cr\u00e9ditos de carbono que se deseja contratar.<\/p>\n<p>O resultado do certame, com indica\u00e7\u00e3o dos vencedores, dos volumes contratados e do valor a ser pago pelos cr\u00e9ditos, ser\u00e1 informado pela Petrobras ap\u00f3s conclus\u00e3o do processo licitat\u00f3rio, prevista para o primeiro semestre de 2026.<\/p>\n","protected":false},"excerpt":{"rendered":"<p>O Banco Nacional de Desenvolvimento Econ\u00f4mico e Social (BNDES) e a Petrobras receberam 16 propostas para participar do edital da iniciativa ProFloresta+. Os projetos vencedores poder\u00e3o acessar financiamento diferenciado do BNDES, como linhas do Fundo Clima voltadas \u00e0 restaura\u00e7\u00e3o com esp\u00e9cies nativas. Em nota, o BNDES informou que o resultado das inscri\u00e7\u00f5es, encerradas no \u00faltimo [&hellip;]<\/p>\n","protected":false},"author":2,"featured_media":379527,"comment_status":"closed","ping_status":"closed","sticky":false,"template":"","format":"standard","meta":{"_acf_changed":false,"footnotes":""},"categories":[16],"tags":[],"class_list":["post-379526","post","type-post","status-publish","format-standard","has-post-thumbnail","hentry","category-brasil"],"acf":[],"yoast_head":"<!-- This site is optimized with the Yoast SEO plugin v27.2 - https:\/\/yoast.com\/product\/yoast-seo-wordpress\/ -->\n<title>Dezesseis projetos disputam a restaura\u00e7\u00e3o da Amaz\u00f4nia - Notibras<\/title>\n<meta name=\"robots\" content=\"index, follow, max-snippet:-1, max-image-preview:large, max-video-preview:-1\" \/>\n<link rel=\"canonical\" href=\"https:\/\/www.notibras.com\/site\/dezesseis-projetos-disputam-a-restauracao-da-amazonia\/\" \/>\n<meta property=\"og:locale\" content=\"pt_BR\" \/>\n<meta property=\"og:type\" content=\"article\" \/>\n<meta property=\"og:title\" content=\"Dezesseis projetos disputam a restaura\u00e7\u00e3o da Amaz\u00f4nia - Notibras\" \/>\n<meta property=\"og:description\" content=\"O Banco Nacional de Desenvolvimento Econ\u00f4mico e Social (BNDES) e a Petrobras receberam 16 propostas para participar do edital da iniciativa ProFloresta+. Os projetos vencedores poder\u00e3o acessar financiamento diferenciado do BNDES, como linhas do Fundo Clima voltadas \u00e0 restaura\u00e7\u00e3o com esp\u00e9cies nativas. Em nota, o BNDES informou que o resultado das inscri\u00e7\u00f5es, encerradas no \u00faltimo [&hellip;]\" \/>\n<meta property=\"og:url\" content=\"https:\/\/www.notibras.com\/site\/dezesseis-projetos-disputam-a-restauracao-da-amazonia\/\" \/>\n<meta property=\"og:site_name\" content=\"Notibras\" \/>\n<meta property=\"article:publisher\" content=\"https:\/\/www.facebook.com\/notibras\/\" \/>\n<meta property=\"article:published_time\" content=\"2026-01-18T03:00:59+00:00\" \/>\n<meta property=\"article:modified_time\" content=\"2026-01-18T10:48:07+00:00\" \/>\n<meta property=\"og:image\" content=\"https:\/\/www.notibras.com\/site\/wp-content\/uploads\/2026\/01\/visita_a_comunidade_em_manaquiri_amazonas_credito_ricardo_stuckert.webp\" \/>\n\t<meta property=\"og:image:width\" content=\"1170\" \/>\n\t<meta property=\"og:image:height\" content=\"700\" \/>\n\t<meta property=\"og:image:type\" content=\"image\/webp\" \/>\n<meta name=\"author\" content=\"Reda\u00e7\u00e3o\" \/>\n<meta name=\"twitter:card\" content=\"summary_large_image\" \/>\n<meta name=\"twitter:creator\" content=\"@Notibras\" \/>\n<meta name=\"twitter:site\" content=\"@Notibras\" \/>\n<meta name=\"twitter:label1\" content=\"Escrito por\" \/>\n\t<meta name=\"twitter:data1\" content=\"Reda\u00e7\u00e3o\" \/>\n\t<meta name=\"twitter:label2\" content=\"Est. tempo de leitura\" \/>\n\t<meta name=\"twitter:data2\" content=\"2 minutos\" \/>\n<script type=\"application\/ld+json\" class=\"yoast-schema-graph\">{\"@context\":\"https:\/\/schema.org\",\"@graph\":[{\"@type\":\"Article\",\"@id\":\"https:\/\/www.notibras.com\/site\/dezesseis-projetos-disputam-a-restauracao-da-amazonia\/#article\",\"isPartOf\":{\"@id\":\"https:\/\/www.notibras.com\/site\/dezesseis-projetos-disputam-a-restauracao-da-amazonia\/\"},\"author\":{\"name\":\"Reda\u00e7\u00e3o\",\"@id\":\"https:\/\/www.notibras.com\/site\/#\/schema\/person\/36ab0979449956132d3e5b517ea76ac8\"},\"headline\":\"Dezesseis projetos disputam a restaura\u00e7\u00e3o da Amaz\u00f4nia\",\"datePublished\":\"2026-01-18T03:00:59+00:00\",\"dateModified\":\"2026-01-18T10:48:07+00:00\",\"mainEntityOfPage\":{\"@id\":\"https:\/\/www.notibras.com\/site\/dezesseis-projetos-disputam-a-restauracao-da-amazonia\/\"},\"wordCount\":354,\"publisher\":{\"@id\":\"https:\/\/www.notibras.com\/site\/#organization\"},\"image\":{\"@id\":\"https:\/\/www.notibras.com\/site\/dezesseis-projetos-disputam-a-restauracao-da-amazonia\/#primaryimage\"},\"thumbnailUrl\":\"https:\/\/www.notibras.com\/site\/wp-content\/uploads\/2026\/01\/visita_a_comunidade_em_manaquiri_amazonas_credito_ricardo_stuckert.webp\",\"articleSection\":[\"Brasil\"],\"inLanguage\":\"pt-BR\"},{\"@type\":\"WebPage\",\"@id\":\"https:\/\/www.notibras.com\/site\/dezesseis-projetos-disputam-a-restauracao-da-amazonia\/\",\"url\":\"https:\/\/www.notibras.com\/site\/dezesseis-projetos-disputam-a-restauracao-da-amazonia\/\",\"name\":\"Dezesseis projetos disputam a restaura\u00e7\u00e3o da Amaz\u00f4nia - Notibras\",\"isPartOf\":{\"@id\":\"https:\/\/www.notibras.com\/site\/#website\"},\"primaryImageOfPage\":{\"@id\":\"https:\/\/www.notibras.com\/site\/dezesseis-projetos-disputam-a-restauracao-da-amazonia\/#primaryimage\"},\"image\":{\"@id\":\"https:\/\/www.notibras.com\/site\/dezesseis-projetos-disputam-a-restauracao-da-amazonia\/#primaryimage\"},\"thumbnailUrl\":\"https:\/\/www.notibras.com\/site\/wp-content\/uploads\/2026\/01\/visita_a_comunidade_em_manaquiri_amazonas_credito_ricardo_stuckert.webp\",\"datePublished\":\"2026-01-18T03:00:59+00:00\",\"dateModified\":\"2026-01-18T10:48:07+00:00\",\"breadcrumb\":{\"@id\":\"https:\/\/www.notibras.com\/site\/dezesseis-projetos-disputam-a-restauracao-da-amazonia\/#breadcrumb\"},\"inLanguage\":\"pt-BR\",\"potentialAction\":[{\"@type\":\"ReadAction\",\"target\":[\"https:\/\/www.notibras.com\/site\/dezesseis-projetos-disputam-a-restauracao-da-amazonia\/\"]}]},{\"@type\":\"ImageObject\",\"inLanguage\":\"pt-BR\",\"@id\":\"https:\/\/www.notibras.com\/site\/dezesseis-projetos-disputam-a-restauracao-da-amazonia\/#primaryimage\",\"url\":\"https:\/\/www.notibras.com\/site\/wp-content\/uploads\/2026\/01\/visita_a_comunidade_em_manaquiri_amazonas_credito_ricardo_stuckert.webp\",\"contentUrl\":\"https:\/\/www.notibras.com\/site\/wp-content\/uploads\/2026\/01\/visita_a_comunidade_em_manaquiri_amazonas_credito_ricardo_stuckert.webp\",\"width\":1170,\"height\":700},{\"@type\":\"BreadcrumbList\",\"@id\":\"https:\/\/www.notibras.com\/site\/dezesseis-projetos-disputam-a-restauracao-da-amazonia\/#breadcrumb\",\"itemListElement\":[{\"@type\":\"ListItem\",\"position\":1,\"name\":\"In\u00edcio\",\"item\":\"https:\/\/www.notibras.com\/site\/\"},{\"@type\":\"ListItem\",\"position\":2,\"name\":\"Dezesseis projetos disputam a restaura\u00e7\u00e3o da Amaz\u00f4nia\"}]},{\"@type\":\"WebSite\",\"@id\":\"https:\/\/www.notibras.com\/site\/#website\",\"url\":\"https:\/\/www.notibras.com\/site\/\",\"name\":\"Notibras\",\"description\":\"Not\u00edcias de Bras\u00edlia, do Brasil e do Mundo\",\"publisher\":{\"@id\":\"https:\/\/www.notibras.com\/site\/#organization\"},\"potentialAction\":[{\"@type\":\"SearchAction\",\"target\":{\"@type\":\"EntryPoint\",\"urlTemplate\":\"https:\/\/www.notibras.com\/site\/?s={search_term_string}\"},\"query-input\":{\"@type\":\"PropertyValueSpecification\",\"valueRequired\":true,\"valueName\":\"search_term_string\"}}],\"inLanguage\":\"pt-BR\"},{\"@type\":\"Organization\",\"@id\":\"https:\/\/www.notibras.com\/site\/#organization\",\"name\":\"Grupo Notibras de Comunica\u00e7\u00e3o\",\"url\":\"https:\/\/www.notibras.com\/site\/\",\"logo\":{\"@type\":\"ImageObject\",\"inLanguage\":\"pt-BR\",\"@id\":\"https:\/\/www.notibras.com\/site\/#\/schema\/logo\/image\/\",\"url\":\"https:\/\/www.notibras.com\/site\/wp-content\/uploads\/2023\/01\/notibras23.png\",\"contentUrl\":\"https:\/\/www.notibras.com\/site\/wp-content\/uploads\/2023\/01\/notibras23.png\",\"width\":350,\"height\":87,\"caption\":\"Grupo Notibras de Comunica\u00e7\u00e3o\"},\"image\":{\"@id\":\"https:\/\/www.notibras.com\/site\/#\/schema\/logo\/image\/\"},\"sameAs\":[\"https:\/\/www.facebook.com\/notibras\/\",\"https:\/\/x.com\/Notibras\",\"https:\/\/www.instagram.com\/notibras\/\"]},{\"@type\":\"Person\",\"@id\":\"https:\/\/www.notibras.com\/site\/#\/schema\/person\/36ab0979449956132d3e5b517ea76ac8\",\"name\":\"Reda\u00e7\u00e3o\",\"image\":{\"@type\":\"ImageObject\",\"inLanguage\":\"pt-BR\",\"@id\":\"https:\/\/secure.gravatar.com\/avatar\/e0a867bdedb85fd243eadf09663511f96fc81e0720a4a42581f334ad4303aa6b?s=96&d=mm&r=g\",\"url\":\"https:\/\/secure.gravatar.com\/avatar\/e0a867bdedb85fd243eadf09663511f96fc81e0720a4a42581f334ad4303aa6b?s=96&d=mm&r=g\",\"contentUrl\":\"https:\/\/secure.gravatar.com\/avatar\/e0a867bdedb85fd243eadf09663511f96fc81e0720a4a42581f334ad4303aa6b?s=96&d=mm&r=g\",\"caption\":\"Reda\u00e7\u00e3o\"}}]}<\/script>\n<!-- \/ Yoast SEO plugin. -->","yoast_head_json":{"title":"Dezesseis projetos disputam a restaura\u00e7\u00e3o da Amaz\u00f4nia - Notibras","robots":{"index":"index","follow":"follow","max-snippet":"max-snippet:-1","max-image-preview":"max-image-preview:large","max-video-preview":"max-video-preview:-1"},"canonical":"https:\/\/www.notibras.com\/site\/dezesseis-projetos-disputam-a-restauracao-da-amazonia\/","og_locale":"pt_BR","og_type":"article","og_title":"Dezesseis projetos disputam a restaura\u00e7\u00e3o da Amaz\u00f4nia - Notibras","og_description":"O Banco Nacional de Desenvolvimento Econ\u00f4mico e Social (BNDES) e a Petrobras receberam 16 propostas para participar do edital da iniciativa ProFloresta+. Os projetos vencedores poder\u00e3o acessar financiamento diferenciado do BNDES, como linhas do Fundo Clima voltadas \u00e0 restaura\u00e7\u00e3o com esp\u00e9cies nativas. Em nota, o BNDES informou que o resultado das inscri\u00e7\u00f5es, encerradas no \u00faltimo [&hellip;]","og_url":"https:\/\/www.notibras.com\/site\/dezesseis-projetos-disputam-a-restauracao-da-amazonia\/","og_site_name":"Notibras","article_publisher":"https:\/\/www.facebook.com\/notibras\/","article_published_time":"2026-01-18T03:00:59+00:00","article_modified_time":"2026-01-18T10:48:07+00:00","og_image":[{"width":1170,"height":700,"url":"https:\/\/www.notibras.com\/site\/wp-content\/uploads\/2026\/01\/visita_a_comunidade_em_manaquiri_amazonas_credito_ricardo_stuckert.webp","type":"image\/webp"}],"author":"Reda\u00e7\u00e3o","twitter_card":"summary_large_image","twitter_creator":"@Notibras","twitter_site":"@Notibras","twitter_misc":{"Escrito por":"Reda\u00e7\u00e3o","Est. tempo de leitura":"2 minutos"},"schema":{"@context":"https:\/\/schema.org","@graph":[{"@type":"Article","@id":"https:\/\/www.notibras.com\/site\/dezesseis-projetos-disputam-a-restauracao-da-amazonia\/#article","isPartOf":{"@id":"https:\/\/www.notibras.com\/site\/dezesseis-projetos-disputam-a-restauracao-da-amazonia\/"},"author":{"name":"Reda\u00e7\u00e3o","@id":"https:\/\/www.notibras.com\/site\/#\/schema\/person\/36ab0979449956132d3e5b517ea76ac8"},"headline":"Dezesseis projetos disputam a restaura\u00e7\u00e3o da Amaz\u00f4nia","datePublished":"2026-01-18T03:00:59+00:00","dateModified":"2026-01-18T10:48:07+00:00","mainEntityOfPage":{"@id":"https:\/\/www.notibras.com\/site\/dezesseis-projetos-disputam-a-restauracao-da-amazonia\/"},"wordCount":354,"publisher":{"@id":"https:\/\/www.notibras.com\/site\/#organization"},"image":{"@id":"https:\/\/www.notibras.com\/site\/dezesseis-projetos-disputam-a-restauracao-da-amazonia\/#primaryimage"},"thumbnailUrl":"https:\/\/www.notibras.com\/site\/wp-content\/uploads\/2026\/01\/visita_a_comunidade_em_manaquiri_amazonas_credito_ricardo_stuckert.webp","articleSection":["Brasil"],"inLanguage":"pt-BR"},{"@type":"WebPage","@id":"https:\/\/www.notibras.com\/site\/dezesseis-projetos-disputam-a-restauracao-da-amazonia\/","url":"https:\/\/www.notibras.com\/site\/dezesseis-projetos-disputam-a-restauracao-da-amazonia\/","name":"Dezesseis projetos disputam a restaura\u00e7\u00e3o da Amaz\u00f4nia - Notibras","isPartOf":{"@id":"https:\/\/www.notibras.com\/site\/#website"},"primaryImageOfPage":{"@id":"https:\/\/www.notibras.com\/site\/dezesseis-projetos-disputam-a-restauracao-da-amazonia\/#primaryimage"},"image":{"@id":"https:\/\/www.notibras.com\/site\/dezesseis-projetos-disputam-a-restauracao-da-amazonia\/#primaryimage"},"thumbnailUrl":"https:\/\/www.notibras.com\/site\/wp-content\/uploads\/2026\/01\/visita_a_comunidade_em_manaquiri_amazonas_credito_ricardo_stuckert.webp","datePublished":"2026-01-18T03:00:59+00:00","dateModified":"2026-01-18T10:48:07+00:00","breadcrumb":{"@id":"https:\/\/www.notibras.com\/site\/dezesseis-projetos-disputam-a-restauracao-da-amazonia\/#breadcrumb"},"inLanguage":"pt-BR","potentialAction":[{"@type":"ReadAction","target":["https:\/\/www.notibras.com\/site\/dezesseis-projetos-disputam-a-restauracao-da-amazonia\/"]}]},{"@type":"ImageObject","inLanguage":"pt-BR","@id":"https:\/\/www.notibras.com\/site\/dezesseis-projetos-disputam-a-restauracao-da-amazonia\/#primaryimage","url":"https:\/\/www.notibras.com\/site\/wp-content\/uploads\/2026\/01\/visita_a_comunidade_em_manaquiri_amazonas_credito_ricardo_stuckert.webp","contentUrl":"https:\/\/www.notibras.com\/site\/wp-content\/uploads\/2026\/01\/visita_a_comunidade_em_manaquiri_amazonas_credito_ricardo_stuckert.webp","width":1170,"height":700},{"@type":"BreadcrumbList","@id":"https:\/\/www.notibras.com\/site\/dezesseis-projetos-disputam-a-restauracao-da-amazonia\/#breadcrumb","itemListElement":[{"@type":"ListItem","position":1,"name":"In\u00edcio","item":"https:\/\/www.notibras.com\/site\/"},{"@type":"ListItem","position":2,"name":"Dezesseis projetos disputam a restaura\u00e7\u00e3o da Amaz\u00f4nia"}]},{"@type":"WebSite","@id":"https:\/\/www.notibras.com\/site\/#website","url":"https:\/\/www.notibras.com\/site\/","name":"Notibras","description":"Not\u00edcias de Bras\u00edlia, do Brasil e do Mundo","publisher":{"@id":"https:\/\/www.notibras.com\/site\/#organization"},"potentialAction":[{"@type":"SearchAction","target":{"@type":"EntryPoint","urlTemplate":"https:\/\/www.notibras.com\/site\/?s={search_term_string}"},"query-input":{"@type":"PropertyValueSpecification","valueRequired":true,"valueName":"search_term_string"}}],"inLanguage":"pt-BR"},{"@type":"Organization","@id":"https:\/\/www.notibras.com\/site\/#organization","name":"Grupo Notibras de Comunica\u00e7\u00e3o","url":"https:\/\/www.notibras.com\/site\/","logo":{"@type":"ImageObject","inLanguage":"pt-BR","@id":"https:\/\/www.notibras.com\/site\/#\/schema\/logo\/image\/","url":"https:\/\/www.notibras.com\/site\/wp-content\/uploads\/2023\/01\/notibras23.png","contentUrl":"https:\/\/www.notibras.com\/site\/wp-content\/uploads\/2023\/01\/notibras23.png","width":350,"height":87,"caption":"Grupo Notibras de Comunica\u00e7\u00e3o"},"image":{"@id":"https:\/\/www.notibras.com\/site\/#\/schema\/logo\/image\/"},"sameAs":["https:\/\/www.facebook.com\/notibras\/","https:\/\/x.com\/Notibras","https:\/\/www.instagram.com\/notibras\/"]},{"@type":"Person","@id":"https:\/\/www.notibras.com\/site\/#\/schema\/person\/36ab0979449956132d3e5b517ea76ac8","name":"Reda\u00e7\u00e3o","image":{"@type":"ImageObject","inLanguage":"pt-BR","@id":"https:\/\/secure.gravatar.com\/avatar\/e0a867bdedb85fd243eadf09663511f96fc81e0720a4a42581f334ad4303aa6b?s=96&d=mm&r=g","url":"https:\/\/secure.gravatar.com\/avatar\/e0a867bdedb85fd243eadf09663511f96fc81e0720a4a42581f334ad4303aa6b?s=96&d=mm&r=g","contentUrl":"https:\/\/secure.gravatar.com\/avatar\/e0a867bdedb85fd243eadf09663511f96fc81e0720a4a42581f334ad4303aa6b?s=96&d=mm&r=g","caption":"Reda\u00e7\u00e3o"}}]}},"amp_enabled":true,"_links":{"self":[{"href":"https:\/\/www.notibras.com\/site\/wp-json\/wp\/v2\/posts\/379526","targetHints":{"allow":["GET"]}}],"collection":[{"href":"https:\/\/www.notibras.com\/site\/wp-json\/wp\/v2\/posts"}],"about":[{"href":"https:\/\/www.notibras.com\/site\/wp-json\/wp\/v2\/types\/post"}],"author":[{"embeddable":true,"href":"https:\/\/www.notibras.com\/site\/wp-json\/wp\/v2\/users\/2"}],"replies":[{"embeddable":true,"href":"https:\/\/www.notibras.com\/site\/wp-json\/wp\/v2\/comments?post=379526"}],"version-history":[{"count":1,"href":"https:\/\/www.notibras.com\/site\/wp-json\/wp\/v2\/posts\/379526\/revisions"}],"predecessor-version":[{"id":379528,"href":"https:\/\/www.notibras.com\/site\/wp-json\/wp\/v2\/posts\/379526\/revisions\/379528"}],"wp:featuredmedia":[{"embeddable":true,"href":"https:\/\/www.notibras.com\/site\/wp-json\/wp\/v2\/media\/379527"}],"wp:attachment":[{"href":"https:\/\/www.notibras.com\/site\/wp-json\/wp\/v2\/media?parent=379526"}],"wp:term":[{"taxonomy":"category","embeddable":true,"href":"https:\/\/www.notibras.com\/site\/wp-json\/wp\/v2\/categories?post=379526"},{"taxonomy":"post_tag","embeddable":true,"href":"https:\/\/www.notibras.com\/site\/wp-json\/wp\/v2\/tags?post=379526"}],"curies":[{"name":"wp","href":"https:\/\/api.w.org\/{rel}","templated":true}]}}