{"id":379529,"date":"2026-01-18T07:55:57","date_gmt":"2026-01-18T10:55:57","guid":{"rendered":"https:\/\/www.notibras.com\/site\/?p=379529"},"modified":"2026-01-18T07:55:57","modified_gmt":"2026-01-18T10:55:57","slug":"nordeste-entra-no-foco-de-inscricoes-para-o-pe-de-meia-licenciaturas","status":"publish","type":"post","link":"https:\/\/www.notibras.com\/site\/nordeste-entra-no-foco-de-inscricoes-para-o-pe-de-meia-licenciaturas\/","title":{"rendered":"Nordeste entra no foco de inscri\u00e7\u00f5es para o P\u00e9-de-Meia Licenciaturas"},"content":{"rendered":"<p>Estudantes de cursos de gradua\u00e7\u00e3o presenciais que formam professores para a educa\u00e7\u00e3o b\u00e1sica (ensinos infantil, fundamental e m\u00e9dio) interessados em uma das 12 mil bolsas de estudo que a Coordena\u00e7\u00e3o de Aperfei\u00e7oamento de Pessoal de N\u00edvel Superior (Capes) conceder\u00e1 por meio do programa federal Mais Professores para o Brasil poder\u00e3o se inscrever a partir do dia 17 de fevereiro, na Plataforma Freire.<\/p>\n<p>Podem se candidatar \u00e0 Bolsa de Atratividade e Forma\u00e7\u00e3o para a Doc\u00eancia \u2013 P\u00e9-de-Meia Licenciaturas os estudantes que obtiveram nota m\u00e9dia igual ou superior a 650 pontos no Exame Nacional do Ensino M\u00e9dio (Enem) e que ingressaram em um curso presencial de licenciatura a partir do segundo semestre de 2025, por meio do Sistema de Sele\u00e7\u00e3o Unificada (Sisu), do Programa Universidade para Todos (Prouni) ou do processo seletivo do Fundo de Financiamento Estudantil (Fies). O foco principal ser\u00e1 o Nordeste.<\/p>\n<p>As bolsas do P\u00e9-de-Meia Licenciaturas garantem aos estudantes contemplados uma ajuda financeira mensal de R$ 1.050, dos quais R$ 700 podem ser sacados a qualquer momento, enquanto os R$ 350 restantes servir\u00e3o para formar uma poupan\u00e7a, limitada a 48 parcelas (R$16.800 em valores atuais, sem corre\u00e7\u00e3o), que s\u00f3 poder\u00e1 ser movimentada ap\u00f3s o benefici\u00e1rio come\u00e7ar a dar aulas na rede p\u00fablica de ensino.<\/p>\n<p>Para preservar a bolsa, os estudantes selecionados n\u00e3o s\u00f3 dever\u00e3o se manter matriculados, como ter\u00e3o que ter \u201cdesempenho acad\u00eamico satisfat\u00f3rio\u201d, conforme as normas do curso. Tamb\u00e9m ter\u00e3o que preencher question\u00e1rios e participar das avalia\u00e7\u00f5es e outras iniciativas promovidas pela Capes e por suas institui\u00e7\u00f5es de ensino, al\u00e9m de cumprir as demais exig\u00eancias do programa.<\/p>\n<p>Segundo o Minist\u00e9rio da Educa\u00e7\u00e3o, o programa P\u00e9-de-Meia Licenciaturas busca atrair jovens com bom desempenho no Enem para cursos presenciais de forma\u00e7\u00e3o de professores, promovendo a escolha da doc\u00eancia como profiss\u00e3o a fim de ampliar a forma\u00e7\u00e3o de docentes em todo o pa\u00eds, evitando um apag\u00e3o educacional. Atualmente, apenas 3% dos estudantes de 15 anos afirmam querer ser professores, e a taxa de evas\u00e3o varia entre 53% nos cursos de pedagogia e 73% em licenciaturas em \u00e1reas como f\u00edsica.<\/p>\n<p>O P\u00e9-de-Meia faz parte do Mais Professores para o Brasil, que tamb\u00e9m conta com o Bolsa Mais Professores, Portal de Forma\u00e7\u00e3o, Prova Nacional Docente e outras a\u00e7\u00f5es de valoriza\u00e7\u00e3o que, de acordo com a pasta, podem beneficiar at\u00e9 2,3 milh\u00f5es de docentes em todo o pa\u00eds.<\/p>\n","protected":false},"excerpt":{"rendered":"<p>Estudantes de cursos de gradua\u00e7\u00e3o presenciais que formam professores para a educa\u00e7\u00e3o b\u00e1sica (ensinos infantil, fundamental e m\u00e9dio) interessados em uma das 12 mil bolsas de estudo que a Coordena\u00e7\u00e3o de Aperfei\u00e7oamento de Pessoal de N\u00edvel Superior (Capes) conceder\u00e1 por meio do programa federal Mais Professores para o Brasil poder\u00e3o se inscrever a partir do [&hellip;]<\/p>\n","protected":false},"author":2,"featured_media":379530,"comment_status":"closed","ping_status":"closed","sticky":false,"template":"","format":"standard","meta":{"_acf_changed":false,"footnotes":""},"categories":[165],"tags":[],"class_list":["post-379529","post","type-post","status-publish","format-standard","has-post-thumbnail","hentry","category-nordeste"],"acf":[],"yoast_head":"<!-- This site is optimized with the Yoast SEO plugin v27.2 - https:\/\/yoast.com\/product\/yoast-seo-wordpress\/ -->\n<title>Nordeste entra no foco de inscri\u00e7\u00f5es para o P\u00e9-de-Meia Licenciaturas - Notibras<\/title>\n<meta name=\"robots\" content=\"index, follow, max-snippet:-1, max-image-preview:large, max-video-preview:-1\" \/>\n<link rel=\"canonical\" href=\"https:\/\/www.notibras.com\/site\/nordeste-entra-no-foco-de-inscricoes-para-o-pe-de-meia-licenciaturas\/\" \/>\n<meta property=\"og:locale\" content=\"pt_BR\" \/>\n<meta property=\"og:type\" content=\"article\" \/>\n<meta property=\"og:title\" content=\"Nordeste entra no foco de inscri\u00e7\u00f5es para o P\u00e9-de-Meia Licenciaturas - Notibras\" \/>\n<meta property=\"og:description\" content=\"Estudantes de cursos de gradua\u00e7\u00e3o presenciais que formam professores para a educa\u00e7\u00e3o b\u00e1sica (ensinos infantil, fundamental e m\u00e9dio) interessados em uma das 12 mil bolsas de estudo que a Coordena\u00e7\u00e3o de Aperfei\u00e7oamento de Pessoal de N\u00edvel Superior (Capes) conceder\u00e1 por meio do programa federal Mais Professores para o Brasil poder\u00e3o se inscrever a partir do [&hellip;]\" \/>\n<meta property=\"og:url\" content=\"https:\/\/www.notibras.com\/site\/nordeste-entra-no-foco-de-inscricoes-para-o-pe-de-meia-licenciaturas\/\" \/>\n<meta property=\"og:site_name\" content=\"Notibras\" \/>\n<meta property=\"article:publisher\" content=\"https:\/\/www.facebook.com\/notibras\/\" \/>\n<meta property=\"article:published_time\" content=\"2026-01-18T10:55:57+00:00\" \/>\n<meta property=\"og:image\" content=\"https:\/\/www.notibras.com\/site\/wp-content\/uploads\/2026\/01\/cotas_unb-1.webp\" \/>\n\t<meta property=\"og:image:width\" content=\"1170\" \/>\n\t<meta property=\"og:image:height\" content=\"700\" \/>\n\t<meta property=\"og:image:type\" content=\"image\/webp\" \/>\n<meta name=\"author\" content=\"Reda\u00e7\u00e3o\" \/>\n<meta name=\"twitter:card\" content=\"summary_large_image\" \/>\n<meta name=\"twitter:creator\" content=\"@Notibras\" \/>\n<meta name=\"twitter:site\" content=\"@Notibras\" \/>\n<meta name=\"twitter:label1\" content=\"Escrito por\" \/>\n\t<meta name=\"twitter:data1\" content=\"Reda\u00e7\u00e3o\" \/>\n\t<meta name=\"twitter:label2\" content=\"Est. tempo de leitura\" \/>\n\t<meta name=\"twitter:data2\" content=\"3 minutos\" \/>\n<script type=\"application\/ld+json\" class=\"yoast-schema-graph\">{\"@context\":\"https:\/\/schema.org\",\"@graph\":[{\"@type\":\"Article\",\"@id\":\"https:\/\/www.notibras.com\/site\/nordeste-entra-no-foco-de-inscricoes-para-o-pe-de-meia-licenciaturas\/#article\",\"isPartOf\":{\"@id\":\"https:\/\/www.notibras.com\/site\/nordeste-entra-no-foco-de-inscricoes-para-o-pe-de-meia-licenciaturas\/\"},\"author\":{\"name\":\"Reda\u00e7\u00e3o\",\"@id\":\"https:\/\/www.notibras.com\/site\/#\/schema\/person\/36ab0979449956132d3e5b517ea76ac8\"},\"headline\":\"Nordeste entra no foco de inscri\u00e7\u00f5es para o P\u00e9-de-Meia Licenciaturas\",\"datePublished\":\"2026-01-18T10:55:57+00:00\",\"mainEntityOfPage\":{\"@id\":\"https:\/\/www.notibras.com\/site\/nordeste-entra-no-foco-de-inscricoes-para-o-pe-de-meia-licenciaturas\/\"},\"wordCount\":433,\"publisher\":{\"@id\":\"https:\/\/www.notibras.com\/site\/#organization\"},\"image\":{\"@id\":\"https:\/\/www.notibras.com\/site\/nordeste-entra-no-foco-de-inscricoes-para-o-pe-de-meia-licenciaturas\/#primaryimage\"},\"thumbnailUrl\":\"https:\/\/www.notibras.com\/site\/wp-content\/uploads\/2026\/01\/cotas_unb-1.webp\",\"articleSection\":[\"Nordeste\"],\"inLanguage\":\"pt-BR\"},{\"@type\":\"WebPage\",\"@id\":\"https:\/\/www.notibras.com\/site\/nordeste-entra-no-foco-de-inscricoes-para-o-pe-de-meia-licenciaturas\/\",\"url\":\"https:\/\/www.notibras.com\/site\/nordeste-entra-no-foco-de-inscricoes-para-o-pe-de-meia-licenciaturas\/\",\"name\":\"Nordeste entra no foco de inscri\u00e7\u00f5es para o P\u00e9-de-Meia Licenciaturas - Notibras\",\"isPartOf\":{\"@id\":\"https:\/\/www.notibras.com\/site\/#website\"},\"primaryImageOfPage\":{\"@id\":\"https:\/\/www.notibras.com\/site\/nordeste-entra-no-foco-de-inscricoes-para-o-pe-de-meia-licenciaturas\/#primaryimage\"},\"image\":{\"@id\":\"https:\/\/www.notibras.com\/site\/nordeste-entra-no-foco-de-inscricoes-para-o-pe-de-meia-licenciaturas\/#primaryimage\"},\"thumbnailUrl\":\"https:\/\/www.notibras.com\/site\/wp-content\/uploads\/2026\/01\/cotas_unb-1.webp\",\"datePublished\":\"2026-01-18T10:55:57+00:00\",\"breadcrumb\":{\"@id\":\"https:\/\/www.notibras.com\/site\/nordeste-entra-no-foco-de-inscricoes-para-o-pe-de-meia-licenciaturas\/#breadcrumb\"},\"inLanguage\":\"pt-BR\",\"potentialAction\":[{\"@type\":\"ReadAction\",\"target\":[\"https:\/\/www.notibras.com\/site\/nordeste-entra-no-foco-de-inscricoes-para-o-pe-de-meia-licenciaturas\/\"]}]},{\"@type\":\"ImageObject\",\"inLanguage\":\"pt-BR\",\"@id\":\"https:\/\/www.notibras.com\/site\/nordeste-entra-no-foco-de-inscricoes-para-o-pe-de-meia-licenciaturas\/#primaryimage\",\"url\":\"https:\/\/www.notibras.com\/site\/wp-content\/uploads\/2026\/01\/cotas_unb-1.webp\",\"contentUrl\":\"https:\/\/www.notibras.com\/site\/wp-content\/uploads\/2026\/01\/cotas_unb-1.webp\",\"width\":1170,\"height\":700},{\"@type\":\"BreadcrumbList\",\"@id\":\"https:\/\/www.notibras.com\/site\/nordeste-entra-no-foco-de-inscricoes-para-o-pe-de-meia-licenciaturas\/#breadcrumb\",\"itemListElement\":[{\"@type\":\"ListItem\",\"position\":1,\"name\":\"In\u00edcio\",\"item\":\"https:\/\/www.notibras.com\/site\/\"},{\"@type\":\"ListItem\",\"position\":2,\"name\":\"Nordeste entra no foco de inscri\u00e7\u00f5es para o P\u00e9-de-Meia Licenciaturas\"}]},{\"@type\":\"WebSite\",\"@id\":\"https:\/\/www.notibras.com\/site\/#website\",\"url\":\"https:\/\/www.notibras.com\/site\/\",\"name\":\"Notibras\",\"description\":\"Not\u00edcias de Bras\u00edlia, do Brasil e do Mundo\",\"publisher\":{\"@id\":\"https:\/\/www.notibras.com\/site\/#organization\"},\"potentialAction\":[{\"@type\":\"SearchAction\",\"target\":{\"@type\":\"EntryPoint\",\"urlTemplate\":\"https:\/\/www.notibras.com\/site\/?s={search_term_string}\"},\"query-input\":{\"@type\":\"PropertyValueSpecification\",\"valueRequired\":true,\"valueName\":\"search_term_string\"}}],\"inLanguage\":\"pt-BR\"},{\"@type\":\"Organization\",\"@id\":\"https:\/\/www.notibras.com\/site\/#organization\",\"name\":\"Grupo Notibras de Comunica\u00e7\u00e3o\",\"url\":\"https:\/\/www.notibras.com\/site\/\",\"logo\":{\"@type\":\"ImageObject\",\"inLanguage\":\"pt-BR\",\"@id\":\"https:\/\/www.notibras.com\/site\/#\/schema\/logo\/image\/\",\"url\":\"https:\/\/www.notibras.com\/site\/wp-content\/uploads\/2023\/01\/notibras23.png\",\"contentUrl\":\"https:\/\/www.notibras.com\/site\/wp-content\/uploads\/2023\/01\/notibras23.png\",\"width\":350,\"height\":87,\"caption\":\"Grupo Notibras de Comunica\u00e7\u00e3o\"},\"image\":{\"@id\":\"https:\/\/www.notibras.com\/site\/#\/schema\/logo\/image\/\"},\"sameAs\":[\"https:\/\/www.facebook.com\/notibras\/\",\"https:\/\/x.com\/Notibras\",\"https:\/\/www.instagram.com\/notibras\/\"]},{\"@type\":\"Person\",\"@id\":\"https:\/\/www.notibras.com\/site\/#\/schema\/person\/36ab0979449956132d3e5b517ea76ac8\",\"name\":\"Reda\u00e7\u00e3o\",\"image\":{\"@type\":\"ImageObject\",\"inLanguage\":\"pt-BR\",\"@id\":\"https:\/\/secure.gravatar.com\/avatar\/e0a867bdedb85fd243eadf09663511f96fc81e0720a4a42581f334ad4303aa6b?s=96&d=mm&r=g\",\"url\":\"https:\/\/secure.gravatar.com\/avatar\/e0a867bdedb85fd243eadf09663511f96fc81e0720a4a42581f334ad4303aa6b?s=96&d=mm&r=g\",\"contentUrl\":\"https:\/\/secure.gravatar.com\/avatar\/e0a867bdedb85fd243eadf09663511f96fc81e0720a4a42581f334ad4303aa6b?s=96&d=mm&r=g\",\"caption\":\"Reda\u00e7\u00e3o\"}}]}<\/script>\n<!-- \/ Yoast SEO plugin. -->","yoast_head_json":{"title":"Nordeste entra no foco de inscri\u00e7\u00f5es para o P\u00e9-de-Meia Licenciaturas - Notibras","robots":{"index":"index","follow":"follow","max-snippet":"max-snippet:-1","max-image-preview":"max-image-preview:large","max-video-preview":"max-video-preview:-1"},"canonical":"https:\/\/www.notibras.com\/site\/nordeste-entra-no-foco-de-inscricoes-para-o-pe-de-meia-licenciaturas\/","og_locale":"pt_BR","og_type":"article","og_title":"Nordeste entra no foco de inscri\u00e7\u00f5es para o P\u00e9-de-Meia Licenciaturas - Notibras","og_description":"Estudantes de cursos de gradua\u00e7\u00e3o presenciais que formam professores para a educa\u00e7\u00e3o b\u00e1sica (ensinos infantil, fundamental e m\u00e9dio) interessados em uma das 12 mil bolsas de estudo que a Coordena\u00e7\u00e3o de Aperfei\u00e7oamento de Pessoal de N\u00edvel Superior (Capes) conceder\u00e1 por meio do programa federal Mais Professores para o Brasil poder\u00e3o se inscrever a partir do [&hellip;]","og_url":"https:\/\/www.notibras.com\/site\/nordeste-entra-no-foco-de-inscricoes-para-o-pe-de-meia-licenciaturas\/","og_site_name":"Notibras","article_publisher":"https:\/\/www.facebook.com\/notibras\/","article_published_time":"2026-01-18T10:55:57+00:00","og_image":[{"width":1170,"height":700,"url":"https:\/\/www.notibras.com\/site\/wp-content\/uploads\/2026\/01\/cotas_unb-1.webp","type":"image\/webp"}],"author":"Reda\u00e7\u00e3o","twitter_card":"summary_large_image","twitter_creator":"@Notibras","twitter_site":"@Notibras","twitter_misc":{"Escrito por":"Reda\u00e7\u00e3o","Est. tempo de leitura":"3 minutos"},"schema":{"@context":"https:\/\/schema.org","@graph":[{"@type":"Article","@id":"https:\/\/www.notibras.com\/site\/nordeste-entra-no-foco-de-inscricoes-para-o-pe-de-meia-licenciaturas\/#article","isPartOf":{"@id":"https:\/\/www.notibras.com\/site\/nordeste-entra-no-foco-de-inscricoes-para-o-pe-de-meia-licenciaturas\/"},"author":{"name":"Reda\u00e7\u00e3o","@id":"https:\/\/www.notibras.com\/site\/#\/schema\/person\/36ab0979449956132d3e5b517ea76ac8"},"headline":"Nordeste entra no foco de inscri\u00e7\u00f5es para o P\u00e9-de-Meia Licenciaturas","datePublished":"2026-01-18T10:55:57+00:00","mainEntityOfPage":{"@id":"https:\/\/www.notibras.com\/site\/nordeste-entra-no-foco-de-inscricoes-para-o-pe-de-meia-licenciaturas\/"},"wordCount":433,"publisher":{"@id":"https:\/\/www.notibras.com\/site\/#organization"},"image":{"@id":"https:\/\/www.notibras.com\/site\/nordeste-entra-no-foco-de-inscricoes-para-o-pe-de-meia-licenciaturas\/#primaryimage"},"thumbnailUrl":"https:\/\/www.notibras.com\/site\/wp-content\/uploads\/2026\/01\/cotas_unb-1.webp","articleSection":["Nordeste"],"inLanguage":"pt-BR"},{"@type":"WebPage","@id":"https:\/\/www.notibras.com\/site\/nordeste-entra-no-foco-de-inscricoes-para-o-pe-de-meia-licenciaturas\/","url":"https:\/\/www.notibras.com\/site\/nordeste-entra-no-foco-de-inscricoes-para-o-pe-de-meia-licenciaturas\/","name":"Nordeste entra no foco de inscri\u00e7\u00f5es para o P\u00e9-de-Meia Licenciaturas - Notibras","isPartOf":{"@id":"https:\/\/www.notibras.com\/site\/#website"},"primaryImageOfPage":{"@id":"https:\/\/www.notibras.com\/site\/nordeste-entra-no-foco-de-inscricoes-para-o-pe-de-meia-licenciaturas\/#primaryimage"},"image":{"@id":"https:\/\/www.notibras.com\/site\/nordeste-entra-no-foco-de-inscricoes-para-o-pe-de-meia-licenciaturas\/#primaryimage"},"thumbnailUrl":"https:\/\/www.notibras.com\/site\/wp-content\/uploads\/2026\/01\/cotas_unb-1.webp","datePublished":"2026-01-18T10:55:57+00:00","breadcrumb":{"@id":"https:\/\/www.notibras.com\/site\/nordeste-entra-no-foco-de-inscricoes-para-o-pe-de-meia-licenciaturas\/#breadcrumb"},"inLanguage":"pt-BR","potentialAction":[{"@type":"ReadAction","target":["https:\/\/www.notibras.com\/site\/nordeste-entra-no-foco-de-inscricoes-para-o-pe-de-meia-licenciaturas\/"]}]},{"@type":"ImageObject","inLanguage":"pt-BR","@id":"https:\/\/www.notibras.com\/site\/nordeste-entra-no-foco-de-inscricoes-para-o-pe-de-meia-licenciaturas\/#primaryimage","url":"https:\/\/www.notibras.com\/site\/wp-content\/uploads\/2026\/01\/cotas_unb-1.webp","contentUrl":"https:\/\/www.notibras.com\/site\/wp-content\/uploads\/2026\/01\/cotas_unb-1.webp","width":1170,"height":700},{"@type":"BreadcrumbList","@id":"https:\/\/www.notibras.com\/site\/nordeste-entra-no-foco-de-inscricoes-para-o-pe-de-meia-licenciaturas\/#breadcrumb","itemListElement":[{"@type":"ListItem","position":1,"name":"In\u00edcio","item":"https:\/\/www.notibras.com\/site\/"},{"@type":"ListItem","position":2,"name":"Nordeste entra no foco de inscri\u00e7\u00f5es para o P\u00e9-de-Meia Licenciaturas"}]},{"@type":"WebSite","@id":"https:\/\/www.notibras.com\/site\/#website","url":"https:\/\/www.notibras.com\/site\/","name":"Notibras","description":"Not\u00edcias de Bras\u00edlia, do Brasil e do Mundo","publisher":{"@id":"https:\/\/www.notibras.com\/site\/#organization"},"potentialAction":[{"@type":"SearchAction","target":{"@type":"EntryPoint","urlTemplate":"https:\/\/www.notibras.com\/site\/?s={search_term_string}"},"query-input":{"@type":"PropertyValueSpecification","valueRequired":true,"valueName":"search_term_string"}}],"inLanguage":"pt-BR"},{"@type":"Organization","@id":"https:\/\/www.notibras.com\/site\/#organization","name":"Grupo Notibras de Comunica\u00e7\u00e3o","url":"https:\/\/www.notibras.com\/site\/","logo":{"@type":"ImageObject","inLanguage":"pt-BR","@id":"https:\/\/www.notibras.com\/site\/#\/schema\/logo\/image\/","url":"https:\/\/www.notibras.com\/site\/wp-content\/uploads\/2023\/01\/notibras23.png","contentUrl":"https:\/\/www.notibras.com\/site\/wp-content\/uploads\/2023\/01\/notibras23.png","width":350,"height":87,"caption":"Grupo Notibras de Comunica\u00e7\u00e3o"},"image":{"@id":"https:\/\/www.notibras.com\/site\/#\/schema\/logo\/image\/"},"sameAs":["https:\/\/www.facebook.com\/notibras\/","https:\/\/x.com\/Notibras","https:\/\/www.instagram.com\/notibras\/"]},{"@type":"Person","@id":"https:\/\/www.notibras.com\/site\/#\/schema\/person\/36ab0979449956132d3e5b517ea76ac8","name":"Reda\u00e7\u00e3o","image":{"@type":"ImageObject","inLanguage":"pt-BR","@id":"https:\/\/secure.gravatar.com\/avatar\/e0a867bdedb85fd243eadf09663511f96fc81e0720a4a42581f334ad4303aa6b?s=96&d=mm&r=g","url":"https:\/\/secure.gravatar.com\/avatar\/e0a867bdedb85fd243eadf09663511f96fc81e0720a4a42581f334ad4303aa6b?s=96&d=mm&r=g","contentUrl":"https:\/\/secure.gravatar.com\/avatar\/e0a867bdedb85fd243eadf09663511f96fc81e0720a4a42581f334ad4303aa6b?s=96&d=mm&r=g","caption":"Reda\u00e7\u00e3o"}}]}},"amp_enabled":true,"_links":{"self":[{"href":"https:\/\/www.notibras.com\/site\/wp-json\/wp\/v2\/posts\/379529","targetHints":{"allow":["GET"]}}],"collection":[{"href":"https:\/\/www.notibras.com\/site\/wp-json\/wp\/v2\/posts"}],"about":[{"href":"https:\/\/www.notibras.com\/site\/wp-json\/wp\/v2\/types\/post"}],"author":[{"embeddable":true,"href":"https:\/\/www.notibras.com\/site\/wp-json\/wp\/v2\/users\/2"}],"replies":[{"embeddable":true,"href":"https:\/\/www.notibras.com\/site\/wp-json\/wp\/v2\/comments?post=379529"}],"version-history":[{"count":1,"href":"https:\/\/www.notibras.com\/site\/wp-json\/wp\/v2\/posts\/379529\/revisions"}],"predecessor-version":[{"id":379531,"href":"https:\/\/www.notibras.com\/site\/wp-json\/wp\/v2\/posts\/379529\/revisions\/379531"}],"wp:featuredmedia":[{"embeddable":true,"href":"https:\/\/www.notibras.com\/site\/wp-json\/wp\/v2\/media\/379530"}],"wp:attachment":[{"href":"https:\/\/www.notibras.com\/site\/wp-json\/wp\/v2\/media?parent=379529"}],"wp:term":[{"taxonomy":"category","embeddable":true,"href":"https:\/\/www.notibras.com\/site\/wp-json\/wp\/v2\/categories?post=379529"},{"taxonomy":"post_tag","embeddable":true,"href":"https:\/\/www.notibras.com\/site\/wp-json\/wp\/v2\/tags?post=379529"}],"curies":[{"name":"wp","href":"https:\/\/api.w.org\/{rel}","templated":true}]}}