{"id":379532,"date":"2026-01-18T00:00:17","date_gmt":"2026-01-18T03:00:17","guid":{"rendered":"https:\/\/www.notibras.com\/site\/?p=379532"},"modified":"2026-01-18T08:06:42","modified_gmt":"2026-01-18T11:06:42","slug":"maranguape-abre-vacinacao-contra-dengue-com-dose-unica","status":"publish","type":"post","link":"https:\/\/www.notibras.com\/site\/maranguape-abre-vacinacao-contra-dengue-com-dose-unica\/","title":{"rendered":"Maranguape abre vacina\u00e7\u00e3o contra dengue com dose \u00fanica"},"content":{"rendered":"<p>A cidade de Maranguape, no Cear\u00e1, iniciou a vacina\u00e7\u00e3o-piloto com o imunizante de dose \u00fanica contra a dengue desenvolvido pelo Instituto Butantan. Outras tr\u00eas cidades (Nova Lima, Minas Gerais) e Botucatu (S\u00e3o Paulo) tamb\u00e9m come\u00e7aram a a\u00e7\u00e3o. Nesta primeira etapa, 204,1 mil doses ser\u00e3o distribu\u00eddas, n\u00famero suficiente para a vacina\u00e7\u00e3o em massa da popula\u00e7\u00e3o-alvo nessas cidades, composta por cidad\u00e3os com idade entre 15 e 59 anos.<\/p>\n<p>Os resultados da imuniza\u00e7\u00e3o ser\u00e3o acompanhados durante um ano. As an\u00e1lises ser\u00e3o conduzidas com apoio de especialistas, que ir\u00e3o avaliar a incid\u00eancia da dengue nos munic\u00edpios selecionados, al\u00e9m de monitorar eventuais efeitos adversos raros ap\u00f3s a imuniza\u00e7\u00e3o. Metodologia semelhante j\u00e1 foi adotada em Botucatu na avalia\u00e7\u00e3o da efetividade da vacina contra a covid-19.<\/p>\n<p>Se os resultados forem positivos, ser\u00e1 iniciada a produ\u00e7\u00e3o em massa para atender todo o pa\u00eds. At\u00e9 o momento, o Butantan fabricou 1,3 milh\u00e3o de doses. Antes dos resultados, por\u00e9m, ser\u00e1 realizada a imuniza\u00e7\u00e3o de p\u00fablicos priorit\u00e1rios com a chegada de mais doses da Butantan DV. A imuniza\u00e7\u00e3o de profissionais da aten\u00e7\u00e3o prim\u00e1ria \u00e0 sa\u00fade est\u00e1 prevista para o in\u00edcio de fevereiro. Esse grupo, composto por m\u00e9dicos, enfermeiros e agentes comunit\u00e1rios, deve receber as cerca de 1,1 milh\u00e3o de doses que n\u00e3o foram usadas nesta fase priorit\u00e1ria.<\/p>\n<p>Segundo o Minist\u00e9rio da Sa\u00fade, com a transfer\u00eancia de tecnologia entre o Instituto Butantan e a empresa chinesa WuXi Vaccines, a vacina\u00e7\u00e3o ser\u00e1 gradualmente ampliada para todo o pa\u00eds, come\u00e7ando pela popula\u00e7\u00e3o de 59 anos e avan\u00e7ando at\u00e9 o p\u00fablico de 15 anos. A expectativa \u00e9 de amplia\u00e7\u00e3o da produ\u00e7\u00e3o em at\u00e9 30 vezes.<\/p>\n<p>No lan\u00e7amento da vacina\u00e7\u00e3o em Maranguape, o ministro da Sa\u00fade em exerc\u00edcio, Adriano Massuda, destacou os crit\u00e9rios adotados para a escolha dos munic\u00edpios. \u201cCidades [que foram] escolhidas por terem popula\u00e7\u00e3o entre 100 mil e 200 mil habitantes e uma rede de sa\u00fade estruturada, que permite implementar a vacina e avaliar seu impacto na imuniza\u00e7\u00e3o da popula\u00e7\u00e3o e na circula\u00e7\u00e3o do v\u00edrus na comunidade\u201d, afirmou. Massuda destacou, ainda, que a vacina \u00e9 a primeira contra a dengue aplicado em dose \u00fanica, o que permite imuniza\u00e7\u00e3o mais r\u00e1pida e eficaz.<\/p>\n<p>Os estudos cl\u00ednicos indicaram efic\u00e1cia global de 74%, com redu\u00e7\u00e3o de 91% dos casos graves. Entre os vacinados, nenhum precisou de hospitaliza\u00e7\u00e3o por conta da dengue. A vacina foi desenvolvida em um processo de 20 anos, juntando tecnologias de diversos centros de pesquisa nacionais e apoio de pesquisadores estrangeiros. O Banco Nacional de Desenvolvimento Econ\u00f4mico e Social (BNDES) apoiou com um financiamento de R$ 32 milh\u00f5es, ainda em 2008. Um segundo aporte, para financiar a f\u00e1brica de vacinas, colocou R$ 97 milh\u00f5es do banco \u00e0 disposi\u00e7\u00e3o, em 2017. At\u00e9 o momento, o imunizante recebeu investimentos de R$ 305,5 milh\u00f5es.<\/p>\n<p>A rede de sa\u00fade das cidades que atuam nesta fase atender\u00e1 moradores com documento oficial, com foto, e a orienta\u00e7\u00e3o \u00e9 que se leve tamb\u00e9m o Cart\u00e3o SUS. Mesmo com a imuniza\u00e7\u00e3o, o cuidado com essa e outras arboviroses permanece. Segundo a Secretaria Municipal de Sa\u00fade de Nova Lima, &#8220;mesmo com a amplia\u00e7\u00e3o da cobertura vacinal, as a\u00e7\u00f5es de preven\u00e7\u00e3o seguem fundamentais, especialmente o combate ao mosquito Aedes aegypti, com a elimina\u00e7\u00e3o de \u00e1gua parada&#8221;.<\/p>\n","protected":false},"excerpt":{"rendered":"<p>A cidade de Maranguape, no Cear\u00e1, iniciou a vacina\u00e7\u00e3o-piloto com o imunizante de dose \u00fanica contra a dengue desenvolvido pelo Instituto Butantan. Outras tr\u00eas cidades (Nova Lima, Minas Gerais) e Botucatu (S\u00e3o Paulo) tamb\u00e9m come\u00e7aram a a\u00e7\u00e3o. Nesta primeira etapa, 204,1 mil doses ser\u00e3o distribu\u00eddas, n\u00famero suficiente para a vacina\u00e7\u00e3o em massa da popula\u00e7\u00e3o-alvo nessas [&hellip;]<\/p>\n","protected":false},"author":2,"featured_media":379533,"comment_status":"closed","ping_status":"closed","sticky":false,"template":"","format":"standard","meta":{"_acf_changed":false,"footnotes":""},"categories":[165],"tags":[],"class_list":["post-379532","post","type-post","status-publish","format-standard","has-post-thumbnail","hentry","category-nordeste"],"acf":[],"yoast_head":"<!-- This site is optimized with the Yoast SEO plugin v27.2 - https:\/\/yoast.com\/product\/yoast-seo-wordpress\/ -->\n<title>Maranguape abre vacina\u00e7\u00e3o contra dengue com dose \u00fanica - Notibras<\/title>\n<meta name=\"robots\" content=\"index, follow, max-snippet:-1, max-image-preview:large, max-video-preview:-1\" \/>\n<link rel=\"canonical\" href=\"https:\/\/www.notibras.com\/site\/maranguape-abre-vacinacao-contra-dengue-com-dose-unica\/\" \/>\n<meta property=\"og:locale\" content=\"pt_BR\" \/>\n<meta property=\"og:type\" content=\"article\" \/>\n<meta property=\"og:title\" content=\"Maranguape abre vacina\u00e7\u00e3o contra dengue com dose \u00fanica - Notibras\" \/>\n<meta property=\"og:description\" content=\"A cidade de Maranguape, no Cear\u00e1, iniciou a vacina\u00e7\u00e3o-piloto com o imunizante de dose \u00fanica contra a dengue desenvolvido pelo Instituto Butantan. Outras tr\u00eas cidades (Nova Lima, Minas Gerais) e Botucatu (S\u00e3o Paulo) tamb\u00e9m come\u00e7aram a a\u00e7\u00e3o. Nesta primeira etapa, 204,1 mil doses ser\u00e3o distribu\u00eddas, n\u00famero suficiente para a vacina\u00e7\u00e3o em massa da popula\u00e7\u00e3o-alvo nessas [&hellip;]\" \/>\n<meta property=\"og:url\" content=\"https:\/\/www.notibras.com\/site\/maranguape-abre-vacinacao-contra-dengue-com-dose-unica\/\" \/>\n<meta property=\"og:site_name\" content=\"Notibras\" \/>\n<meta property=\"article:publisher\" content=\"https:\/\/www.facebook.com\/notibras\/\" \/>\n<meta property=\"article:published_time\" content=\"2026-01-18T03:00:17+00:00\" \/>\n<meta property=\"article:modified_time\" content=\"2026-01-18T11:06:42+00:00\" \/>\n<meta property=\"og:image\" content=\"https:\/\/www.notibras.com\/site\/wp-content\/uploads\/2026\/01\/617853746_1331633455671709_4382949942770766182_n.webp\" \/>\n\t<meta property=\"og:image:width\" content=\"1170\" \/>\n\t<meta property=\"og:image:height\" content=\"700\" \/>\n\t<meta property=\"og:image:type\" content=\"image\/webp\" \/>\n<meta name=\"author\" content=\"Reda\u00e7\u00e3o\" \/>\n<meta name=\"twitter:card\" content=\"summary_large_image\" \/>\n<meta name=\"twitter:creator\" content=\"@Notibras\" \/>\n<meta name=\"twitter:site\" content=\"@Notibras\" \/>\n<meta name=\"twitter:label1\" content=\"Escrito por\" \/>\n\t<meta name=\"twitter:data1\" content=\"Reda\u00e7\u00e3o\" \/>\n\t<meta name=\"twitter:label2\" content=\"Est. tempo de leitura\" \/>\n\t<meta name=\"twitter:data2\" content=\"4 minutos\" \/>\n<script type=\"application\/ld+json\" class=\"yoast-schema-graph\">{\"@context\":\"https:\/\/schema.org\",\"@graph\":[{\"@type\":\"Article\",\"@id\":\"https:\/\/www.notibras.com\/site\/maranguape-abre-vacinacao-contra-dengue-com-dose-unica\/#article\",\"isPartOf\":{\"@id\":\"https:\/\/www.notibras.com\/site\/maranguape-abre-vacinacao-contra-dengue-com-dose-unica\/\"},\"author\":{\"name\":\"Reda\u00e7\u00e3o\",\"@id\":\"https:\/\/www.notibras.com\/site\/#\/schema\/person\/36ab0979449956132d3e5b517ea76ac8\"},\"headline\":\"Maranguape abre vacina\u00e7\u00e3o contra dengue com dose \u00fanica\",\"datePublished\":\"2026-01-18T03:00:17+00:00\",\"dateModified\":\"2026-01-18T11:06:42+00:00\",\"mainEntityOfPage\":{\"@id\":\"https:\/\/www.notibras.com\/site\/maranguape-abre-vacinacao-contra-dengue-com-dose-unica\/\"},\"wordCount\":593,\"publisher\":{\"@id\":\"https:\/\/www.notibras.com\/site\/#organization\"},\"image\":{\"@id\":\"https:\/\/www.notibras.com\/site\/maranguape-abre-vacinacao-contra-dengue-com-dose-unica\/#primaryimage\"},\"thumbnailUrl\":\"https:\/\/www.notibras.com\/site\/wp-content\/uploads\/2026\/01\/617853746_1331633455671709_4382949942770766182_n.webp\",\"articleSection\":[\"Nordeste\"],\"inLanguage\":\"pt-BR\"},{\"@type\":\"WebPage\",\"@id\":\"https:\/\/www.notibras.com\/site\/maranguape-abre-vacinacao-contra-dengue-com-dose-unica\/\",\"url\":\"https:\/\/www.notibras.com\/site\/maranguape-abre-vacinacao-contra-dengue-com-dose-unica\/\",\"name\":\"Maranguape abre vacina\u00e7\u00e3o contra dengue com dose \u00fanica - Notibras\",\"isPartOf\":{\"@id\":\"https:\/\/www.notibras.com\/site\/#website\"},\"primaryImageOfPage\":{\"@id\":\"https:\/\/www.notibras.com\/site\/maranguape-abre-vacinacao-contra-dengue-com-dose-unica\/#primaryimage\"},\"image\":{\"@id\":\"https:\/\/www.notibras.com\/site\/maranguape-abre-vacinacao-contra-dengue-com-dose-unica\/#primaryimage\"},\"thumbnailUrl\":\"https:\/\/www.notibras.com\/site\/wp-content\/uploads\/2026\/01\/617853746_1331633455671709_4382949942770766182_n.webp\",\"datePublished\":\"2026-01-18T03:00:17+00:00\",\"dateModified\":\"2026-01-18T11:06:42+00:00\",\"breadcrumb\":{\"@id\":\"https:\/\/www.notibras.com\/site\/maranguape-abre-vacinacao-contra-dengue-com-dose-unica\/#breadcrumb\"},\"inLanguage\":\"pt-BR\",\"potentialAction\":[{\"@type\":\"ReadAction\",\"target\":[\"https:\/\/www.notibras.com\/site\/maranguape-abre-vacinacao-contra-dengue-com-dose-unica\/\"]}]},{\"@type\":\"ImageObject\",\"inLanguage\":\"pt-BR\",\"@id\":\"https:\/\/www.notibras.com\/site\/maranguape-abre-vacinacao-contra-dengue-com-dose-unica\/#primaryimage\",\"url\":\"https:\/\/www.notibras.com\/site\/wp-content\/uploads\/2026\/01\/617853746_1331633455671709_4382949942770766182_n.webp\",\"contentUrl\":\"https:\/\/www.notibras.com\/site\/wp-content\/uploads\/2026\/01\/617853746_1331633455671709_4382949942770766182_n.webp\",\"width\":1170,\"height\":700},{\"@type\":\"BreadcrumbList\",\"@id\":\"https:\/\/www.notibras.com\/site\/maranguape-abre-vacinacao-contra-dengue-com-dose-unica\/#breadcrumb\",\"itemListElement\":[{\"@type\":\"ListItem\",\"position\":1,\"name\":\"In\u00edcio\",\"item\":\"https:\/\/www.notibras.com\/site\/\"},{\"@type\":\"ListItem\",\"position\":2,\"name\":\"Maranguape abre vacina\u00e7\u00e3o contra dengue com dose \u00fanica\"}]},{\"@type\":\"WebSite\",\"@id\":\"https:\/\/www.notibras.com\/site\/#website\",\"url\":\"https:\/\/www.notibras.com\/site\/\",\"name\":\"Notibras\",\"description\":\"Not\u00edcias de Bras\u00edlia, do Brasil e do Mundo\",\"publisher\":{\"@id\":\"https:\/\/www.notibras.com\/site\/#organization\"},\"potentialAction\":[{\"@type\":\"SearchAction\",\"target\":{\"@type\":\"EntryPoint\",\"urlTemplate\":\"https:\/\/www.notibras.com\/site\/?s={search_term_string}\"},\"query-input\":{\"@type\":\"PropertyValueSpecification\",\"valueRequired\":true,\"valueName\":\"search_term_string\"}}],\"inLanguage\":\"pt-BR\"},{\"@type\":\"Organization\",\"@id\":\"https:\/\/www.notibras.com\/site\/#organization\",\"name\":\"Grupo Notibras de Comunica\u00e7\u00e3o\",\"url\":\"https:\/\/www.notibras.com\/site\/\",\"logo\":{\"@type\":\"ImageObject\",\"inLanguage\":\"pt-BR\",\"@id\":\"https:\/\/www.notibras.com\/site\/#\/schema\/logo\/image\/\",\"url\":\"https:\/\/www.notibras.com\/site\/wp-content\/uploads\/2023\/01\/notibras23.png\",\"contentUrl\":\"https:\/\/www.notibras.com\/site\/wp-content\/uploads\/2023\/01\/notibras23.png\",\"width\":350,\"height\":87,\"caption\":\"Grupo Notibras de Comunica\u00e7\u00e3o\"},\"image\":{\"@id\":\"https:\/\/www.notibras.com\/site\/#\/schema\/logo\/image\/\"},\"sameAs\":[\"https:\/\/www.facebook.com\/notibras\/\",\"https:\/\/x.com\/Notibras\",\"https:\/\/www.instagram.com\/notibras\/\"]},{\"@type\":\"Person\",\"@id\":\"https:\/\/www.notibras.com\/site\/#\/schema\/person\/36ab0979449956132d3e5b517ea76ac8\",\"name\":\"Reda\u00e7\u00e3o\",\"image\":{\"@type\":\"ImageObject\",\"inLanguage\":\"pt-BR\",\"@id\":\"https:\/\/secure.gravatar.com\/avatar\/e0a867bdedb85fd243eadf09663511f96fc81e0720a4a42581f334ad4303aa6b?s=96&d=mm&r=g\",\"url\":\"https:\/\/secure.gravatar.com\/avatar\/e0a867bdedb85fd243eadf09663511f96fc81e0720a4a42581f334ad4303aa6b?s=96&d=mm&r=g\",\"contentUrl\":\"https:\/\/secure.gravatar.com\/avatar\/e0a867bdedb85fd243eadf09663511f96fc81e0720a4a42581f334ad4303aa6b?s=96&d=mm&r=g\",\"caption\":\"Reda\u00e7\u00e3o\"}}]}<\/script>\n<!-- \/ Yoast SEO plugin. -->","yoast_head_json":{"title":"Maranguape abre vacina\u00e7\u00e3o contra dengue com dose \u00fanica - Notibras","robots":{"index":"index","follow":"follow","max-snippet":"max-snippet:-1","max-image-preview":"max-image-preview:large","max-video-preview":"max-video-preview:-1"},"canonical":"https:\/\/www.notibras.com\/site\/maranguape-abre-vacinacao-contra-dengue-com-dose-unica\/","og_locale":"pt_BR","og_type":"article","og_title":"Maranguape abre vacina\u00e7\u00e3o contra dengue com dose \u00fanica - Notibras","og_description":"A cidade de Maranguape, no Cear\u00e1, iniciou a vacina\u00e7\u00e3o-piloto com o imunizante de dose \u00fanica contra a dengue desenvolvido pelo Instituto Butantan. Outras tr\u00eas cidades (Nova Lima, Minas Gerais) e Botucatu (S\u00e3o Paulo) tamb\u00e9m come\u00e7aram a a\u00e7\u00e3o. Nesta primeira etapa, 204,1 mil doses ser\u00e3o distribu\u00eddas, n\u00famero suficiente para a vacina\u00e7\u00e3o em massa da popula\u00e7\u00e3o-alvo nessas [&hellip;]","og_url":"https:\/\/www.notibras.com\/site\/maranguape-abre-vacinacao-contra-dengue-com-dose-unica\/","og_site_name":"Notibras","article_publisher":"https:\/\/www.facebook.com\/notibras\/","article_published_time":"2026-01-18T03:00:17+00:00","article_modified_time":"2026-01-18T11:06:42+00:00","og_image":[{"width":1170,"height":700,"url":"https:\/\/www.notibras.com\/site\/wp-content\/uploads\/2026\/01\/617853746_1331633455671709_4382949942770766182_n.webp","type":"image\/webp"}],"author":"Reda\u00e7\u00e3o","twitter_card":"summary_large_image","twitter_creator":"@Notibras","twitter_site":"@Notibras","twitter_misc":{"Escrito por":"Reda\u00e7\u00e3o","Est. tempo de leitura":"4 minutos"},"schema":{"@context":"https:\/\/schema.org","@graph":[{"@type":"Article","@id":"https:\/\/www.notibras.com\/site\/maranguape-abre-vacinacao-contra-dengue-com-dose-unica\/#article","isPartOf":{"@id":"https:\/\/www.notibras.com\/site\/maranguape-abre-vacinacao-contra-dengue-com-dose-unica\/"},"author":{"name":"Reda\u00e7\u00e3o","@id":"https:\/\/www.notibras.com\/site\/#\/schema\/person\/36ab0979449956132d3e5b517ea76ac8"},"headline":"Maranguape abre vacina\u00e7\u00e3o contra dengue com dose \u00fanica","datePublished":"2026-01-18T03:00:17+00:00","dateModified":"2026-01-18T11:06:42+00:00","mainEntityOfPage":{"@id":"https:\/\/www.notibras.com\/site\/maranguape-abre-vacinacao-contra-dengue-com-dose-unica\/"},"wordCount":593,"publisher":{"@id":"https:\/\/www.notibras.com\/site\/#organization"},"image":{"@id":"https:\/\/www.notibras.com\/site\/maranguape-abre-vacinacao-contra-dengue-com-dose-unica\/#primaryimage"},"thumbnailUrl":"https:\/\/www.notibras.com\/site\/wp-content\/uploads\/2026\/01\/617853746_1331633455671709_4382949942770766182_n.webp","articleSection":["Nordeste"],"inLanguage":"pt-BR"},{"@type":"WebPage","@id":"https:\/\/www.notibras.com\/site\/maranguape-abre-vacinacao-contra-dengue-com-dose-unica\/","url":"https:\/\/www.notibras.com\/site\/maranguape-abre-vacinacao-contra-dengue-com-dose-unica\/","name":"Maranguape abre vacina\u00e7\u00e3o contra dengue com dose \u00fanica - Notibras","isPartOf":{"@id":"https:\/\/www.notibras.com\/site\/#website"},"primaryImageOfPage":{"@id":"https:\/\/www.notibras.com\/site\/maranguape-abre-vacinacao-contra-dengue-com-dose-unica\/#primaryimage"},"image":{"@id":"https:\/\/www.notibras.com\/site\/maranguape-abre-vacinacao-contra-dengue-com-dose-unica\/#primaryimage"},"thumbnailUrl":"https:\/\/www.notibras.com\/site\/wp-content\/uploads\/2026\/01\/617853746_1331633455671709_4382949942770766182_n.webp","datePublished":"2026-01-18T03:00:17+00:00","dateModified":"2026-01-18T11:06:42+00:00","breadcrumb":{"@id":"https:\/\/www.notibras.com\/site\/maranguape-abre-vacinacao-contra-dengue-com-dose-unica\/#breadcrumb"},"inLanguage":"pt-BR","potentialAction":[{"@type":"ReadAction","target":["https:\/\/www.notibras.com\/site\/maranguape-abre-vacinacao-contra-dengue-com-dose-unica\/"]}]},{"@type":"ImageObject","inLanguage":"pt-BR","@id":"https:\/\/www.notibras.com\/site\/maranguape-abre-vacinacao-contra-dengue-com-dose-unica\/#primaryimage","url":"https:\/\/www.notibras.com\/site\/wp-content\/uploads\/2026\/01\/617853746_1331633455671709_4382949942770766182_n.webp","contentUrl":"https:\/\/www.notibras.com\/site\/wp-content\/uploads\/2026\/01\/617853746_1331633455671709_4382949942770766182_n.webp","width":1170,"height":700},{"@type":"BreadcrumbList","@id":"https:\/\/www.notibras.com\/site\/maranguape-abre-vacinacao-contra-dengue-com-dose-unica\/#breadcrumb","itemListElement":[{"@type":"ListItem","position":1,"name":"In\u00edcio","item":"https:\/\/www.notibras.com\/site\/"},{"@type":"ListItem","position":2,"name":"Maranguape abre vacina\u00e7\u00e3o contra dengue com dose \u00fanica"}]},{"@type":"WebSite","@id":"https:\/\/www.notibras.com\/site\/#website","url":"https:\/\/www.notibras.com\/site\/","name":"Notibras","description":"Not\u00edcias de Bras\u00edlia, do Brasil e do Mundo","publisher":{"@id":"https:\/\/www.notibras.com\/site\/#organization"},"potentialAction":[{"@type":"SearchAction","target":{"@type":"EntryPoint","urlTemplate":"https:\/\/www.notibras.com\/site\/?s={search_term_string}"},"query-input":{"@type":"PropertyValueSpecification","valueRequired":true,"valueName":"search_term_string"}}],"inLanguage":"pt-BR"},{"@type":"Organization","@id":"https:\/\/www.notibras.com\/site\/#organization","name":"Grupo Notibras de Comunica\u00e7\u00e3o","url":"https:\/\/www.notibras.com\/site\/","logo":{"@type":"ImageObject","inLanguage":"pt-BR","@id":"https:\/\/www.notibras.com\/site\/#\/schema\/logo\/image\/","url":"https:\/\/www.notibras.com\/site\/wp-content\/uploads\/2023\/01\/notibras23.png","contentUrl":"https:\/\/www.notibras.com\/site\/wp-content\/uploads\/2023\/01\/notibras23.png","width":350,"height":87,"caption":"Grupo Notibras de Comunica\u00e7\u00e3o"},"image":{"@id":"https:\/\/www.notibras.com\/site\/#\/schema\/logo\/image\/"},"sameAs":["https:\/\/www.facebook.com\/notibras\/","https:\/\/x.com\/Notibras","https:\/\/www.instagram.com\/notibras\/"]},{"@type":"Person","@id":"https:\/\/www.notibras.com\/site\/#\/schema\/person\/36ab0979449956132d3e5b517ea76ac8","name":"Reda\u00e7\u00e3o","image":{"@type":"ImageObject","inLanguage":"pt-BR","@id":"https:\/\/secure.gravatar.com\/avatar\/e0a867bdedb85fd243eadf09663511f96fc81e0720a4a42581f334ad4303aa6b?s=96&d=mm&r=g","url":"https:\/\/secure.gravatar.com\/avatar\/e0a867bdedb85fd243eadf09663511f96fc81e0720a4a42581f334ad4303aa6b?s=96&d=mm&r=g","contentUrl":"https:\/\/secure.gravatar.com\/avatar\/e0a867bdedb85fd243eadf09663511f96fc81e0720a4a42581f334ad4303aa6b?s=96&d=mm&r=g","caption":"Reda\u00e7\u00e3o"}}]}},"amp_enabled":true,"_links":{"self":[{"href":"https:\/\/www.notibras.com\/site\/wp-json\/wp\/v2\/posts\/379532","targetHints":{"allow":["GET"]}}],"collection":[{"href":"https:\/\/www.notibras.com\/site\/wp-json\/wp\/v2\/posts"}],"about":[{"href":"https:\/\/www.notibras.com\/site\/wp-json\/wp\/v2\/types\/post"}],"author":[{"embeddable":true,"href":"https:\/\/www.notibras.com\/site\/wp-json\/wp\/v2\/users\/2"}],"replies":[{"embeddable":true,"href":"https:\/\/www.notibras.com\/site\/wp-json\/wp\/v2\/comments?post=379532"}],"version-history":[{"count":1,"href":"https:\/\/www.notibras.com\/site\/wp-json\/wp\/v2\/posts\/379532\/revisions"}],"predecessor-version":[{"id":379534,"href":"https:\/\/www.notibras.com\/site\/wp-json\/wp\/v2\/posts\/379532\/revisions\/379534"}],"wp:featuredmedia":[{"embeddable":true,"href":"https:\/\/www.notibras.com\/site\/wp-json\/wp\/v2\/media\/379533"}],"wp:attachment":[{"href":"https:\/\/www.notibras.com\/site\/wp-json\/wp\/v2\/media?parent=379532"}],"wp:term":[{"taxonomy":"category","embeddable":true,"href":"https:\/\/www.notibras.com\/site\/wp-json\/wp\/v2\/categories?post=379532"},{"taxonomy":"post_tag","embeddable":true,"href":"https:\/\/www.notibras.com\/site\/wp-json\/wp\/v2\/tags?post=379532"}],"curies":[{"name":"wp","href":"https:\/\/api.w.org\/{rel}","templated":true}]}}